{"id":54818,"date":"2021-07-17T12:53:40","date_gmt":"2021-07-17T10:53:40","guid":{"rendered":"https:\/\/www.liberopensare.com\/?p=54818"},"modified":"2023-11-14T20:14:20","modified_gmt":"2023-11-14T19:14:20","slug":"cosi-fan-tutti","status":"publish","type":"post","link":"https:\/\/www.liberopensare.com\/en\/cosi-fan-tutti\/","title":{"rendered":"Cos\u00ec fan tutti&#8230;"},"content":{"rendered":"<pre class=\"p1\"><span class=\"s1\"><i>di Piero Cammerinesi<\/i><\/span><\/pre>\n<blockquote>\n<p class=\"p1\"><span class=\"s1\"><i>Pensate che io sia venuto a portare pace sulla terra?<br \/>\nNo, io vi dico, ma divisione.<\/i><\/span><\/p>\n<p class=\"p1\"><span class=\"s1\"><i><br \/>\nD\u2019ora innanzi, se in una famiglia vi sono cinque persone, saranno divisi tre contro due e due contro tre; si divideranno padre contro figlio e figlio contro padre, madre contro figlia e figlia contro madre, suocera contro nuora e nuora contro suocera\u00bb.<\/i><\/span><\/p>\n<p class=\"p1\"><span class=\"s1\"><i><br \/>\nLuca 12.52<\/i><\/span><\/p>\n<\/blockquote>\n<p class=\"p1\"><span class=\"s1\">Giorni fa nostro figlio &#8211; che lavora nell\u2019ambiente televisivo e cinematografico &#8211; ci raccontava come tra i suoi colleghi e coetanei trenta\/quarantenni l&#8217;adesione al vaccino sia praticamente generalizzata.<\/span><\/p>\n<p class=\"p1\"><span class=\"s1\">Avendo fortunatamente una omogeneit\u00e0 di opinioni in famiglia incline alla consapevole informazione ed alla libert\u00e0 vaccinale ho sempre trovato singolare questo appiattimento generale sopratutto in una fascia di et\u00e0 fisiologicamente incline alla contestazione, quando non alla ribellione.<\/span><\/p>\n<p class=\"p1\"><span class=\"s1\"><i>\u201cMa scusa<\/i> &#8211; gli ho chiesto &#8211;<i> i tuoi amici si sono informati sui vaccini? hanno letto i bugiardini? Trattandosi di persone intelligenti e ben introdotte nella struttura sociale, sanno che si tratta di una terapia genica di cui non si conoscono gli effetti sulla breve e tanto meno sulla lunga distanza?Oltre al fatto che a quanto le stesse strutture sanitarie ammettono, non protegge dal contagiarsi e dal contagiare? Perch\u00e9 allora lo fanno?\u201d<\/i><\/span><\/p>\n<p class=\"p1\"><span class=\"s1\"><i>\u201cS\u00ec, certo <\/i>&#8211; mi ha risposto nostro figlio, anche lui deciso fautore della libert\u00e0 terapeutica &#8211; <i>ho inviato<span class=\"Apple-converted-space\">\u00a0 <\/span>loro tutti gli elementi per decidere, ma la risposta \u00e8 stata \u2018S\u00ec, s\u00ec, abbiamo letto, ma vogliamo finirla con questa storia, vogliamo tornare alla normalit\u00e0, viaggiare, andare in discoteca, volare etc. E poi\u2026lo fanno tutti perch\u00e9 \u00e8 giusto farlo sopratutto per gli altri, per la collettivit\u00e0\u201d.<\/i><\/span><\/p>\n<p class=\"p1\"><span class=\"s1\"><i>\u201cQuindi<\/i> &#8211; ho ribattuto &#8211; <i>mettono a rischio la propria salute o addirittura la propria vita assoggettandosi ad una terapia genica le cui conseguenze non sono note a nessuno solo per \u2018tornare alla normalit\u00e0\u2019?\u201d<\/i><\/span><\/p>\n<p class=\"p1\"><span class=\"s1\"><i>\u201cEsatto, leggono, guardano i video ma poi, alla fine, \u00e8 pi\u00f9 forte, da una parte, il mantra della nuova religione tampone-mascherina-vaccino ripetuto fino alla nausea dai media e, dall\u2019altra, il timore della disapprovazione sociale\u2026\u201d<\/i><\/span><\/p>\n<p class=\"p1\"><span class=\"s1\"><b>Cos\u00ec fan tutti\u2026<\/b><\/span><\/p>\n<hr \/>\n<blockquote>\n<p class=\"p1\"><span class=\"s1\"><i>\u201cCaso dopo caso, vediamo che il conformismo \u00e8 la strada pi\u00f9 facile, quella che porta al privilegio e al prestigio; la dissidenza ha un costo personale.\u201d<br \/>\nNoam Chomsky<\/i><\/span><\/p>\n<\/blockquote>\n<hr \/>\n<figure id=\"attachment_54829\" aria-describedby=\"caption-attachment-54829\" style=\"width: 240px\" class=\"wp-caption alignleft\"><img fetchpriority=\"high\" decoding=\"async\" class=\"wp-image-54829 size-medium\" src=\"https:\/\/www.liberopensare.com\/wp-content\/uploads\/2021\/07\/noam-chomsky-240x300.jpeg\" alt=\"\" width=\"240\" height=\"300\" srcset=\"https:\/\/www.liberopensare.com\/wp-content\/uploads\/2021\/07\/noam-chomsky-240x300.jpeg 240w, https:\/\/www.liberopensare.com\/wp-content\/uploads\/2021\/07\/noam-chomsky.jpeg 300w\" sizes=\"(max-width: 240px) 100vw, 240px\" \/><figcaption id=\"caption-attachment-54829\" class=\"wp-caption-text\">Noam Chomsky, London dec. 2002 \u00a9 Chris Saunders<\/figcaption><\/figure>\n<p class=\"p1\"><span class=\"s1\">A distanza di cinquant\u2019anni &#8211; tanti ne sono trascorsi dal \u201968 e dintorni &#8211; assistiamo dunque ad un rovesciamento completo della <b>condizione giovanile, che passa dall\u2019anticonformismo a tutti i costi al conformismo acritico.<\/b><\/span><\/p>\n<p class=\"p1\"><span class=\"s1\">Trovo pertanto fondamentale cercare anzitutto di analizzare questa <i>\u201cfenomenologia del conformismo\u201d <\/i>che sembra caratterizzare il comportamento generale, con particolare attenzione a quello giovanile.<\/span><\/p>\n<h3 class=\"p1\"><span class=\"s1\"><b>Fenomenologia del conformismo&#8230;<\/b><\/span><\/h3>\n<p class=\"p1\"><span class=\"s1\">\u2026del conformismo <b>o della manipolazione<\/b>?<\/span><\/p>\n<p class=\"p1\"><span class=\"s1\">Quello che sconcerta dopo oltre un anno di dichiarata pandemia \u00e8 non solo <b>la confusione<\/b> che regna tra coloro che l\u2019hanno gestita e manovrata, ma sopratutto tra coloro che la subiscono.<\/span><\/p>\n<p class=\"p1\"><span class=\"s1\">Se da una parte si sono fatte delle straordinarie giravolte &#8211; teoria della fuga del virus dal laboratorio di Wuhan all\u2019inizio considerata una <i>fake news<\/i> (e puntualmente censurata da <i>YouTube, Facebook, Twitter<\/i> etc) ed oggi non solo sdoganata ma considerata probabile; le mascherine dichiarate efficaci senza prove scientifiche e oggi messe in dubbio; senza parlare dei rimedi come idrossiclorochina e ivermectina dichiarati non solo inutili ma addirittura pericolosi o della vitamina D, considerata inutile anche se \u00e8 arcinoto che sia in grado di influenzare il sistema immunitario.<\/span><\/p>\n<figure id=\"attachment_54822\" aria-describedby=\"caption-attachment-54822\" style=\"width: 492px\" class=\"wp-caption alignleft\"><img decoding=\"async\" class=\"wp-image-54822\" src=\"https:\/\/www.liberopensare.com\/wp-content\/uploads\/2021\/07\/AP_20267332953647-scaled-e1602155298118-800x419-1-300x157.jpeg\" alt=\"\" width=\"492\" height=\"258\" srcset=\"https:\/\/www.liberopensare.com\/wp-content\/uploads\/2021\/07\/AP_20267332953647-scaled-e1602155298118-800x419-1-300x157.jpeg 300w, https:\/\/www.liberopensare.com\/wp-content\/uploads\/2021\/07\/AP_20267332953647-scaled-e1602155298118-800x419-1-768x402.jpeg 768w, https:\/\/www.liberopensare.com\/wp-content\/uploads\/2021\/07\/AP_20267332953647-scaled-e1602155298118-800x419-1.jpeg 800w\" sizes=\"(max-width: 492px) 100vw, 492px\" \/><figcaption id=\"caption-attachment-54822\" class=\"wp-caption-text\">Il vergognoso studio falsato sull&#8217;idrossiclorochina ritirato dalla rivista The Lancet dopo la lettera di 120 ricercatori di tutto il mondo, che metteva in discussione la validit\u00e0 dello studio.<\/figcaption><\/figure>\n<p class=\"p1\"><span class=\"s1\">Il colmo \u00e8 stato raggiunto, come tutti ricorderanno, con lo studio fasullo di <i>The Lancet<\/i> sull\u2019idrossiclorochina, ritirato subito dopo per evidente falsit\u00e0 ma <b>di fatto <\/b>usato per continuare (in particolare in Italia) ad impedire di utilizzare un rimedio economico ed efficace contro il Covid-19.<span class=\"Apple-converted-space\">\u00a0<\/span><\/span><\/p>\n<p class=\"p1\"><span class=\"s1\">Infatti, mentre le organizzazioni sanitarie sono pronte a correre qualsiasi rischio per quanto riguarda i vaccini sperimentali, applicano standard di sicurezza da manuale quando si tratta di farmaci non pi\u00f9 coperti da brevetti &#8211; dunque non profittevoli &#8211; con decenni di uso sicuro.<\/span><\/p>\n<p class=\"p1\"><span class=\"s1\">Non parliamo poi del <em>valtzer<\/em> dei vaccini; efficaci\/poco efficaci, sicuri\/a rischio reazioni, solo <em>over 60<\/em>\/no, anche <em>over 40<\/em>, utili per gli <em>under12<\/em>\/no, inutili per i ragazzi.<span class=\"Apple-converted-space\">\u00a0<\/span><\/span><\/p>\n<p class=\"p1\"><span class=\"s1\">O delle marche; meglio AstraZeneca, no, Pfizer \u00e8 pi\u00f9 sicuro, io cerco il Johnson &amp; Johnson\u2026un vero e proprio mercato del pesce\u2026<i>venghino siori e siore, qui tutto a prezzi stracciati\u2026<\/i><\/span><\/p>\n<p class=\"p1\"><span class=\"s1\">Ma il confondere le acque, come ci dice <b>Rudolf Steiner<\/b> in queste righe, \u00e8 funzionale all\u2019obiettivo che il potere di turno vuole conseguire:<\/span><\/p>\n<hr \/>\n<blockquote>\n<p class=\"p1\"><span class=\"s1\">\u201c<i>Ogni volta che si vuole operare attraverso cose simili non si deve innescare una corrente sola, ma si deve farla incrociare sempre con un\u2019altra, in modo che entrambe si influenzino a vicenda.<span class=\"Apple-converted-space\">\u00a0<\/span><\/i><\/span><\/p>\n<p class=\"p1\"><span class=\"s1\"><i><br \/>\nInfatti non si ottiene molto tirando semplicemente diritto in una sola direzione: talvolta occorre gettare una luce lateralmente sulla corrente con cui si opera, <\/i><b><i>per confondere, per cancellare le tracce<\/i><\/b><i>, e disperdere certe cose in un folto sottobosco.<span class=\"Apple-converted-space\">\u00a0<\/span><\/i><\/span><\/p>\n<p class=\"p1\"><span class=\"s1\"><i>Questo \u00e8 molto importante.<span class=\"Apple-converted-space\">\u00a0<\/span><\/i><\/span><\/p>\n<p class=\"p1\"><span class=\"s1\"><i><br \/>\nNe deriva che certe correnti occulte, che si prefiggono uno scopo, talvolta si pongano compiti del tutto opposti, <\/i><b><i>con l\u2019effetto di confondere tutte le tracce<\/i><\/b><i>\u201d.<span class=\"Apple-converted-space\">\u00a0<\/span><\/i><\/span><\/p>\n<p class=\"p1\"><span class=\"s1\"><i><br \/>\nRudolf Steiner, Dornach, 9 Dicembre 1916<\/i><\/span><\/p>\n<\/blockquote>\n<hr \/>\n<figure id=\"attachment_54831\" aria-describedby=\"caption-attachment-54831\" style=\"width: 304px\" class=\"wp-caption alignright\"><img decoding=\"async\" class=\"wp-image-54831\" src=\"https:\/\/www.liberopensare.com\/wp-content\/uploads\/2021\/07\/Rudolf-Steiner-223x300.jpeg\" alt=\"\" width=\"304\" height=\"409\" srcset=\"https:\/\/www.liberopensare.com\/wp-content\/uploads\/2021\/07\/Rudolf-Steiner-223x300.jpeg 223w, https:\/\/www.liberopensare.com\/wp-content\/uploads\/2021\/07\/Rudolf-Steiner.jpeg 456w\" sizes=\"(max-width: 304px) 100vw, 304px\" \/><figcaption id=\"caption-attachment-54831\" class=\"wp-caption-text\">Rudolf Steiner<\/figcaption><\/figure>\n<p class=\"p1\"><span class=\"s1\">Possibile che ai convinti spettatori dei <i>talk show<\/i> televisivi dove, a giorni alterni, si nega quanto si \u00e8 affermato il giorno prima, non sia sorto qualche <b>ragionevole dubbio<\/b>?<\/span><\/p>\n<p class=\"p1\"><span class=\"s1\">Ma, purtroppo per loro, <b>i fatti non significano nulla<\/b>; <b>quello che conta \u00e8 la narrazione <\/b>che viene considerata veritiera.<\/span><\/p>\n<p class=\"p1\"><span class=\"s1\">Nonostante venga richiesto dai <i>\u201cguardiani della verit\u00e0\u201d <\/i>con arroganza il <i>fact checking<\/i> a chi contesta la narrazione ufficiale, ai <i>media mainstream<\/i> \u00e8 consentito affermare tutto e il contrario di tutto.<\/span><\/p>\n<p class=\"p1\"><span class=\"s1\">Senza possibilit\u00e0 di contraddittorio.<\/span><\/p>\n<h3 class=\"p1\"><span class=\"s1\"><b>Se questa \u00e8 una democrazia\u2026<\/b><\/span><\/h3>\n<p class=\"p1\"><span class=\"s1\">Ma il pi\u00f9 prezioso alleato del totalitarismo che vediamo prendere piede ogni giorno di pi\u00f9 \u00e8 il popolo, ormai <b>vittima di una dissonanza cognitiva generalizzata<\/b>.<\/span><\/p>\n<p class=\"p1\"><span class=\"s1\">Quella cui assistiamo da oltre un anno e mezzo, \u00e8 una <i>Psyop<\/i>, una <b>operazione di guerra psicologica<\/b> che ha prodotto milioni di persone terrorizzate e demoralizzate, <b>manipolate in modo tale da pensare e reagire a determinate parole-chiave e input secondo modelli predefiniti.<span class=\"Apple-converted-space\">\u00a0<\/span><\/b><\/span><\/p>\n<p class=\"p1\"><span class=\"s1\">La prova dell\u2019efficacia del piano manipolatorio \u00e8 data dal fatto che le persone &#8211; e molti di noi lo hanno verificato personalmente in questi mesi &#8211;<span class=\"Apple-converted-space\">\u00a0 <\/span><b>non mettono in crisi la narrativa dominante, il pensiero unico, anche se vengono loro fornite informazioni fattuali e ragionamenti logici.<span class=\"Apple-converted-space\">\u00a0<\/span><\/b><\/span><\/p>\n<p><img loading=\"lazy\" decoding=\"async\" class=\"alignnone wp-image-54824\" src=\"https:\/\/www.liberopensare.com\/wp-content\/uploads\/2021\/07\/Queue-conformity-300x139.jpeg\" alt=\"\" width=\"904\" height=\"419\" srcset=\"https:\/\/www.liberopensare.com\/wp-content\/uploads\/2021\/07\/Queue-conformity-300x139.jpeg 300w, https:\/\/www.liberopensare.com\/wp-content\/uploads\/2021\/07\/Queue-conformity.jpeg 600w\" sizes=\"(max-width: 904px) 100vw, 904px\" \/><\/p>\n<p class=\"p1\"><span class=\"s1\">Potete loro dimostrare con i fatti che vi sono delle <b>contraddizioni insormontabili<\/b> nella narrazione ufficiale ma non serve a nulla.<\/span><\/p>\n<p class=\"p1\"><span class=\"s1\">Potete dimostrare che <b>le foto della gente che moriva per le strade in Cina<\/b> nel marzo 2020 erano false, ma non serve a nulla.<\/span><\/p>\n<p class=\"p1\"><span class=\"s1\">Potete dimostrare che <b>i tassi di mortalit\u00e0 forniti dalle statistiche ufficiali <\/b>sono stati manipolati, ma non serve a nulla.<\/span><\/p>\n<p class=\"p1\"><span class=\"s1\">Potete dimostrare che <b>i test PCR sono stati usati in modo erroneo<\/b>, tanto da non essere minimamente affidabili, ma non serve a nulla.<\/span><\/p>\n<p class=\"p1\"><span class=\"s1\">Potete metter loro sotto il naso tutti gli <b>studi sull\u2019inefficacia delle mascherine<\/b>, ma non serve a nulla.<\/span><\/p>\n<p class=\"p1\"><span class=\"s1\">Potete smascherare <b>le percentuali inventate dei contagiati e deceduti<\/b>, ma non serve a nulla.<\/span><\/p>\n<p class=\"p1\"><span class=\"s1\">Potete dimostrare, dati alla mano, che <b>le terapie intensive di questo o quell\u2019ospedale erano semivuote<\/b> mentre venivano indicate come strapiene, ma non serve a nulla.<\/span><\/p>\n<p class=\"p1\"><span class=\"s1\">Potete citare <b>i tassi di sopravvivenza per le persone sotto i 70 anni<\/b>, ma non serve a nulla.<\/span><\/p>\n<p>Potete dimostrare con i numeri che le linee-guida della<em> &#8220;tachipirina e vigile attesa&#8221;<\/em> non solo sono scientificamente infondate ma <strong>hanno condannato a morte migliaia di persone<\/strong> <strong>che si sarebbero certamente salvate grazie alle cure domiciliari<\/strong>, ma non serve a nulla.<\/p>\n<p class=\"p1\"><span class=\"s1\">Potete metter loro sotto gli occhi <b>i numeri crescenti delle reazioni avverse ai vaccini<\/b>, ma non serve a nulla.<\/span><\/p>\n<p class=\"p1\"><span class=\"s1\">Potete facilmente evidenziare <b>i rischi e l\u2019inutilit\u00e0 di vaccinare i bambini<\/b>, ma non serve a nulla.<\/span><\/p>\n<p class=\"p1\"><span class=\"s1\"><b>Loro continueranno a credere nella narrazione ufficiale.<\/b><\/span><\/p>\n<hr \/>\n<blockquote>\n<p class=\"p1\"><span class=\"s1\"><i>\u201cIl quadro del mondo che si presenta alla gente non corrisponde nemmeno minimamente alla realt\u00e0, perch\u00e9 la verit\u00e0 di ogni cosa rimane sotterrata sotto un ammasso di bugie.\u201d<\/i><\/span><\/p>\n<p class=\"p1\"><span class=\"s1\"><i><br \/>\nNoam Chomsky<\/i><\/span><\/p>\n<\/blockquote>\n<hr \/>\n<p class=\"p1\"><span class=\"s1\">Queste persone hanno abdicato alla loro razionalit\u00e0, e sono state afferrate da un movimento totalitario, che \u00e8 diventato la loro <i>&#8220;realt\u00e0&#8221;<\/i> percettiva e sociale, dalla cui difesa dipende la loro <i>&#8220;sanit\u00e0&#8221;<\/i>, quindi<b> i fatti non significano assolutamente nulla per loro<\/b>.<\/span><\/p>\n<p class=\"p1\"><span class=\"s1\">Sappiamo bene, d\u2019altra parte, grazie agli studi sul comportamento, quanto <b>i nostri preconcetti, provenienti da precedenti condizionamenti, interferiscano con la nostra capacit\u00e0 di percepire chiaramente e correttamente<\/b>.\u202f<\/span><\/p>\n<p class=\"p1\"><span class=\"s1\">Eppure la narrazione \u00e8 talmente controversa e contraddittoria che riesce difficile pensare che persino le persone pi\u00f9 a digiuno di conoscenze medico-scientifiche possano considerarla attendibile.<span class=\"Apple-converted-space\">\u00a0<\/span><\/span><\/p>\n<p class=\"p1\"><span class=\"s1\">A quanto pare cos\u00ec non \u00e8, se si pensa che la stragrande maggioranza della popolazione mondiale si mette pazientemente in fila per farsi somministrare dosi di <b>vaccini sperimentali di cui nessuno conosce gli effetti e dei cui eventuali danni nessuno si prende la responsabilit\u00e0.<\/b><\/span><\/p>\n<p class=\"p1\"><span class=\"s1\">N\u00e9 le case farmaceutiche, n\u00e9 i sanitari che li inoculano, n\u00e9 lo Stato che li impone.<\/span><\/p>\n<p class=\"p1\"><span class=\"s1\">Persino oggi che in Italia \u00e8 stato (momentaneamente) abolito l\u2019uso delle mascherine all\u2019aperto si pu\u00f2 notare come una buona met\u00e0 della popolazione ancora le indossi per strada.<\/span><\/p>\n<h3 class=\"p1\"><span class=\"s1\"><b>L\u2019effetto gregge, insomma, il \u201ccos\u00ec fan tutti\u201d\u2026<\/b><\/span><\/h3>\n<p class=\"p1\"><span class=\"s1\">Ora la domanda che mi pare pi\u00f9 importante per capire la situazione presente \u00e8: <b>perch\u00e9?<\/b><\/span><\/p>\n<p class=\"p1\"><span class=\"s1\">Perch\u00e9 la stragrande maggioranza della popolazione mondiale ha di fatto abdicato al pensiero critico?<\/span><\/p>\n<p class=\"p1\"><span class=\"s1\">Perch\u00e9 anche le fasce tradizionalmente pi\u00f9 colte e sensibili della societ\u00e0 si sono piegate al <i>\u201cCos\u00ec fan tutti\u201d<\/i> seguendo l\u2019onda delle comunicazioni, prescrizioni, divieti e imposizioni contraddittori e in gran parte arbitrari?<\/span><\/p>\n<p class=\"p1\"><span class=\"s1\">Bisogna anzitutto notare come il grande alleato, il vero <i>\u201cBig Brother\u201d<\/i> di questo film distopico in cui siamo stati sbalzati \u00e8 <i>Big Tech<\/i>.<span class=\"Apple-converted-space\">\u00a0<\/span><\/span><\/p>\n<p><img loading=\"lazy\" decoding=\"async\" class=\"alignnone wp-image-54826\" src=\"https:\/\/www.liberopensare.com\/wp-content\/uploads\/2021\/07\/big-tech-censorship-Image-99-10-01-2021-300x181.jpeg\" alt=\"\" width=\"1091\" height=\"658\" srcset=\"https:\/\/www.liberopensare.com\/wp-content\/uploads\/2021\/07\/big-tech-censorship-Image-99-10-01-2021-300x181.jpeg 300w, https:\/\/www.liberopensare.com\/wp-content\/uploads\/2021\/07\/big-tech-censorship-Image-99-10-01-2021.jpeg 696w\" sizes=\"(max-width: 1091px) 100vw, 1091px\" \/><\/p>\n<p class=\"p1\"><span class=\"s1\">Senza il supporto dei <i>social media<\/i> &#8211; oltre naturalmente dei <i>media mainstream<\/i> sui quali non avevamo dubbi &#8211; il gioco di terrorizzare e manipolare l\u2019intero pianeta non sarebbe stato possibile.<\/span><\/p>\n<p class=\"p1\"><span class=\"s1\">Nel giro di pochi mesi, sono stati chiusi migliaia di canali <i>YouTube<\/i> e censurati milioni di <i>post<\/i> su <i>Facebook. <\/i>L&#8217;account <i>Twitter<\/i> dell&#8217;ex presidente degli Stati Uniti \u00e8 stato bloccato e cancellato; <i>Greenmed.info<\/i>, un sito di ricerche sui rimedi naturali, ha avuto entrambi i suoi account <i>Facebook<\/i> e <i>Instagram<\/i> cancellati, perdendo oltre mezzo milione di abbonati. Stesso destino \u00e8 capitato al nostro <i>Byoblu<\/i> cui, con pretesti risibili, \u00e8 stato cancellato l\u2019account <i>YouTube<\/i>.<br \/>\n<\/span><span class=\"s1\"><i>LinkedIn<\/i> ha a sua volta cancellato l&#8217;account del <i>Dr. Robert Malone <\/i>che ha osato mettere in discussione la sicurezza dei vaccini <i>mRNA<\/i>, nonostante sia stato uno dei loro creatori.<br \/>\n<\/span><span class=\"s1\">Il <i>social network<\/i> <i>Parler<\/i> \u00e8 stato rimosso da internet e cos\u00ec anche il sito web di <i>America&#8217;s Frontline Doctors <\/i>che ha trattato di cure non approvate contro il COVID-19.<span class=\"Apple-converted-space\"><br \/>\n<\/span><\/span><span class=\"s1\">Per non parlare di <i>Wikipedia<\/i> che <a href=\"https:\/\/www.liberopensare.com\/en\/i-pericoli-di-wikipedia-e-della-rivoluzione-digitale\/\"><span class=\"s2\">diffama metodicamente<\/span><\/a> ogni voce dissenziente.<br \/>\n<\/span><span class=\"s1\">E nelle ultime settimane <i>Facebook<\/i> ha addirittura iniziato a inviare agli utenti messaggi minatori relativi a <i>&#8220;contenuti estremisti&#8221;.<\/i><\/span><\/p>\n<h3 class=\"p1\"><span class=\"s1\"><b>La demonizzazione del pensiero critico prosegue a passi da gigante\u2026<\/b><\/span><\/h3>\n<p class=\"p1\"><span class=\"s1\">I contenuti che vanno contro l&#8217;agenda <i>mainstream<\/i> vengono censurati o cancellati del tutto.<span class=\"Apple-converted-space\"><br \/>\n<\/span><\/span><span class=\"s1\">Questo lo sappiamo.<span class=\"Apple-converted-space\"><br \/>\n<\/span><\/span><span class=\"s1\">Ma che dire dei contenuti che vanno s\u00ec contro gli interessi dell\u2019agenda ma non sono abbastanza pericolosi da essere rimossi?<span class=\"Apple-converted-space\">\u00a0<\/span><\/span><\/p>\n<p class=\"p1\"><span class=\"s1\">A questi ci pensa <i>Google<\/i>.<\/span><\/p>\n<p class=\"p1\"><span class=\"s1\">Cosa fa <i>Google<\/i>, il pi\u00f9 grande motore di ricerca del mondo, che elabora oltre 40.000 richieste al secondo, riguardo a tali contenuti?<br \/>\n<\/span><span class=\"s1\">Ricordiamo che <i>Google<\/i> non \u00e8 solo un motore di ricerca; sviluppa e mantiene una rete di applicazioni che lavorano per raccogliere, analizzare e sfruttare i dati di tutti coloro che vi fanno delle ricerche.<span class=\"Apple-converted-space\"><br \/>\n<\/span><\/span><span class=\"s1\">Utilizzando tali dati &#8211; e qui entra in gioco la censura pi\u00f9 sottile &#8211; <b><i>Google<\/i> decide quali informazioni si debbano vedere e quali no.<span class=\"Apple-converted-space\"><br \/>\n<\/span><\/b><\/span><span class=\"s1\">Nel 2019, il motore di ricerca ha aggiornato il suo algoritmo, in modo da bandire di fatto i siti web sulla salute non collegati a <i>Big Pharma, come ad esempio GreenMedInfo, SelfHacked,<\/i> e <i>Mercola.com<\/i>.<br \/>\n<\/span><span class=\"s1\">Alcuni di questi siti hanno perso oltre il 90% del loro traffico, da un giorno all\u2019altro.<\/span><\/p>\n<p><img loading=\"lazy\" decoding=\"async\" class=\"alignnone wp-image-54827\" src=\"https:\/\/www.liberopensare.com\/wp-content\/uploads\/2021\/07\/ED-AY866_Prager_M_20190806151525-300x168.jpeg\" alt=\"\" width=\"1095\" height=\"613\" srcset=\"https:\/\/www.liberopensare.com\/wp-content\/uploads\/2021\/07\/ED-AY866_Prager_M_20190806151525-300x168.jpeg 300w, https:\/\/www.liberopensare.com\/wp-content\/uploads\/2021\/07\/ED-AY866_Prager_M_20190806151525-1024x574.jpeg 1024w, https:\/\/www.liberopensare.com\/wp-content\/uploads\/2021\/07\/ED-AY866_Prager_M_20190806151525-768x431.jpeg 768w, https:\/\/www.liberopensare.com\/wp-content\/uploads\/2021\/07\/ED-AY866_Prager_M_20190806151525.jpeg 1280w\" sizes=\"(max-width: 1095px) 100vw, 1095px\" \/><\/p>\n<p class=\"p1\"><span class=\"s1\">D\u2019altra parte, i legami di <i>Google<\/i> con <i>Big Pharma<\/i> e con le biotecnologie sono <a href=\"https:\/\/www.liberopensare.com\/en\/cosa-ce-dietro-linteresse-di-google-per-la-biotecnologia\/\"><span class=\"s2\">ben noti <\/span><\/a>e non \u00e8 questa la sede per approfondirli.<\/span><\/p>\n<p class=\"p1\"><span class=\"s1\">Come si pu\u00f2 vedere la pressione dei portavoce del <b>totalitarismo che ha preso saldamente il potere <\/b>\u00e8 sempre pi\u00f9 pervasiva.<\/span><\/p>\n<p class=\"p1\"><span class=\"s1\">Evidentemente, dopo aver preparato lungamente l\u2019operazione Covid-19 questa \u00e8 la <b>fase decisiva per il potere globalista.\u202f<\/b><\/span><\/p>\n<p class=\"p1\"><span class=\"s1\">L\u2019obiettivo \u00e8 quello di <b>cancellare la vecchia <i>\u201crealt\u00e0\u201d <\/i>per sostituirla con una nuova, la <i>\u201cnuova normalit\u00e0\u201d<\/i><\/b>.<span class=\"Apple-converted-space\">\u00a0<\/span><\/span><\/p>\n<p class=\"p1\"><span class=\"s1\">Naturalmente ci\u00f2 non pu\u00f2 essere realizzato <b>n\u00e9 con la ragione n\u00e9 con i fatti, ma con la paura e la repressione<\/b>.\u202f\u00c8 necessario terrorizzare la maggior parte della popolazione e condurla &#8211; gradualmente ma fermamente &#8211; ad una condizione isterica di massa manipolata, in modo da utilizzarla come a<b>rma letale contro coloro che non vogliono piegarsi alla \u201cnuova normalit\u00e0\u201d<\/b>.<span class=\"Apple-converted-space\">\u00a0<\/span><\/span><\/p>\n<p class=\"p1\"><span class=\"s1\">Anche riguardo questo c\u2019\u00e8 chi &#8211; oltre un secolo fa &#8211; ha anticipato quanto sarebbe accaduto per mettere in guardia l\u2019umanit\u00e0 sulla deriva che la civilt\u00e0 avrebbe potuto subire:<\/span><\/p>\n<hr \/>\n<blockquote>\n<p class=\"p1\"><span class=\"s1\"><i>\u201cForse non possiamo, gi\u00e0 nella nostra epoca, fare qualcosa per contrastare la direzione decisamente materialista del clima materialista e non libero del nostro tempo.<\/i><\/span><\/p>\n<p class=\"p1\"><span class=\"s1\"><i>Dobbiamo tuttavia quantomeno imparare a sentirlo come una coercizione.<\/i><\/span><\/p>\n<p class=\"p1\"><span class=\"s1\"><i>\u00c8 cos\u00ec che si deve iniziare.<\/i><\/span><\/p>\n<p class=\"p1\"><span class=\"s1\"><i><br \/>\nNon dobbiamo abbandonarci anche noi alle illusioni.<\/i><\/span><\/p>\n<p class=\"p1\"><span class=\"s1\"><i><br \/>\nInfatti, se il mondo continua a procedere come sta facendo, nella direzione di questi impulsi materialistici, allora giungeremo senza accorgercene al punto in cui <\/i><b><i>non solo sar\u00e0 vietato fare alcunch\u00e9 per la salute umana a coloro che non sono autorizzati<\/i><\/b><i>, ma in cui <\/i><b><i>verr\u00e0 proibito esprimere opinioni su qualsiasi cosa riguardi la scienza a chiunque non abbia fatto una specie di voto di non affermare nulla che non sia consentito dall\u2019ordine mondiale materialista.<\/i><\/b><\/span><\/p>\n<p class=\"p1\"><span class=\"s1\"><i>Oggi ci si limita a vietare molte cose di cui gli uomini non percepiscono la costrizione del divieto.<\/i><\/span><\/p>\n<p class=\"p1\"><span class=\"s1\"><i><br \/>\nMa stiamo andando incontro a tempi in cui, cos\u00ec come <\/i><b><i>sar\u00e0 proibita, per esempio, ogni cura non autorizzata per la salute delle persone<\/i><\/b><i>, sar\u00e0 altres\u00ec <\/i><b><i>proibita ogni opinione che non provenga da una istituzione garantita ed approvata dai poteri evoluti in senso materialista.<\/i><\/b><\/span><\/p>\n<p class=\"p1\"><span class=\"s1\"><i><br \/>\nSe non si comprender\u00e0 l\u2019intero corso di questi eventi si navigher\u00e0 a vele spiegate verso <\/i><b><i>la futura \u201clibert\u00e0\u201d,<\/i><\/b><i> che consister\u00e0 nel fatto che <\/i><b><i>saranno emanate leggi che proibiranno di insegnare alcunch\u00e9 se non all\u2019interno di un ambito autorizzato<\/i><\/b><i>; leggi che proibiranno tutto ci\u00f2 che pu\u00f2 anche lontanamente ricordare qualcosa di simile, per esempio, a ci\u00f2 che stiamo facendo qui.<\/i><\/span><\/p>\n<p class=\"p1\"><span class=\"s1\"><i><br \/>\nOggi non si prendono in considerazione tali cose perch\u00e9 non si guarda a quella che \u00e8 la tendenza dell\u2019evoluzione.<\/i><\/span><\/p>\n<p class=\"p1\"><span class=\"s1\"><i>Certamente \u2013 questo deve essere sottolineato sempre di nuovo \u2013 non saremo in grado di fare molto nella nostra epoca.<\/i><\/span><\/p>\n<p class=\"p1\"><span class=\"s1\"><i>Ma le cose devono iniziare con i pensieri, devono iniziare con la consapevolezza di tutto questo, e <\/i><b><i>dobbiamo iniziare<\/i><\/b><i> da quello che possiamo fare.<\/i><\/span><\/p>\n<p class=\"p1\"><span class=\"s1\"><i><br \/>\nRudolf Steiner, Dornach 7 Gennaio 1916<\/i><\/span><\/p>\n<\/blockquote>\n<hr \/>\n<h3 class=\"p1\"><span class=\"s1\"><b>Il &#8220;divide et impera&#8221; 2.0<\/b><\/span><\/h3>\n<p class=\"p1\"><span class=\"s1\">Non solo <i>\u201ccos\u00ec fan tutti\u201d <\/i>ma anche <i>\u201ccos\u00ec la pensan tutti\u201d<\/i> e chi non la pensa allo stesso modo diventa il nemico da annientare.<\/span><\/p>\n<p class=\"p1\"><span class=\"s1\">Chi non si piega alla <i>\u201cnuova normalit\u00e0\u201d <\/i>viene emarginato, ostracizzato, ed in futuro verosimilmente segregato e privato dei diritti civili.<\/span><\/p>\n<hr \/>\n<blockquote>\n<p class=\"p1\"><span class=\"s1\"><i>\u201cL\u2019uniformit\u00e0 nutre il conformismo, e l\u2019altra faccia del conformismo \u00e8 l\u2019intolleranza\u201d.<\/i><\/span><\/p>\n<p class=\"p1\"><span class=\"s1\"><i>Zygmund Bauman<\/i><\/span><\/p>\n<\/blockquote>\n<hr \/>\n<figure id=\"attachment_54832\" aria-describedby=\"caption-attachment-54832\" style=\"width: 327px\" class=\"wp-caption alignright\"><img loading=\"lazy\" decoding=\"async\" class=\"wp-image-54832\" src=\"https:\/\/www.liberopensare.com\/wp-content\/uploads\/2021\/07\/zygmund.jpeg\" alt=\"\" width=\"327\" height=\"392\" \/><figcaption id=\"caption-attachment-54832\" class=\"wp-caption-text\">Zygmund Bauman<\/figcaption><\/figure>\n<p class=\"p1\"><span class=\"s1\">Osserviamo la creazione di una <b>frattura all\u2019interno dell\u2019umanit\u00e0<\/b>.<span class=\"Apple-converted-space\">\u00a0<\/span><\/span><\/p>\n<p class=\"p1\"><span class=\"s1\">Non solo nella sfera pubblica, ma anche in quella personale; frattura promossa non solo dai governi, dai <i>media<\/i> e dai rappresentanti della scienza, ma coinvolgente colleghi, amici e familiari.<\/span><\/p>\n<p class=\"p1\"><span class=\"s1\">Una frattura che \u00e8 decisa, voluta e favorita da chi vuole dividere per meglio dominare.<\/span><\/p>\n<p class=\"p1\"><span class=\"s1\">Tutto quello che \u00e8 avvenuto in questi mesi lo attesta al di l\u00e0 di ogni ragionevole dubbio.<\/span><\/p>\n<p class=\"p1\"><span class=\"s1\">La <b>paura, l\u2019incertezza, la contraddittoriet\u00e0 delle indicazioni<\/b>, il susseguirsi di <b>ordini contrastanti<\/b>, <b>l\u2019assenza (intenzionale) di senso logico<\/b> delle indicazioni e degli obblighi, la <b>manipolazione mediatica,<\/b> hanno l\u2019obiettivo di <b>rendere i deboli sempre pi\u00f9 deboli e privi di riferimenti<\/b> per poi scagliarli contro coloro che dei riferimenti si sono faticosamente conquistati.<\/span><\/p>\n<p class=\"p1\"><span class=\"s1\">Ma come \u00e8 stato possibile questa manipolazione globale in particolare in un Paese come l\u2019Italia che ha sempre brillato per creativit\u00e0 ed indipendenza?<\/span><\/p>\n<hr \/>\n<blockquote>\n<p class=\"p1\"><span class=\"s1\"><i>\u201cVedete, nel mondo ci sono <\/i><b><i>mezzi con cui si possono generare suggestioni di massa.<\/i><\/b><i><span class=\"Apple-converted-space\">\u00a0<\/span><\/i><\/span><\/p>\n<p class=\"p1\"><span class=\"s1\"><i><br \/>\nQuando si vogliono creare suggestioni su larga scala <\/i><b><i>bisogna immettere nel mondo qualcosa di sensazionalistico.<span class=\"Apple-converted-space\">\u00a0<\/span><\/i><\/b><\/span><\/p>\n<p class=\"p1\"><span class=\"s1\"><i>Alla stessa maniera in cui si pu\u00f2 suggestionare una singola persona (\u2026) si possono condizionare interi gruppi, basta impiegare i mezzi adatti, e soprattutto conoscere quello che lega concretamente le persone di questi gruppi le une alle altre.<span class=\"Apple-converted-space\">\u00a0<\/span><\/i><\/span><\/p>\n<p class=\"p1\"><span class=\"s1\"><i><br \/>\nEsiste un modo con cui si pu\u00f2 pilotare la forza che risiede in un singolo uomo verso una precisa direzione.<span class=\"Apple-converted-space\">\u00a0<\/span><\/i><\/span><\/p>\n<p class=\"p1\"><span class=\"s1\"><i><br \/>\nQuesti pu\u00f2 essere convinto del proprio profondo amore per la pace, ma compie le sue azioni sotto effetto della suggestione.<br \/>\nEgli \u00e8 tutt\u2019altro da quello che fa.<span class=\"Apple-converted-space\">\u00a0<\/span><\/i><\/span><\/p>\n<p class=\"p1\"><span class=\"s1\"><i>Si pu\u00f2 fare la stessa cosa anche con i sentimenti d\u2019interi gruppi, se si hanno le conoscenze adatte. Bisogna solo scegliere i mezzi appropriati. Serve solo spingere in una determinata direzione, attraverso <\/i><b><i>una specie d\u2019impostura in grande stile<\/i><\/b><i>, una forza che \u00e8 s\u00ec vitale, ma non ha una particolare direzione (\u2026).<span class=\"Apple-converted-space\">\u00a0<\/span><\/i><\/span><\/p>\n<p class=\"p1\"><span class=\"s1\"><b><i>Una tale suggestione collettiva esiste, essa ha agito, agisce e agir\u00e0 in modo estremamente efficace\u201d.<\/i><\/b><i><span class=\"Apple-converted-space\">\u00a0<\/span><\/i><\/span><\/p>\n<p class=\"p1\"><span class=\"s1\"><i><br \/>\nRudolf Steiner, Dornach, 9 Dicembre 1916<\/i><\/span><\/p>\n<\/blockquote>\n<hr \/>\n<p class=\"p1\"><span class=\"s1\">Questa<b> suggestione collettiva<\/b> ha avuto un successo impressionante ed ha colpito in modo trasversale.<\/span><\/p>\n<p class=\"p1\"><span class=\"s1\">Le vittime &#8211; come molti di noi hanno avuto modo di sperimentare sulla propria pelle &#8211; non appartengono ad una classe n\u00e9 culturalmente, n\u00e9 politicamente, n\u00e9 socialmente omogenea.<\/span><\/p>\n<p class=\"p1\"><span class=\"s1\">\u00c8 la classe trasversale di <b>chi ha abdicato al pensiero critico<\/b>, sia egli giovane o maturo, colto o ignorante, benestante o povero.<\/span><\/p>\n<p class=\"p1\"><span class=\"s1\">Tuttavia, nonostante la stragrande maggioranza della popolazione sia stata efficacemente manipolata vi sono degli individui refrattari a tale operazione psicologica: le persone dotate di <b>maggiore spirito critico<\/b>, le <b>non-allineate<\/b>, quelle <b>ai margini del riconoscimento sociale<\/b>.<span class=\"Apple-converted-space\">\u00a0<\/span><\/span><\/p>\n<p class=\"p1\"><span class=\"s1\">Pertanto mi sembra corretto ritenere che la gran parte di coloro sui quali la manipolazione ha avuto effetti limitati sono <b>coloro che non hanno bisogno di riconoscersi in un gruppo sociale<\/b>: le persone meno istruite, i lavoratori autonomi, i non-allineati.<span class=\"Apple-converted-space\">\u00a0<\/span><\/span><\/p>\n<p class=\"p1\"><span class=\"s1\">Forse in quanto tali categorie sono meno sensibili alle minacce di espulsione dal gruppo di appartenenza se hanno un pensiero non allineato, dato che non si identificano in un gruppo sociale.<\/span><\/p>\n<p class=\"p1\"><span class=\"s1\">Importante cercare di individuare le modalit\u00e0 &#8211; sicuramente molteplici &#8211; con cui gli \u201ceretici\u201d <b>sono riusciti a sottrarsi al Pifferaio di Hamelin del Pensiero Unico.<\/b><\/span><\/p>\n<p class=\"p1\"><span class=\"s1\">In estrema sintesi dividerei gli <b>\u201cimmuni da condizionamento\u201d<\/b> in cinque categorie:<\/span><\/p>\n<ol>\n<li style=\"list-style-type: none;\">\n<ol>\n<li><span class=\"s1\">persone semplici ma dotate di saggezza naturale, tipo l\u2019anziana signora che a proposito del terrorismo mediatico \u00e8 sbottata: <i>\u201cma chi vogliono prendere in giro con queste notizie drammatiche ogni giorno? Io ho vissuto la guerra, con i bombardamenti e i rastrellamenti; allora s\u00ec c\u2019era da aver paura, non oggi di un\u2019influenza\u201d;<\/i><\/span><\/li>\n<li>chi per scelta non segue i <i>media<\/i>, magari non ha proprio la televisione e quindi ha potuto sottrarsi alla pressione emotiva condizionante della martellante narrazione pandemica;<\/li>\n<li>coloro che &#8211; forse gi\u00e0 avvezzi al dubbio sistematico nei confronti della veridicit\u00e0 dei mezzi di informazione &#8211; a partire dalle prime incongruenze del circo mediatico hanno iniziato a farsi delle domande, cercando di approfondire la questione, attingendo a tutte le fonti accessibili;<\/li>\n<li>chi, essendo un professionista del settore scientifico, ed in particolare virologico, ha capito che le incongruenze della narrazione scientifica non erano ascrivibili a incompetenza ma a falsificazioni consapevoli;<\/li>\n<li>coloro che, avendo familiarit\u00e0 con la spiritualit\u00e0, hanno colto sin da subito che in tutta la vicenda vi erano delle forti dissonanze che ne inficiavano la coerenza narrativa.<span class=\"Apple-converted-space\">\u00a0<\/span><\/li>\n<\/ol>\n<\/li>\n<\/ol>\n<p class=\"p1\"><span class=\"s1\">In queste righe <b>Rudolf Steiner<\/b> parla dell\u2019atteggiamento da tenere nei confronti delle tragedie della nostra epoca, che in quei giorni riguardavano la Grande Guerra, ma penso che si adattino perfettamente anche alla tragedia che stiamo vivendo oggi:<span class=\"Apple-converted-space\">\u00a0<\/span><\/span><\/p>\n<hr \/>\n<blockquote>\n<p class=\"p1\"><span class=\"s1\"><i>\u201cSono convinto che uno dei motivi principali per cui una tragedia come quella che accade oggi pu\u00f2 abbattersi sul mondo, sta nel <\/i><b><i>chiudere gli occhi davanti a queste realt\u00e0 e nel parlare di quello che accade su basi del tutto inadeguate.<\/i><\/b><i><span class=\"Apple-converted-space\">\u00a0<\/span><\/i><\/span><\/p>\n<p class=\"p1\"><span class=\"s1\"><i>Infatti anche di fronte ad eventi cos\u00ec grandi ognuno dovrebbe iniziare dalla conoscenza di s\u00e9.<span class=\"Apple-converted-space\">\u00a0<\/span><\/i><\/span><\/p>\n<p class=\"p1\"><span class=\"s1\"><i><br \/>\nE un frammento di conoscenza di s\u00e9 \u00e8 anche sapere che, nel momento in cui si dice: \u2018Cose simili non ci riguardano, vogliamo solo sentir parlare di fenomeni occulti\u2019, in questo momento si rafforzano, anche se in piccolo, quelle forze che, articolandosi in tutte le loro diramazioni e assommandosi, portano a catastrofi come quella che viviamo oggi.<span class=\"Apple-converted-space\">\u00a0<\/span><\/i><\/span><\/p>\n<p class=\"p1\"><span class=\"s1\"><i><br \/>\n\u2018Occulto\u2019, miei cari amici, non \u00e8 solo ci\u00f2 che riguarda i mondi superiori \u2013 inizialmente questi sono certo nascosti, occulti per tutti gli uomini. <\/i><b><i>Ma per molti uomini \u00e8 nascosto anche quello che avviene nel mondo fisico!<span class=\"Apple-converted-space\">\u00a0<\/span><\/i><\/b><\/span><\/p>\n<p class=\"p1\"><span class=\"s1\"><i>E vogliamo augurarci che molto di ci\u00f2 che \u00e8 nascosto qui da noi diventi visibile!<span class=\"Apple-converted-space\">\u00a0<\/span><\/i><\/span><\/p>\n<p class=\"p1\"><span class=\"s1\"><b><i><br \/>\nChe cos\u00ec tanti fatti rimangano nascosti a cos\u00ec tanta gente, costituisce una delle fonti della miseria in cui viviamo\u201d.<span class=\"Apple-converted-space\">\u00a0<\/span><\/i><\/b><\/span><\/p>\n<p class=\"p1\"><span class=\"s1\"><i><br \/>\nRudolf Steiner, Dornach 16 Dicembre 1916<\/i><\/span><\/p>\n<\/blockquote>\n<hr \/>\n<p class=\"p1\"><span class=\"s1\">Come <b>Rudolf Steiner<\/b> prima di lui, anche <b>Giulietto Chiesa<\/b> fu profetico quando afferm\u00f2 che i poteri occulti, transnazionali, avrebbero fatto qualunque cosa per vincere, anche <b>a costo di distruggere l\u2019intera umanit\u00e0<\/b>.<\/span><\/p>\n<p class=\"p1\"><span class=\"s1\">Quello che sta accadendo ne \u00e8 la dimostrazione; per questo parl\u00f2 della necessit\u00e0 di accendere <b>tanti piccoli fuochi di resistenza<\/b>.<span class=\"Apple-converted-space\">\u00a0<\/span><\/span><\/p>\n<p><iframe title=\"YouTube video player\" src=\"https:\/\/www.youtube.com\/embed\/fRASH2IRo68\" width=\"610\" height=\"343\" frameborder=\"0\" allowfullscreen=\"allowfullscreen\"><\/iframe><\/p>\n<p class=\"p1\"><span class=\"s1\">Viviamo oggi un <b>tempo apocalittico che ci mette di fronte a noi stessi ed al nostro coraggio.<\/b> <b>Apocalisse<\/b> vuol dire rivelazione ed il compito fondamentale della nostra comunit\u00e0 \u00e8 dunque fornire gli strumenti per il disvelamento della realt\u00e0 e per dare un contributo ad una <b>nuova Rinascita sociale, culturale, politica ma soprattutto, spirituale.<\/b><\/span><\/p>\n<p class=\"p1\"><span class=\"s1\"><b>Il nostro Great Reset.<\/b><\/span><\/p>\n<p class=\"p1\"><span class=\"s1\">Questa guerra pu\u00f2 essere vinta soltanto se passa il messaggio che<b> &#8220;mai, in nessun momento \u00e8 esistita n\u00e9 mai esister\u00e0 la possibilit\u00e0 di una nostra sconfitta&#8221;.<\/b><\/span><\/p>\n<h3 class=\"p1\"><span class=\"s1\"><b>Sviluppi futuri<\/b><\/span><\/h3>\n<p class=\"p1\"><span class=\"s1\">Ma dobbiamo, d\u2019altra parte, non illuderci su quali saranno ragionevolmente i prossimi sviluppi.<\/span><\/p>\n<p class=\"p1\"><span class=\"s1\">Dato che la reazione di un gran numero di persone contro la dittatura sanitaria che stiamo vivendo non ha se non leggermente rallentato il processo messo in atto sin dall\u2019inizio di questi eventi, dobbiamo considerare che intere societ\u00e0 non si lasciano trasformare in sistemi pseudo-totalitari senza reagire con disordini, caos e ribellioni violente.<\/span><\/p>\n<p class=\"p1\"><span class=\"s1\">Anche se il processo di <i>\u201cformattazione\u201d<\/i> della gente ha avuto effetti a dir poco straordinari, arriva il momento in cui \u00e8 necessario spingere alla rivolta le persone che non si piegano alla nuova<i>&#8220;realt\u00e0&#8221;<\/i>, in modo da poterle reprimere e <b>trasformarle ufficialmente in nemici pubblici<\/b>.<span class=\"Apple-converted-space\">\u00a0<\/span><\/span><\/p>\n<p class=\"p1\"><span class=\"s1\">Quello che sta succedendo attualmente.<\/span><\/p>\n<p class=\"p1\"><span class=\"s1\">E allora cosa fanno coloro che si imbattono in chi non riconosce la <i>\u201cnuova normalit\u00e0\u201d<\/i>? <span class=\"Apple-converted-space\">\u00a0<\/span><\/span><\/p>\n<p class=\"p1\"><span class=\"s1\">Semplice, come nel film <i>Minority Report<\/i>, denunciano i <i>&#8220;crimini di pensiero&#8221; <\/i>dei ribelli alle <i>Corporation<\/i> di <i>Big Tech<\/i> o alle forze dell&#8217;ordine dei governi <i>&#8220;democratici&#8221; <\/i>nella speranza di distruggere o danneggiare le loro vite, o, come minimo, di farle censurare, o altrimenti cancellare dalla vista pubblica.<\/span><\/p>\n<p class=\"p1\"><span class=\"s1\">Come affermava profeticamente Rudolf Steiner nel lontano 1916:<\/span><\/p>\n<hr \/>\n<blockquote>\n<p class=\"p1\"><span class=\"s1\"><i>\u201cNon sar\u00e0 trascorso molto tempo da che sul calendario sar\u00e0 passato l\u2019anno 2000, che si manifester\u00e0 \u2013 a partire dall\u2019America &#8211; un divieto, non diretto, ma comunque <\/i><b><i>un divieto di ogni tipo di pensare, una legge che avr\u00e0 lo scopo di soffocare ogni pensiero individuale. <\/i><\/b><i><br \/>\nDa un lato, si \u00e8 cominciato con quello che fa oggi la medicina puramente materialista, dove l&#8217;anima non pu\u00f2 pi\u00f9 funzionare, dove l&#8217;uomo \u00e8 trattato come una macchina solo sulla base di sperimentazioni esteriori&#8221;.<\/i><\/span><\/p>\n<p class=\"p1\"><span class=\"s1\"><i><br \/>\nRudolf Steiner, Berlino 4 Aprile 1916<\/i><\/span><\/p>\n<\/blockquote>\n<hr \/>\n<p class=\"p1\"><span class=\"s1\">Forse non credevamo che certe anticipazioni si sarebbero avverate.<\/span><\/p>\n<p class=\"p1\"><span class=\"s1\">Cos\u00ec presto e cos\u00ec precisamente.<\/span><\/p>\n<p class=\"p1\"><span class=\"s1\">Eppure le previsioni di <strong>Steiner<\/strong> sulla futura seconda guerra mondiale, della mucca pazza, del declino dell\u2019Occidente, della tecnocrazia, avrebbero dovuto convincerci dell\u2019imminenza di questi eventi.<\/span><\/p>\n<p class=\"p1\"><span class=\"s1\">Ora per\u00f2, visto che chi ancora mantiene l\u2019uso del pensiero critico \u00e8 probabilmente il 20\/25% della popolazione totale diventa difficile per l\u2019agenda eliminare totalmente il dissenso.<\/span><\/p>\n<p class=\"p1\"><span class=\"s1\">Si cerca allora di etichettare i ribelli con definizioni di <i>&#8220;complottisti antisociali&#8221;, \u201cnegazionisti\u201d, \u201cdisinformatori no-vax\u201c, &#8220;estremisti potenzialmente violenti&#8221;,<\/i> e altre che verranno, in modo da poterli dipingere come mostri squilibrati emarginati dalla societ\u00e0 per loro responsabilit\u00e0.<\/span><\/p>\n<p class=\"p1\"><span class=\"s1\">Anche qui ci viene in aiuto Steiner quando parla dell\u2019uso del linguaggio:<\/span><\/p>\n<hr \/>\n<blockquote>\n<p class=\"p1\"><span class=\"s1\"><i>\u201cQuando si vuole ottenere un determinato risultato nel mondo, risultato che deve rappresentare l&#8217;opposto della regolare direzione dell&#8217;evoluzione dell&#8217;umanit\u00e0, ebbene, allora gli si d\u00e0, per cos\u00ec dire, <\/i><b><i>un nome che significa il contrario&#8221;.<\/i><\/b><i><span class=\"Apple-converted-space\">\u00a0<\/span><\/i><\/span><\/p>\n<p class=\"p1\"><span class=\"s1\"><i><br \/>\nL&#8217;umanit\u00e0 deve imparare a non credere ciecamente ai nomi\u201d.<\/i><\/span><\/p>\n<p class=\"p1\"><span class=\"s1\"><i><br \/>\nRudolf Steiner, Stoccarda 21 Settembre 1920<\/i><\/span><\/p>\n<\/blockquote>\n<hr \/>\n<h3 class=\"p1\"><span class=\"s1\"><b>\u00c8 la neo-lingua, babe<\/b><\/span><\/h3>\n<p class=\"p1\"><span class=\"s1\">Il processo di alterazione del linguaggio \u00e8 ormai ben consolidato &#8211; basti pensare a espressioni come \u201c<i>guerra umanitaria\u201d, \u201cmissioni di pace\u201d, \u201cdemocrazia\u201d, \u201cantifascismo\u201d \u201csalute pubblica\u201d<\/i> il cui reale senso \u00e8 l\u2019esatto contrario &#8211; e proseguir\u00e0 sempre pi\u00f9 sfacciatamente, fatto che non potr\u00e0 non condurre al fronteggiarsi a livello sociale di <b>chi non ha esitazione alcuna a pensare pensieri di terzi e chi si ostina a voler pensare pensieri propri.<\/b><\/span><\/p>\n<p class=\"p1\"><span class=\"s1\">Ma questi ultimi non si adegueranno facilmente; potranno segregarli, vietar loro di viaggiare, non dare spazio sui <i>media<\/i> alle loro proteste, censurarli, eliminare i loro account sui <i>social<\/i> o i conti bancari ma, dovendo mantenere esteriormente un simulacro di <i>\u201cdemocrazia\u201d<\/i>, non potranno farli sparire con la forza.<\/span><\/p>\n<hr \/>\n<blockquote>\n<p class=\"p1\"><span class=\"s1\"><i>\u201cNon si pu\u00f2 pi\u00f9 controllare la gente con la forza e, quindi, per non farle comprendere che sta vivendo in una condizione di alienazione, oppressione, subordinamento, <\/i><b><i>\u00e8 necessario modificare la sua coscienza<\/i><\/b><i>.\u201d<\/i><\/span><\/p>\n<p class=\"p1\"><span class=\"s1\"><i><br \/>\nNoam Chomsky<\/i><\/span><\/p>\n<\/blockquote>\n<hr \/>\n<p class=\"p1\"><span class=\"s1\">Pertanto la verosimile strategia dei <i>\u201cPadroni del mondo\u201d<\/i> \u00e8 quella di spingere alla disperazione i resistenti, incalzandoli fino a far loro perdere la testa.<span class=\"Apple-converted-space\"><br \/>\n<\/span><\/span><span class=\"s1\">Quando ci\u00f2 accadr\u00e0, inizieranno le rivolte di piazza.<br \/>\n<\/span><span class=\"s1\">Gi\u00e0 stanno iniziando, in questi giorni, in Francia e Grecia.<\/span><\/p>\n<p class=\"p1\"><span class=\"s1\"><b>E questo \u00e8 precisamente l\u2019obiettivo dell\u2019Agenda.<\/b><\/span><\/p>\n<p class=\"p1\"><span class=\"s1\">Cos\u00ec potranno confermare il passaggio da <i>\u201cno-vax\u201d, <\/i>che mette a repentaglio la salute pubblica a <i>\u201cestremista violento\u201d,<\/i> che minaccia la vita dei cittadini perbene.<br \/>\n<\/span><span class=\"s1\"><i>\u201cVe l\u2019avevamo detto, ricordate che chi non si vaccina \u00e8 un pericolo per tutti? Ora lo potete vedere con i vostri occhi!\u201d<\/i><\/span><\/p>\n<p><img loading=\"lazy\" decoding=\"async\" class=\"wp-image-54828 alignleft\" src=\"https:\/\/www.liberopensare.com\/wp-content\/uploads\/2021\/07\/novax.jpeg\" alt=\"\" width=\"338\" height=\"338\" srcset=\"https:\/\/www.liberopensare.com\/wp-content\/uploads\/2021\/07\/novax.jpeg 225w, https:\/\/www.liberopensare.com\/wp-content\/uploads\/2021\/07\/novax-150x150.jpeg 150w\" sizes=\"(max-width: 338px) 100vw, 338px\" \/><\/p>\n<p class=\"p1\"><span class=\"s1\">Storia vecchia, ma <i>evergreen<\/i>. <\/span><\/p>\n<p class=\"p1\"><span class=\"s1\">Il potere ha disperatamente bisogno di trasformare in <i>\u201cestremisti\u201d, \u201cterroristi\u201d, \u201csquilibrati\u201d,<\/i> coloro che deve silenziare prima che possano <i>&#8220;incoraggiare&#8221; <\/i>altri con la loro <i>\u201cdisinformazione&#8221;<\/i>.<\/span><\/p>\n<p class=\"p1\"><span class=\"s1\">Si sta cercando insomma di realizzare<strong> una nuova <em>apartheid<\/em><\/strong>, non pi\u00f9 di bianchi contro neri, ma di vaccinati contro non vaccinati; il razzismo che si vuole far uscire dalla porta rientra dalla finestra.<br \/>\n<\/span><\/p>\n<p class=\"p1\"><span class=\"s1\">Sfortunatamente, stanno probabilmente per raggiungere il loro obiettivo.<br \/>\n<\/span><span class=\"s1\">Allora come si possono difendere coloro che ancora credono alla capacit\u00e0 di utilizzare il pensiero critico?<\/span><\/p>\n<p class=\"p1\"><span class=\"s1\"><b>Perch\u00e9 qui non \u00e8 questione di vaccino-s\u00ec\/vaccino-no, ma di pensiero-s\u00ec\/pensiero-no.<\/b><\/span><\/p>\n<p class=\"p1\"><span class=\"s1\">Chi sceglie di vaccinarsi perch\u00e9 vi \u00e8 costretto o perch\u00e9 si \u00e8 informato e ritiene comunque che i benefici siano superiori ai rischi, deve essere rispettato e non dileggiato ma <b>lo stesso dovrebbe valere per chi decida consapevolmente di non vaccinarsi<\/b>.<\/span><\/p>\n<p class=\"p1\"><span class=\"s1\">In ogni caso non possiamo illuderci che i <i>\u201cPadroni del mondo\u201d <\/i>abbandonino l\u2019impresa, anzi, a mio avviso, incrementeranno la pressione, velocizzeranno le loro strategie, finch\u00e9 la gente non inizier\u00e0 a andare fuori di testa dando origine a disordini sociali.<\/span><\/p>\n<p class=\"p1\"><span class=\"s1\">Se si giungesse a quel punto, potrebbero aver vinto loro.<span class=\"Apple-converted-space\">\u00a0<\/span><\/span><\/p>\n<p class=\"p1\"><span class=\"s1\">Noi saremo gli <i>&#8220;estremisti&#8221;<\/i> da cui hanno messo in guardia la popolazione; potranno fare di noi quello che vogliono, <b>con l\u2019approvazione o l\u2019ignavia dei nostri ex-amici<\/b>.<\/span><\/p>\n<p class=\"p1\"><span class=\"s1\">Ma noi siamo tanti e sempre pi\u00f9 motivati; non siamo nella Germania nazista, n\u00e9 nell\u2019Unione Sovietica dei Gulag.<\/span><\/p>\n<p class=\"p1\"><span class=\"s1\">Potranno segregarci, vietarci di viaggiare, oscurare le nostre proteste, censurarci, silenziare le nostre opinioni, cancellare con un <i>click<\/i> i nostri conti bancari, ma non potranno farci sparire con la forza.<\/span><\/p>\n<h3 class=\"p1\"><span class=\"s1\"><b>Dissonanza cognitiva e divisione dell\u2019umanit\u00e0<\/b><\/span><\/h3>\n<hr \/>\n<blockquote>\n<p class=\"p1\"><span class=\"s1\"><i>\u201cIl male \u00e8 stato veramente e pienamente banalizzato, e ci\u00f2 che pi\u00f9 conta, tra le conseguenze, \u00e8 che noi siamo stati o saremo presto resi insensibili alla sua presenza e alle sue manifestazioni\u201d.<\/i><\/span><\/p>\n<p class=\"p1\"><span class=\"s1\"><i><br \/>\nZygmund Bauman<\/i><\/span><\/p>\n<\/blockquote>\n<hr \/>\n<p class=\"p1\"><span class=\"s1\">Siamo di fronte dunque di fronte ad una <b>dissonanza cognitiva<\/b> che coinvolge la maggioranza dell\u2019umanit\u00e0.<\/span><\/p>\n<p class=\"p1\"><span class=\"s1\"><b>Rudolf Steiner<\/b> aveva avvertito che se l\u2019umanit\u00e0 non si fosse rivolta ai valori spirituali, la civilt\u00e0 sarebbe collassata gi\u00e0 nella nostra epoca, e l\u2019umanit\u00e0 sarebbe caduta nella barbarie.<span class=\"Apple-converted-space\">\u00a0<\/span><\/span><\/p>\n<p class=\"p1\"><span class=\"s1\">In altri termini se il materialismo avesse prevalso, eventi che sarebbero dovuti accadere fra migliaia di anni, sarebbero accaduti nel nostro XXI secolo!<span class=\"Apple-converted-space\">\u00a0<\/span><\/span><\/p>\n<p class=\"p1\"><span class=\"s1\">Oggi succede proprio questo.<span class=\"Apple-converted-space\">\u00a0<\/span><\/span><\/p>\n<hr \/>\n<blockquote>\n<p class=\"p1\"><span class=\"s1\"><i>&#8220;E se queste cose esteriori, lo sviluppo esteriore della cultura, dovessero andare avanti e continuare, e se nell\u2019evoluzione non ci fosse un forte elemento spirituale interiore, allora accadrebbe effettivamente che le persone diventerebbero tutte dei <\/i><b><i>sognatori sconclusionati<\/i><\/b><i>.<span class=\"Apple-converted-space\">\u00a0<\/span><\/i><\/span><\/p>\n<p class=\"p1\"><span class=\"s1\"><i><br \/>\nQuesto \u00e8 inteso abbastanza seriamente, una cosa del genere \u00e8 possibile per l&#8217;umanit\u00e0.<span class=\"Apple-converted-space\">\u00a0<\/span><\/i><\/span><\/p>\n<p class=\"p1\"><span class=\"s1\"><i><br \/>\nE questo allora pu\u00f2 essere contrastato solo impegnandosi davvero ad avvicinarsi coraggiosamente e audacemente al mondo spirituale nel modo in cui la scienza dello spirito vuole e pu\u00f2 fare.<span class=\"Apple-converted-space\">\u00a0<\/span><\/i><\/span><\/p>\n<p class=\"p1\"><span class=\"s1\"><i><br \/>\nOggi \u00e8 ancora possibile che noi, come umanit\u00e0, possiamo darci da fare in modo da diventare interiormente attivi.<span class=\"Apple-converted-space\">\u00a0<\/span><\/i><\/span><\/p>\n<p class=\"p1\"><span class=\"s1\"><i>Ma tutti coloro che se ne rendono conto devono lavorare seriamente e con tutti i mezzi possibili.<\/i><\/span><\/p>\n<p class=\"p1\"><span class=\"s1\"><i><br \/>\nRudolf Steiner, Stoccarda, 11 Luglio 1923<\/i><\/span><\/p>\n<\/blockquote>\n<hr \/>\n<p class=\"p1\"><span class=\"s1\">La tendenza a non pensare \u00e8 del tutto evidente al tempo nostro; a parte la manipolazione esterna di cui si \u00e8 parlato, la generale dipendenza dalla realt\u00e0 virtuale conduce nella maggior parte dei casi all\u2019abdicazione alle proprie autonome capacit\u00e0 di giudizio.<\/span><\/p>\n<hr \/>\n<blockquote>\n<p class=\"p1\"><span class=\"s1\"><i>\u201cL&#8217;uomo a poco a poco non vuole pi\u00f9 pensare perch\u00e9 questo comincia a diventare sgradevole.<span class=\"Apple-converted-space\"><br \/>\n<\/span><\/i><b><i>Pensare diventa sgradevole.<span class=\"Apple-converted-space\"><br \/>\n<\/span><\/i><\/b><b><i>L&#8217;uomo preferisce molto di pi\u00f9 sognare che pensare&#8221; <\/i><\/b><\/span><\/p>\n<p class=\"p1\"><span class=\"s1\"><i>Rudolf Steiner, Stoccarda, 11 luglio 1923<\/i><\/span><\/p>\n<\/blockquote>\n<hr \/>\n<p class=\"p1\"><span class=\"s1\"><img loading=\"lazy\" decoding=\"async\" class=\"alignnone wp-image-54835\" src=\"https:\/\/www.liberopensare.com\/wp-content\/uploads\/2021\/07\/ai-virtual-world-vr-1-300x173.jpeg\" alt=\"\" width=\"1081\" height=\"623\" srcset=\"https:\/\/www.liberopensare.com\/wp-content\/uploads\/2021\/07\/ai-virtual-world-vr-1-300x173.jpeg 300w, https:\/\/www.liberopensare.com\/wp-content\/uploads\/2021\/07\/ai-virtual-world-vr-1-768x444.jpeg 768w\" sizes=\"(max-width: 1081px) 100vw, 1081px\" \/><\/span><\/p>\n<p class=\"p1\"><span class=\"s1\">Viviamo in una societ\u00e0 egoista e dipendente dal computer, e non in una civilt\u00e0 rivolta ad alti ideali morali.<span class=\"Apple-converted-space\"><br \/>\n<\/span><\/span><span class=\"s1\">\u00c8 sufficiente guardare alla politica mondiale, all\u2019ipocrisia, all\u2019avidit\u00e0, all\u2019egoismo e alla brutalit\u00e0 sanguinaria, per vedere la barbarie in azione.<\/span><\/p>\n<h3 class=\"p1\"><span class=\"s1\"><b>Due correnti umane<\/b><\/span><\/h3>\n<p class=\"p1\"><span class=\"s1\"><b>Rudolf Steiner<\/b> nelle sue descrizioni del futuro raramente parlava dell\u2019umanit\u00e0 come di un insieme. Egli parlava della parte dell\u2019umanit\u00e0 che si sarebbe rivolta allo spirito.<br \/>\n<\/span><span class=\"s1\">Numericamente questa pu\u00f2 essere una piccolissima parte dell\u2019umanit\u00e0, un pugno di uomini, non \u00e8 questione di numeri ma di qualit\u00e0.<\/span><\/p>\n<p class=\"p1\"><span class=\"s1\">Forse ci troviamo, da una parte, ai primi scricchiolii che preludono al <b>crollo dell\u2019impero neo-liberista globale <\/b>e, dall\u2019altro, alle <b>prime avvisaglie della separazione di due correnti umane<\/b>; una rivolta ai valori spirituali e l\u2019altra esclusivamente a quelli materiali.<br \/>\n<\/span><span class=\"s1\">Potremmo aggiungere: una in grado di utilizzare un pensiero critico e l\u2019altra prona all\u2019assorbimento di pensieri imposti.<\/span><\/p>\n<p class=\"p1\"><span class=\"s1\"><br \/>\n<\/span><span class=\"s1\"><img loading=\"lazy\" decoding=\"async\" class=\"alignnone wp-image-54834\" src=\"https:\/\/www.liberopensare.com\/wp-content\/uploads\/2021\/07\/post-apocalypse-300x179.jpeg\" alt=\"\" width=\"1080\" height=\"644\" srcset=\"https:\/\/www.liberopensare.com\/wp-content\/uploads\/2021\/07\/post-apocalypse-300x179.jpeg 300w, https:\/\/www.liberopensare.com\/wp-content\/uploads\/2021\/07\/post-apocalypse.jpeg 596w\" sizes=\"(max-width: 1080px) 100vw, 1080px\" \/><\/span><\/p>\n<p class=\"p1\"><span class=\"s1\">Il futuro della civilt\u00e0 avr\u00e0 o non avr\u00e0 successo, a seconda di quanto realizzeranno i primi, pur essendo un pugno di uomini. <span class=\"Apple-converted-space\">\u00a0<\/span><\/span><\/p>\n<p class=\"p1\"><span class=\"s1\"><b>Rudolf Steiner previde questa eventualit\u00e0 con estrema chiarezza.<\/b><\/span><\/p>\n<p class=\"p1\"><span class=\"s1\">Chi segue il cammino verso la spiritualit\u00e0, deve <b>fare ad un certo punto delle scelte diverse da quelle della massa<\/b>.<span class=\"Apple-converted-space\">\u00a0<\/span><\/span><\/p>\n<p class=\"p1\"><span class=\"s1\">Ma oggi milioni di giovani stanno scegliendo in modo sbagliato, cercano la <b>fuga in mondi virtuali.<span class=\"Apple-converted-space\">\u00a0<\/span><\/b><\/span><\/p>\n<p class=\"p1\"><span class=\"s1\"><b>Scelgono un nuovo io, un avatar <\/b>che appare sullo schermo del computer e passano la maggior parte del loro tempo in una sfera di coscienza volta ad una identit\u00e0 diversa, in un mondo finto centrato sul computer.<span class=\"Apple-converted-space\">\u00a0<\/span><\/span><\/p>\n<p class=\"p1\"><span class=\"s1\">L\u2019io dell\u2019uomo si immerge nell\u2019io della controfigura presente sul computer.<\/span><\/p>\n<p class=\"p1\"><span class=\"s1\">Il passo successivo per unire la mente e la macchina \u00e8 evidente: una <b><a href=\"https:\/\/www.liberopensare.com\/en\/tutti-nel-cloud\/\">connessione diretta fra cervello e computer<\/a>.<span class=\"Apple-converted-space\"><br \/>\n<\/span><\/b><\/span><span class=\"s1\">Un argomento collegato a questo, \u00e8 quello delle nano-tecnologie, dove si costruiscono apparecchiature meccaniche ed elettroniche cos\u00ec piccole che in certi casi non si vedono a occhio nudo.<span class=\"Apple-converted-space\"><br \/>\n<\/span><\/span><span class=\"s1\">Si \u00e8 scritto molto su strumenti medici cos\u00ec miniaturizzati da poter essere inseriti in vena e percorrere il flusso sanguigno come un piccolo sommergibile, ad esempio per disostruire una vena.<span class=\"Apple-converted-space\"><br \/>\n<\/span><\/span><span class=\"s1\">Dei microprocessori potranno essere iniettati perch\u00e9 raggiungano il cervello e si auto-installino.<span class=\"Apple-converted-space\"><br \/>\n<\/span><\/span><span class=\"s1\">Anche il problema di collegare i chip ai neuroni \u00e8 gi\u00e0 stato risolto.<\/span><\/p>\n<p class=\"p1\"><span class=\"s1\">Ma forse anche questo \u00e8 gi\u00e0 passato, forse basteranno dei campi di forza controllati da lontano, una specie di risonanza magnetica, senza supporti materiali.<span class=\"Apple-converted-space\">\u00a0<\/span><\/span><\/p>\n<p class=\"p1\"><span class=\"s1\"><img loading=\"lazy\" decoding=\"async\" class=\"alignnone wp-image-54837\" src=\"https:\/\/www.liberopensare.com\/wp-content\/uploads\/2021\/07\/wereldcontrole-300x187.jpeg\" alt=\"\" width=\"1088\" height=\"678\" srcset=\"https:\/\/www.liberopensare.com\/wp-content\/uploads\/2021\/07\/wereldcontrole-300x187.jpeg 300w, https:\/\/www.liberopensare.com\/wp-content\/uploads\/2021\/07\/wereldcontrole.jpeg 750w\" sizes=\"(max-width: 1088px) 100vw, 1088px\" \/><\/span><\/p>\n<p class=\"p1\"><span class=\"s1\">\u00c8 evidente che tali tecniche si propongono il <b>controllo di ampi settori dell\u2019umanit\u00e0 senza che essi lo sappiano.<span class=\"Apple-converted-space\">\u00a0<\/span><\/b><\/span><\/p>\n<p class=\"p1\"><span class=\"s1\">Per coloro che vorranno restare indenni da queste intromissioni, saranno necessarie speciali tecniche occulte per proteggere la propria mente da tali intrusioni.<\/span><\/p>\n<hr \/>\n<blockquote>\n<p class=\"p1\"><span class=\"s1\"><i>\u201cCi\u00f2 che dovrebbe accadere se soltanto i vecchi impulsi continuassero a funzionare, sarebbe una sopraffazione forse ancora non sognata, non solo in senso esteriore, ma un intorpidimento del dominio, un superamento della tecnologia meramente esteriore e un deperimento, perch\u00e9 ogni interesse religioso, scientifico, filosofico, artistico e anche, in un senso pi\u00f9 alto, etico verrebbe rimosso dall&#8217;anima umana.<span class=\"Apple-converted-space\"><br \/>\n<\/span><\/i><\/span><span class=\"s1\"><b><i>Le persone diventerebbero una specie di automi viventi <\/i><\/b><i>se non arrivassero nuovi impulsi spirituali. <span class=\"Apple-converted-space\">\u00a0<\/span><\/i><\/span><\/p>\n<p class=\"p1\"><span class=\"s1\"><i>Rudolf Steiner,<span class=\"Apple-converted-space\">\u00a0 <\/span>Helsingfors, 11 Aprile 1912<\/i><\/span><\/p>\n<\/blockquote>\n<hr \/>\n<p class=\"p1\"><span class=\"s1\">Crescendo sempre di pi\u00f9 il desiderio di milioni di persone di fuggire in un mondo immaginario, ed essendo sempre pi\u00f9 sofisticati i computer nel fornire livelli di realismo impensabili oggi, \u00e8 ragionevole ritenere che <b>una gran parte dell\u2019umanit\u00e0 sceglier\u00e0 di passare la sua vita in quel mondo virtuale.<\/b><\/span><\/p>\n<p class=\"p1\"><span class=\"s1\">Saranno collegati al <i>World Wide Web <\/i>via radio (Wi-Fi) fra i <i>chips<\/i> nel cervello e internet, oppure con campi di forza, e ci saranno sistemi di supporto vitali tali da permettere loro di non smettere mai, n\u00e9 per il cibo n\u00e9 per altre necessit\u00e0.<\/span><\/p>\n<hr \/>\n<blockquote>\n<p class=\"p1\">&#8220;Io credo che ci stiamo avvicinando al momento cruciale: l\u2019uomo deve decidere se \u00e8 solo macchina o molto di pi\u00f9 di una macchina.<br \/>\nAltrimenti il rischio \u00e8 quello di ritrovarsi un\u2019umanit\u00e0 schiavizzata dalle macchine controllate dai potenti.<br \/>\nDobbiamo finalmente <strong>scoprire la nostra dimensione spirituale e imparare a usare le macchine per il bene comune<\/strong>&#8220;.<\/p>\n<p>Federico Faggin<\/p><\/blockquote>\n<hr \/>\n<figure id=\"attachment_54840\" aria-describedby=\"caption-attachment-54840\" style=\"width: 239px\" class=\"wp-caption alignright\"><img loading=\"lazy\" decoding=\"async\" class=\"wp-image-54840 size-medium\" src=\"https:\/\/www.liberopensare.com\/wp-content\/uploads\/2021\/07\/Faggin-239x300.jpeg\" alt=\"\" width=\"239\" height=\"300\" srcset=\"https:\/\/www.liberopensare.com\/wp-content\/uploads\/2021\/07\/Faggin-239x300.jpeg 239w, https:\/\/www.liberopensare.com\/wp-content\/uploads\/2021\/07\/Faggin-814x1024.jpeg 814w, https:\/\/www.liberopensare.com\/wp-content\/uploads\/2021\/07\/Faggin-768x966.jpeg 768w, https:\/\/www.liberopensare.com\/wp-content\/uploads\/2021\/07\/Faggin-1221x1536.jpeg 1221w, https:\/\/www.liberopensare.com\/wp-content\/uploads\/2021\/07\/Faggin-1320x1660.jpeg 1320w, https:\/\/www.liberopensare.com\/wp-content\/uploads\/2021\/07\/Faggin.jpeg 1377w\" sizes=\"(max-width: 239px) 100vw, 239px\" \/><figcaption id=\"caption-attachment-54840\" class=\"wp-caption-text\">Federico Faggin<\/figcaption><\/figure>\n<p class=\"p1\"><span class=\"s1\">Per quel numero di umani che sacrificheranno le loro forze dell\u2019anima, non ci saranno solo pi\u00f9 degli scenari di gioco come quelli di oggi, ma situazioni programmate in tempo reale da un super computer che adatter\u00e0 costantemente le scene alle risposte emotive del giocatore.<span class=\"Apple-converted-space\">\u00a0<\/span><\/span><\/p>\n<p class=\"p1\"><span class=\"s1\">Ognuno di loro vivr\u00e0 nel suo mondo personale.<span class=\"Apple-converted-space\">\u00a0<\/span><\/span><\/p>\n<p class=\"p1\"><span class=\"s1\"><b>Sar\u00e0 l\u2019ultima suddivisione dell\u2019umanit\u00e0<\/b>.<\/span><\/p>\n<h3 class=\"p1\"><span class=\"s1\"><b>Che fare dunque?<\/b><\/span><\/h3>\n<p class=\"p1\"><span class=\"s1\">Prima di tutto <b>conoscere<\/b> lo scenario che ci si dispiega davanti.<\/span><\/p>\n<p class=\"p1\"><span class=\"s1\">Senza conoscere il nemico siamo sconfitti in partenza; leggere, informarci, discutere, approfondire il momento che stiamo vivendo da ogni punto di vista.<\/span><\/p>\n<p class=\"p1\"><span class=\"s1\">Poi renderci conto che, se siamo &#8211; e lo siamo &#8211; corresponsabili di questa congiuntura, dobbiamo in primo luogo <b>lavorare su noi stessi<\/b>.<\/span><\/p>\n<hr \/>\n<blockquote>\n<p class=\"p1\"><span class=\"s1\"><i>&#8220;Sii tu il cambiamento che vuoi vedere nel mondo\u201d<\/i><\/span><\/p>\n<p class=\"p1\"><span class=\"s1\"><i>Gandhi<\/i><\/span><\/p>\n<\/blockquote>\n<hr \/>\n<figure id=\"attachment_54838\" aria-describedby=\"caption-attachment-54838\" style=\"width: 293px\" class=\"wp-caption alignleft\"><img loading=\"lazy\" decoding=\"async\" class=\"wp-image-54838\" src=\"https:\/\/www.liberopensare.com\/wp-content\/uploads\/2021\/07\/mahatma-gandhi-400x300-1-150x150.jpeg\" alt=\"\" width=\"293\" height=\"293\" \/><figcaption id=\"caption-attachment-54838\" class=\"wp-caption-text\">Mahatma Gandhi<\/figcaption><\/figure>\n<p class=\"p1\"><span class=\"s1\">Sul piano pratico <b>accendere tanti piccoli fuochi <\/b>come diceva <b>Giulietto Chiesa<\/b>; diffondere i nostri pensieri e sostenere le nostre opinioni con <b>serenit\u00e0 e coraggio<\/b> senza cadere nelle trappole della reciproca aggressione.<\/span><\/p>\n<p class=\"p1\"><span class=\"s1\">Loro sono pi\u00f9 numerosi e pi\u00f9 sostenuti dal sistema di noi e non serve fare muro contro muro; pi\u00f9 utile <b>instillare qualche dubbio<\/b>.<\/span><\/p>\n<p class=\"p1\"><span class=\"s1\">Se possibile associarci ad una <b>campagna di disobbedienza civile<\/b> non violenta e dedicare una parte del nostro tempo a dare testimonianza.<\/span><\/p>\n<p class=\"p1\"><span class=\"s1\">Allontanarci gradualmente dal globale per <b>tornare al locale<\/b>, alla coltivazione della terra, ai prodotti sani, alle piccole comunit\u00e0 culturali e spirituali dove ritrovare quelle energie di cui ci vogliono defraudare mediante maschere\/bavaglio, distanziamento sociale, limitazione di movimento.<\/span><\/p>\n<p class=\"p1\"><span class=\"s1\">Boicottare quanto pi\u00f9 possibile i prodotti industriali, i servizi di <i>Big Tech<\/i>, tornare ad un commercio quanto pi\u00f9 possibile di scambio, di baratto, ma sopratutto alimentare dentro di noi la <b>consapevolezza del significato di quanto stiamo vivendo<\/b>.<\/span><\/p>\n<hr \/>\n<blockquote>\n<p class=\"p1\"><span class=\"s1\"><i>\u201cViviamo nella cosiddetta quinta et\u00e0 post-atlantica, che \u00e8 iniziata nel XV secolo e che si estender\u00e0 fino all&#8217;inizio del IV millennio, fino alla fine del III millennio.<span class=\"Apple-converted-space\">\u00a0<\/span><\/i><\/span><\/p>\n<p class=\"p1\"><span class=\"s1\"><i><br \/>\nIn quest&#8217;epoca, l&#8217;umanit\u00e0 arriver\u00e0 allo <\/i><b><i>sviluppo della cosiddetta anima cosciente<\/i><\/b><i>.<span class=\"Apple-converted-space\">\u00a0<\/span><\/i><\/span><\/p>\n<p class=\"p1\"><span class=\"s1\"><i><br \/>\nCos\u00ec tutte le vicende di quest&#8217;epoca punteranno alla fine alla meta che pu\u00f2 essere chiamata la formazione dell&#8217;anima cosciente.<span class=\"Apple-converted-space\">\u00a0<\/span><\/i><\/span><\/p>\n<p class=\"p1\"><span class=\"s1\"><i><br \/>\nEventi dolorosi e gioiosi, eventi di prova per l&#8217;umanit\u00e0 ed eventi che possiamo anche chiamare doni divini per la beatitudine dell&#8217;umanit\u00e0, tutto ci\u00f2 che \u00e8 pieno di luci e ombre servir\u00e0 in quest&#8217;epoca per illuminare sempre di pi\u00f9 l&#8217;uomo su se stesso e sulla sua connessione con il mondo.<span class=\"Apple-converted-space\">\u00a0<\/span><\/i><\/span><\/p>\n<p class=\"p1\"><span class=\"s1\"><i><strong><br \/>\nCollocarsi coscientemente nel mondo<\/strong> e raggiungere cos\u00ec ci\u00f2 che nelle epoche precedenti e fino ad oggi \u00e8 stato tanto fantasticato, ma che non \u00e8 mai stato adeguatamente riconosciuto, raggiungere prima quello, raggiungere attraverso l&#8217;autoeducazione, ci\u00f2 che si pu\u00f2 chiamare la personalit\u00e0 umana libera, la vera gestione della volont\u00e0 basata sull&#8217;autoeducazione: questo sar\u00e0, avvicinandosi, il compito dell&#8217;umanit\u00e0 in questa epoca. <span class=\"Apple-converted-space\">\u00a0<\/span><\/i><\/span><\/p>\n<p class=\"p1\"><span class=\"s1\"><i><br \/>\nRudolf Steiner, Dornach, 12 Ottobre 1918<\/i><\/span><\/p>\n<\/blockquote>\n<hr \/>\n<p>In accordo con queste indicazioni e come ho avuto modo di sottolineare <a href=\"https:\/\/www.liberopensare.com\/en\/dalla-matrix-del-pensiero-unico-alle-comunita-spirituali\/\">in un altro articolo,<\/a> se il compito del nostro tempo &#8211; di noi tutti quindi &#8211; \u00e8 quello di sviluppare la consapevolezza, <strong>&#8220;c<span class=\"s1\"><i>ollocarci coscientemente nel mondo&#8221; <\/i><\/span><\/strong>allora quello che stiamo vivendo in questa epoca di cambio di paradigma globale fa parte integrante di questo compito.<\/p>\n<p>Vale a dire che non possiamo sentirlo estraneo ma considerarlo <strong>una prova<\/strong> <strong>fondamentale <\/strong>per l&#8217;evoluzione personale e generale di tutta l&#8217;umanit\u00e0.<\/p>\n<p>Forse proprio dal riuscire a realizzare questo compito dipender\u00e0 il progresso o il declino dell\u2019umanit\u00e0 futura.<\/p>\n<p>&nbsp;<\/p>","protected":false},"excerpt":{"rendered":"<p>di Piero Cammerinesi Pensate che io sia venuto a portare pace sulla terra? No, io vi dico, ma divisione. D\u2019ora innanzi, se in una famiglia vi sono cinque persone, saranno divisi tre contro due e due contro tre; si divideranno padre contro figlio e figlio contro padre, madre contro figlia e figlia contro madre, suocera [&hellip;]<\/p>\n","protected":false},"author":2,"featured_media":54821,"comment_status":"closed","ping_status":"closed","sticky":false,"template":"","format":"standard","meta":{"footnotes":""},"categories":[13],"tags":[851,1224,2112,1001,984,63,201,1323],"class_list":["post-54818","post","type-post","status-publish","format-standard","has-post-thumbnail","hentry","category-articoli-news","tag-evidenza","tag-federico-faggin","tag-fond","tag-mahatma-gandhi","tag-noam-chomsky","tag-rudolf-steiner","tag-vaccini","tag-zygmunt-bauman"],"_links":{"self":[{"href":"https:\/\/www.liberopensare.com\/en\/wp-json\/wp\/v2\/posts\/54818","targetHints":{"allow":["GET"]}}],"collection":[{"href":"https:\/\/www.liberopensare.com\/en\/wp-json\/wp\/v2\/posts"}],"about":[{"href":"https:\/\/www.liberopensare.com\/en\/wp-json\/wp\/v2\/types\/post"}],"author":[{"embeddable":true,"href":"https:\/\/www.liberopensare.com\/en\/wp-json\/wp\/v2\/users\/2"}],"replies":[{"embeddable":true,"href":"https:\/\/www.liberopensare.com\/en\/wp-json\/wp\/v2\/comments?post=54818"}],"version-history":[{"count":0,"href":"https:\/\/www.liberopensare.com\/en\/wp-json\/wp\/v2\/posts\/54818\/revisions"}],"wp:featuredmedia":[{"embeddable":true,"href":"https:\/\/www.liberopensare.com\/en\/wp-json\/wp\/v2\/media\/54821"}],"wp:attachment":[{"href":"https:\/\/www.liberopensare.com\/en\/wp-json\/wp\/v2\/media?parent=54818"}],"wp:term":[{"taxonomy":"category","embeddable":true,"href":"https:\/\/www.liberopensare.com\/en\/wp-json\/wp\/v2\/categories?post=54818"},{"taxonomy":"post_tag","embeddable":true,"href":"https:\/\/www.liberopensare.com\/en\/wp-json\/wp\/v2\/tags?post=54818"}],"curies":[{"name":"wp","href":"https:\/\/api.w.org\/{rel}","templated":true}]}}