{"id":55326,"date":"2021-07-30T20:40:22","date_gmt":"2021-07-30T18:40:22","guid":{"rendered":"https:\/\/www.liberopensare.com\/?p=55326"},"modified":"2023-11-14T19:58:47","modified_gmt":"2023-11-14T18:58:47","slug":"l-ora-presente","status":"publish","type":"post","link":"https:\/\/www.liberopensare.com\/en\/l-ora-presente\/","title":{"rendered":"Il senso dell&#8217;ora presente"},"content":{"rendered":"<pre><span data-contrast=\"auto\">di Piero Cammerinesi<\/span><\/pre>\n<p><span data-contrast=\"auto\">Sono giorni speciali, questi.<\/span><span data-ccp-props=\"{&quot;201341983&quot;:0,&quot;335559739&quot;:160,&quot;335559740&quot;:259}\"><br \/>\n<\/span><span data-contrast=\"auto\">Giorni \u2013 anzi mesi \u2013 in cui assistiamo ad un duplice fenomeno.<\/span><span data-ccp-props=\"{&quot;201341983&quot;:0,&quot;335559739&quot;:160,&quot;335559740&quot;:259}\">\u00a0<\/span><\/p>\n<p><span data-contrast=\"auto\">Coloro che si rifiutano di usare un pensiero critico sono sempre pi\u00f9 avvinti dal <em>\u201cpensiero unico\u201d<\/em> della narrazione ufficiale mentre coloro che, cercando di interpretare i segnali dello <em>\u201cSpirito del Tempo\u201d<\/em>, iniziano a sviluppare quello che <strong>Massimo Scaligero<\/strong> chiamava un <em>\u201cpensiero rischiarato\u201d<\/em>, iniziano ad avere una visione pi\u00f9 ampia degli eventi.<\/span><span data-ccp-props=\"{&quot;201341983&quot;:0,&quot;335559739&quot;:160,&quot;335559740&quot;:259}\">\u00a0<\/span><\/p>\n<p><span data-contrast=\"auto\">Tranquilli, non intendo fare nessuna polemica o essere divisivo in alcun modo; si tratta di semplici osservazioni.<\/span><span data-ccp-props=\"{&quot;201341983&quot;:0,&quot;335559739&quot;:160,&quot;335559740&quot;:259}\">\u00a0<\/span><\/p>\n<p><span data-contrast=\"auto\">Come ho gi\u00e0 avuto pi\u00f9 volte modo di sottolineare, non si tratta di <em>no-vax<\/em>\u00a0o <em>pro-vax<\/em>\u00a0ma di utilizzare <em>\u201cin proprio\u201d<\/em> il pensiero critico e non subire quello imposto dalla manipolazione globale.<\/span><span data-ccp-props=\"{&quot;201341983&quot;:0,&quot;335559739&quot;:160,&quot;335559740&quot;:259}\">\u00a0<\/span><\/p>\n<p><span data-contrast=\"auto\">Nel tentativo di comprendere il senso degli avvenimenti che stiamo vivendo da un punto di vista spirituale, vorrei commentare una esperienza interiore di una cara amica, che mi ha inviato queste righe:<\/span><\/p>\n<hr \/>\n<blockquote><p><span data-contrast=\"auto\">&#8220;Ho avuto una strana esperienza&#8230; tre volte durante quella notte&#8230; ed era come se la mia anima la ripetesse, per non dimenticare ci\u00f2 che avevo sentito durante il sonno. Era come se fossi desta.\u00a0<\/span><span data-ccp-props=\"{&quot;201341983&quot;:0,&quot;335551550&quot;:1,&quot;335551620&quot;:1,&quot;335559739&quot;:160,&quot;335559740&quot;:259}\">\u00a0<\/span><\/p>\n<p><span data-contrast=\"auto\">Una voce mi ha detto:\u00a0<\/span><span data-ccp-props=\"{&quot;201341983&quot;:0,&quot;335559739&quot;:160,&quot;335559740&quot;:259}\">\u00a0<\/span><\/p>\n<p><strong>\u00a0\u2018L&#8217;umanit\u00e0 \u00e8 immersa in una nebbia nera e scura e l&#8217;unico modo per disperderla \u00e8 la luce di coloro che sono in grado di generarla\u2019.\u00a0\u00a0<\/strong><\/p>\n<p><span data-contrast=\"auto\">\u00a0Questo si \u00e8 ripetuto tre volte. Poi sono stata come rapita ed ho visto la terra, in qualche modo dall&#8217;alto, c&#8217;erano le citt\u00e0, ho visto gli edifici e ovunque era buio e come se il fumo nero coprisse gli edifici, si vedevano solo le loro cime.\u00a0<\/span><br \/>\n<span data-contrast=\"auto\">Poi ho visto una piccola luce provenire dal lato destro del mio punto di osservazione che ha cominciato a spingere via il fumo&#8230; poi tutto questo \u00e8 finito\u201d.<\/span> <span data-ccp-props=\"{&quot;201341983&quot;:0,&quot;335559739&quot;:160,&quot;335559740&quot;:259}\">\u00a0<\/span><\/p>\n<hr \/>\n<\/blockquote>\n<p><span data-ccp-props=\"{&quot;201341983&quot;:0,&quot;335559739&quot;:160,&quot;335559740&quot;:259}\">\u00a0<\/span><span data-contrast=\"auto\">La voce dunque le dice:<\/span><span data-ccp-props=\"{&quot;201341983&quot;:0,&quot;335559739&quot;:160,&quot;335559740&quot;:259}\">\u00a0<\/span><\/p>\n<blockquote><p><strong>\u2018L&#8217;umanit\u00e0 \u00e8 immersa in una nebbia nera e scura e l&#8217;unico modo per disperderla \u00e8 la luce di coloro che sono in grado di generarla\u2019.\u00a0<\/strong><\/p><\/blockquote>\n<p><span data-contrast=\"auto\">E questo mi pare un indizio fondamentale da tener presente.<\/span><span data-ccp-props=\"{&quot;201341983&quot;:0,&quot;335559739&quot;:160,&quot;335559740&quot;:259}\">\u00a0<\/span><\/p>\n<p><span data-contrast=\"auto\">Chi sono \u2018coloro che sono in grado di<em> &#8216;generare la luce\u2019<\/em>?<\/span><span data-ccp-props=\"{&quot;201341983&quot;:0,&quot;335559739&quot;:160,&quot;335559740&quot;:259}\">\u00a0<\/span><\/p>\n<p><span data-contrast=\"auto\"><img fetchpriority=\"high\" decoding=\"async\" class=\"wp-image-55375 alignleft\" src=\"https:\/\/www.liberopensare.com\/wp-content\/uploads\/2021\/07\/Mimma-Benvenuti-1-257x300.jpg\" alt=\"\" width=\"316\" height=\"369\" srcset=\"https:\/\/www.liberopensare.com\/wp-content\/uploads\/2021\/07\/Mimma-Benvenuti-1-257x300.jpg 257w, https:\/\/www.liberopensare.com\/wp-content\/uploads\/2021\/07\/Mimma-Benvenuti-1-878x1024.jpg 878w, https:\/\/www.liberopensare.com\/wp-content\/uploads\/2021\/07\/Mimma-Benvenuti-1-768x895.jpg 768w, https:\/\/www.liberopensare.com\/wp-content\/uploads\/2021\/07\/Mimma-Benvenuti-1.jpg 1000w\" sizes=\"(max-width: 316px) 100vw, 316px\" \/>Evidentemente coloro che seguono un percorso spirituale e che sono in grado di sfuggire all\u2019incantamento della <em>Matrix<\/em> \u2013 o <em>Maya<\/em> se preferite \u2013 esteriore, capaci pertanto di rischiarare la tenebra di sofferenza, confusione, dolore che ci sovrasta, con la generazione di una luce interiore di conoscenza e di azione.<\/span><span data-ccp-props=\"{&quot;201341983&quot;:0,&quot;335551550&quot;:1,&quot;335551620&quot;:1,&quot;335559739&quot;:160,&quot;335559740&quot;:259}\">\u00a0<\/span><\/p>\n<p><span data-contrast=\"auto\">A questo punto mi sono tornate prepotentemente alla mente le parole pronunciate ripetutamente da <strong>Bianca Maria\u00a0Scabelloni<\/strong>\u00a0&#8211; per tutti \u201c<strong>Mimma<\/strong>\u201d &#8211; nel corso delle riunioni che facemmo con lei per un decennio dopo la scomparsa di <strong>Massimo Scaligero<\/strong> e che proseguirono sino alla sua morte nel Novembre del 1990.<\/span><span data-ccp-props=\"{&quot;201341983&quot;:0,&quot;335551550&quot;:1,&quot;335551620&quot;:1,&quot;335559739&quot;:160,&quot;335559740&quot;:259}\">\u00a0<\/span><\/p>\n<p><span data-contrast=\"auto\">Parole enigmatiche di cui allora non fui in grado di cogliere il significato.<\/span><span data-ccp-props=\"{&quot;201341983&quot;:0,&quot;335551550&quot;:1,&quot;335551620&quot;:1,&quot;335559739&quot;:160,&quot;335559740&quot;:259}\">\u00a0<\/span><\/p>\n<p><span data-contrast=\"auto\">Riporto qui alcune di queste riflessioni:<\/span><span data-ccp-props=\"{&quot;201341983&quot;:0,&quot;335551550&quot;:1,&quot;335551620&quot;:1,&quot;335559739&quot;:160,&quot;335559740&quot;:259}\">\u00a0<\/span><\/p>\n<blockquote>\n<hr \/>\n<p>&nbsp;<\/p>\n<p><span data-contrast=\"auto\"><strong>Questa incarnazione presente e\u0300 una cosa unica nella storia dei tempi<\/strong>, cosi\u0300 come il passaggio tra la quarta e la quinta epoca di evoluzione rappresento\u0300, nel corso dei tempi, un&#8217;occasione unica, perch\u00e9\u0301 corrispose alla nascita fisica del Cristo, questa per noi significa la nascita spirituale del Cristo nell\u2019anima umana. Quando diciamo nascita del Cristo nell\u2019anima umana, diciamo nascita dell\u2019anima cosciente, coscienza che viene continuamente impulsata dall\u2019entit\u00e0\u0300 dell\u2019Arcangelo Michele nel momento in cui noi svolgiamo i nostri esercizi per la pratica interiore, <strong>nel momento nel quale per noi si svolge un dilemma che riguardi il nostro destino<\/strong>. (Settembre 1983)<\/span><span data-ccp-props=\"{&quot;201341983&quot;:0,&quot;335559739&quot;:160,&quot;335559740&quot;:259}\">\u00a0<\/span><\/p>\n<p>&nbsp;<\/p>\n<hr \/>\n<p>&nbsp;<\/p>\n<p><span data-contrast=\"auto\">Oggi, nell\u2019epoca di Michele, \u00e8 gi\u00e0 cominciata la futura iniziazione cristica, che ci riguarda e che va pensata in <strong>questa incarnazione, la pi\u00f9 importante che abbiamo mai vissuto e che vivremo<\/strong>. (Settembre 1984)<\/span><span data-ccp-props=\"{&quot;201341983&quot;:0,&quot;335559739&quot;:160,&quot;335559740&quot;:259}\">\u00a0<\/span><\/p>\n<p>&nbsp;<\/p>\n<hr \/>\n<p>&nbsp;<\/p>\n<p><span data-contrast=\"auto\">Sapere, con assoluta certezza e persuasione, che siamo cittadini del mondo, che siamo scesi su questa Terra per compiere una <strong>determinata esperienza che e\u0300 definitiva in questa incarnazione, perch\u00e9\u0301 questa e\u0300 l\u2019incarnazione centrale nel nostro percorso evolutivo<\/strong>. E\u0300 la\u00a0piu\u0300 importante, ma contemporaneamente ha anche una sua provvisoriet\u00e0\u0300. <strong>E\u0300 come se quello che noi facciamo questa volta sia fatto definitivamente, cosi\u0300 bene come se non dovessimo pi\u00f9\u0300 nascere, come se fossimo stati avvertiti che questo e\u0300 l\u2019ultimo giorno della nostra vita.\u00a0<\/strong><\/span> <span data-contrast=\"auto\"><strong>Quindi dare il meglio di se\u0301.<\/strong> Sappiamo che avremo ripetute vite terrene, ma questa incarnazione, pur nella sua transitoriet\u00e0\u0300, e\u0300 il limite per quello che c\u2019e\u0300 da fare. Quindi rendersi conto che veniamo da condizioni celesti, come abbiamo visto nel\u00a0<\/span><i><span data-contrast=\"auto\">karma\u00a0<\/span><\/i><span data-contrast=\"auto\">della comunit\u00e0\u0300 solare, che siamo gi\u00e0\u0300 stati tutti insieme, che ci siamo impegnati per una determinata finalit\u00e0\u0300 sulla Terra.\u00a0(7 Luglio 1987)<\/span><span data-ccp-props=\"{&quot;201341983&quot;:0,&quot;335559739&quot;:160,&quot;335559740&quot;:259}\">\u00a0<\/span><\/p>\n<p>&nbsp;<\/p>\n<hr \/>\n<p>&nbsp;<\/p>\n<p><span data-contrast=\"auto\"><strong>Questa e\u0300 un&#8217;incarnazione centrale<\/strong>, cosi\u0300 come, centrale nella storia dell\u2019evoluzione dell\u2019umanit\u00e0\u0300, e\u0300 stato il momento della quarta epoca di evoluzione quando e\u0300 nato il Cristo sulla Terra, immaginate che siamo a meta\u0300 di una linea e dopo la linea\u00a0proseguir\u00e0\u0300. (21 Luglio 1987)<\/span><span data-ccp-props=\"{&quot;201341983&quot;:0,&quot;335551550&quot;:1,&quot;335551620&quot;:1,&quot;335559739&quot;:160,&quot;335559740&quot;:259}\">\u00a0<\/span><\/p>\n<p>&nbsp;<\/p>\n<hr \/>\n<\/blockquote>\n<p><span data-contrast=\"auto\">Quello che allora non riuscivo a comprendere era il perch\u00e9 questa incarnazione a cavallo del secolo XXI avrebbe dovuto essere la pi\u00f9 importante della nostra intera avventura terrestre.<\/span><span data-ccp-props=\"{&quot;201341983&quot;:0,&quot;335559739&quot;:160,&quot;335559740&quot;:259}\">\u00a0<\/span><\/p>\n<p><span data-contrast=\"auto\">Di incarnazioni ne abbiamo avute migliaia nel corso dei millenni&#8230;<\/span><span data-ccp-props=\"{&quot;201341983&quot;:0,&quot;335559739&quot;:160,&quot;335559740&quot;:259}\">\u00a0<\/span><\/p>\n<p><span data-contrast=\"auto\">Posso capire quella al tempo della svolta dei tempi ma oggi&#8230;cosa ha di speciale quest\u2019epoca?<\/span><span data-ccp-props=\"{&quot;201341983&quot;:0,&quot;335559739&quot;:160,&quot;335559740&quot;:259}\">\u00a0<\/span><\/p>\n<p><span data-contrast=\"auto\">Ma <strong>Mimma<\/strong> dice:<\/span><\/p>\n<blockquote><p><strong> \u201cquesta e\u0300 l\u2019incarnazione centrale nel nostro percorso evolutivo\u201d.\u00a0<\/strong><\/p><\/blockquote>\n<p><span data-contrast=\"auto\"><img decoding=\"async\" class=\"wp-image-55377 alignright\" src=\"https:\/\/www.liberopensare.com\/wp-content\/uploads\/2021\/07\/Massimo-Scaligero-edited-1-239x300.jpg\" alt=\"\" width=\"328\" height=\"412\" srcset=\"https:\/\/www.liberopensare.com\/wp-content\/uploads\/2021\/07\/Massimo-Scaligero-edited-1-239x300.jpg 239w, https:\/\/www.liberopensare.com\/wp-content\/uploads\/2021\/07\/Massimo-Scaligero-edited-1.jpg 645w\" sizes=\"(max-width: 328px) 100vw, 328px\" \/>Ebbene, gli eventi di questo ultimo anno e mezzo mi hanno fornito la risposta.<\/span><span data-ccp-props=\"{&quot;201341983&quot;:0,&quot;335559739&quot;:160,&quot;335559740&quot;:259}\">\u00a0<\/span><\/p>\n<p><span data-contrast=\"auto\">Siamo nel bel mezzo di una transizione epocale e ci siamo perch\u00e9 siamo stati chiamati, o, meglio, perch\u00e9 ci siamo preparati ad un compito fondamentale.<\/span><span data-ccp-props=\"{&quot;201341983&quot;:0,&quot;335559739&quot;:160,&quot;335559740&quot;:259}\">\u00a0<\/span><\/p>\n<p><span data-contrast=\"auto\"><strong>Il senso di tutta la nostra vita \u00e8 questo momento<\/strong>. Siamo scesi sulla Terra solo per questo; per dare testimonianza della Luce, qui ed ora.<\/span><span data-ccp-props=\"{&quot;201341983&quot;:0,&quot;335559739&quot;:160,&quot;335559740&quot;:259}\">\u00a0<\/span><\/p>\n<p><span data-contrast=\"auto\">La preparazione che abbiamo fatto prima di scendere sulla Terra, la <em>Scuola di Michele<\/em>, gli accordi che abbiamo preso tra noi per incontrarci, l\u2019appuntamento fondamentale con la Via spirituale, tutto, tutto non \u00e8 stato che una preparazione a questa prova fondamentale.<\/span><span data-ccp-props=\"{&quot;201341983&quot;:0,&quot;335559739&quot;:160,&quot;335559740&quot;:259}\">\u00a0<\/span><\/p>\n<p>Con le parole di <strong>Massimo Scaligero<\/strong>:<\/p>\n<hr \/>\n<blockquote><p>&nbsp;<\/p>\n<p><i><strong>L\u2019ora presente \u00e8 grave<\/strong>: non \u00e8 una espressione retorica, questa. Chi conosce come realmente stiano le cose, sa che quei pochi che hanno una qualunque responsabilit\u00e0 interiore, non dovrebbero ormai perdere pi\u00f9 un minuto di tempo, non dovrebbero pi\u00f9 rimandare di un attimo la loro decisione per quei superamenti che in segreto essi veramente conoscono di quale natura debbano essere. Compiti del genere ormai non possono pi\u00f9 essere rimandati. Occorre nella calma decisione realizzare quella stessa forza che \u00e8 stato possibile evocare\u00a0<strong>in taluni momenti decisivi, quando, per lo schianto di ogni resistenza umana, sembrava che dovessero venir meno le basi della vita.<\/strong><br \/>\nSi \u00e8 alla vigilia di eventi che possono essere gravemente distruttivi per l\u2019uomo o preludere a una\u00a0<strong>rinascita<\/strong> nel segno dello Spirito. (Massimo Scaligero, \u201cIniziazione e Tradizione\u201d)<\/i><\/p>\n<p>&nbsp;<\/p><\/blockquote>\n<hr \/>\n<p><img decoding=\"async\" class=\"wp-image-55145 alignleft\" src=\"https:\/\/www.liberopensare.com\/wp-content\/uploads\/2021\/07\/Rudolf-Steiner-1-223x300.jpeg\" alt=\"\" width=\"303\" height=\"408\" srcset=\"https:\/\/www.liberopensare.com\/wp-content\/uploads\/2021\/07\/Rudolf-Steiner-1-223x300.jpeg 223w, https:\/\/www.liberopensare.com\/wp-content\/uploads\/2021\/07\/Rudolf-Steiner-1.jpeg 456w\" sizes=\"(max-width: 303px) 100vw, 303px\" \/>Ma possiamo anche richiamare alla mente le parole di Rudolf Steiner, pronunciate a Londra 24 agosto 1924:<\/p>\n<blockquote><p>Questo dovrebbe sollecitare l\u2019antroposofo: io sono qui, l\u2019impulso antroposofico \u00e8 in me, e io lo riconosco come l\u2019impulso di Michele; aspetto, e nell\u2019attesa mi rafforzo mediante il giusto lavoro antroposofico nel presente, sfrutto il <strong>breve periodo che \u00e8 concesso proprio agli antroposofi nel secolo ventesimo tra morte e rinascita, per ritornare alla fine del secolo<\/strong> e continuare il movimento con forza ancor pi\u00fa spirituale. Mi preparo a questa nuova epoca tra il ventesimo secolo e il ventunesimo (cos\u00ed si dice una vera anima antroposofa) poich\u00e9 sulla terra vi sono molte forze distruttive.<\/p>\n<p>Tutta la vita culturale, tutta la civilt\u00e0 \u00e8 destinata alla decadenza, se la spiritualit\u00e0 dell\u2019impulso di Michele non afferrer\u00e0 gli uomini, se essi non saranno in grado di risollevare la civilt\u00e0 che oggi rotola verso il basso.<\/p>\n<p>Se ci saranno anime sinceramente antroposofe che introducano in questo modo la spiritualit\u00e0 nella vita terrena, si avr\u00e0 un movimento verso l\u2019alto; se non ci saranno, la decadenza continuer\u00e0. La guerra mondiale, con tutte le sue conseguenze, sar\u00e0 solo l\u2019inizio di mali peggiori. <strong>Oggi l\u2019umanit\u00e0 \u00e8 di fronte a una grande scelta: o di vedere precipitare nell\u2019abisso tutta la civilt\u00e0, oppure di innalzarla di nuovo mediante la spiritualit\u00e0, di condurla avanti nel senso insito nell\u2019impulso di Michele che precede l\u2019impulso del Cristo.<\/strong><\/p>\n<p>(R. Steiner, Considerazioni esoteriche su nessi karmici, O.O. 240, Ed. Antroposofica, p.280)<\/p><\/blockquote>\n<hr \/>\n<p><img loading=\"lazy\" decoding=\"async\" class=\"wp-image-53745 alignright\" src=\"https:\/\/www.liberopensare.com\/wp-content\/uploads\/2021\/06\/peter-deunov-300x154.jpeg\" alt=\"\" width=\"405\" height=\"208\" srcset=\"https:\/\/www.liberopensare.com\/wp-content\/uploads\/2021\/06\/peter-deunov-300x154.jpeg 300w, https:\/\/www.liberopensare.com\/wp-content\/uploads\/2021\/06\/peter-deunov-1024x525.jpeg 1024w, https:\/\/www.liberopensare.com\/wp-content\/uploads\/2021\/06\/peter-deunov-768x394.jpeg 768w, https:\/\/www.liberopensare.com\/wp-content\/uploads\/2021\/06\/peter-deunov.jpeg 1268w\" sizes=\"(max-width: 405px) 100vw, 405px\" \/>O, per finire, quelle di Peter Deunov o Beinsa Douno il grande Maestro bulgaro:<\/p>\n<blockquote><p>Siete tutti di fronte <strong>alla fine di un&#8217;epoca e all&#8217;inizio di un&#8217;altra<\/strong>.<br \/>\nQuello che potete fare oggi, non rimandatelo a domani.<\/p>\n<p><strong>Questo giorno ora, questo \u00e8 il giorno che riscatta il futuro.<\/strong><\/p>\n<p>Non siete ancora in ritardo, ma se rimandate, sarete in ritardo. Questo giorno ora decide il vostro destino. Se lo usate bene, determiner\u00e0 il vostro futuro&#8221;.<\/p>\n<p>(Beinsa Douno, &#8220;Paga i tuoi debiti&#8221; 16 giugno 1935)<\/p><\/blockquote>\n<hr \/>\n<p><span data-contrast=\"auto\">Mi sembra innegabile che, come dice la mia amica, l<\/span><span data-contrast=\"auto\">&#8216;umanit\u00e0 sia <strong><em>\u201cimmersa in una nebbia nera e scura e che l&#8217;unico modo per disperderla sia la luce di coloro che sono in grado di generarla\u201d.<\/em><\/strong><\/span><strong><em>\u00a0<\/em><\/strong><\/p>\n<p><span data-contrast=\"auto\">O no?<\/span><span data-ccp-props=\"{&quot;201341983&quot;:0,&quot;335559739&quot;:160,&quot;335559740&quot;:259}\">\u00a0<\/span><\/p>\n<p><span data-contrast=\"auto\">\u00c8 come se ci trovassimo, da Cavalieri Templari, dopo un lungo addestramento al combattimento, finalmente di fronte al nemico. <\/span><span data-ccp-props=\"{&quot;201341983&quot;:0,&quot;335559739&quot;:160,&quot;335559740&quot;:259}\">\u00a0<\/span><\/p>\n<p><span data-contrast=\"auto\">Ora non possiamo pi\u00f9 far finta di niente. Ne va non solo della nostra ma dell&#8217;evoluzione dell\u2019intera umanit\u00e0.<\/span><span data-ccp-props=\"{&quot;201341983&quot;:0,&quot;335559739&quot;:160,&quot;335559740&quot;:259}\">\u00a0<\/span><\/p>\n<p><span data-contrast=\"auto\">E non mi si dica che non sappiamo cosa fare altrimenti <strong>tutto quello che abbiamo studiato, meditato, esercitato sarebbe stato vano.<\/strong><\/span><strong>\u00a0<\/strong><\/p>\n<p><strong>Se non ora, quando? Se non noi, chi?<\/strong><span data-ccp-props=\"{&quot;201341983&quot;:0,&quot;335559739&quot;:160,&quot;335559740&quot;:259}\">\u00a0<\/span><\/p>\n<p><em>Piero Cammerinesi<\/em><\/p>","protected":false},"excerpt":{"rendered":"<p>di Piero Cammerinesi Sono giorni speciali, questi. Giorni \u2013 anzi mesi \u2013 in cui assistiamo ad un duplice fenomeno.\u00a0 Coloro che si rifiutano di usare un pensiero critico sono sempre pi\u00f9 avvinti dal \u201cpensiero unico\u201d della narrazione ufficiale mentre coloro che, cercando di interpretare i segnali dello \u201cSpirito del Tempo\u201d, iniziano a sviluppare quello che [&hellip;]<\/p>\n","protected":false},"author":2,"featured_media":55328,"comment_status":"closed","ping_status":"closed","sticky":false,"template":"","format":"standard","meta":{"footnotes":""},"categories":[13],"tags":[875,851,2112,62],"class_list":["post-55326","post","type-post","status-publish","format-standard","has-post-thumbnail","hentry","category-articoli-news","tag-bianca-maria-scabelloni","tag-evidenza","tag-fond","tag-massimo-scaligero"],"_links":{"self":[{"href":"https:\/\/www.liberopensare.com\/en\/wp-json\/wp\/v2\/posts\/55326","targetHints":{"allow":["GET"]}}],"collection":[{"href":"https:\/\/www.liberopensare.com\/en\/wp-json\/wp\/v2\/posts"}],"about":[{"href":"https:\/\/www.liberopensare.com\/en\/wp-json\/wp\/v2\/types\/post"}],"author":[{"embeddable":true,"href":"https:\/\/www.liberopensare.com\/en\/wp-json\/wp\/v2\/users\/2"}],"replies":[{"embeddable":true,"href":"https:\/\/www.liberopensare.com\/en\/wp-json\/wp\/v2\/comments?post=55326"}],"version-history":[{"count":0,"href":"https:\/\/www.liberopensare.com\/en\/wp-json\/wp\/v2\/posts\/55326\/revisions"}],"wp:featuredmedia":[{"embeddable":true,"href":"https:\/\/www.liberopensare.com\/en\/wp-json\/wp\/v2\/media\/55328"}],"wp:attachment":[{"href":"https:\/\/www.liberopensare.com\/en\/wp-json\/wp\/v2\/media?parent=55326"}],"wp:term":[{"taxonomy":"category","embeddable":true,"href":"https:\/\/www.liberopensare.com\/en\/wp-json\/wp\/v2\/categories?post=55326"},{"taxonomy":"post_tag","embeddable":true,"href":"https:\/\/www.liberopensare.com\/en\/wp-json\/wp\/v2\/tags?post=55326"}],"curies":[{"name":"wp","href":"https:\/\/api.w.org\/{rel}","templated":true}]}}