{"id":57831,"date":"2021-10-08T18:11:40","date_gmt":"2021-10-08T16:11:40","guid":{"rendered":"https:\/\/www.liberopensare.com\/?p=57831"},"modified":"2021-10-08T18:16:38","modified_gmt":"2021-10-08T16:16:38","slug":"grafene-nelle-vene","status":"publish","type":"post","link":"https:\/\/www.liberopensare.com\/en\/grafene-nelle-vene\/","title":{"rendered":"Grafene nelle vene"},"content":{"rendered":"<p class=\"p1\"><strong><span class=\"s1\">RINVENUTO GRAFENE NEL VACCINO ANTICOVID<\/span><\/strong><\/p>\n<p class=\"p3\"><span class=\"s1\"><em>\u201cGrafene nelle vene\u201d<\/em> suona come il titolo di una macabra canzone <em>heavy metal<\/em> o di un film di <strong>Dario Argento<\/strong>, giusto per restare in tema, ma \u00e8 la triste verit\u00e0. Infatti da Bolzano imputano ai vaccini le causa di molti decessi. <\/span><\/p>\n<p class=\"p3\"><span class=\"s1\"><strong>Josef Unterholzner<\/strong>, capogruppo del Partito Enzian, nella Sala di Rappresentanza del Consiglio provinciale ha presentato uno studio realizzato in Germania da tre ricercatori che effettuarono autopsia a dieci persone decedute entro due settimane dalla seconda inoculazione. In sintesi cinque decessi su dieci sarebbero correlati al vaccino.<\/span><\/p>\n<div style=\"width: 720px;\" class=\"wp-video\"><!--[if lt IE 9]><script>document.createElement('video');<\/script><![endif]-->\n<video class=\"wp-video-shortcode\" id=\"video-57831-1\" width=\"720\" height=\"400\" preload=\"metadata\" controls=\"controls\"><source type=\"video\/mp4\" src=\"https:\/\/www.liberopensare.com\/wp-content\/uploads\/2021\/10\/WhatsApp-Video-2021-10-08-at-14.02.11.mp4?_=1\" \/><a href=\"https:\/\/www.liberopensare.com\/wp-content\/uploads\/2021\/10\/WhatsApp-Video-2021-10-08-at-14.02.11.mp4\">https:\/\/www.liberopensare.com\/wp-content\/uploads\/2021\/10\/WhatsApp-Video-2021-10-08-at-14.02.11.mp4<\/a><\/video><\/div>\n<p class=\"p4\"><span class=\"s2\"><a href=\"https:\/\/pathologie-konferenz.de\/it\/?fbclid=IwAR3YjaEP3Ht1jMxdIGWIZtwyo4J1xnEwu0HOC7ILUd-VRf8-BMyAPa2mDC0\" target=\"_blank\" rel=\"noopener\">CONFERENZA STAMPA LUNED\u00cc 20.09.2021 \/ CAUSA DI MORTE DOPO LA VACCINAZIONE COVID 19 \/<\/a><a href=\"https:\/\/pathologie-konferenz.de\/it\/?fbclid=IwAR3YjaEP3Ht1jMxdIGWIZtwyo4J1xnEwu0HOC7ILUd-VRf8-BMyAPa2mDC0\" target=\"_blank\" rel=\"noopener\">COMPONENTI NON DICHIARATI DEI VACCINI COVID 19 (pathologie-konferenz.de)<\/a><\/span><\/p>\n<p class=\"p3\"><span class=\"s3\">Analisi istologiche effettuate dai patologi Prof. <strong>Arne Burkhardt<\/strong> e Prof. <strong>Walter Lang<\/strong>, confermano la dichiarazione del Prof. <strong>Peter Schirmacher<\/strong> che su pi\u00f9 di 40 pazienti deceduti da lui sottoposti ad autopsia, morti entro due settimane dalla vaccinazione, circa un terzo ha rapporto causale con la vaccinazione. Nella conferenza stampa \u00e8 stato evidenziato l\u2019esito del gruppo di ricerca del Prof. <strong>Werner Bergholz<\/strong>, corrispondente con quanto scoperto in Giappone e Stati Uniti, dove nel vaccino rinvennero componenti metallici non dichiarati. Il grafene ha peculiarit\u00e0 insolite, metalliche, infatti \u00e8 materiale conduttore, pur essendo costituito da carbonio, che \u00e8 un non metallo.<span class=\"Apple-converted-space\">\u00a0<\/span><\/span><\/p>\n<p class=\"p3\"><span class=\"s1\">In Giappone, in seguito a due decessi post inoculazione, la Procura dispose indagini, rilevando grafene nei vaccini, da ci\u00f2 il sequestro di un milione e seicentomila dosi, prodotte in Spagna.<\/span><\/p>\n<p class=\"p5\"><span class=\"s2\"><a href=\"https:\/\/www.repubblica.it\/esteri\/2021\/08\/26\/news\/bloccate_dal_giappone_1_6_milioni_di_dosi_di_vaccino_moderna_contaminate_-315327430\/\" target=\"_blank\" rel=\"noopener\">Moderna, il Giappone blocca fiale contaminate di vaccino &#8211; la Repubblica<\/a><\/span><\/p>\n<p class=\"p3\"><span class=\"s1\">Poi le interpretazioni degli sbufalatori, come <strong>David Puente<\/strong>, collaboratore di Enrico menzagna <strong>Mentana<\/strong>, entrambi un paio di volte colti con le mani nel sacco: divulgare falsit\u00e0 od inventarsene per smantellare solide verit\u00e0:<\/span><\/p>\n<p class=\"p5\"><span class=\"s2\"><a href=\"https:\/\/www.bufale.net\/no-i-lotti-moderna-in-giappone-non-contengono-grafene-era-un-semplice-errore-di-imbottigliamento\/\" target=\"_blank\" rel=\"noopener\">No, i lotti Moderna in Giappone non contengono Grafene, era un semplice errore di imbottigliamento (bufale.net)<\/a><\/span><\/p>\n<p class=\"p1\"><span class=\"s1\"><b>LA MENTE UMANA NON RIESCE A RECEPIRE LE DIMENSIONI DEL GRAFENE<\/b><\/span><\/p>\n<p class=\"p6\"><span class=\"s1\">Il grafene \u00e8 costituito da uno strato monoatomico di atomi di carbonio, con spessore equivalente alle dimensioni di un solo atomo e resistenza teorica pari al diamante, ma flessibile come la plastica.<\/span><\/p>\n<p class=\"p5\"><span class=\"s2\"><a href=\"https:\/\/www.ilsuperuovo.it\/grafene-dimensioni-differenza\/\" target=\"_blank\" rel=\"noopener\">Grafene: le dimensioni che fanno la differenza &#8211; Il Superuovo<\/a><\/span><\/p>\n<p class=\"p5\"><span class=\"s2\"><a href=\"https:\/\/www.chimica-online.it\/download\/dimensione-di-un-atomo.htm\" target=\"_blank\" rel=\"noopener\">Dimensione di un atomo (chimica-online.it)<\/a><\/span><\/p>\n<p class=\"p3\"><span class=\"s3\">Si ricava in laboratorio da cristalli di grafite, trattati con soluzione fortemente\u00a0<a href=\"https:\/\/it.wikipedia.org\/wiki\/Acido\" target=\"_blank\" rel=\"noopener\"><span class=\"s1\">acida<\/span><\/a>\u00a0a base di\u00a0<a href=\"https:\/\/it.wikipedia.org\/wiki\/Acido_solforico\" target=\"_blank\" rel=\"noopener\"><span class=\"s1\">acido solforico<\/span><\/a>\u00a0e\u00a0<a href=\"https:\/\/it.wikipedia.org\/wiki\/Acido_nitrico\" target=\"_blank\" rel=\"noopener\"><span class=\"s1\">nitrico<\/span><\/a><\/span><span class=\"s1\">, ossidati ed <a href=\"https:\/\/it.wikipedia.org\/wiki\/Esfoliazione\" target=\"_blank\" rel=\"noopener\"><span class=\"s3\">es<\/span><\/a><\/span><span class=\"s3\">foliati per ottenere cerchi di grafene che si presentano trasparenti, impalpabili. Pur essendo costituito da carbonio, dunque non metallo, \u00e8 materiale conduttore che <\/span><span class=\"s1\">pu\u00f2 acquisire caratteristiche magnetiche se trattato adeguatamente. Ogni materiale conduttore risuona ad una determinata frequenza: anche un chiodo di ferro ha una sua frequenza di risonanza.<span class=\"Apple-converted-space\">\u00a0<\/span><\/span><\/p>\n<p class=\"p5\"><span class=\"s2\"><a href=\"https:\/\/www.thermocert.com\/grafene-superconduttore-ecco-il-materiale-piu-popolare-nellindustria-elettronica\/#:~:text=Transistor%2520a%2520base%2520di%2520grafene%2520I%2520tradizionali%2520transistor,la%2520creazione%2520di%2520piccole%2520radio%252C%2520televisori%2520e%2520computer.\" target=\"_blank\" rel=\"noopener\">Grafene superconduttore: ecco il materiale pi\u00f9 popolare nell&#8217;Industria Elettronica | Thermocert<\/a><\/span><\/p>\n<p class=\"p3\"><span class=\"s1\">Gli ultrasuoni sono onde acustiche (da non confondere con le onde elettromagnetiche, fonte di inquinamento elettromagnetico) il cantante spacca il bicchiere di cristallo colpendolo con onde acustiche per effetto della risonanza acustica. Per analogia, il chiodo, se fatto risonare ad una determinata frequenza, colpito da onde elettromagnetiche, aumenta di temperatura, scaldandosi.<span class=\"Apple-converted-space\">\u00a0<\/span><\/span><\/p>\n<p class=\"p3\"><span class=\"s1\">Se materiale conduttore, appunto come il grafene, viene colpito da onde elettromagnetiche, aumenta di temperatura, e se ubicato in una arteria scalda ci\u00f2 che ha intorno, pertanto pu\u00f2 creare un grumo, un agglomerato, che prima o poi rischia di occludere un capillare od un arteria di piccolo diametro, un po\u2019 come residui sabbiosi presenti nell\u2019acqua che occludono l\u2019irrigatore da giardino.<\/span><\/p>\n<p class=\"p3\"><span class=\"s1\">Per dare un ordine della misura, un ago di grafene \u00e8 misurabile con le nanotecnologie, 10 alla meno 9, ovvero un 100 millionesimo di millimetro. Un nanometro \u00e8 pari a 0,000000001 metri.<span class=\"Apple-converted-space\">\u00a0<\/span><\/span><\/p>\n<p class=\"p3\"><span class=\"s3\">A detta dei suoi scopritori, <strong><a href=\"https:\/\/it.wikipedia.org\/wiki\/Andrej_Gejm\" target=\"_blank\" rel=\"noopener\"><span class=\"s1\">Andrej Gejm<\/span><\/a><\/strong>\u00a0e\u00a0<strong><a href=\"https:\/\/it.wikipedia.org\/wiki\/Konstantin_Novos%25C3%25ABlov\" target=\"_blank\" rel=\"noopener\"><span class=\"s1\">Konstantin Novoselo<\/span><\/a><\/strong><\/span><strong><span class=\"s1\">v<\/span><\/strong><span class=\"s3\">\u00a0dell&#8217;<a href=\"https:\/\/it.wikipedia.org\/wiki\/Universit%25C3%25A0_di_Manchester\" target=\"_blank\" rel=\"noopener\"><span class=\"s1\">Universit\u00e0 di Manchester<\/span><\/a><\/span><span class=\"s1\">, nel 2010 premi Nobel per la fisica, u<\/span><span class=\"s3\">n foglio di 1 metro quadro, spessore di un solo atomo, pesa circa 0,7 mg e pu\u00f2 sorreggere il peso di un gatto.\u00a0<\/span><\/p>\n<p class=\"p7\"><span class=\"s5\">L\u2019 Unione Europea inizia ad ammettere i rischi post vaccino di miocardite, infiammazione del muscolo cardiaco, e pericardite, infiammazione della membrana che avvolge il cuore. Pochi giorni addietro l\u2019Ema (Agenzia Europea per i Medicinali)<span class=\"Apple-converted-space\">\u00a0 <\/span>ha presentato un rapporto sugli effetti collaterali non segnalati dalle case farmaceutiche.<span class=\"Apple-converted-space\">\u00a0<\/span><\/span><\/p>\n<p>&nbsp;<\/p>\n<p class=\"p1\"><span class=\"s1\"><b>ARRESTO CARDIACO DEL CALCIATORE ERIKSEN: VERITA\u2019 OCCULTATE E MENZOGNE DIVULGATE<span class=\"Apple-converted-space\">\u00a0<\/span><\/b><\/span><\/p>\n<p class=\"p3\"><span class=\"s1\">Il Dottor <strong>Piero Volpi<\/strong>, medico sociale dell\u2019Inter, nonch\u00e9 ex calciatore del Como, il 18 Maggio, nel commentare lo scudetto vinto dai nerazzurri enfatizzava l\u2019uso di tamponi e vaccino. Ma dopo l\u2019arresto cardiaco, che ai primi di Giugno quasi cost\u00f2 la vita al calciatore danese <strong>Christian Eriksen<\/strong>, in diretta televisiva durante la sfida <\/span><span class=\"s2\">tra Danimarca e Finlandia, valevole per gli Europei 2020, <\/span><span class=\"s1\">tutti a smentire l\u2019avvenuta vaccinazione. Con gli sbufalatori al solito impegnati ad occultare la verit\u00e0. \u201c<i>Nihil novi sub sole\u201d<\/i> solean dire i latini<\/span><span class=\"s3\">.<span class=\"Apple-converted-space\">\u00a0<\/span><\/span><\/p>\n<p><img fetchpriority=\"high\" decoding=\"async\" class=\"alignnone size-medium wp-image-57833\" src=\"https:\/\/www.liberopensare.com\/wp-content\/uploads\/2021\/10\/Screenshot-2021-10-08-at-18.06.27-300x182.png\" alt=\"\" width=\"300\" height=\"182\" srcset=\"https:\/\/www.liberopensare.com\/wp-content\/uploads\/2021\/10\/Screenshot-2021-10-08-at-18.06.27-300x182.png 300w, https:\/\/www.liberopensare.com\/wp-content\/uploads\/2021\/10\/Screenshot-2021-10-08-at-18.06.27-18x12.png 18w, https:\/\/www.liberopensare.com\/wp-content\/uploads\/2021\/10\/Screenshot-2021-10-08-at-18.06.27.png 670w\" sizes=\"(max-width: 300px) 100vw, 300px\" \/><img decoding=\"async\" class=\"alignnone wp-image-57834\" src=\"https:\/\/www.liberopensare.com\/wp-content\/uploads\/2021\/10\/Screenshot-2021-10-08-at-18.06.38-300x172.png\" alt=\"\" width=\"321\" height=\"184\" srcset=\"https:\/\/www.liberopensare.com\/wp-content\/uploads\/2021\/10\/Screenshot-2021-10-08-at-18.06.38-300x172.png 300w, https:\/\/www.liberopensare.com\/wp-content\/uploads\/2021\/10\/Screenshot-2021-10-08-at-18.06.38-18x10.png 18w, https:\/\/www.liberopensare.com\/wp-content\/uploads\/2021\/10\/Screenshot-2021-10-08-at-18.06.38.png 724w\" sizes=\"(max-width: 321px) 100vw, 321px\" \/><\/p>\n<p class=\"p5\"><span class=\"s5\"><a href=\"https:\/\/pianetax.wordpress.com\/2021\/06\/15\/eriksen-era-stato-vaccinato-per-il-covid-adesso-linter-lo-nega\/\" target=\"_blank\" rel=\"noopener\"><strong>Eriksen<\/strong> era stato vaccinato per il covid, adesso l\u2019Inter lo nega? | PianetaX &#8211; Quotidiano di informazione controcorrente (wordpress.com)<\/a><\/span><\/p>\n<p class=\"p5\"><span class=\"s5\"><a href=\"https:\/\/www.ilgiornale.it\/news\/sport\/arturo-vidal-positivo-covid-aveva-fatto-vaccino-pochi-giorni-1951195.html\" target=\"_blank\" rel=\"noopener\"><strong>Arturo Vidal<\/strong> positivo al Covid. Aveva fatto il vaccino pochi giorni fa &#8211; ilGiornale.it<\/a><\/span><\/p>\n<p class=\"p8\"><span class=\"s5\"><a href=\"https:\/\/www.gazzetta.it\/Calcio\/Serie-A\/Inter\/01-06-2021\/arturo-vidal-covid-cile-4101517846139.shtml\" target=\"_blank\" rel=\"noopener\"><strong>Arturo Vidal<\/strong> ha il Covid, ricoverato in Cile &#8211; La Gazzetta dello Sport<\/a><\/span><\/p>\n<p><img decoding=\"async\" class=\"size-medium wp-image-57835 alignleft\" src=\"https:\/\/www.liberopensare.com\/wp-content\/uploads\/2021\/10\/Screenshot-2021-10-08-at-18.06.49-280x300.png\" alt=\"\" width=\"280\" height=\"300\" srcset=\"https:\/\/www.liberopensare.com\/wp-content\/uploads\/2021\/10\/Screenshot-2021-10-08-at-18.06.49-280x300.png 280w, https:\/\/www.liberopensare.com\/wp-content\/uploads\/2021\/10\/Screenshot-2021-10-08-at-18.06.49-11x12.png 11w, https:\/\/www.liberopensare.com\/wp-content\/uploads\/2021\/10\/Screenshot-2021-10-08-at-18.06.49.png 586w\" sizes=\"(max-width: 280px) 100vw, 280px\" \/><\/p>\n<p class=\"p3\"><span class=\"s1\">Un altro calciatore interista, il cileno <strong>Arturo Vidal<\/strong>, dopo esser stato vaccinato risult\u00f2 positivo al Covid, un paio di settimane prima del malore di cui fu vittima <strong>Eriksen<\/strong>. Sarebbe curioso rivolgersi al Dott. <strong>Volpi<\/strong> chiedendogli se all\u2019Inter avevano vaccinato tutti a parte <strong>Eriksen<\/strong>\u2026<\/span><\/p>\n<p><em>Mauro Mauri<\/em><\/p>\n","protected":false},"excerpt":{"rendered":"<p>RINVENUTO GRAFENE NEL VACCINO ANTICOVID \u201cGrafene nelle vene\u201d suona come il titolo di una macabra canzone heavy metal o di un film di Dario Argento, giusto per restare in tema, ma \u00e8 la triste verit\u00e0. Infatti da Bolzano imputano ai vaccini le causa di molti decessi. Josef Unterholzner, capogruppo del Partito Enzian, nella Sala di [&hellip;]<\/p>\n","protected":false},"author":2,"featured_media":57837,"comment_status":"closed","ping_status":"closed","sticky":false,"template":"","format":"standard","meta":{"footnotes":""},"categories":[903],"tags":[1533,851,1532,1006,1535,1534,1536],"class_list":["post-57831","post","type-post","status-publish","format-standard","has-post-thumbnail","hentry","category-rassegna","tag-arne-burkhardt","tag-evidenza","tag-josef-unterholzner","tag-mauro-mauri","tag-peter-schirmacher","tag-walter-lang","tag-werner-bergholz"],"_links":{"self":[{"href":"https:\/\/www.liberopensare.com\/en\/wp-json\/wp\/v2\/posts\/57831","targetHints":{"allow":["GET"]}}],"collection":[{"href":"https:\/\/www.liberopensare.com\/en\/wp-json\/wp\/v2\/posts"}],"about":[{"href":"https:\/\/www.liberopensare.com\/en\/wp-json\/wp\/v2\/types\/post"}],"author":[{"embeddable":true,"href":"https:\/\/www.liberopensare.com\/en\/wp-json\/wp\/v2\/users\/2"}],"replies":[{"embeddable":true,"href":"https:\/\/www.liberopensare.com\/en\/wp-json\/wp\/v2\/comments?post=57831"}],"version-history":[{"count":0,"href":"https:\/\/www.liberopensare.com\/en\/wp-json\/wp\/v2\/posts\/57831\/revisions"}],"wp:featuredmedia":[{"embeddable":true,"href":"https:\/\/www.liberopensare.com\/en\/wp-json\/wp\/v2\/media\/57837"}],"wp:attachment":[{"href":"https:\/\/www.liberopensare.com\/en\/wp-json\/wp\/v2\/media?parent=57831"}],"wp:term":[{"taxonomy":"category","embeddable":true,"href":"https:\/\/www.liberopensare.com\/en\/wp-json\/wp\/v2\/categories?post=57831"},{"taxonomy":"post_tag","embeddable":true,"href":"https:\/\/www.liberopensare.com\/en\/wp-json\/wp\/v2\/tags?post=57831"}],"curies":[{"name":"wp","href":"https:\/\/api.w.org\/{rel}","templated":true}]}}