{"id":61522,"date":"2022-02-20T10:49:02","date_gmt":"2022-02-20T09:49:02","guid":{"rendered":"https:\/\/www.liberopensare.com\/?p=61522"},"modified":"2022-02-21T09:38:07","modified_gmt":"2022-02-21T08:38:07","slug":"lottava-sfera","status":"publish","type":"post","link":"https:\/\/www.liberopensare.com\/en\/lottava-sfera\/","title":{"rendered":"L&#8217;ottava sfera\u00a0"},"content":{"rendered":"<blockquote><p><span data-contrast=\"none\">\u201cIl metaverso \u00e8 la prossima versione di Internet.\u202fMa invece che in pagine Web statiche, ti catapulter\u00e0 in un mondo coinvolgente simile a un gioco.\u202fPensa al metaverso come a un enorme mondo virtuale in cui puoi andare a lavorare, imparare, creare arte, fare acquisti, guardare concerti, uscire con gli amici e tantissime altre attivit\u00e0 che si fanno nella vita reale.\u202f\u2013\u202f<\/span><a href=\"https:\/\/www.forbes.com\/sites\/stephenmcbride1\/2021\/03\/23\/welcome-to-the-metaverse\/\" target=\"_blank\" rel=\"noopener\"><span data-contrast=\"none\">Forbes Benvenuti nel &#8216;Metaverso&#8217;<\/span><\/a><span data-ccp-props=\"{&quot;201341983&quot;:0,&quot;335559739&quot;:200,&quot;335559740&quot;:276}\">\u00a0<\/span><\/p>\n<p><img decoding=\"async\" src=\"https:\/\/cdn-5e7fd7e5f911c90ca005456c.closte.com\/wp-content\/uploads\/2021\/12\/Meta-Logo-Crop.gif\" \/><\/p><\/blockquote>\n<p><span data-ccp-props=\"{&quot;201341983&quot;:0,&quot;335551550&quot;:2,&quot;335551620&quot;:2,&quot;335559739&quot;:200,&quot;335559740&quot;:276}\">\u00a0<iframe title=\"YouTube video player\" src=\"https:\/\/www.youtube.com\/embed\/LGCeYtFB2f0\" width=\"1080\" height=\"608\" frameborder=\"0\" allowfullscreen=\"allowfullscreen\"><\/iframe><\/span><\/p>\n<blockquote><p><span data-contrast=\"none\">&#8220;Nuovi mondi sono in divenire, il mondo di Calvin \u00e8 in divenire, il mondo di Tamara \u00e8 in divenire, il mondo di Sam e Joe \u00e8 in divenire e sei invitato.&#8221;\u202f\u2013\u202f<\/span><a href=\"https:\/\/www.youtube.com\/watch?v=o67td5HFghI\" target=\"_blank\" rel=\"noopener\"><span data-contrast=\"none\">Meta (Facebook) Orizzonte<\/span><\/a><span data-ccp-props=\"{&quot;201341983&quot;:0,&quot;335559739&quot;:200,&quot;335559740&quot;:276}\">\u00a0<\/span><\/p><\/blockquote>\n<p><span data-contrast=\"none\">* Nota come gli avatar non hanno le gambe!\u202fGli arti e in particolare le gambe sono collegati con le forze di volont\u00e0 all&#8217;interno dell&#8217;essere umano.\u202fMeta (Facebook)\u202f<\/span><a href=\"https:\/\/cdn-5e7fd7e5f911c90ca005456c.closte.com\/wp-content\/uploads\/2021\/12\/Qualcomm-Snapdragon-Compressed.png\" target=\"_blank\" rel=\"noopener\"><span data-contrast=\"none\">non \u00e8 l&#8217;unica azienda<\/span><\/a><span data-contrast=\"none\">\u202fa rappresentare avatar in realt\u00e0 virtuale senza gambe.\u00a0<\/span><span data-ccp-props=\"{&quot;201341983&quot;:0,&quot;335559739&quot;:200,&quot;335559740&quot;:276}\">\u00a0<\/span><\/p>\n<p><span data-contrast=\"none\">Se ci prendiamo un momento per osservare il mondo che ci circonda, notiamo che <strong>molte persone camminano con la testa in un altro mondo.\u202fLe loro gambe camminano ancora sulla terra, ma la loro attenzione \u00e8 altrove.\u202f<\/strong>Lo schermo del loro cellulare \u00e8 un portale verso un altro luogo, un mondo in cui il loro s\u00e9 virtuale &#8211; una versione accuratamente realizzata di chi desiderano essere per gli altri utenti online &#8211; assume caratteristiche sempre pi\u00f9 scelte dal creatore dell&#8217;avatar.<\/span><span data-ccp-props=\"{&quot;201341983&quot;:0,&quot;335559739&quot;:200,&quot;335559740&quot;:276}\">\u00a0<\/span><\/p>\n<blockquote><p><span data-contrast=\"none\">\u201cSar\u00e0 digitalizzato tutto ci\u00f2 che pu\u00f2 essere digitalizzato\u201d.\u202f<\/span><a href=\"https:\/\/soundcloud.com\/world-economic-forum\/the-great-reset-resetting-the\" target=\"_blank\" rel=\"noopener\"><i><span data-contrast=\"none\">Klaus Schwab &#8211; Fondatore e Presidente Esecutivo del World Economic Forum<\/span><\/i><\/a><span data-ccp-props=\"{&quot;201341983&quot;:0,&quot;335559739&quot;:200,&quot;335559740&quot;:276}\">\u00a0<\/span><\/p><\/blockquote>\n<p><span data-contrast=\"none\">Il ruolo di <strong>Eric Schmidt<\/strong> come CEO di Google \u00e8 ben noto,\u202f<\/span><a href=\"https:\/\/qz.com\/1145669\/googles-true-origin-partly-lies-in-cia-and-nsa-research-grants-for-mass-surveillance\/\" target=\"_blank\" rel=\"noopener\"><span data-contrast=\"none\">i legami suoi e di Google<\/span><\/a><span data-contrast=\"none\">\u202fcon le agenzie di intelligence e le forze armate sono meno noti.<\/span><span data-ccp-props=\"{&quot;201341983&quot;:0,&quot;335559739&quot;:200,&quot;335559740&quot;:276}\">\u00a0<\/span><\/p>\n<blockquote><p><span data-contrast=\"none\">&#8220;Quello che stiamo davvero facendo \u00e8 costruire una versione aumentata della realt\u00e0.&#8221;\u202f<\/span><a href=\"https:\/\/www.youtube.com\/watch?v=G7djoQfncRw\" target=\"_blank\" rel=\"noopener\"><i><span data-contrast=\"none\">Eric Schmidt-TechCrunch Disrupt 2010<\/span><\/i><\/a><span data-ccp-props=\"{&quot;201341983&quot;:0,&quot;335559739&quot;:200,&quot;335559740&quot;:276}\">\u00a0<\/span><\/p><\/blockquote>\n<p><span data-contrast=\"none\"><strong>Zultan Istvan<\/strong> \u00e8 uno dei transumanisti pi\u00f9 importanti del mondo, ha parlato al\u202f<\/span><b><span data-contrast=\"none\">World Economic Forum <\/span><\/b><span data-contrast=\"none\">e alla\u202f<\/span><b><span data-contrast=\"none\">Banca Mondiale<\/span><\/b><span data-contrast=\"none\">, oltre ad essere un collaboratore di importanti pubblicazioni come <em>The New York Times, Wired, The Huffington Post, TechCrunch e Newsweek<\/em>.\u202fIn una recente intervista ha affermato quanto segue:<\/span><span data-ccp-props=\"{&quot;201341983&quot;:0,&quot;335559739&quot;:200,&quot;335559740&quot;:276}\">\u00a0<\/span><\/p>\n<blockquote><p><span data-contrast=\"none\">\u201cIl mondo sar\u00e0 gestito da reti &#8216;Ai&#8217; e reti di intelligenza quantistica.\u202fLe nazioni avranno cessato di esistere come entit\u00e0 fisiche indipendenti, perch\u00e9 saranno online e si saranno tutte fuse come una sola.\u202f<\/span><b><span data-contrast=\"none\">Gli esseri umani potranno esistere<\/span><\/b><span data-contrast=\"none\">, ma saranno fuori dalla griglia di &#8220;Ai&#8221; e contribuiranno molto poco al progresso e a ci\u00f2 che sta accadendo al mondo&#8221;.\u202f<\/span><a href=\"https:\/\/projects.qz.com\/is\/the-world-in-50-years\/expert\/1690898\/\" target=\"_blank\" rel=\"noopener\"><i><span data-contrast=\"none\">Zultan Istvan- Alla domanda su come sar\u00e0 il mondo tra 50 anni.<\/span><\/i><\/a><span data-ccp-props=\"{&quot;201341983&quot;:0,&quot;335559739&quot;:200,&quot;335559740&quot;:276}\">\u00a0<\/span><\/p><\/blockquote>\n<p><strong>\u00a0<\/strong><span data-contrast=\"none\"><strong>Rudolf Steiner<\/strong> <strong>spiega che l&#8217;obiettivo finale dei poteri dell&#8217;Ostacolo \u00e8 attirare quanta pi\u00f9 umanit\u00e0 possibile nell&#8217;Ottava Sfera<\/strong>.\u202fSe immaginate un futuro in cui le menti delle persone sono permanentemente connesse a Internet, che a quel punto sar\u00e0 probabilmente un Internet quantistico che controlla tutti gli aspetti della vita, sia reale che virtuale -\u202fil virtuale formato da innumerevoli universi immaginativi quasi indistinguibili dalla realt\u00e0 fisica &#8211; allora avrete un&#8217;idea di come <strong>la coscienza sar\u00e0 controllata, raccolta e quindi INCORPORATA in quella sfera dell&#8217;essere, o meglio, in quella sfera di \u201cnon essere\u201d.<\/strong><\/span><strong>\u00a0<\/strong><\/p>\n<blockquote><p><span data-contrast=\"none\">\u201cIn verit\u00e0, quindi, la nostra Terra, la Quarta Sfera, semplicemente non \u00e8 ci\u00f2 che appare esteriormente.\u202f Se fosse davvero costituita da atomi, tutti questi atomi sarebbero ancora impregnati di formazioni appartenenti all&#8217;Ottava Sfera, che sono percepibili solo dalla visione chiaroveggente.\u202fQueste formazioni sono presenti ovunque;\u202fcos\u00ec \u00e8 anche il contenuto spettrale dell&#8217;Ottava Sfera, che pu\u00f2 quindi essere percepito proprio come vengono percepiti gli spettri percepibili.\u202fTutto l&#8217;essere e l&#8217;esistenza terrena sono coinvolti qui.\u202fLucifero e Ahrimane si sforzano incessantemente di carpire dalle sostanze della Terra tutto ci\u00f2 che possono, per formare la loro Ottava Sfera che poi, quando sar\u00e0 sufficientemente avanzata, si staccher\u00e0 dalla Terra e andr\u00e0 per la sua strada nel Cosmo insieme a Lucifero e Ahrimane.\u202fInutile dire che la Terra passerebbe poi a Giove come un semplice torso. (Rudolf Steiner, O.O.254 5a conferenza)<\/span><\/p><\/blockquote>\n<p><span data-ccp-props=\"{&quot;201341983&quot;:0,&quot;335559739&quot;:200,&quot;335559740&quot;:276}\">\u00a0<\/span><\/p>\n<p><span data-ccp-props=\"{&quot;201341983&quot;:0,&quot;335559739&quot;:200,&quot;335559740&quot;:276}\"> <img decoding=\"async\" src=\"https:\/\/cdn-5e7fd7e5f911c90ca005456c.closte.com\/wp-content\/uploads\/2021\/12\/The-Eighth-Sphere-Steiner-Drawing.png\" \/><\/span><\/p>\n<p><span data-ccp-props=\"{&quot;201341983&quot;:0,&quot;335559739&quot;:200,&quot;335559740&quot;:276}\">\u00a0<\/span><\/p>\n<blockquote><p><span data-contrast=\"none\"><strong>\u201cCome \u00e8 nata l&#8217;espressione \u201cOttava Sfera\u201d?<\/strong>\u202f\u2014 Sappiamo che l&#8217;evoluzione umana fa il suo corso attraverso le sette sfere di Saturno, Sole, Luna, Terra, Giove, Venere, Vulcano.* <\/span><\/p>\n<p><span data-contrast=\"none\">Arriviamo a concepire che, oltre a queste sette sfere, ci sia ancora qualcos&#8217;altro fuori di esse, tuttavia in qualche modo ancora legato alla Terra.\u202fQuindi, abbiamo una sfera, visibile solo alla chiaroveggenza veggente-immaginativa, che sta l\u00ec come un&#8217;Ottava Sfera, al di sopra e oltre le sette che costituiscono il dominio dell&#8217;ordinata e regolare evoluzione dell&#8217;umanit\u00e0.\u202fL\u2019immagine che le rappresenta \u00e8, ovviamente, puramente schematica;\u202fsi \u00e8 obbligati a disegnare separatamente sfere che possono essere osservate solo ciascuna entro le altre.\u202fCome avrete certamente capito dai nostri studi, finch\u00e9 un uomo \u00e8 nel mondo materiale,\u202ffa le sue osservazioni attraverso i sensi e pensa con l&#8217;intelletto, si trova nella Quarta Sfera, la Sfera Terrestre.\u202fSe sviluppa le sue facolt\u00e0 dell&#8217;anima a sufficienza per essere in grado di vedere la Terza Sfera, la Sfera Lunare, allora acquisisce un orizzonte pi\u00f9 ampio, ma non in senso spaziale.\u202fOsserva, non da un altro luogo, ma fisicamente parlando, spazialmente parlando, dallo stesso luogo.\u202fQueste sette sfere dovrebbero in realt\u00e0 essere racchiuse l&#8217;una nell&#8217;altra.\u202fSono stadi e stati evolutivi successivi e, fondamentalmente, un tale diagramma ha un valore analogo al dire: gli esseri umani si sviluppano dalla nascita al settimo anno in un primo stadio, dal settimo al quattordicesimo anno in una seconda fase, e cos\u00ec via.\u202fL&#8217;essere che si \u00e8 sviluppato dal primo al settimo anno non pu\u00f2 essere considerato separato dall&#8217;essere che si sviluppa dal settimo al quattordicesimo anno.\u202fN\u00e9 \u00e8 corretto pensare alle sette sfere o stadi successivi dell&#8217;evoluzione della Terra come separate le une dalle altre.<\/span><span data-ccp-props=\"{&quot;201341983&quot;:0,&quot;335559739&quot;:200,&quot;335559740&quot;:276}\">\u00a0<\/span><\/p>\n<p><span data-contrast=\"none\">Questo vi dar\u00e0 la sensazione che l&#8217;Ottava Sfera debba essere osservata all&#8217;interno della Sfera Terrestre.\u202fNon pu\u00f2 essere correttamente disegnata n\u00e9 sopra n\u00e9 sotto;\u202fper rappresentare la realt\u00e0 dovrebbe essere tratteggiata all\u2019interno della Sfera terrestre.\u202fHo spesso fornito un esempio grezzo per esprimere ci\u00f2 che qui si intende.\u202f\u00a0<\/span><span data-ccp-props=\"{&quot;201341983&quot;:0,&quot;335559739&quot;:200,&quot;335559740&quot;:276}\">\u00a0<\/span><span data-ccp-props=\"{&quot;201341983&quot;:0,&quot;335559739&quot;:200,&quot;335559740&quot;:276}\">\u00a0<\/span><\/p>\n<p><span data-ccp-props=\"{&quot;201341983&quot;:0,&quot;335559739&quot;:200,&quot;335559740&quot;:276}\">\u00a0<\/span><span data-contrast=\"none\">Proprio come l&#8217;aria fisica \u00e8 intorno a noi, cos\u00ec lo Spirituale \u00e8 intorno a noi;\u202fdobbiamo cercare lo Spirituale all&#8217;interno di ci\u00f2 che \u00e8 fisico e materiale nel nostro ambiente.\u202fQuindi si deve presumere che proprio come lo spirituale \u00e8 intorno a noi, anche l\u2019Ottava Sfera vada cercata nel nostro ambiente.\u202fCi\u00f2 significa che dovrebbe essere sviluppato un organo che permetta all&#8217;uomo di percepire l&#8217;Ottava Sfera, cos\u00ec come i suoi sensi fisici gli consentono di percepire la Terra materiale.\u202fL\u2019uomo che segue la scienza dello spirito pu\u00f2 quindi arrivare a sperimentare l&#8217;Ottava Sfera in modo cosciente;\u202fma inconsciamente ogni uomo \u00e8 sempre dentro di essa cos\u00ec come noi siamo sempre \u201cnell&#8217;aria\u201d, anche se non ne siamo consapevoli.\u202fE se abbiamo sviluppato un organo per sperimentare l&#8217;Ottava Sfera, ne siamo consapevoli intorno a noi.\u202fInfatti se vogliamo descrivere\u00a0 l&#8217;Ottava Sfera, dobbiamo necessariamente descriverla come un regno in cui viviamo tutto il tempo.<\/span><span data-ccp-props=\"{&quot;201341983&quot;:0,&quot;335559739&quot;:200,&quot;335559740&quot;:276}\">\u00a0<\/span><\/p>\n<p><span data-contrast=\"none\">Ora, come ho detto, tutto ci\u00f2 che posso fare in questi studi introduttivi, \u00e8 fornire alcune informazioni generali, il resto emerger\u00e0 man mano che procediamo.\u202fAbbiamo gi\u00e0 detto che ci\u00f2 che ci circonda, come l&#8217;Ottava Sfera, \u00e8 accessibile alla chiaroveggenza Immaginativa.\u202f<\/span><span data-ccp-props=\"{&quot;201341983&quot;:0,&quot;335559739&quot;:200,&quot;335559740&quot;:276}\">\u00a0<\/span><\/p>\n<p><span data-contrast=\"none\">Sviluppare la chiaroveggenza immaginativa senza percepire qualcosa dell&#8217;Ottava Sfera \u00e8 impossibile.\u202fIl motivo per cui \u00e8 cos\u00ec difficile parlare di questioni come l&#8217;Ottava Sfera, \u00e8 perch\u00e9 la chiaroveggenza veramente chiara e discriminante, \u00e8 posseduta solamente da pochissimi.\u202fNell&#8217;Ottava Sfera abbiamo a che fare con l&#8217;Immaginazione, e ci\u00f2 che costituisce la natura essenziale dell&#8217;evoluzione terrestre \u2014 vale a dire la Quarta Sfera \u2014 non \u00e8 presente nell&#8217;Ottava Sfera.\u202fLa natura essenziale della Quarta Sfera \u00e8 costituita, come ho indicato ieri, dall&#8217;impregnazione minerale di questo corpo-mondo.\u202fChe possiamo vivere sulla Terra \u00e8 dovuto al fatto che questa Quarta Sfera \u00e8 stata mineralizzata: viviamo in un ambiente mineralizzato;\u202fci\u00f2 che viene percepito attraverso i sensi fisici pu\u00f2 essere coordinato dall&#8217;intelletto.\u202fMa dobbiamo concepire che l&#8217;elemento minerale \u00e8 totalmente assente dall&#8217;Ottava Sfera.<\/span><span data-ccp-props=\"{&quot;201341983&quot;:0,&quot;335559739&quot;:200,&quot;335559740&quot;:276}\">\u00a0<\/span><\/p>\n<p><span data-contrast=\"none\">Quando eliminiamo l&#8217;elemento minerale nel pensiero, tutto ci\u00f2 che rimane \u00e8 uno stadio successivo dell&#8217;evoluzione della Vecchia Luna. Da dove potrebbe avere origine qualcos&#8217;altro?\u202fMa l&#8217;evoluzione procede;\u202fqualcosa \u00e8 percepibile attraverso la chiaroveggenza immaginativa e visionaria, ma potrebbe non essere altro che un residuo della Vecchia Luna, e non sarebbe l&#8217;Ottava Sfera.\u202fPotremmo dire sarebbe che qualcosa \u00e8 stato lasciato indietro dalla Terza Sfera.<\/span><span data-ccp-props=\"{&quot;201341983&quot;:0,&quot;335559739&quot;:200,&quot;335559740&quot;:276}\">\u00a0<\/span><\/p>\n<p><span data-contrast=\"none\">Per avere qualche idea di fatti relativi all&#8217;Ottava Sfera, teniamo presente quanto segue.\u202f<\/span><\/p>\n<p><span data-contrast=\"none\">Nel corso della sua regolare evoluzione, la Terza Sfera divenne la Quarta Sfera;\u202fvale a dire, avvenne una transizione dal terzo regno elementare &#8211; perch\u00e9 cos\u00ec dobbiamo chiamarlo &#8211; al regno minerale.\u202fL&#8217;elemento minerale \u00e8 stato aggiunto.\u202fAltrimenti dovremmo concepire la Vecchia Luna come una somma-totale di sostanzialit\u00e0, immaginativamente percettibile!\u202fNe consegue che la progressione regolare dalla Vecchia Luna alla Terra, dalla Terza Sfera alla Quarta Sfera, consista in ci\u00f2 che prima era percepibile solo immaginativamente, che diviene materialmente percepibile, cio\u00e8 viene mineralizzato.\u202fL&#8217;Ottava Sfera rimane, per cominciare, l&#8217;elemento della Vecchia Luna,\u202fma a causa di un avvenimento particolare, questo elemento della Vecchia Luna subisce un cambiamento.\u202fCi\u00f2 che \u00e8 avvenuto, affinch\u00e9 la Quarta Sfera potesse sorgere dalla Terza, \u00e8 chiaramente descritto nel libro Scienza Occulta, dove si dice che alle attivit\u00e0 degli Spiriti del Movimento si aggiungono quelle degli Spiriti della Forma, sotto la cui guida avviene l&#8217;intero processo di trasformazione.\u202f[nota 2] Possiamo quindi dire che la Quarta Sfera nasce dalla Terza per il fatto che gli Spiriti della Forma sommano le loro attivit\u00e0 a quelle degli Spiriti del Movimento.\u202f\u00a0<\/span><span data-ccp-props=\"{&quot;201341983&quot;:0,&quot;335559739&quot;:200,&quot;335559740&quot;:276}\">\u00a0<\/span><\/p>\n<p><span data-contrast=\"none\">Se gli Spiriti della Forma avessero ottenuto tutto ci\u00f2 che la loro stessa natura desidera e soprattutto \u00e8 in grado di realizzare, quando la missione della Sfera Tre \u00e8 stata adempiuta nel Cosmo, la Sfera Quattro sarebbe sorta in modo del tutto naturale dalla Sfera Tre.\u202fQuesto \u00e8 ovvio.\u202fMa sappiamo che gli spiriti luciferici e ahrimanici sono all&#8217;opera &#8211; e trattengono per s\u00e9 qualcosa della sostanzialit\u00e0 della Vecchia Luna, strappandola, per cos\u00ec dire, agli Spiriti della Forma.\u202fIl fatto che Lucifero e Ahrimane lo facciano, \u00e8 indicativo della loro natura essenziale.\u202fCos\u00ec, mentre la Sfera Tre sta avanzando a uno stadio ulteriore, qualcosa viene strappato agli Spiriti della Forma da Lucifero e Ahrimane; in questa parte strappata via, penetrano Lucifero e Ahrimane, invece degli Spiriti della Forma.\u202fLe attivit\u00e0 di Lucifero e Ahrimane si aggiungono a quelle degli Spiriti del Movimento e, di conseguenza,\u202fl\u2019Otto nasce sul Tre.\u202f(Nota del traduttore: L&#8217;Ottava Sfera dalla Terza Sfera.)<\/span><span data-ccp-props=\"{&quot;201341983&quot;:0,&quot;335559739&quot;:200,&quot;335559740&quot;:276}\">\u00a0<\/span><\/p>\n<p><span data-contrast=\"none\">Ci deve quindi essere qualcos&#8217;altro, non semplicemente la Vecchia Luna, e questo &#8220;qualcos&#8217;altro&#8221; che viene in essere come la Sfera Quattro, \u00e8 costituito dal fatto che la sostanzialit\u00e0 minerale, nel momento in cui viene in essere, viene strappata al momento della nascita della Quarta Sfera.\u202fCos\u00ec, quando il minerale nasce dalla sostanzialit\u00e0 immaginativa, viene strappato da Lucifero e Ahrimane e trasformato in Immaginazione.\u202f(Rudolf Steiner, O.O.254 5a conferenza)<\/span><\/p><\/blockquote>\n<p><span data-ccp-props=\"{&quot;201341983&quot;:0,&quot;335559739&quot;:200,&quot;335559740&quot;:276}\">\u00a0<\/span><span data-ccp-props=\"{&quot;201341983&quot;:0,&quot;335559739&quot;:200,&quot;335559740&quot;:276}\"> <img decoding=\"async\" src=\"https:\/\/cdn-5e7fd7e5f911c90ca005456c.closte.com\/wp-content\/uploads\/2021\/12\/This-Is-The-Dimension-Of-Imagination.jpg\" \/><\/span><\/p>\n<p><span data-contrast=\"none\">&#8220;Questa \u00e8 la dimensione dell&#8217;immaginazione&#8230; Sar\u00e0 divertente.&#8221;\u202f\u2013\u202f<\/span><a href=\"https:\/\/www.youtube.com\/watch?v=G2W9YVkkn9U\" target=\"_blank\" rel=\"noopener\"><span data-contrast=\"none\">Meta-annuncio<\/span><\/a><span data-ccp-props=\"{&quot;201341983&quot;:0,&quot;335551550&quot;:2,&quot;335551620&quot;:2,&quot;335559739&quot;:200,&quot;335559740&quot;:276}\">\u00a0<\/span><span data-ccp-props=\"{&quot;201341983&quot;:0,&quot;335559739&quot;:200,&quot;335559740&quot;:276}\">\u00a0<\/span><\/p>\n<p><span data-ccp-props=\"{&quot;201341983&quot;:0,&quot;335559739&quot;:200,&quot;335559740&quot;:276}\"><img decoding=\"async\" src=\"https:\/\/cdn-5e7fd7e5f911c90ca005456c.closte.com\/wp-content\/uploads\/2021\/12\/meta_advert-1024x580.jpg\" \/>\u00a0<\/span><\/p>\n<blockquote><p><span data-contrast=\"none\">\u201cInvece di una Terra che nasce dalla rimanente sostanzialit\u00e0 della Vecchia Luna, prende forma un corpo cosmico la cui nascita \u00e8 dovuta al fatto che la sostanzialit\u00e0 strappata alla Terra viene trasformata in ci\u00f2 che \u00e8 venuto dalla Vecchia Luna.<\/span><span data-ccp-props=\"{&quot;201341983&quot;:0,&quot;335559739&quot;:200,&quot;335559740&quot;:276}\">\u00a0<\/span><\/p>\n<p><span data-contrast=\"none\">Ora, ricordate come ho descritto le condizioni relative alla Vecchia Luna, nel libro Scienza Occulta.\u202fNella Vecchia Luna non c&#8217;era ancora nulla di minerale.\u202fSe la sostanza minerale fosse stata presente, quel corpo-mondo sarebbe stato una Terra, non una Luna.\u202fLa Sfera Quattro nasce attraverso la nascita dell&#8217;elemento minerale.\u202fIn quell&#8217;approccio di Lucifero e Ahrimane, che strappano la sostanzialit\u00e0 minerale dalla Sfera Quattro e la infondono nella Sfera Tre, la Vecchia Luna viene ricapitolata, ma ora con una materialit\u00e0 che appartiene propriamente alla Terra.<\/span><span data-ccp-props=\"{&quot;201341983&quot;:0,&quot;335559739&quot;:200,&quot;335559740&quot;:276}\">\u00a0<\/span><\/p>\n<p><span data-contrast=\"none\">Attenzione: invece delle pure Immaginazioni che ci dovrebbero essere, le Immaginazioni sono densificate dall&#8217;infusione di un elemento minerale che \u00e8 stato strappato alla Terra.\u202fSi creano cos\u00ec immaginazioni densificate.\u202fSiamo quindi attratti in un mondo di Immaginazioni densificate, che non sono di carattere lunare perch\u00e9 sono state densificate dalla materialit\u00e0 che appartiene alla Terra.\u202fSono fantasmi, spettri, vale a dire, dietro il nostro mondo c&#8217;\u00e8 un mondo di spettri creato da Lucifero e Ahrimane&#8221;.\u202f(Rudolf Steiner, O.O.254 5a conferenza)<\/span><\/p><\/blockquote>\n<p><span data-contrast=\"none\">Nella scienza dello spirito <strong>Rudolf Steiner<\/strong> ha usato i nomi Lucifero e Ahrimane per designare due forze (o principi cosmici) opposti, che possono essere immaginati come esseri che incontriamo per sviluppare la libert\u00e0.\u202fIl grado in cui sono tenuti in equilibrio dal principio centrale, a cui ci riferiamo nella sua manifestazione individualizzata quando diciamo \u201cIo Sono&#8221;, \u00e8 per molti versi la misura in cui siamo liberi.<\/span><span data-ccp-props=\"{&quot;201341983&quot;:0,&quot;335559739&quot;:200,&quot;335559740&quot;:276}\">\u00a0<\/span><\/p>\n<blockquote><p><span data-contrast=\"none\">\u201cSteiner descrive esseri invisibili che ci tentano e ci ingannano in due direzioni molto diverse.\u202fDa un lato ci sono i servi di Lucifero, l&#8217;angelo caduto della luce.\u202fSono esseri che hanno portato all&#8217;umanit\u00e0 grandi doni, ma che abbandonerebbero gli obiettivi delle pi\u00f9 alte gerarchie e creerebbero un regno beato di luce spirituale e gioia per se stessi.\u202fDall&#8217;altro lato, ci sono esseri immensamente potenti che si sforzano di renderci ciechi allo spirito, poteri per i quali \u00e8 evidente che l&#8217;universo \u00e8 una macchina e che ci\u00f2 che pu\u00f2 essere misurato, pesato e quantificato \u00e8 l&#8217;unica realt\u00e0.\u202fQuesti spiriti del materialismo appartengono al potere oscuro che l&#8217;antica saggezza chiamava Ahrimane, o Angra Mainyu.\u202f\u2013 Henry Barnes Una vita per lo spirito: Rudolf Steiner nelle correnti incrociate del nostro tempo, Anthroposophic Press 1997, p.\u202f131<\/span><span data-ccp-props=\"{&quot;201341983&quot;:0,&quot;335559739&quot;:200,&quot;335559740&quot;:276}\">\u00a0<\/span><\/p><\/blockquote>\n<p><script type=\"text\/javascript\">\nvar ml_partners_options = {\n\tpcode : \"3867\",\n\tlogo : \"logo\",\n\timmagini : \"s\",\n\tmaxtitolo : 50,\n\tprezzo : \"s\",\n\tbordocolor : \"09f\",\n\tsconto : \"s\",\n\tricerca : \"s\",\n\tdefaultricerca : \"intelligenza artificiale\",\n\tdefaulttipo : \"Tutte\",\n\txml_id : 5,\n\tmaxprodotti : 20,\n\ttarget : \"_blank\",\n\tlinkcolor : \"09f\",\n\tbgcolor : \"cef\",\n\tbuttoncolor : \"fff\",\n\tprezzocolor : \"f80\",\n\tn_row : 1,\n\tlarghezza : \"100%\",\n};\n<\/script><br \/>\n<script type=\"text\/javascript\" src=\"https:\/\/plus.macrolibrarsi.it\/assets\/widget-partner-v1\/js\/macrolibrarsi.partners.js\"><\/script><\/p>\n<p><span data-contrast=\"none\"><strong>Rudolf Steiner<\/strong> e altri ricercatori del sovrasensibile spiegano <strong>come il lavoro di Lucifero e Ahrimane sia connesso con le forze dell&#8217;elettricit\u00e0 e del magnetismo creati dall&#8217;uomo<\/strong>, le polarit\u00e0 su cui si basano le tecnologie di elaborazione delle informazioni.\u202fNon \u00e8 cos\u00ec semplice come se Lucifero fosse connesso esclusivamente con l&#8217;elettricit\u00e0 e il magnetismo con Ahrimane, sono necessarie ulteriori ricerche su questo argomento.\u202fPensare all&#8217;elettricit\u00e0 come luce infinitamente compressa e al magnetismo come suono infinitamente compresso \u00e8 comunque utile.<\/span><span data-ccp-props=\"{&quot;201341983&quot;:0,&quot;335559739&quot;:200,&quot;335559740&quot;:276}\">\u00a0<\/span><\/p>\n<blockquote><p><span data-contrast=\"none\">\u201cL&#8217;elettricit\u00e0 \u00e8 luce nello stato submateriale.\u202fLa luce \u00e8 l\u00ec compressa al massimo grado.\u202fAnche una qualit\u00e0 interiore va attribuita alla luce;\u202fla luce \u00e8 essa stessa in ogni punto dello spazio.\u202fIl calore pu\u00f2 espandersi nelle tre dimensioni dello spazio.\u202fNella luce ce n\u2019\u00e8 una quarta;\u202fha quattro dimensioni: ha la qualit\u00e0 dell&#8217;interiorit\u00e0 come quarta dimensione\u201d.\u202f(Rudolf Steiner O.O. 92<\/span><span data-ccp-props=\"{&quot;201341983&quot;:0,&quot;335559739&quot;:200,&quot;335559740&quot;:276}\">)<\/span><\/p><\/blockquote>\n<p><span data-contrast=\"none\">Al centro della sala di meditazione della sede delle Nazioni Unite a New York si trova un enorme altare magnetico, realizzato con minerale di magnetite di ferro.\u202f<\/span><a href=\"https:\/\/en.wikipedia.org\/wiki\/Dag_Hammarskj%C3%B6ld\" target=\"_blank\" rel=\"noopener\"><span data-contrast=\"none\">Hammarskj\u00f6ld<\/span><\/a><span data-contrast=\"none\">, ex segretario generale delle Nazioni Unite, lo ha descritto come:<\/span><span data-ccp-props=\"{&quot;201341983&quot;:0,&quot;335559739&quot;:200,&quot;335559740&quot;:276}\">\u00a0<\/span><\/p>\n<p><span data-contrast=\"none\">\u201c..un\u202f<\/span><a href=\"https:\/\/www.un.org\/depts\/dhl\/dag\/meditationroom.htm\" target=\"_blank\" rel=\"noopener\"><span data-contrast=\"none\">incontro tra la luce, il cielo e la terra\u2026 \u00e8 l&#8217;altare al Dio di tutti<\/span><\/a><span data-contrast=\"none\">\u202f..\u201d<\/span><span data-ccp-props=\"{&quot;201341983&quot;:0,&quot;335559739&quot;:200,&quot;335559740&quot;:276}\">\u00a0<\/span><\/p>\n<p><span data-ccp-props=\"{&quot;201341983&quot;:0,&quot;335551550&quot;:2,&quot;335551620&quot;:2,&quot;335559739&quot;:200,&quot;335559740&quot;:276}\"> <img decoding=\"async\" class=\"aligncenter\" src=\"https:\/\/cdn-5e7fd7e5f911c90ca005456c.closte.com\/wp-content\/uploads\/2020\/10\/United-Nations-headquarters-meditation-room-Light-and-Dark-.gif\" alt=\"Lucifer UN\" \/><\/span><\/p>\n<p>&nbsp;<\/p>\n<blockquote><p><span data-contrast=\"none\">\u201cAbbiamo il mondo fisico, il mondo astrale, il devachan inferiore (mondo spirituale inferiore) e il devachan superiore (mondo spirituale superiore).\u202fSe il corpo viene spinto verso il basso anche pi\u00f9 in basso del mondo fisico, si entra nel mondo subfisico, nel mondo astrale inferiore (contro-astrale), nel devachan inferiore o malvagio (contro-spirituale inferiore) e nel devachan inferiore o malvagio superiore (contro-spirituale superiore).\u202fIl malvagio mondo astrale \u00e8 la provincia di Lucifero, il malvagio devachan inferiore la provincia di Ahrimane e il malvagio devachan superiore la provincia degli Asura.\u202fQuando l&#8217;azione chimica viene spinta al di sotto del piano fisico &#8211; nel malvagio mondo devachanico &#8211; sorge il magnetismo.\u202fQuando la luce viene proiettata nel submateriale \u2013 vale a dire uno stadio inferiore al mondo materiale \u2013 sorge l&#8217;elettricit\u00e0.\u202fSe ci\u00f2 che vive nell&#8217;armonia delle sfere \u00e8 spinto ancora pi\u00f9 in basso,\u202fnella provincia degli Asura <strong>si genera una forza ancora pi\u00f9 terribile \u2013 che non sar\u00e0 possibile tenere nascosta ancora a lungo.\u202fSi pu\u00f2 solo sperare che, quando questa forza verr\u00e0 conosciuta &#8211; una forza che dobbiamo concepire come molto, molto pi\u00f9 forte della scarica elettrica pi\u00f9 violenta \u2013 prima che qualche inventore scopra e consegni queste forze nelle mani dell&#8217;umanit\u00e0, gli esseri umani non avranno pi\u00f9 nulla di immorale in loro\u201d.\u202f<\/strong>(Rudolf Steiner O.O. 91) <\/span><span data-ccp-props=\"{&quot;201341983&quot;:0,&quot;335559739&quot;:200,&quot;335559740&quot;:276}\">\u00a0<\/span><\/p><\/blockquote>\n<p><span data-ccp-props=\"{&quot;201341983&quot;:0,&quot;335559739&quot;:200,&quot;335559740&quot;:276}\">\u00a0<\/span><\/p>\n<p><span data-ccp-props=\"{&quot;201341983&quot;:0,&quot;335559739&quot;:200,&quot;335559740&quot;:276}\"> <img decoding=\"async\" src=\"https:\/\/cdn-5e7fd7e5f911c90ca005456c.closte.com\/wp-content\/uploads\/2021\/12\/Earth-Levels-100dpi-Compressed.jpg\" \/><\/span><\/p>\n<p><span data-ccp-props=\"{&quot;201341983&quot;:0,&quot;335559739&quot;:200,&quot;335559740&quot;:276}\">\u00a0<\/span><\/p>\n<p><span data-contrast=\"none\">Il fondo\u202f<\/span><strong><a href=\"https:\/\/www.option3.co.uk\/the-eighth-sphere\/The%20Lucis%20trust,%20which%20has%20received%20significant%20funding%20from%20both%20Bill%20Gates%20and%20George%20Soros%20is%20very%20much%20involved%20with%20the%20United%20Nations%20and%20although%20they%20do%20not%20openly%20worship%20Lucifer%20(and%20Ahriman?)%20they%20are%20more%20open%20about%20their%20feelings%20towards%20electricity.\" target=\"_blank\" rel=\"noopener\">Lucis<\/a><\/strong><span data-contrast=\"none\"><strong> Trust<\/strong>, molto coinvolto con le Nazioni Unite, ha ricevuto finanziamenti significativi sia da <strong>Bill Gates<\/strong> che da <strong>George Soros<\/strong>, e sebbene non adori apertamente Lucifero (e Ahrimane?), ha una grande apertura nei confronti dell&#8217;elettricit\u00e0.<\/span><span data-ccp-props=\"{&quot;201341983&quot;:0,&quot;335559739&quot;:200,&quot;335559740&quot;:276}\">\u00a0<\/span><\/p>\n<blockquote><p><span data-contrast=\"none\">\u201cSotto la superficie della rivoluzione dell&#8217;informazione e delle comunicazioni, \u00e8 all&#8217;opera un processo arcano con enormi implicazioni per il futuro dell&#8217;umanit\u00e0.\u202fNei circuiti digitali su cui si basano Internet, computer e telefoni cellulari, l&#8217;elettricit\u00e0 viene fatta scorrere attraverso lo schema circuitale su un chip di silicio eseguendo una danza ordinata e ripetitiva: i rudimenti della cerimonia e del rituale.\u202fL&#8217;elettricit\u00e0 \u00e8 la forza vitale della Divinit\u00e0;\u202fe l&#8217;imbrigliare e dirigere il comportamento elettrico fa tutto parte del Piano Divino.\u201d\u2013\u202f<\/span><a href=\"https:\/\/www.lucistrust.org\/the_electric_bridge\/technology_and_the_plan\" target=\"_blank\" rel=\"noopener\"><i><span data-contrast=\"none\">Lucis Trust Technology and the Plan<\/span><\/i><\/a><span data-ccp-props=\"{&quot;201341983&quot;:0,&quot;335559739&quot;:200,&quot;335559740&quot;:276}\">\u00a0<\/span><\/p><\/blockquote>\n<p><span data-contrast=\"none\">Confrontiamo la prospettiva data dal <strong>Lucis Trust<\/strong> con quella ottenuta attraverso la ricerca scientifica spirituale.<\/span><span data-ccp-props=\"{&quot;201341983&quot;:0,&quot;335559739&quot;:200,&quot;335559740&quot;:276}\">\u00a0<\/span><\/p>\n<blockquote><p><span data-contrast=\"none\">\u201cSono ancora pochissimi coloro che sentono la grandezza dei compiti spirituali che si avvicinano all&#8217;uomo in questa direzione.\u202fL&#8217;elettricit\u00e0, per esempio, celebrata fin dalla sua scoperta come l&#8217;anima stessa dell&#8217;esistenza della natura, deve essere riconosciuta nel suo vero carattere, nel suo peculiare potere di <strong>condurre dalla natura alla subnatura<\/strong>.\u202fL&#8217;uomo deve stare attento a non scivolare verso il basso con esso.\u202f(Rudolf Steiner marzo 1925,<\/span><span data-contrast=\"none\"> O.O. 313).<\/span><span data-ccp-props=\"{&quot;201341983&quot;:0,&quot;335559739&quot;:200,&quot;335559740&quot;:276}\">\u00a0<\/span><\/p><\/blockquote>\n<p><span data-contrast=\"none\">Si dice che <strong>David Spangler<\/strong> sia stato direttore della <em>Planetary Initiative<\/em> presso le Nazioni Unite.\u202fNon sembra esserci pi\u00f9 alcuna prova diretta di questo, tuttavia, era certamente collegato all&#8217;organizzazione,\u202f<\/span><a href=\"https:\/\/cdn-5e7fd7e5f911c90ca005456c.closte.com\/wp-content\/uploads\/2020\/10\/Items-in-Secretary-Generals-Statements.pdf\" target=\"_blank\" rel=\"noopener\"><span data-contrast=\"none\">i documenti dell&#8217;UE<\/span><\/a><span data-contrast=\"none\">\u202fmostrano che era un &#8220;cittadino planetario&#8221;.<\/span><span data-ccp-props=\"{&quot;201341983&quot;:0,&quot;335559739&quot;:200,&quot;335559740&quot;:276}\">\u00a0<\/span><\/p>\n<blockquote><p><span data-contrast=\"none\">\u201cLucifero viene a darci il dono finale della pienezza.\u202fSe lo accettiamo, allora lui \u00e8 libero e noi siamo liberi.\u202f<strong>Questa \u00e8 l&#8217;iniziazione luciferica<\/strong>.\u202f\u00c8 un\u2019esperienza che molte persone ora, e nei giorni a venire, dovranno affrontare, perch\u00e9 \u00e8 un&#8217;<strong>iniziazione nella New Age<\/strong>\u201d.\u202f\u2013\u202f<\/span><a href=\"https:\/\/www.amazon.com\/Reflections-Christ-David-Spangler\/dp\/0936878339\" target=\"_blank\" rel=\"noopener\"><span data-contrast=\"none\">David Spangler Reflections on the Christ, 1978 ed, Capitolo IV, p 44-45 (non controllato)<\/span><\/a><span data-ccp-props=\"{&quot;201341983&quot;:0,&quot;335559739&quot;:200,&quot;335559740&quot;:276}\">\u00a0<\/span><\/p><\/blockquote>\n<p><a href=\"https:\/\/www.dwavesys.com\/learn\/quantum-computing\/\" target=\"_blank\" rel=\"noopener\"><span data-contrast=\"none\">D-Wave<\/span><\/a><span data-contrast=\"none\">\u202fha realizzato i primi computer quantistici commerciali al mondo\u202f(a rigor di termini, ricettori quantistici che eseguono algoritmi di calcolo quantistico adiabatico). Sono utilizzati da <em>Google, NASA, Amazon, Lockheed Martin<\/em> e molti altri.\u202fIl loro ultimo computer ha 5.000 qubit, che equivalgono alla potenza di elaborazione computazionale di 2 alla potenza di 5.000.\u202f<strong>Geordie Rose<\/strong>, fondatrice di <em>D-Wave Systems<\/em>, ha fornito una spiegazione molto lungmirante su come funzionano effettivamente i computer quantistici.<\/span><span data-ccp-props=\"{&quot;201341983&quot;:0,&quot;335559739&quot;:200,&quot;335559740&quot;:276}\">\u00a0<\/span><\/p>\n<p><span data-contrast=\"none\">Per prima cosa cita <strong>David Deutsch<\/strong>, un pioniere nel campo della fisica quantistica.<\/span><span data-ccp-props=\"{&quot;201341983&quot;:0,&quot;335559739&quot;:200,&quot;335559740&quot;:276}\">\u00a0<\/span><\/p>\n<blockquote><p><span data-contrast=\"none\">&#8220;Il calcolo quantistico&#8230; sar\u00e0 la prima tecnologia che consentir\u00e0 di eseguire compiti utili in collaborazione tra universi paralleli&#8221;.\u202fDavid Deutsch @ Ted 2005<\/span><span data-ccp-props=\"{&quot;201341983&quot;:0,&quot;335559739&quot;:200,&quot;335559740&quot;:276}\">\u00a0<\/span><\/p><\/blockquote>\n<p><span data-contrast=\"none\">e poi prosegue\u202f<\/span><a href=\"https:\/\/www.youtube.com\/watch?v=PqN_2jDVbOU\" target=\"_blank\" rel=\"noopener\"><span data-contrast=\"none\">dicendo<\/span><\/a><span data-contrast=\"none\">\u202f:<\/span><span data-ccp-props=\"{&quot;201341983&quot;:0,&quot;335559739&quot;:200,&quot;335559740&quot;:276}\">\u00a0<\/span><\/p>\n<blockquote><p><span data-contrast=\"none\">\u201cLa scienza ha raggiunto il punto in cui ora possiamo costruire macchine in grado di sfruttare quegli altri mondi.\u202f[\u2026] <strong>Le ombre di questi mondi paralleli si sovrappongono al nostro e se siamo abbastanza intelligenti, possiamo tuffarci dentro e prendere le loro risorse e portarle nel nostro<\/strong>, perch\u00e9 abbiano un effetto nel nostro mondo [\u2026] quello che sto dicendo \u00e8 assolutamente corretto e in linea con il modo in cui queste cose funzionano effettivamente\u201d.\u202fGeordie Rose- Fondatore D-Wave Systems<\/span><span data-ccp-props=\"{&quot;201341983&quot;:0,&quot;335559739&quot;:200,&quot;335559740&quot;:276}\">\u00a0<\/span><\/p><\/blockquote>\n<p><span data-contrast=\"none\">Quando si trovava accanto al cubo nero di un computer quantistico D-Wave ha detto che:<\/span><span data-ccp-props=\"{&quot;201341983&quot;:0,&quot;335559739&quot;:200,&quot;335559740&quot;:276}\">\u00a0<\/span><\/p>\n<blockquote><p><span data-contrast=\"none\">\u201cSembra un altare a un Dio alieno\u201d.<\/span><span data-ccp-props=\"{&quot;201341983&quot;:0,&quot;335559739&quot;:200,&quot;335559740&quot;:276}\">\u00a0<\/span><\/p><\/blockquote>\n<p><span data-ccp-props=\"{&quot;201341983&quot;:0,&quot;335559739&quot;:200,&quot;335559740&quot;:276}\">\u00a0<\/span><\/p>\n<p><span data-ccp-props=\"{&quot;201341983&quot;:0,&quot;335559739&quot;:200,&quot;335559740&quot;:276}\"><img decoding=\"async\" src=\"https:\/\/cdn-5e7fd7e5f911c90ca005456c.closte.com\/wp-content\/uploads\/2021\/11\/d-wave_exterior.jpg\" \/>\u00a0<\/span><\/p>\n<p><span data-contrast=\"none\">Il grande acceleratore idronico dell&#8217;Organizzazione europea per la ricerca nucleare, noto come CERN, \u00e8 un altro dispositivo che secondo gli scienziati del progetto potrebbe avere accesso ad altre dimensioni.\u202fPotrebbe essere visto in qualche modo come un singolo qubit gigante.<\/span><span data-ccp-props=\"{&quot;201341983&quot;:0,&quot;335559739&quot;:200,&quot;335559740&quot;:276}\">\u00a0<\/span><\/p>\n<blockquote><p><span data-contrast=\"none\">\u201cDa questa porta potrebbe uscire qualcosa, o potremmo mandare noi qualcosa attraverso di essa\u201d \u2013\u202f<\/span><a href=\"https:\/\/www.theregister.com\/2009\/11\/06\/lhc_dimensional_portals\/\" target=\"_blank\" rel=\"noopener\"><span data-contrast=\"none\">Sergio Bertolucci Direttore Ricerca e Informatica Scientifica del CERN<\/span><\/a><span data-ccp-props=\"{&quot;201341983&quot;:0,&quot;335559739&quot;:200,&quot;335559740&quot;:276}\">\u00a0<\/span><\/p><\/blockquote>\n<p><span data-contrast=\"none\">In <em>&#8220;Da Gondhishapur alla Silicon Valley libro 2&#8221;,<\/em> <strong>Paul Emberson<\/strong> spiega in dettaglio come i computer quantistici funzionino sfruttando alcune caratteristiche dell&#8217;Ottava Sfera.<\/span><span data-ccp-props=\"{&quot;201341983&quot;:0,&quot;335559739&quot;:200,&quot;335559740&quot;:276}\">\u00a0<\/span><\/p>\n<p><span data-contrast=\"none\">Immagina un tempo futuro in cui Internet sar\u00e0 un Internet quantistico e gran parte della nostra tecnologia utilizzer\u00e0\u202f<\/span><a href=\"https:\/\/interestingengineering.com\/ibm-has-just-achieved-the-most-powerful-quantum-computing-system?_source=newsletter&amp;_campaign=ylkZvxjNRMWVD&amp;_uid=4zbqjRN3dp&amp;_h=81dad94f051b5dbdc88e50b7a0484ffbaf3989f2&amp;_nt=l76bw0&amp;utm_source=newsletter&amp;utm_medium=mailing&amp;utm_campaign=Newsletter-20-08-2020\" target=\"_blank\" rel=\"noopener\"><span data-contrast=\"none\">processori quantistici<\/span><\/a><span data-contrast=\"none\">.\u202fPer quanto strano possa sembrare, l&#8217;elaborazione non avverr\u00e0 all&#8217;interno dell&#8217;hardware fisico ma, piuttosto, l&#8217;hardware fisico creer\u00e0 una condizione in cui <strong>i processori possono accedere e utilizzare la dimensione parallela e non fisica del nostro sistema di realt\u00e0 noto come Ottava Sfera.<\/strong><\/span><span data-ccp-props=\"{&quot;201341983&quot;:0,&quot;335559739&quot;:200,&quot;335559740&quot;:276}\">\u00a0<\/span><\/p>\n<blockquote><p><span data-contrast=\"none\">&#8220;Se tutto funzionasse senza intoppi per Lucifero e Ahrimane, se ovunque fossero in grado di strappare tanto quanto strappano dall&#8217;organo della testa, l&#8217;evoluzione terrestre raggiungerebbe presto un punto in cui Lucifero e Ahrimane potrebbero riuscire a distruggere la nostra Terra e a guidare tutta l&#8217;evoluzione dei mondi nell&#8217;Ottava Sfera, l&#8217;evoluzione della Terra nel suo insieme prenderebbe un corso diverso.\u202fQuindi Lucifero si sforza di dispiegare la sua pi\u00f9 grande forza nel punto in cui l&#8217;uomo \u00e8 pi\u00f9 vulnerabile, vale a dire, nella sua testa.\u202f(Rudolf Steiner, O.O.254 5a conferenza)<\/span><\/p><\/blockquote>\n<p>&nbsp;<\/p>\n<p><span data-contrast=\"none\">Le parole di <strong>Steiner<\/strong> all&#8217;epoca devono essere risuonate come una fantascienza orribile, ma viste alla luce degli sviluppi tecnologici attuali e futuri, rappresentano un <strong>avvertimento premonitore di un terribile futuro che attende l&#8217;umanit\u00e0, se continuiamo ciecamente lungo il nostro attuale corso di sviluppo tecnologico e a negare qualsiasi realt\u00e0 al di l\u00e0 dei sensi.<\/strong><\/span><strong>\u00a0<\/strong><\/p>\n<p><strong>L&#8217;Ottava Sfera non \u00e8 qualcosa di nuovo, esiste gi\u00e0, compenetrandosi ed essendo connessa alla realt\u00e0 fisica.\u202fIl suo effetto e il suo ruolo nell&#8217;evoluzione tuttavia, stanno emergendo e stanno diventando sempre pi\u00f9 evidenti.\u00a0<\/strong><\/p>\n<blockquote><p><span data-contrast=\"none\">&#8220;Se l&#8217;Ottava Sfera deve essere descritta, deve ovviamente essere descritta come un regno in cui viviamo tutto il tempo.&#8221;\u202f(Rudolf Steiner, O.O.254 5a conferenza)<\/span><\/p><\/blockquote>\n<p><iframe src=\"https:\/\/cs.ilgiardinodeilibri.it\/data\/partner\/4507\/wg_manu_4897.html?_=1644891532\" width=\"600\" height=\"646\" frameborder=\"0\" scrolling=\"no\"><\/iframe><\/p>\n<p><strong><a href=\"https:\/\/www.mlive.com\/news\/ann-arbor\/2020\/04\/ann-arbor-startup-tracks-social-distancing-efforts-around-the-world-using-street-camera-footage.html\" target=\"_blank\" rel=\"noopener\">Il distanziamento sociale<\/a><\/strong><span data-contrast=\"none\"><strong>\u202fforzato \u00e8\u202fun&#8217;ulteriore progressione e manifestazione fisica del distanziamento sociale che<\/strong> <strong>pratichiamo da molti anni attraverso la nostra tecnologia?<\/strong>\u202fCi muoviamo e veniamo spinti in un mondo in cui il contatto da uomo a uomo viene sostituito dall&#8217;interazione attraverso la tecnologia.\u202fL&#8217;uso diffuso di Internet e della tecnologia binaria negli ultimi anni ha avuto un effetto dannoso sui corpi non fisici pi\u00f9 fini dell&#8217;essere umano?\u202fSe s\u00ec, come si manifesterebbero quel danno e il danno futuro?<\/span><span data-ccp-props=\"{&quot;201341983&quot;:0,&quot;335559739&quot;:200,&quot;335559740&quot;:276}\">\u00a0<\/span><\/p>\n<blockquote><p><span data-contrast=\"none\">\u201cLe immagini del mondo esterno, fatte interiormente attraverso il cervello, vengono assorbite dal sangue e trasformate in forze vitali formative.\u202fQueste sono le forze che costruiscono il corpo umano;\u202fin altre parole, il sangue \u00e8 la sostanza che costruisce il corpo.\u202fSi tratta di un processo che porta il sangue a contatto con il mondo esterno;\u202fgli permette di trarne la sostanza pi\u00f9 perfetta, l&#8217;ossigeno.\u202fL&#8217;ossigeno rinnova continuamente il sangue, dotandolo di nuova vita.\u202f(<\/span><span data-contrast=\"none\">Rudolf Steiner, Il sangue \u00e8 un fluido molto speciale)<\/span><span data-ccp-props=\"{&quot;201341983&quot;:0,&quot;335559739&quot;:200,&quot;335559740&quot;:276}\">\u00a0<\/span><\/p><\/blockquote>\n<p><span data-ccp-props=\"{&quot;201341983&quot;:0,&quot;335559739&quot;:200,&quot;335559740&quot;:276}\">\u00a0<\/span><span data-contrast=\"none\">Quali forze vitali formative vengono assorbite dal sangue, se le immagini a cui siamo esposti sono sempre pi\u00f9 immagini digitalizzate, prodotte elettronicamente? E il sangue danneggiato dalle iniezioni di mRNA\/DNA, \u00e8 ancora in grado di trasformare le immagini del mondo esterno in forze formative vitali nel modo giusto\/allo stesso modo?<\/span><span data-ccp-props=\"{&quot;201341983&quot;:0,&quot;335559739&quot;:200,&quot;335559740&quot;:276}\">\u00a0<\/span><\/p>\n<p><strong>Abbiamo gi\u00e0 ceduto gran parte della nostra capacit\u00e0 di pensiero a Internet.\u00a0<\/strong><\/p>\n<blockquote><p><span data-contrast=\"none\">\u201cOggi le persone hanno perso la capacit\u00e0 di pensare.\u202fPer esempio oggi abbiamo macchine che sommano e sottraggono;\u202ftutto \u00e8 molto comodo.\u202fIn futuro non approveranno una legge che dice che non devi pensare.\u202fNo. <strong>Quello che accadr\u00e0 \u00e8 che si faranno cose il cui effetto sar\u00e0 quello di escludere ogni pensiero individuale.<\/strong>\u202fQuesto \u00e8 l&#8217;altro polo verso il quale stiamo procedendo.\u202fQuesto \u00e8 connesso con lo sviluppo dell&#8217;Occidente\u201d.\u202f (<\/span><i><span data-contrast=\"none\">Rudolf Steiner O.O.55)<\/span><\/i><\/p><\/blockquote>\n<p><span data-contrast=\"none\">Siamo di fronte a un momento cruciale nella storia umana in cui la tecnologia binaria inizia a entrare nel corpo degli esseri umani, cambiando il percorso evolutivo di coloro che la accettano.\u202f<strong>La tecnologia quantistica biointegrata, &#8220;se sviluppata&#8221;, intrappolerebbe direttamente gli esseri umani nell&#8217;Ottava Sfera.<\/strong><\/span><strong>\u00a0<\/strong><\/p>\n<p><span data-contrast=\"none\">Mastercard, in collaborazione con Gavi per sviluppare un &#8216;\u202f<\/span><a href=\"https:\/\/www.lecanadian.com\/headline-news\/africa-to-become-testing-ground-for-trust-stamp-vaccine-record-and-payment-system.html\" target=\"_blank\" rel=\"noopener\"><span data-contrast=\"none\">Wellness Pass<\/span><\/a><span data-contrast=\"none\">\u202f&#8217;, nel suo ultimo annuncio spiega perfettamente l&#8217;illusione di connessione promessa dal mondo socialmente distanziato che viene imposto all&#8217;umanit\u00e0:<\/span><span data-ccp-props=\"{&quot;201341983&quot;:0,&quot;335559739&quot;:200,&quot;335559740&quot;:276}\">\u00a0<\/span><\/p>\n<blockquote><p><span data-contrast=\"none\">\u201c<\/span><a href=\"https:\/\/www.youtube.com\/watch?v=Zm4uNYSn67o\" target=\"_blank\" rel=\"noopener\"><span data-contrast=\"none\">Separati, ma uniti<\/span><\/a><span data-contrast=\"none\">\u202f\u201d.<\/span><span data-ccp-props=\"{&quot;201341983&quot;:0,&quot;335559739&quot;:200,&quot;335559740&quot;:276}\">\u00a0<\/span><\/p><\/blockquote>\n<p><strong>Il mondo online ci unisce davvero e crea una nuova sfera di libert\u00e0?\u00a0<\/strong><\/p>\n<p><span data-ccp-props=\"{&quot;201341983&quot;:0,&quot;335551550&quot;:2,&quot;335551620&quot;:2,&quot;335559739&quot;:200,&quot;335559740&quot;:276}\">\u00a0<\/span><\/p>\n<p style=\"text-align: center;\"><span data-ccp-props=\"{&quot;201341983&quot;:0,&quot;335559739&quot;:200,&quot;335559740&quot;:276}\"><img decoding=\"async\" src=\"https:\/\/cdn-5e7fd7e5f911c90ca005456c.closte.com\/wp-content\/uploads\/2021\/12\/Inverted-World.png\" \/>\u00a0<\/span><\/p>\n<blockquote><p><span data-contrast=\"none\">\u201cQuei mondi virtuali del 2060, a cui un numero incalcolabile di esseri umani sacrificher\u00e0 le proprie forze dell&#8217;anima, non saranno costituiti da insiemi limitati di scenari alternativi programmati da sviluppatori di software umani, come lo sono oggi i giochi per computer.\u202fSaranno programmati in tempo reale dai giganteschi supercomputer, che adatteranno continuamente le scene e le trame del gioco ai pensieri e alle risposte emotive del singolo giocatore.\u202fOgni giocatore vivr\u00e0 nel suo mondo personale.\u202f<strong>Sar\u00e0 l&#8217;ultima scissione dell&#8217;umanit\u00e0<\/strong>&#8220;.\u202f\u2013\u202f<\/span><a href=\"https:\/\/www.option3.co.uk\/diagrams\/\" target=\"_blank\" rel=\"noopener\"><span data-contrast=\"none\">Paul Emberson Ricercatore Sovrasensibile tra 50 anni, Anthro Tech Newsletter 2009<\/span><\/a><span data-ccp-props=\"{&quot;201341983&quot;:0,&quot;335559739&quot;:200,&quot;335559740&quot;:276}\">\u00a0<\/span><\/p><\/blockquote>\n<p><span data-contrast=\"none\">Il nuovo sistema educativo che viene introdotto, preparer\u00e0 i nostri figli ad accettare questo futuro.<\/span><span data-ccp-props=\"{&quot;201341983&quot;:0,&quot;335559739&quot;:200,&quot;335559740&quot;:276}\">\u00a0<\/span><\/p>\n<blockquote><p><span data-contrast=\"none\">&#8220;\u00c8 un sistema molto decentralizzato, ma \u00e8 un&#8217;istruzione che mette l&#8217;individuo al centro, quindi tutto ci\u00f2 che ascolti, l&#8217;apprendimento personalizzato e i piani educativi individuali, \u00e8 come ci fosse un grande maestro e tu sei il centro del tuo universo. Intorno a te ci sono non insegnanti o scuole, me le loro numerose interfacce digitali, dispositivi e piattaforme di raccolta dati\u2026\u201d \u2013\u202f<\/span><a href=\"https:\/\/www.youtube.com\/watch?v=JtIfa5OQ4EQ\" target=\"_blank\" rel=\"noopener\"><span data-contrast=\"none\">Alison McDowell I pericoli della riforma dell&#8217;istruzione.<\/span><\/a><span data-ccp-props=\"{&quot;201341983&quot;:0,&quot;335559739&quot;:200,&quot;335559740&quot;:276}\">\u00a0<\/span><\/p><\/blockquote>\n<p style=\"text-align: center;\"><span data-ccp-props=\"{&quot;201341983&quot;:0,&quot;335559739&quot;:200,&quot;335559740&quot;:276}\"> <img decoding=\"async\" src=\"https:\/\/cdn-5e7fd7e5f911c90ca005456c.closte.com\/wp-content\/uploads\/2021\/12\/WEF-Metavers-for-Children-Compressed-scaled.jpg\" \/><\/span><\/p>\n<p>&nbsp;<\/p>\n<blockquote><p><span data-contrast=\"none\">&#8220;La differenza tra essere offline e online sar\u00e0 molto pi\u00f9 difficile da delineare&#8221;.\u202f\u2013\u202f<\/span><a href=\"https:\/\/www.weforum.org\/agenda\/2021\/10\/facebook-meta-what-is-the-metaverse\/\" target=\"_blank\" rel=\"noopener\"><span data-contrast=\"none\">World Economic Forum Cos&#8217;\u00e8 il metaverso?\u202fE perch\u00e9 dovremmo preoccuparci?<\/span><\/a><span data-ccp-props=\"{&quot;201341983&quot;:0,&quot;335559739&quot;:200,&quot;335559740&quot;:276}\">\u00a0<\/span><\/p><\/blockquote>\n<p><span data-contrast=\"none\">\u00c8 importante capire che gli aspetti superiori e inferiori dei mondi non fisici non sono sopra di noi e sotto di noi, sono in un certo senso aspetti del nostro essere, sono intorno a noi, dentro di noi, e ci compenetrano in ogni momento.\u202fSe ti connetti al <em>metaverso<\/em>, ti connetti a esseri specifici (potenziali d&#8217;azione dinamici e coscienti) che hanno determinate qualit\u00e0.\u202f<strong>Il <em>metaverso<\/em> \u00e8 un meccanismo che ti priver\u00e0 nel tempo della possibilit\u00e0 di un&#8217;azione indipendente e libera.\u202f<\/strong>Quando i nostri figli e le generazioni successive riverseranno la loro divinit\u00e0 in quella sfera di attivit\u00e0, perderanno qualcosa.<\/span><span data-ccp-props=\"{&quot;201341983&quot;:0,&quot;335559739&quot;:200,&quot;335559740&quot;:276}\">\u00a0<\/span><\/p>\n<p><span data-contrast=\"none\">Rendere la nostra mente una componente di Internet pu\u00f2 inizialmente sembrare di darci abilit\u00e0 incredibili, ma nel processo di assimilazione, non diventeremo padroni delle nostre menti, tutte le abilit\u00e0 che riceviamo saranno date o acquistate.\u202fLa padronanza della nostra mente \u00e8 il punto di partenza per diventare padroni di noi stessi, il che ci d\u00e0 il potenziale, man mano che ci sviluppiamo, per partecipare sempre pi\u00f9, consapevolmente, all&#8217;effettivo processo di creazione della realt\u00e0.<\/span><span data-ccp-props=\"{&quot;201341983&quot;:0,&quot;335559739&quot;:200,&quot;335559740&quot;:276}\">\u00a0<\/span><\/p>\n<p><span data-contrast=\"none\">I mondi all&#8217;interno del <em>Metaverso<\/em> che costruiamo possono sembrare estremamente liberi, ma la struttura su cui sono costruiti quei mondi \u00e8 in realt\u00e0 l&#8217;antitesi di un mondo all&#8217;interno del quale possiamo sviluppare la vera libert\u00e0.<strong>\u202fSteiner<\/strong> spiega che l&#8217;unico atto veramente libero che possiamo intraprendere nella vita \u00e8 l&#8217;atto della meditazione.<\/span><span data-ccp-props=\"{&quot;201341983&quot;:0,&quot;335559739&quot;:200,&quot;335559740&quot;:276}\">\u00a0<\/span><\/p>\n<blockquote><p><strong>\u201cQuando si comincia a meditare, si compie l&#8217;unico atto veramente libero in questa vita umana&#8230; in questo siamo completamente liberi.\u202fLa meditazione \u00e8 l&#8217;archetipo dell&#8217;atto libero.\u202f\u2013 Rudolf Steiner (OO 214, 20.8.1922)\u00a0<\/strong><\/p><\/blockquote>\n<p><span data-contrast=\"none\">Quando scegliamo di meditare, specialmente una meditazione che rafforza la volont\u00e0, che richiede uno sforzo, lo facciamo completamente da noi stessi, niente ci obbliga.\u202fPensate alla miriade di attivit\u00e0 che intraprendiamo ogni giorno, mangiamo perch\u00e9 abbiamo fame, facciamo questo e quello perch\u00e9 abbiamo voglia di farlo, lavoriamo per poter mangiare o per fare le cose che vorremmo, e cos\u00ec via. Quando raggiungiamo un punto in cui abbiamo la padronanza dei tre elementi dell&#8217;anima;<strong>\u202fpensare, sentire e volere<\/strong>, allora questi elementi diventano silenziosi, per cos\u00ec dire, cessano di costringerci.\u202fDiventiamo liberi di connetterli come vogliamo, non esercitano di per s\u00e9 alcuna influenza su di noi.<\/span><span data-ccp-props=\"{&quot;201341983&quot;:0,&quot;335559739&quot;:200,&quot;335559740&quot;:276}\">\u00a0<\/span><\/p>\n<p><span data-contrast=\"none\">La libert\u00e0 di sperimentare e di abbandonarsi a ogni immaginabile impressione sensoriale all&#8217;interno della realt\u00e0 virtuale \u00e8 un certo tipo di libert\u00e0, ma non \u00e8 un meccanismo mediante il quale rafforziamo il principio creativo centrale a cui ci riferiamo quando diciamo &#8220;Io Sono&#8221;.\u202fAl contrario, \u00e8 proprio il meccanismo che, nel tempo, distrugger\u00e0 ci\u00f2 che \u00e8 il centro di ci\u00f2 che tutti siamo, il principio in noi che \u00e8 allo stesso tempo il pi\u00f9 individuale e tuttavia universale.\u202f<\/span><\/p>\n<p><span data-contrast=\"none\">Abbiamo tutti lo stesso nome.\u202fCi chiamiamo tutti \u201cio\u201d.\u202fSe non \u00e8 cos\u00ec, allora perch\u00e9 appendiamo il nostro nome al nostro &#8220;io&#8221;, per cos\u00ec dire?\u202fPerch\u00e9 lo mettiamo prima del nostro nome di battesimo?\u202fNon diciamo che Jane sia &#8220;io&#8221; o John sia &#8220;io&#8221;.\u202fL&#8217;io \u00e8 il centro di ci\u00f2 che siamo e lo rafforziamo equilibrando e diventando padroni delle pressioni esterne e interne che cercano di influenzarci ogni minuto di ogni giorno.\u202f<\/span><\/p>\n<p><iframe src=\"https:\/\/cs.ilgiardinodeilibri.it\/data\/partner\/4507\/wg_manu_4784.html?_=1644918701\" width=\"600\" height=\"646\" frameborder=\"0\" scrolling=\"no\"><\/iframe><\/p>\n<p><span data-contrast=\"none\">Quando ci abbandoniamo completamente a qualsiasi impressione sensoriale che desideriamo, non stiamo diventando padroni di noi stessi.\u202fQuesto non vuol dire che non possiamo godere delle impressioni sensoriali!\u202fVuoi essere il padrone di te stesso o uno schiavo di te stesso?\u202fLa battaglia per vivere in un mondo di libert\u00e0 o in uno di schiavit\u00f9 \u00e8 combattuta nel cuore di ogni singolo essere umano.\u202fPossiamo ottenere un <em>feedback<\/em> su come stiamo andando, guardando il mondo esterno!\u202fChi non ha avuto abbastanza opportunit\u00e0 per crescere e raggiungere cos\u00ec il punto in cui pu\u00f2 poi scegliere consapevolmente il proprio destino, e ad un certo punto il sentiero bianco, o chi arriva al punto di scegliere, e sceglie consapevolmente il sentiero nero, a un certo punto, in un certo tempo non potr\u00e0 esistere all&#8217;interno della struttura energetica superiore che segue la fase terrestre della nostra evoluzione; una fase che sar\u00e0 abitata da quelle anime che lavorano per lo sviluppo del S\u00e9 Spirituale, dello Spirito Vitale e dell&#8217;Uomo Spirito.<\/span><span data-ccp-props=\"{&quot;201341983&quot;:0,&quot;335559739&quot;:200,&quot;335559740&quot;:276}\">\u00a0<\/span><\/p>\n<blockquote><p><span data-contrast=\"none\">\u201cSe non usi i tuoi poteri, verranno altri che li metteranno in pratica.\u202fAllora un mondo sovrasensibile incorporer\u00e0 tutto il frutto del regno sensibile, ma il terreno su cui ti trovi verr\u00e0 strappato via da sotto i tuoi piedi.\u202fIl mondo purificato si svilupper\u00e0 al di l\u00e0 di te.\u202fNe sarai escluso.\u202fSe questa \u00e8 la tua scelta, allora la tua \u00e8 la strada nera.\u202fMa quelli da cui ti separi percorrono il sentiero bianco\u201d.\u202f(Rudolf Steiner Come si consegue la conoscenza dei mondi superiori? Il grande guardiano della soglia).<\/span><span data-ccp-props=\"{&quot;201341983&quot;:0,&quot;335559739&quot;:200,&quot;335559740&quot;:276}\">\u00a0<\/span><\/p><\/blockquote>\n<p><span data-contrast=\"none\">Qui <strong>Steiner<\/strong> sembra riferirsi a coloro che si sono sviluppati a un certo livello, ma scelgono un percorso di servizio a se stessi.\u202fColoro la cui manifestazione dell'&#8221;io&#8221; \u00e8 ridotta e danneggiata nel tempo attraverso mezzi tecnologici e di altro tipo, sono, per quanto l&#8217;autore comprende, in una categoria leggermente diversa da coloro che scelgono il sentiero nero, sebbene entrambe le categorie saranno escluse come affermato.\u202fNon per qualche tipo di giudizio, ma <strong>semplicemente per il fatto che non avranno sviluppato un corpo spirituale che sia in grado di esistere in stati energetici superiori dell&#8217;essere.<\/strong><\/span><span data-ccp-props=\"{&quot;201341983&quot;:0,&quot;335559739&quot;:200,&quot;335559740&quot;:276}\">\u00a0<\/span><\/p>\n<p><span data-contrast=\"none\">Ci deve essere un meccanismo attraverso il quale le strutture energetiche coerenti siano separate da quelle incoerenti.<\/span><span data-ccp-props=\"{&quot;201341983&quot;:0,&quot;335559739&quot;:200,&quot;335559740&quot;:276}\">\u00a0<\/span><\/p>\n<blockquote><p><span data-contrast=\"none\">&#8220;L&#8217;Ottava Sfera non \u00e8 un luogo fisico, \u00e8 uno stato dell&#8217;essere, una condizione, in cui l'&#8221;io&#8221; \u00e8 cos\u00ec distrutto che non \u00e8 possibile alcuna azione libera da parte di una persona.&#8221;\u202f\u2013 Frank Burdich, ricercatore soprasensibile<\/span><span data-ccp-props=\"{&quot;201341983&quot;:0,&quot;335559739&quot;:200,&quot;335559740&quot;:276}\">\u00a0<\/span><\/p><\/blockquote>\n<p><span data-contrast=\"none\">Perch\u00e9 abbiamo bisogno delle forze della morte e del decadimento di cui fa parte l&#8217;Ottava Sfera?\u202fSe immaginiamo un esempio fisico, allora potrebbe essere pi\u00f9 facile immaginare gli aspetti spirituali.\u202fImmagina un mondo senza morte e decadenza, un posto del genere non sarebbe in grado di funzionare a lungo.\u202fTutto ci\u00f2 che non ha raggiunto un certo livello di sviluppo sar\u00e0 trascinato nell&#8217;Ottava Sfera, solo i frutti spirituali che escono dalla parte fisica della Terra della nostra evoluzione andranno avanti.\u202fQuesto non vuol dire che quelle anime che non vanno avanti questa volta saranno completamente perse.\u202f<strong>Probabilmente avranno un&#8217;altra possibilit\u00e0, ma dovranno iniziare dall&#8217;inizio e ricostruirsi.<\/strong><\/span><strong>\u00a0<\/strong><\/p>\n<p><span data-contrast=\"none\">Quando si cerca di comprendere un argomento cos\u00ec impegnativo come l&#8217;Ottava Sfera e la sua relazione con il <em>Metaverso<\/em>, \u00e8 utile tenere a mente la pi\u00f9 alta potenzialit\u00e0 di ci\u00f2 che un essere umano pu\u00f2 diventare.\u202fUna possibilit\u00e0 resa possibile solo dalla struttura della coscienza in cui ci troviamo, una struttura che include l&#8217;Ottava Sfera, le forze della morte e del decadimento e tutte quelle qualit\u00e0 che chiamiamo male.\u202fSe chiamassimo il male <em>\u201cstrutture di apprendimento fuori posto e in disequilibrio\u201d<\/em> allora potremmo non scivolare cos\u00ec facilmente nel pauroso pensiero dualista.<\/span><span data-ccp-props=\"{&quot;201341983&quot;:0,&quot;335559739&quot;:200,&quot;335559740&quot;:276}\">\u00a0<\/span><\/p>\n<blockquote><p><span data-contrast=\"none\">\u201cL&#8217;uomo \u00e8 oggi essenzialmente una coscienza, o un essere cosciente, mentre per molti versi la sua volont\u00e0 \u00e8 limitata.\u202fComprende il mondo circostante come una totalit\u00e0, cio\u00e8 fino a un certo punto, ma non ha un controllo reale su tutto ci\u00f2 che penetra con la sua conoscenza.\u202fQuesto controllo della sua volont\u00e0 \u00e8 uno sviluppo del futuro, e diventer\u00e0 sempre pi\u00f9 forte fino a quando non raggiunger\u00e0 quell&#8217;obiettivo centrale dell&#8217;esistenza noto alla scienza spirituale come <strong>&#8220;il grande sacrificio&#8221;<\/strong>, a significare il potere della volont\u00e0 di sacrificarsi completamente, non solo in gocce di sacrificio umano del tipo di cui \u00e8 capace oggi l&#8217;uomo con i suoi deboli sentimenti presenti e la sua forza di volont\u00e0.\u202fIn futuro avr\u00e0 sviluppato la forza di sacrificare tutto il suo essere lasciandolo fluire direttamente nella sostanza materiale.<\/span><span data-ccp-props=\"{&quot;201341983&quot;:0,&quot;335559739&quot;:200,&quot;335559740&quot;:276}\">\u00a0<\/span><\/p>\n<p><span data-contrast=\"none\">Ci si pu\u00f2 immaginare questo \u201cgrande sacrificio\u201d, la pi\u00f9 alta espressione di volont\u00e0 nella natura divina, immaginando se stessi davanti a uno specchio in cui si riflette la propria immagine.\u202fQuesta immagine \u00e8, ovviamente, un&#8217;illusione, una parvenza.\u202fOra porta questa immagine fino al punto di immaginarti morire, sacrificando la tua esistenza, il tuo sentimento e pensiero, il tuo stesso essere, per iniettare vita in quell&#8217;immagine.\u202fLa scienza spirituale in tutte le epoche ha chiamato questo fenomeno &#8220;l&#8217;effusione&#8221;, &#8220;l&#8217;emanazione&#8221;.\u202fSe poteste davvero fare questo sacrificio, sarebbe chiaro che non sareste pi\u00f9 qui perch\u00e9 avreste ceduto tutto il vostro essere a questa immagine riflessa per impregnarla di vita e di coscienza.<\/span><span data-ccp-props=\"{&quot;201341983&quot;:0,&quot;335559739&quot;:200,&quot;335559740&quot;:276}\">\u00a0<\/span><\/p>\n<p><span data-contrast=\"none\">Quando la volont\u00e0 \u00e8 divenuta capace di compiere il \u201cgrande sacrificio\u201d, crea effettivamente\u202f<\/span><b><span data-contrast=\"none\">un universo, grande o piccolo che sia, la cui missione le \u00e8 conferita dal suo creatore<\/span><\/b><span data-contrast=\"none\">.\u202fTale \u00e8 la volont\u00e0 creatrice nell&#8217;Essere Divino.<\/span><span data-ccp-props=\"{&quot;201341983&quot;:0,&quot;335559739&quot;:200,&quot;335559740&quot;:276}\">\u00a0<\/span><\/p>\n<p><span data-contrast=\"none\">Il secondo principio nella divinit\u00e0, lo Spirito Vitale, in quanto \u00e8 fluito nell&#8217;umanit\u00e0, \u00e8 gi\u00e0 stato indicato nel confronto che si \u00e8 fatto con lo specchio.\u202fQuesto secondo principio \u00e8 l&#8217;immagine riflessa stessa.<\/span><span data-ccp-props=\"{&quot;201341983&quot;:0,&quot;335559739&quot;:200,&quot;335559740&quot;:276}\">\u00a0<\/span><\/p>\n<p><span data-contrast=\"none\">Immaginate ora l&#8217;interiorit\u00e0 di una Divinit\u00e0 che ha cos\u00ec creato un universo, con s\u00e9 stessa come centro.\u202fSe, ad esempio, vi immaginate come il punto centrale di questa stanza, circondato non da queste sei superfici di pareti, soffitto e pavimento, ma da un globo cavo che ne riflette il contenuto, vi vedrete, come il punto centrale, riflesso da tutte le parti, dappertutto.\u202fAllo stesso modo potete immaginare una Divinit\u00e0 come una volont\u00e0 centrale, riflessa da tutti i lati, e lo specchio \u00e8 sia immagine della Divinit\u00e0 che dell&#8217;universo.\u202fPerch\u00e9, <strong>cos&#8217;\u00e8 un universo?\u202fNient&#8217;altro che uno specchio della natura essenziale della Divinit\u00e0.<\/strong><\/span><strong>\u00a0<\/strong><\/p>\n<p><span data-contrast=\"none\">L&#8217;universo vive e si muove perch\u00e9 in esso si riversa la Divinit\u00e0 \u2014 l&#8217;\u201ceffusione\u201d \u2014 quando la Divinit\u00e0 fa il \u201cgrande sacrificio\u201d e si riflette nell&#8217;universo.\u202f<\/span><b><span data-contrast=\"none\">Il riversarsi della vita e dell&#8217;essere in un&#8217;immagine riflessa \u00e8 un&#8217;immagine esatta di questo processo creativo divino<\/span><\/b><span data-contrast=\"none\">.<\/span><span data-ccp-props=\"{&quot;201341983&quot;:0,&quot;335559739&quot;:200,&quot;335559740&quot;:276}\">\u00a0<\/span><\/p>\n<p><span data-contrast=\"none\">La volont\u00e0 divina si esprime nella diversit\u00e0 infinita, animando cos\u00ec l&#8217;intero universo.\u202fNella scienza spirituale, questo processo della Divinit\u00e0 che si ripete nella differenziazione infinita, nella molteplicit\u00e0, \u00e8 noto come <strong>\u201cil regno\u201d<\/strong>, distinto dalla volont\u00e0 stessa.\u202fLa volont\u00e0 \u00e8 il punto centrale;\u202fil suo riflesso \u00e8 il regno.\u202fLa volont\u00e0 \u00e8 in questo senso paragonabile all&#8217;Uomo Spirito;\u202fil regno, o immagine riflessa della volont\u00e0, con lo Spirito Vitale.<\/span><span data-ccp-props=\"{&quot;201341983&quot;:0,&quot;335559739&quot;:200,&quot;335559740&quot;:276}\">\u00a0<\/span><\/p>\n<p><span data-contrast=\"none\">Il regno, a sua volta, riproduce l&#8217;essere del Divino in una variet\u00e0 infinita.\u202fOsservatelo pienamente, almeno nella misura in cui \u00e8 il nostro regno, la nostra molteplicit\u00e0 o universo.\u202fOsservate le sue manifestazioni visibili in minerali, piante, animali ed esseri umani.\u202fIl regno si manifesta in ogni essere separato di tutti questi, un fatto che anche il nostro linguaggio esprime nei termini \u201cregno minerale\u201d, \u201cregno vegetale\u201d, \u201cregno animale\u201d e tutte le grandi divisioni del nostro universo.\u202fIl regno \u00e8 tutto questo;\u202fognuno di questi, a sua volta, \u00e8 un regno, e se osserviamo la massa di dettagli coinvolti, troviamo che la natura di tutto \u00e8 divina.\u202fIn tutti loro si riflette l&#8217;essere divino, proprio come l&#8217;essere centrale si riflette in un globo cavo.<\/span><span data-ccp-props=\"{&quot;201341983&quot;:0,&quot;335559739&quot;:200,&quot;335559740&quot;:276}\">\u00a0<\/span><\/p>\n<p><span data-contrast=\"none\">Cos\u00ec un osservatore, guardando il mondo nel senso della ricerca spirituale, vede Dio riflesso in ogni essere umano come espressione e immagine del Divino.\u202fIn una serie graduata di esseri, in infinita diversit\u00e0, la Divinit\u00e0 appare nel regno e le entit\u00e0 separate si distinguono l&#8217;una dall&#8217;altra, nel senso della scienza spirituale, dai loro nomi.\u202fUn osservatore in uno stadio dell&#8217;esistenza sufficientemente elevato da considerare tutte queste entit\u00e0 separate come &#8220;emanazioni&#8221; o &#8220;effusione&#8221; del Divino, \u00e8 in grado di dare a queste entit\u00e0 i loro nomi, di dare a ciascuna manifestazione del Divino il suo nome.<\/span><br \/>\n<span data-contrast=\"none\">Di tutti gli esseri nell&#8217;universo, solo l&#8217;uomo pensa il nome di ciascuno dei membri separati della grande molteplicit\u00e0 del regno, distinguendo ciascuno da tutti gli altri.\u202fLa volont\u00e0, come abbiamo notato, \u00e8 paragonabile all&#8217;Uomo Spirito;\u202fil regno, o immagine riflessa in cui la volont\u00e0 \u00e8 stata \u201ceffusa\u201d, \u00e8 paragonabile allo spirito della vita.\u202fIl terzo dei tre pi\u00f9 alti principi umani che emanano dal Divino, mediante il quale i membri separati della grande molteplicit\u00e0 del regno sono distinti l&#8217;uno dall&#8217;altro e nominati separatamente, \u00e8 paragonabile al S\u00e9 Spirituale.\u202fLa scienza occulta delle diverse religioni ha quindi semplicemente insegnato ci\u00f2 che emanava dalla Divinit\u00e0 e fluiva in una persona per diventare la sua immagine o archetipo eterno.<\/span><span data-ccp-props=\"{&quot;201341983&quot;:0,&quot;335559739&quot;:200,&quot;335559740&quot;:276}\">\u00a0<\/span><\/p>\n<p><span data-contrast=\"none\">Quindi, se poteste vedervi in \u200b\u200bquella condizione alla quale dovreste finalmente elevarvi &#8211; la condizione di uomo spirituale &#8211; riconoscereste la sua natura simile alla volont\u00e0.<\/span><br \/>\n<span data-contrast=\"none\">Se vi elevaste col pensiero alla comprensione del veicolo della volont\u00e0 (Uomo Spirito) \u2014 in altre parole, allo Spirito Vitale \u2014 vedreste che \u00e8 il regno che lo rappresenta nella sfera divina.<\/span><span data-ccp-props=\"{&quot;201341983&quot;:0,&quot;335559739&quot;:200,&quot;335559740&quot;:276}\">\u00a0<\/span><\/p>\n<p><span data-contrast=\"none\">Se riuscirete a penetrare ci\u00f2 che i nomi, le concezioni o le idee delle cose realmente significano in spirito, vedrete che \u00e8 il nome che rappresenta questa saggezza nella sfera divina.<\/span><span data-ccp-props=\"{&quot;201341983&quot;:0,&quot;335559739&quot;:200,&quot;335559740&quot;:276}\">\u00a0<\/span><\/p>\n<p><span data-contrast=\"none\">Cos\u00ec l&#8217;antico insegnamento rivela che l&#8217;emanazione della Divinit\u00e0, che \u00e8 confluita nella natura umana per formarne la parte eterna, <strong>consiste nel nome, nel regno, nella volont\u00e0<\/strong>.\u202fCos\u00ec quella che \u00e8 chiamata la triade superiore nell&#8217;uomo \u00e8 riconoscibile come parte del Divino.<\/span><span data-ccp-props=\"{&quot;201341983&quot;:0,&quot;335559739&quot;:200,&quot;335559740&quot;:276}\">\u00a0<\/span><\/p>\n<p><span data-contrast=\"none\">Per completare questo quadro, pensate ai quattro principi inferiori della natura umana peritura.\u202fI tre principi superiori possono essere considerati, lo sappiamo, come principi della Divinit\u00e0.\u202fAllo stesso modo, i quattro principi inferiori possono essere considerati come del mondo perituro, come principi umani\u201d.\u202f(Rudolf Steiner, O.O.96)<\/span><\/p><\/blockquote>\n<p><span data-ccp-props=\"{&quot;201341983&quot;:0,&quot;335559739&quot;:200,&quot;335559740&quot;:276}\"><img decoding=\"async\" src=\"https:\/\/cdn-5e7fd7e5f911c90ca005456c.closte.com\/wp-content\/uploads\/2021\/04\/Initiation-Logo-copy.png\" \/><\/span><\/p>\n<p>&nbsp;<\/p>\n<p><span data-contrast=\"none\">Il nostro universo \u00e8 una tale creazione?\u202fIl centro di ci\u00f2 che siamo \u00e8 una parte dell&#8217;essere che ha creato il nostro universo?\u202fSiamo manifestazioni individuate all&#8217;interno di quella creazione che si sono risvegliate all&#8217;autocoscienza, che ora in un certo senso guardano indietro verso noi stessi e chiedono chi siamo?<\/span><span data-ccp-props=\"{&quot;201341983&quot;:0,&quot;335559739&quot;:200,&quot;335559740&quot;:276}\">\u00a0<\/span><\/p>\n<p><span data-contrast=\"none\">Vogliamo imparare un giorno a riversare la nostra divinit\u00e0 e creare effettivamente universi o giocare a creare universi mentre versiamo la nostra divinit\u00e0 nel <em>Metaverso<\/em>, un processo mediante il quale sacrifichiamo la nostra essenza divina ai poteri avversari?<\/span><span data-ccp-props=\"{&quot;201341983&quot;:0,&quot;335559739&quot;:200,&quot;335559740&quot;:276}\">\u00a0<\/span><\/p>\n<p><strong>\u00c8 tempo di scegliere.\u00a0<\/strong><\/p>\n<p><span data-contrast=\"none\">\u202f<\/span><span data-ccp-props=\"{&quot;201341983&quot;:0,&quot;335559739&quot;:200,&quot;335559740&quot;:276}\">\u00a0<\/span><\/p>\n<p><em>David O&#8217;Hagan\u00a0<\/em><\/p>\n<p><span data-contrast=\"none\">Dicembre 2021<\/span><span data-ccp-props=\"{&quot;201341983&quot;:0,&quot;335559739&quot;:200,&quot;335559740&quot;:276}\">\u00a0<\/span><\/p>\n<blockquote><p><span data-contrast=\"none\">** \u201cQui abbiamo uno dei grandi problemi che possono sorgere quando vengono presentate verit\u00e0 relative al mondo non fisico.\u202fEppure la risposta deve sempre essere che \u00e8 <strong>semplicemente necessario presentare queste verit\u00e0 oggi.<\/strong>\u202fNon dobbiamo dimenticare che le verit\u00e0 relative al mondo non fisico non possono essere ricevute nello stesso stato d&#8217;animo delle verit\u00e0 relative al mondo fisico.\u202fPer accoglierle dobbiamo allentare leggermente i corpi eterico e astrale;\u202faltrimenti ascolteremo solo parole.\u202fLo stato d&#8217;animo deve essere tale \u2014 e in riferimento ai fenomeni della vita interiore soggettiva \u00e8 semplicemente uno stato d&#8217;animo \u2014 che per ogni reale comprensione delle cose dello spirito bisogna sciogliere un po&#8217; i corpi eterico e astrale .\u202fQuesto allentamento dovrebbe essere solo un mezzo per acquisire comprensione del mondo dello spirito.\u202fNon deve diventare fine a se stesso;\u202fsarebbe una cosa molto seria.\u202f\u201d (Rudolf Steiner 1. Ottobre 1917)<\/span><\/p><\/blockquote>\n<p><span data-contrast=\"none\">Non \u00e8 proprio possibile essere nel giusto stato d&#8217;animo quando si legge da un computer connesso a internet soprattutto se connesso tramite wi-fi!<\/span><span data-ccp-props=\"{&quot;201341983&quot;:0,&quot;335559739&quot;:100,&quot;335559740&quot;:276}\">\u00a0<\/span><\/p>\n<p><em>Tradotto dall&#8217;inglese da Diana Ambanelli per LiberoPensare<\/em><\/p>\n<p><em><a href=\"https:\/\/www.option3.co.uk\/the-eighth-sphere\/\" target=\"_blank\" rel=\"noopener\">Fonte<\/a><\/em><\/p>\n","protected":false},"excerpt":{"rendered":"<p>\u201cIl metaverso \u00e8 la prossima versione di Internet.\u202fMa invece che in pagine Web statiche, ti catapulter\u00e0 in un mondo coinvolgente simile a un gioco.\u202fPensa al metaverso come a un enorme mondo virtuale in cui puoi andare a lavorare, imparare, creare arte, fare acquisti, guardare concerti, uscire con gli amici e tantissime altre attivit\u00e0 che si [&hellip;]<\/p>\n","protected":false},"author":2,"featured_media":61523,"comment_status":"closed","ping_status":"closed","sticky":false,"template":"","format":"standard","meta":{"footnotes":""},"categories":[903],"tags":[949,2155,2261,2263,2259,2255,851,165,2262,2260,1226,2257,2258,1953,192,336,63,2256],"class_list":["post-61522","post","type-post","status-publish","format-standard","has-post-thumbnail","hentry","category-rassegna","tag-bill-gates","tag-dag-hammarskjold","tag-david-deutsch","tag-david-ohagan","tag-david-spangler","tag-eric-schmidt","tag-evidenza","tag-facebook","tag-frank-burdich","tag-geordie-rose","tag-george-soros","tag-henry-barnes","tag-lucis-trust","tag-metaverso","tag-ottava-sfera","tag-paul-emberson","tag-rudolf-steiner","tag-zultan-istvan"],"_links":{"self":[{"href":"https:\/\/www.liberopensare.com\/en\/wp-json\/wp\/v2\/posts\/61522","targetHints":{"allow":["GET"]}}],"collection":[{"href":"https:\/\/www.liberopensare.com\/en\/wp-json\/wp\/v2\/posts"}],"about":[{"href":"https:\/\/www.liberopensare.com\/en\/wp-json\/wp\/v2\/types\/post"}],"author":[{"embeddable":true,"href":"https:\/\/www.liberopensare.com\/en\/wp-json\/wp\/v2\/users\/2"}],"replies":[{"embeddable":true,"href":"https:\/\/www.liberopensare.com\/en\/wp-json\/wp\/v2\/comments?post=61522"}],"version-history":[{"count":0,"href":"https:\/\/www.liberopensare.com\/en\/wp-json\/wp\/v2\/posts\/61522\/revisions"}],"wp:featuredmedia":[{"embeddable":true,"href":"https:\/\/www.liberopensare.com\/en\/wp-json\/wp\/v2\/media\/61523"}],"wp:attachment":[{"href":"https:\/\/www.liberopensare.com\/en\/wp-json\/wp\/v2\/media?parent=61522"}],"wp:term":[{"taxonomy":"category","embeddable":true,"href":"https:\/\/www.liberopensare.com\/en\/wp-json\/wp\/v2\/categories?post=61522"},{"taxonomy":"post_tag","embeddable":true,"href":"https:\/\/www.liberopensare.com\/en\/wp-json\/wp\/v2\/tags?post=61522"}],"curies":[{"name":"wp","href":"https:\/\/api.w.org\/{rel}","templated":true}]}}