{"id":61585,"date":"2022-02-18T13:29:17","date_gmt":"2022-02-18T12:29:17","guid":{"rendered":"https:\/\/www.liberopensare.com\/?p=61585"},"modified":"2022-02-18T13:30:34","modified_gmt":"2022-02-18T12:30:34","slug":"assuefatti-allemergenza","status":"publish","type":"post","link":"https:\/\/www.liberopensare.com\/en\/assuefatti-allemergenza\/","title":{"rendered":"Assuefatti all&#8217;emergenza"},"content":{"rendered":"<p>La nuova normalit\u00e0: finita l\u2019emergenza, il rischio assuefazione alle misure emergenziali ancora in vigore<\/p>\n<div class=\"content\">\n<p>&nbsp;<\/p>\n<p>Inesorabilmente, stiamo arrivando alla normalizzazione dell\u2019emergenza, cio\u00e8 a quella che gli esperti in servizio televisivo permanente definiscono <em>\u201cla nuova normalit\u00e0\u201d,<\/em> quasi a scimmiottare (chiss\u00e0 se in maniera consapevole o inconsapevole)\u00a0<em>\u201cIl mondo nuovo\u201d<\/em>\u00a0di <strong>Huxley<\/strong>, quello in cui l\u2019imposizione di un presunto benessere collettivo soppianta qualsiasi slancio individuale.<\/p>\n<p>In effetti, da qualche giorno si sta verificando un fenomeno molto bizzarro: l\u2019infodemia con cui gli italiani sono stati bombardati per due anni sta scemando proprio in coincidenza con l\u2019entrata in vigore di misure assai draconiane come l\u2019obbligo del super\u00a0<em>Green Pass<\/em>\u00a0sui luoghi di lavoro per gli over 50.<\/p>\n<p>Insomma, da un lato, l\u2019informazione viene indirizzata verso altre faccende per dare il segnale rassicurante che <em>\u201cl\u2019Italia sta riaprendo e tornando alla normalit\u00e0\u201d<\/em> ma, sotto traccia, <strong>si continua con la gestione oscurantista e costituzionalmente assai discutibile<\/strong>. Sembra quasi che questa apparente contraddizione nasconda un paradigma estremamente pericoloso: <strong>spacciare per ordinario quello che \u00e8 ordinario non \u00e8 affatto e pretendere che la popolazione si abitui a questo stato di cose senza opporre la minima resistenza, anzi esibendo con gioia e vanto il lasciapassare.<\/strong><\/p>\n<p>Nelle prossime settimane, peraltro, la certificazione verde potrebbe diventare terreno di scontro politico e minare il gi\u00e0 traballante equilibrio del governo <strong>Draghi<\/strong>, uscito comunque indebolito dalle elezioni quirinalizie. La sola proposta di abolizione in coincidenza del termine dello stato d\u2019emergenza fissato per il 31 marzo ha compattato il partito dell\u2019emergenza infinita, che si aggrappa al\u00a0<em>Green Pass<\/em>\u00a0con tutte le sue forze. Come prevedibile, non si \u00e8 fatta attendere la reazione della fazione oltranzista e mediaticamente esposta. Per esempio, destano preoccupazione le dichiarazioni rilasciate a\u00a0<em>Repubblica<\/em>\u00a0da <strong>Walter Ricciardi<\/strong>, consulente del Ministero della salute, che ha preconizzato la proroga di obblighi e certificazioni sanitarie per tutto l\u2019anno:<\/p>\n<blockquote><p><strong><em>\u201cDevono diventare i perni della nuova normalit\u00e0\u201d.<\/em><\/strong><\/p><\/blockquote>\n<div class=\"google-auto-placed ap_container\"><script type=\"text\/javascript\">\nvar ml_partners_options = {\n\tpcode : \"3867\",\n\tlogo : \"logo\",\n\timmagini : \"s\",\n\tmaxtitolo : 50,\n\tprezzo : \"s\",\n\tbordocolor : \"09f\",\n\tsconto : \"s\",\n\tricerca : \"s\",\n\tdefaultricerca : \"green pass\",\n\tdefaulttipo : \"Tutte\",\n\txml_id : 5,\n\tmaxprodotti : 20,\n\ttarget : \"_blank\",\n\tlinkcolor : \"09f\",\n\tbgcolor : \"cef\",\n\tbuttoncolor : \"fff\",\n\tprezzocolor : \"f80\",\n\tn_row : 1,\n\tlarghezza : \"100%\",\n};\n<\/script><br \/>\n<script type=\"text\/javascript\" src=\"https:\/\/plus.macrolibrarsi.it\/assets\/widget-partner-v1\/js\/macrolibrarsi.partners.js\"><\/script><\/div>\n<p>Al di l\u00e0 del fatto che, con le ospedalizzazioni sotto controllo e i contagi in picchiata, quelle suggerite da <strong>Ricciardi<\/strong> sarebbero <strong>misure preventive del tutto incompatibili con i principi dell\u2019ordinamento giuridico<\/strong>, resta l\u2019inquietudine provocata dalla leggerezza con la quale si pensa di subordinare all\u2019infinito la vita della gente a un adempimento sanitario da ripetere nel tempo, con il rilascio del relativo sigillo di Stato che consente di lavorare, muoversi e, in sintesi, di campare. Una cosa talmente aberrante che, se qualcuno l\u2019avesse prospettata prima di marzo 2020, lo avremmo osservato con sbigottimento e probabilmente anche con un briciolo di commiserazione. Ora, invece, <strong>questa distopia \u00e8 la nuova normalit\u00e0<\/strong> caldeggiata da alcuni membri del Cts, sempre piuttosto loquaci anche adesso che i venti di guerra stanno spazzando via l\u2019altro \u201cconflitto\u201d combattuto contro il China virus.<\/p>\n<p>Eppure, sorge il sospetto che dall\u2019estremo oriente sia arrivata pure una deleteria ondata autoritaria. Allora, per far digerire la medicina assai amara, occorre tenere in piedi la narrazione tremendista seppure limitando il dosaggio rispetto al passato recente. Con il\u00a0<em>Green Pass<\/em>\u00a0che \u00e8 diventato la nuova divinit\u00e0 oggetto di adorazione, il totem da venerare a reti e testate unificate. Per esempio, secondo quanto dichiarato da <strong>Ciciliano<\/strong>, componente del Cts, al\u00a0<em>Corriere della Sera<\/em><\/p>\n<blockquote><p>\u201cil\u00a0<em>Green Pass<\/em>\u00a0\u00e8 lo strumento che ha consentito al Paese di restare aperto anche nelle fasi pi\u00f9 critiche di questa ultima ondata\u201d.<\/p><\/blockquote>\n<p>Evidentemente, piazze e strade deserte, le attivit\u00e0 di ristorazione in affanno, il commercio annientato, gli alberghi malinconicamente orfani di turisti devono essere frutto di teorie complottiste.<\/p>\n<p>Ma, non pago, il dottor <strong>Ciciliano<\/strong> ha aggiunto che la carta verde all\u2019italiana \u00e8 uno strumento cos\u00ec formidabile che vanta innumerevoli tentativi di imitazione in tutto il mondo. Chiss\u00e0 in quale Paese, visto che alla logica del lasciapassare e del fine emergenza mai ci stiamo assuefacendo solo noi.<\/p>\n<\/div>\n<div class=\"google-auto-placed ap_container\"><iframe src=\"https:\/\/cs.ilgiardinodeilibri.it\/data\/partner\/4507\/wg_manu_4897.html?_=1645150772\" width=\"600\" height=\"646\" frameborder=\"0\" scrolling=\"no\"><\/iframe><\/div>\n<div class=\"content\">\n<p>&nbsp;<\/p>\n<p>\u00c8 sufficiente constatare <strong>la difficolt\u00e0 delle persone a distaccarsi dalla mascherina anche adesso che non \u00e8 pi\u00f9 obbligatoria all\u2019aperto<\/strong>. \u00c8 proprio <strong>Ciciliano<\/strong> a informarci che lui continua a indossarla perch\u00e9 non la ritiene una limitazione alla libert\u00e0. D\u2019altronde, se non batte ciglio sulla questione del certificato sanitario, anzi lo sostiene con fervore, come potrebbe scomporsi per la passeggiata a volto coperto?<\/p>\n<blockquote><p>\u201cIn tanti hanno finito per amarla perch\u00e9 \u00e8 come un burka laico\u201d<\/p><\/blockquote>\n<p>ha rilanciato il professor <strong>Ammaniti<\/strong> sempre dalle colonne del\u00a0<em>Corriere<\/em>. \u00c8 evidente che la paranoica ossessione di gran parte della popolazione per i dispositivi di protezione \u00e8 assai utile sia per il potere che per la grancassa mediatica a supporto delle decisioni governative.<\/p>\n<p><strong>Certifica un meccanismo mentale che in psicologia viene definito sindrome di Stoccolma.<\/strong> Perci\u00f2, va bene tutto: anche il racconto enfatico di <strong>Gramellini<\/strong> sulla nostalgica separazione dalla mascherina o addirittura il rito sciamanico (<em>\u201cla indosso perch\u00e9 porta bene e non mi contagio\u201d<\/em>) che indurrebbe gli italiani a girare mascherati anche in un sentiero isolato.<\/p>\n<p><strong>Ecco come una societ\u00e0 basata sull\u2019ipocondria e sull\u2019irrazionalit\u00e0 viene incanalata verso l\u2019accettazione di un modello di governo etico e autoritario in cui la sorveglianza in stile cinese non risulta opprimente ma incredibilmente rassicurante e per questo invocata dai pi\u00f9.<\/strong><\/p>\n<p>Il tutto trova conferma in un recente intervento a Palazzo Madama del senatore <strong>Sandro Ruotolo<\/strong>, esponente di LeU, il piccolo partito in cui milita anche il ministro <strong>Speranza<\/strong>.<\/p>\n<blockquote><p><em>\u201cNon \u00e8 questo il momento di cedere alla voglia di libert\u00e0\u201d<\/em>,<\/p><\/blockquote>\n<p>ha avvertito <strong>Ruotolo<\/strong>. Probabilmente, <strong>in questa frase c\u2019\u00e8 l\u2019essenza degli ultimi due anni, del sostanziale teorema con cui i cittadini sono stati trasformati in sudditi obbedienti: la libert\u00e0 \u00e8 nemica della salute.<\/strong><\/p>\n<p>Invece, \u00e8 vero il contrario.<\/p>\n<p><strong>Senza libert\u00e0 non c\u2019\u00e8 neppure salute.<\/strong> Come dimostra il fatto che il governo, tra i tanti bonus che elargisce, si \u00e8 preoccupato di istituirne uno anche per il supporto psicologico delle persone annichilite da\u00a0<em>lockdown<\/em>, restrizioni, obblighi, divieti, coprifuoco e, infine, dal detestabile\u00a0<em>Green Pass<\/em>\u00a0che \u00e8 nemico sia della salute che della libert\u00e0.<\/p>\n<p>Perci\u00f2, il buon senso suggerirebbe di abolirlo anche prima del 31 marzo. Invece, sar\u00e0 il perno della nuova normalit\u00e0. Da qui all\u2019eternit\u00e0.<\/p>\n<p>O, forse, sarebbe meglio dire della <strong>nuova anormalit\u00e0<\/strong> in cui i diritti vengono sacrificati, la salute non \u00e8 garantita e la libert\u00e0 viene definitivamente mortificata.<\/p>\n<p><em>Gianluca Spera<\/em><\/p>\n<\/div>\n<p><a href=\"https:\/\/www.atlanticoquotidiano.it\/quotidiano\/la-nuova-normalita-finita-lemergenza-il-rischio-assuefazione-alle-misure-emergenziali-ancora-in-vigore\/\" target=\"_blank\" rel=\"noopener\">Fonte<\/a><\/p>","protected":false},"excerpt":{"rendered":"<p>La nuova normalit\u00e0: finita l\u2019emergenza, il rischio assuefazione alle misure emergenziali ancora in vigore &nbsp; Inesorabilmente, stiamo arrivando alla normalizzazione dell\u2019emergenza, cio\u00e8 a quella che gli esperti in servizio televisivo permanente definiscono \u201cla nuova normalit\u00e0\u201d, quasi a scimmiottare (chiss\u00e0 se in maniera consapevole o inconsapevole)\u00a0\u201cIl mondo nuovo\u201d\u00a0di Huxley, quello in cui l\u2019imposizione di un presunto [&hellip;]<\/p>\n","protected":false},"author":2,"featured_media":61587,"comment_status":"closed","ping_status":"closed","sticky":false,"template":"","format":"standard","meta":{"footnotes":""},"categories":[903],"tags":[1047,2272,2271,851,2269,2273,1063,1083,2274,2270],"class_list":["post-61585","post","type-post","status-publish","format-standard","has-post-thumbnail","hentry","category-rassegna","tag-aldous-huxley","tag-ammaniti","tag-ciciliano","tag-evidenza","tag-gianluca-spera","tag-gramellini","tag-mario-draghi","tag-roberto-speranza","tag-sandro-ruotolo","tag-walter-ricciardi"],"_links":{"self":[{"href":"https:\/\/www.liberopensare.com\/en\/wp-json\/wp\/v2\/posts\/61585","targetHints":{"allow":["GET"]}}],"collection":[{"href":"https:\/\/www.liberopensare.com\/en\/wp-json\/wp\/v2\/posts"}],"about":[{"href":"https:\/\/www.liberopensare.com\/en\/wp-json\/wp\/v2\/types\/post"}],"author":[{"embeddable":true,"href":"https:\/\/www.liberopensare.com\/en\/wp-json\/wp\/v2\/users\/2"}],"replies":[{"embeddable":true,"href":"https:\/\/www.liberopensare.com\/en\/wp-json\/wp\/v2\/comments?post=61585"}],"version-history":[{"count":0,"href":"https:\/\/www.liberopensare.com\/en\/wp-json\/wp\/v2\/posts\/61585\/revisions"}],"wp:featuredmedia":[{"embeddable":true,"href":"https:\/\/www.liberopensare.com\/en\/wp-json\/wp\/v2\/media\/61587"}],"wp:attachment":[{"href":"https:\/\/www.liberopensare.com\/en\/wp-json\/wp\/v2\/media?parent=61585"}],"wp:term":[{"taxonomy":"category","embeddable":true,"href":"https:\/\/www.liberopensare.com\/en\/wp-json\/wp\/v2\/categories?post=61585"},{"taxonomy":"post_tag","embeddable":true,"href":"https:\/\/www.liberopensare.com\/en\/wp-json\/wp\/v2\/tags?post=61585"}],"curies":[{"name":"wp","href":"https:\/\/api.w.org\/{rel}","templated":true}]}}