{"id":61757,"date":"2022-03-03T11:45:28","date_gmt":"2022-03-03T10:45:28","guid":{"rendered":"https:\/\/www.liberopensare.com\/?p=61757"},"modified":"2022-03-04T10:04:29","modified_gmt":"2022-03-04T09:04:29","slug":"fiat-iustitia-pereant-immundi","status":"publish","type":"post","link":"https:\/\/www.liberopensare.com\/en\/fiat-iustitia-pereant-immundi\/","title":{"rendered":"Fiat iustitia pereant immundi"},"content":{"rendered":"<header class=\"intro-header\">\n<div class=\"container\">\n<div class=\"row\">\n<div class=\"col-lg-8 col-lg-offset-2 col-md-10 col-md-offset-1\">Volendo azzardare un commento su ci\u00f2 che sta accadendo nel nostro Paese, non si saprebbe davvero da che parte incominciare. Forse dalla pi\u00f9 urgente, da quella torpida sensazione di normalit\u00e0 che fa da sfondo agli eventi, da quell\u2019ipnosi molle in cui la tragedia sfugge e sprofonda.<\/div>\n<\/div>\n<\/div>\n<\/header>\n<article>\n<div class=\"container\">\n<div class=\"row\">\n<div class=\"col-lg-8 col-lg-offset-2 col-md-10 col-md-offset-1\">\n<p>&nbsp;<\/p>\n<p>Mentre spirano venti di guerra a oriente getto uno sguardo sulle macerie della guerra che imperversa da due anni in casa nostra, e raccolgo detriti a caso.<\/p>\n<p><strong><i>La scuola<\/i>.<\/strong> Ragazzini bullizzati dalle maestre (!) perch\u00e9 non si sono lasciati iniettare una fiala, o per lo stesso motivo esclusi dall\u2019aula. Altri messi ai domiciliari su segnalazione anonima, cio\u00e8 privati della libert\u00e0 personale senza processo come non si poteva pi\u00f9 fare da circa ottocento anni. Perch\u00e9 c\u2019era l\u2019<em>habeas corpus<\/em> \u2013 c\u2019era.<\/p>\n<p><strong><i>I docenti<\/i>.<\/strong> Una settimana fa ha parlato in televisione un professore di medicina. Non so che abbia detto, ma il giorno dopo l\u2019universit\u00e0 per cui lavora ha fatto sapere al metamondo di Twitter che le parole del docente <em>\u00abnon rappresentano il pensiero dell\u2019istituzione\u00bb<\/em> e ha annunciato <em>\u00abulteriori azioni\u00bb.<\/em> Gli internauti gaudenti rilanciavano con frizzi e lazzi sul cognome del malcapitato, che richiama un ortaggio. In questo alato scambio sarebbe dispiaciuto incunearsi per chiedere che cosa mai fosse il <em>\u00abpensiero dell\u2019istituzione\u00bb.<\/em> Da quando esiste, dove \u00e8 codificato? Non penso nell\u2019articolo 33 della Costituzione (anzi) ma neanche nella lunga storia degli atenei, dove fino a ieri pensavano le persone fisiche, non quelle giuridiche. Se durante la peste del Trecento i dottori delle universit\u00e0 (non le universit\u00e0) dibattevano liberamente sui rimedi, oggi invece \u00e8 la scienza che parla per gli scienziati. S\u00ec, ma allora chi parla per la scienza? Mistero.<\/p>\n<p><strong><i>Il lavoro<\/i>.<\/strong> Sempre a scuola, una professoressa ha scritto al suo preside che anche ai colleghi molestatori o violenti \u00e8 riconosciuta una parte dello stipendio nel periodo di sospensione. Un ex ministro della giustizia ha ricordato che anche agli ergastolani \u00e8 consentito lavorare e guadagnarsi il pane. I giudici amministrativi lombardi\u00a0<a href=\"https:\/\/www.adnkronos.com\/obbligo-vaccinale-sanitari-tar-lombardia-solleva-costituzionalita_1q1gDTdoQX7M5uKJvG7N4o\" target=\"_blank\" rel=\"noopener\">si sono giustamente chiesti<\/a>\u00a0perch\u00e9 sospendere una psicologa che lavora coi pazienti soltanto in remoto. Gi\u00e0, perch\u00e9? E perch\u00e9 chi ha gi\u00e0 certi anticorpi deve prendere una medicina per sviluppare quegli anticorpi? E perch\u00e9 il <em>\u00abconsenso scientifico globale\u00bb<\/em> che vige a Como\u00a0<a href=\"https:\/\/www.agi.it\/estero\/news\/2022-02-17\/covid-svizzera-freedom-day-15662489\/\" target=\"_blank\" rel=\"noopener\">non vale pi\u00f9 a Chiasso<\/a>? E perch\u00e9 una puntura\u00a0<a href=\"https:\/\/nursetimes.org\/il-friuli-venezia-giulia-consente-lassunzione-di-infermieri-con-titoli-non-riconosciuti-per-colmare-le-carenze-di-personale\/136403\" target=\"_blank\" rel=\"noopener\">conta pi\u00f9 di un esame di Stato<\/a>? Perch\u00e9 s\u00ec, perch\u00e9 <em>\u00abva fatto e basta\u00bb.<\/em> Perch\u00e9 sar\u00e0 vero, l\u2019acqua non scorre a monte e sei mesi fa non eri ancora nato. Ma io sono il lupo, tu l&#8217;agnello.<\/p>\n<p><strong><i>La democrazia<\/i>.<\/strong> Pare che il presidente del Consiglio abbia intimato ai parlamentari di <em>\u00abgarantire i voti\u00bb<\/em> necessari per approvare le decisioni del Governo. Solita genitura invertita: l\u2019esecutivo, cio\u00e8 l\u2019organo <em>\u00abche \u00e8 atto a eseguire\u00bb<\/em> (cos\u00ec il dizionario\u00a0<b>Gabrielli<\/b>), d\u00e0 ordini al legislativo che gli dovrebbe dettar legge, su mandato degli elettori. Ma siccome un mandante deve per forza esserci, allora chi detta i compiti all\u2019esecutore? Altro mistero.<\/p>\n<p><strong>Ora, ragionando a freddo, non \u00e8 plausibile che un tale sfascio si sia consumato in cos\u00ec pochi mesi, n\u00e9 che un malanno e qualche decreto abbiano tirato gi\u00f9 da soli un edificio messo in piedi nei secoli.<\/strong> No, i muri dovevano gi\u00e0 essere crepati da tempo, da molto tempo e forse fin dall\u2019inizio, sicch\u00e9 il crollo era atteso da tutti, temuto da pochi, salutato da molti. E poi il sole continua a sorgere, il latte arriva sugli scaffali e la televisione trasmette dibattiti e giochi a premi. Il vecchio\u00a0<b>Orwell<\/b>\u00a0ci credeva davvero, che in Germania, in Russia e altrove non regnassero che apatia, arretratezza e terrore e che l\u00ec nessuno osasse screziare il grigio della dittatura con una canzone o un sorriso. E noi con lui. Perci\u00f2 no, non pu\u00f2 esserci un regime.<br \/>\nSe c\u2019\u00e8 un filo di luce \u2013 almeno per me, almeno finch\u00e9 dura \u2013 i tempi non possono essere bui.<\/p>\n<p align=\"left\"><script type=\"text\/javascript\">\nvar ml_partners_options = {\n\tpcode : \"3867\",\n\tlogo : \"logo\",\n\timmagini : \"s\",\n\tmaxtitolo : 50,\n\tprezzo : \"s\",\n\tbordocolor : \"09f\",\n\tsconto : \"s\",\n\tricerca : \"s\",\n\tdefaultricerca : \"totalitarismo\",\n\tdefaulttipo : \"Tutte\",\n\txml_id : 5,\n\tmaxprodotti : 20,\n\ttarget : \"_blank\",\n\tlinkcolor : \"09f\",\n\tbgcolor : \"cef\",\n\tbuttoncolor : \"fff\",\n\tprezzocolor : \"f80\",\n\tn_row : 1,\n\tlarghezza : \"100%\",\n};\n<\/script><br \/>\n<script type=\"text\/javascript\" src=\"https:\/\/plus.macrolibrarsi.it\/assets\/widget-partner-v1\/js\/macrolibrarsi.partners.js\"><\/script><\/p>\n<p align=\"left\">Ovviamente non si ignorano sofferenze e violenze, si ascoltano certe storie in famiglia e le si legge sui giornali, e certi metodi mai visti prima se non nei libri di storia. Ma per questo c\u2019\u00e8 l\u2019ipnotico pi\u00f9 gagliardo, quello che normalizza ogni abominio: la giustizia. <strong>Va bene\u00a0<i>perch\u00e9 \u00e8 giusto cos\u00ec<\/i>.<\/strong> E lo si pu\u00f2 dire ovunque, con l\u2019esaltata soddisfazione di un\u00a0<b>Savonarola<\/b>\u00a0laico o con gli occhi bassi di chi si sforza di ingoiare una lezione dura, ma necessaria. Storditi dalle stupidaggini del progresso crediamo davvero che gli aggeggi materiali ci assegnino una palma anche morale sugli avi, sicch\u00e9 non ci vergogniamo di chiedere una lacrima ai ragazzini che oggi non possono salire sull\u2019autobus perch\u00e9 settant\u2019anni fa, in un altro Paese, qualcuno ci poteva salire purch\u00e9 occupasse i sedili sul retro.<\/p>\n<p align=\"left\"><strong>Sarebbe facile dimostrare\u00a0<i>more mathematico<\/i>\u00a0che se l\u2019ingiustizia produce i delitti, la giustizia aizza le stragi. Perch\u00e9 la prima \u00e8 punibile, la seconda impunita.<\/strong> La prima opera nei limiti dell\u2019obiettivo, la seconda non ha limiti n\u00e9 obiettivi se non s\u00e9 stessa, n\u00e9 remore, n\u00e9 censori. <em>\u00abNon avete piet\u00e0\u00bb<\/em>, dice Aglaja al principe My\u0161kin, <em>\u00abma solo giustizia: perci\u00f2 siete ingiusto\u00bb<\/em>, riassume fulmineo\u00a0<b>Dostoevskij<\/b>. E Nostro Signore, che di un tribunale fu la vittima pi\u00f9 innocente (<em>\u00abnos legem habemus\u00bb<\/em>), non ha mai speso una parola di lode per gli zelanti\u00a0<i>\u00e0 la<\/i>\u00a0Javert, mentre al contrario chiamava <em>\u00abbeati i perseguitati a causa della giustizia\u00bb<\/em> e prometteva loro il regno dei cieli. Di persecuzione e giustizia parla anche la storia di\u00a0<b>san Paolo<\/b>. Prima dell\u2019incontro con Dio era appunto un persecutore <em>\u00abirreprensibile quanto alla giustizia che deriva dall&#8217;osservanza della legge\u00bb<\/em>, ma da convertito visse non pi\u00f9<\/p>\n<blockquote>\n<p align=\"left\">\u00abcon una mia giustizia derivante dalla legge, ma con quella che si ha mediante la fede in Cristo: la giustizia che viene da Dio, basata sulla fede\u00bb (Fil 3,6.9).<\/p>\n<\/blockquote>\n<p align=\"left\">La giustizia pu\u00f2 perseguire ma se perseguita \u00e8 altro, \u00e8 la maschera di un\u2019ingiustizia.<\/p>\n<p align=\"left\"><iframe src=\"https:\/\/cs.ilgiardinodeilibri.it\/data\/partner\/4507\/wg_manu_4911.html?_=1646273958\" width=\"600\" height=\"646\" frameborder=\"0\" scrolling=\"no\"><\/iframe><\/p>\n<p align=\"left\">Quindi, che cosa \u00e8 giusto? Come si spezza il cerchio dei relativi, quello che ci fa piangere per la signora <strong>Parks<\/strong> che tornava dal lavoro (s\u00ec,\u00a0<a href=\"https:\/\/library.harvard.edu\/confronting-anti-black-racism\/scientific-racism\" target=\"_blank\" rel=\"noopener\">era scientifico anche allora<\/a>) e non per il cinquantenne con prole che oggi al lavoro proprio non pu\u00f2 andarci? Tra i tesori spazzati via dalla barbarie moderna c\u2019\u00e8 sicuramente lo sforzo millenario di agganciare l\u2019etica, e quindi le leggi, a una norma che trascenda i suoi autori e la preservi dall\u2019assurdo di ancorarsi a s\u00e9 stessa. Se oggi si urla <em>\u00abo-ne-st\u00e0!\u00bb<\/em> nelle piazze, sette secoli fa\u00a0<b>Tommaso d&#8217;Aquino<\/b>\u00a0metteva all\u2019ultimo gradino della gerarchia delle leggi lo\u00a0<i>jus civile<\/i>\u00a0codificato dai sovrani. Sopra stavano lo\u00a0<i>jus gentium<\/i>\u00a0comune a ogni popolo e la\u00a0<i>lex naturalis<\/i>, l\u2019innata disposizione morale dell\u2019anima (sinderesi) che intuisce la\u00a0<i>lex aeterna<\/i>\u00a0con cui Dio ha ordinato il mondo. L\u2019insubordinazione dei gradi inferiori produce arbitrio e violenza.<\/p>\n<p align=\"left\"><strong>L\u2019appiattimento di questa necessaria complessit\u00e0 nella dimensione puntiforme dell\u2019ultimo codicillo vergato dall\u2019ultimo burocrate d\u00e0 la misura di un deserto odierno che \u00e8, nell\u2019ordine, spirituale, culturale e morale.<\/strong><\/p>\n<p align=\"left\">Se la giustizia eterna collassa su quella degli uomini, le prescrizioni di quest\u2019ultima mimano i decreti divini: non devono addurre ragioni se non quelle pasticciate e sibilline di un mistero a cui bisogna chinarsi e promettono una salvezza che nel dominio terreno pu\u00f2 essere solo quella della sopravvivenza, del comodo e della vanagloria a spese del prossimo. \u00c8 dall\u2019istituzione di questa pochezza che si \u00e8 arrivati dove siamo arrivati: ad accettare l\u2019ingiusto perch\u00e9 non c\u2019\u00e8 altra giustizia; a parlar d\u2019altro persino dai pulpiti perch\u00e9 non c\u2019\u00e8 a chi rispondere, n\u00e9 sopra n\u00e9 dopo; a convivere con l\u2019assurdo e l&#8217;abnorme perch\u00e9 non c\u2019\u00e8 norma, e quindi neanche il normale.<\/p>\n<p align=\"left\"><em>Il Pedante<\/em><\/p>\n<p align=\"left\"><em><a href=\"http:\/\/ilpedante.org\/post\/fiat-iustitia-pereant-immundi\" target=\"_blank\" rel=\"noopener\">Fonte<\/a><\/em><\/p>\n<\/div>\n<\/div>\n<\/div>\n<\/article>","protected":false},"excerpt":{"rendered":"<p>Volendo azzardare un commento su ci\u00f2 che sta accadendo nel nostro Paese, non si saprebbe davvero da che parte incominciare. Forse dalla pi\u00f9 urgente, da quella torpida sensazione di normalit\u00e0 che fa da sfondo agli eventi, da quell\u2019ipnosi molle in cui la tragedia sfugge e sprofonda. &nbsp; Mentre spirano venti di guerra a oriente getto [&hellip;]<\/p>\n","protected":false},"author":2,"featured_media":61760,"comment_status":"closed","ping_status":"closed","sticky":false,"template":"","format":"standard","meta":{"footnotes":""},"categories":[903],"tags":[851,1839,215,1823,2355,1430,2354,1510],"class_list":["post-61757","post","type-post","status-publish","format-standard","has-post-thumbnail","hentry","category-rassegna","tag-evidenza","tag-fedor-dostoevskij","tag-george-orwell","tag-il-pedante","tag-parks","tag-san-paolo","tag-savonarola","tag-tommaso-daquino"],"_links":{"self":[{"href":"https:\/\/www.liberopensare.com\/en\/wp-json\/wp\/v2\/posts\/61757","targetHints":{"allow":["GET"]}}],"collection":[{"href":"https:\/\/www.liberopensare.com\/en\/wp-json\/wp\/v2\/posts"}],"about":[{"href":"https:\/\/www.liberopensare.com\/en\/wp-json\/wp\/v2\/types\/post"}],"author":[{"embeddable":true,"href":"https:\/\/www.liberopensare.com\/en\/wp-json\/wp\/v2\/users\/2"}],"replies":[{"embeddable":true,"href":"https:\/\/www.liberopensare.com\/en\/wp-json\/wp\/v2\/comments?post=61757"}],"version-history":[{"count":0,"href":"https:\/\/www.liberopensare.com\/en\/wp-json\/wp\/v2\/posts\/61757\/revisions"}],"wp:featuredmedia":[{"embeddable":true,"href":"https:\/\/www.liberopensare.com\/en\/wp-json\/wp\/v2\/media\/61760"}],"wp:attachment":[{"href":"https:\/\/www.liberopensare.com\/en\/wp-json\/wp\/v2\/media?parent=61757"}],"wp:term":[{"taxonomy":"category","embeddable":true,"href":"https:\/\/www.liberopensare.com\/en\/wp-json\/wp\/v2\/categories?post=61757"},{"taxonomy":"post_tag","embeddable":true,"href":"https:\/\/www.liberopensare.com\/en\/wp-json\/wp\/v2\/tags?post=61757"}],"curies":[{"name":"wp","href":"https:\/\/api.w.org\/{rel}","templated":true}]}}