{"id":62199,"date":"2022-03-28T16:56:59","date_gmt":"2022-03-28T14:56:59","guid":{"rendered":"https:\/\/www.liberopensare.com\/?p=62199"},"modified":"2022-03-29T15:28:09","modified_gmt":"2022-03-29T13:28:09","slug":"bianco-nero","status":"publish","type":"post","link":"https:\/\/www.liberopensare.com\/en\/bianco-nero\/","title":{"rendered":"Bianco &#038; Nero"},"content":{"rendered":"<h3 class=\"p1\">Ci\u00f2 che sappiamo \u00e8 ci\u00f2 che ci fanno sapere, non quello che succede<\/h3>\n<p class=\"p1\">Questo titolo mi piace molto perch\u00e9 \u00e8 il nome del primo giornale fondato e diretto da mio padre, Saverio D\u2019Angelo, giornalista pubblicista che mi ha trasmesso, involontariamente, la passione per questo che pi\u00f9 che un mestiere, a mio avviso, \u00e8 una \u201cscelta\u201d.<\/p>\n<p class=\"p1\">Perch\u00e9 una scelta? Perch\u00e9 penso che il giornalista, oltre che a farci sapere cosa accade al di fuori della sfera del nostro conosciuto, dovrebbe essere colui che rende cosciente il popolo delle decisioni che si prendono sulla sua testa. Dovrebbe essere colui che ci avverte:<\/p>\n<blockquote>\n<p class=\"p1\">\u201cGuardate che stanno per emanare una legge che far\u00e0 cambiare la situazione in questo e in quest\u2019altro modo!\u201d<\/p>\n<\/blockquote>\n<p class=\"p1\">Una sorta di tramite tra noi e \u201cloro\u201d. Almeno, questo \u00e8 come la intendo io, altrimenti non avrebbe senso pagare inviati che, come diceva Tiziano Terzani, dalla loro camera d\u2019albergo scrivono improbabili reportage. Soprattutto se la maggior parte delle informazioni arrivano tramite le agenzie di stampa che, come tutto ormai, fanno parte di domini finanziari che dirigono il futuro del pianeta.<\/p>\n<p class=\"p1\">Tutti noi controlliamo le informazioni che ci riguardano, ammettiamolo.<\/p>\n<p class=\"p1\">Non \u00e8 un grosso problema non divulgare le informazioni che ci riguardano e che vogliamo tenere per noi: basta non dirle. Se non voglio far sapere agli altri che il mio capo mi \u00e8 antipatico, \u00e8 sufficiente tenerlo per me. Discorso a parte per chi gode nel far sapere gli affaracci suoi agli altri, perversione che nell\u2019epoca dei \u201csocial\u201d sembra aver contagiato pi\u00f9 persone del Covid.<\/p>\n<p class=\"p1\">Quindi se gi\u00e0 noi nel nostro piccolo filtriamo le informazioni che vogliamo portare all\u2019esterno, pensate sia plausibile che lo facciano anche i potenti del mondo? Pensate sia verosimile, per esempio, che la Monsanto non vi faccia sapere che, a causa dei diritti che ha comprato sui semi del riso Basmati, in India si suicidino una media di ottomila contadini l\u2019anno? E infatti non lo fa. E voi mi chiederete: <em>\u201cE tu come fai a saperlo?\u201d<\/em> Perch\u00e9, vi rispondo io, ci sono ancora alcuni giornalisti che fanno il loro mestiere. Di solito sono quelli che, prima o poi, spariscono per essere ritrovati irriconoscibili in un fosso o mezzi divorati in un bosco, oppure in un pilone dell\u2019autostrada o avvelenati da plutonio o da chiss\u00e0 cosa. Sono quei giornalisti di cui si nutrono, saltuariamente, i cannibali dell\u2019informazione, quando versano lacrime disperate sui colleghi assassinati, ma che, al contempo, esultano per i record d\u2019ascolti.<\/p>\n<p class=\"p1\">Per cui ci\u00f2 che sappiamo \u00e8 ci\u00f2 che ci fanno sapere, non quello che succede. C\u2019\u00e8 una certa differenza.<\/p>\n<p class=\"p1\">Vi ricordate prima dell\u2019avvento del Covid? Vi ricordate la situazione italiana e internazionale prima di quel momento?<\/p>\n<pre id=\"codebox\" class=\"bg-light p-3 border border-secondary rounded\"><script type=\"text\/javascript\"> var ml_partners_options = { pcode : \"3867\", logo : \"logo\", immagini : \"s\", maxtitolo : 50, prezzo : \"s\", bordocolor : \"09f\", sconto : \"s\", ricerca : \"s\", defaultricerca : \"propaganda\", defaulttipo : \"Tutte\", xml_id : 5, maxprodotti : 20, target : \"_blank\", linkcolor : \"09f\", bgcolor : \"cef\", buttoncolor : \"fff\", prezzocolor : \"f80\", n_row : 1, larghezza : \"100%\", }; <\/script> <script type=\"text\/javascript\" src=\"https:\/\/plus.macrolibrarsi.it\/assets\/widget-partner-v1\/js\/macrolibrarsi.partners.js\"><\/script><\/pre>\n<p class=\"p1\">Gi\u00e0 nel 2002 quando abbiamo dismesso la lira per abbracciare l\u2019euro, acclamata come l\u2019inizio di una nuova era di prosperit\u00e0 per tutti noi, siamo sprofondati in una crisi economica inizialmente solo italiana, perch\u00e9 i prezzi sono raddoppiati dal giorno alla notte (letteralmente) e, ovviamente, i salari non si sono adeguati a questo aumento. Si dice che l\u2019edilizia sia uno degli elementi trainanti dell\u2019economia italiana; io faccio l\u2019architetto e vi assicuro che dal 2002 in poi il lavoro si \u00e8 letteralmente fermato. Mi sembrava di essere tornato ai primi anni di svolgimento della mia professione, quando arraffavo qualunque cosa mi proponessero, anche risistemare uno sgabuzzino. Gli anni 2000 sono stati quelli in cui alcune persone non accendevano solo un mutuo con la banca, ma bens\u00ec due, perch\u00e9 il secondo gli serviva per pagare le rate del primo. Che bello il neoliberismo! E andammo avanti cos\u00ec trascinandoci verso il futuro grazie a quanto eravamo riusciti a mettere da parte negli anni precedenti, gli anni \u201980 e \u201990, quelli della \u201cMilano da bere\u201d. Cos\u00ec combinati siamo sopravvissuti fino al 2008 quando arriv\u00f2 nel nostro continente l\u2019onda della crisi economica statunitense, la cosiddetta \u201cGrande recessione\u201d. La mia memoria \u00e8 assolutamente quanto di pi\u00f9 inattendibile io conosca, ma non mi sembra che da allora la nostra economia si sia risollevata. Anzi, mi ricordo di banche che fallivano, di manager che si suicidavano, di famiglie ridotte sul lastrico, tanto che si cominciarono a sentire le prime voci che suggerivano di uscire dall\u2019euro, almeno cos\u00ec mi sembra di ricordare. E durante tutti questi anni non mi \u00e8 mai capitato di incontrare qualcuno che sostenesse le decisioni dei vari governi che si succedevano.<\/p>\n<p class=\"p1\">Non mi ricordo di nessuno che fosse soddisfatto di come stavano andando le cose o che vedesse difronte a s\u00e9 un futuro radioso e prospero. Mi ricordo invece dei soliti discorsi da bar:<\/p>\n<blockquote>\n<p class=\"p1\">\u201cFosse per me li manderei tutti al patibolo, quelli di Roma\u201d<\/p>\n<p class=\"p1\">\u201cA quelli interessa solo tenersi la loro poltrona e il vitalizio\u201d<\/p>\n<\/blockquote>\n<p class=\"p1\">e cose simili, se non di peggio. Fu, infatti, in quegli anni che si impose sulla scena politica il Movimento 5 Stelle, proprio per la situazione esasperata che stavano vivendo gli italiani, vi ricordate? Riuscite a rivivere quegli anni, quelle sensazioni? Perch\u00e9 sembra che molti di voi se ne siano dimenticati, sembra che con l\u2019arrivo del Covid, tutto si sia risolto. Nessuno parla pi\u00f9 di questo, nessuno sembra pi\u00f9 rendersi conto della situazione politico-economica disastrosa in cui siamo immersi da ormai pi\u00f9 di vent\u2019anni. Il Covid ha tirato una linea: si ricomincia da zero.<\/p>\n<p class=\"p1\">Mi viene in mente\u00a0<em>A livella\u00a0<\/em>di <strong>Tot\u00f2<\/strong>, che in realt\u00e0 si chiama\u00a0Due novembre; in quella meravigliosa poesia la morte rende tutti uguali \u2013 la livella, appunto \u2013 allo stesso modo il Covid, per usare un termine pi\u00f9 comprensibile ai giovani, ha resettato tutti i nostri cervelli, facendoci dimenticare il passato pi\u00f9 recente e focalizzando la nostra attenzione sul virus assassino. Ma se la nostra percezione \u00e8 cambiata, altrettanto non ha fatto la realt\u00e0; le cose hanno continuato a peggiorare fino a portare agli aumenti di bollette di luce e gas per tutte le famiglie italiane. Aumenti di cui ho gi\u00e0 parlato nei miei articoli precedenti. Aumenti, badate bene, che nulla avevano a che fare con la crisi in Ucraina, perch\u00e9 di molto precedenti ad essa. Ma nessuno ci faceva caso, governo in primis. Ma adesso che il cattivone di turno minaccia di toglierci il gas, ora s\u00ec che i nostri solerti politici vedono il grosso problema di approvvigionamento energetico.<\/p>\n<p class=\"p1\">Come ho gi\u00e0 avuto modo di dire, loro fanno il loro gioco, fanno di tutto per compiacere i veri potenti del mondo \u2013 poteri economici, non politici \u2013 in modo da mantenere le loro condizioni di privilegio. Chi non capisco sono le persone comuni, i cittadini che fino a qualche anno fa volevano vedere contro il muro i nostri finti governanti e che ora non mettono pi\u00f9 in discussione nessuna delle parole che escono da quelle lingue biforcute. Com\u2019\u00e8 possibile? Non avete le fette di salame sugli occhi, ma lastre di piombo!<\/p>\n<p class=\"p1\">Questa \u00e8 manipolazione dell\u2019informazione o, se preferite, propaganda. Come ho dimostrato all\u2019inizio di questo scritto, quello che pensiamo di sapere non \u00e8 la realt\u00e0 dei fatti ed \u00e8 anche presumibile che la realt\u00e0, come \u00e8 gi\u00e0 avvenuto in svariati casi, non la sapremo mai.<\/p>\n<p><iframe src=\"https:\/\/cs.ilgiardinodeilibri.it\/data\/partner\/4507\/wg_manu_4949.html?_=1648430355\" width=\"600\" height=\"646\" frameborder=\"0\" scrolling=\"no\"><\/iframe><\/p>\n<p class=\"p1\">Quindi come fare a districarsi da questo labirinto dell\u2019informazione? Usando il nostro senso critico.<\/p>\n<p class=\"p1\">Mi rendo conto di essere anacronistico, perch\u00e9 ho passato diversi anni della mia vita per fare in modo che la scuola italiana, gli insegnanti e i genitori si impegnassero per far s\u00ec che i propri figli, i propri alunni, sviluppassero questo benedetto senso critico. E oggi mi devo rendere conto che nemmeno gli adulti lo hanno pi\u00f9. Dico cos\u00ec perch\u00e9 prima lo avevano.<\/p>\n<p class=\"p1\">Prima del Covid, come ho detto, la situazione mentale degli italiani era molto diversa da quella di oggi. Prima c\u2019era un moto di dissenso, oggi assolutamente no, sono tutti appiattiti su quella che viene definita \u201cla narrazione corrente\u201d. Anche questo termine: quasi mi offendo quando parlano di narrazione, perch\u00e9 lo associo sempre alla narrazione delle fiabe ai bambini, che poi \u00e8 quello che noi italiani siamo diventati, bambini da portare per mano verso la disumanizzazione totale.<\/p>\n<p class=\"p1\">Chiedo che si rendano gli studenti consapevoli della realt\u00e0 in cui vivono, ma lo chiedo agli adulti che questa consapevolezza l\u2019anno persa da ormai anni. Che stupido che sono!<\/p>\n<p class=\"p1\">E, se questo non fosse abbastanza, la realt\u00e0 verso la quale ci stanno portando \u00e8 una realt\u00e0 che non ammette il dissenso, l\u2019opinione dell\u2019altro. <strong>Tutto \u00e8 o bianco o nero, niente sfumature di grigio<\/strong>.<\/p>\n<p class=\"p1\"><strong>Se non sei per il vaccino allora sei un no vax, niente vie di mezzo.<\/strong> Con noi o contro di noi, come ha detto pi\u00f9 volte il vicepresidente della Goldman Sachs:<\/p>\n<blockquote>\n<p class=\"p1\">\u201cTi vaccini vivi e fai vivere, non ti vaccini muori e fai morire!\u201d<\/p>\n<\/blockquote>\n<p class=\"p1\">e nessuno che l\u2019abbia citato in giudizio per un\u2019affermazione simile, anzi tutti a dire che aveva ragione.<\/p>\n<p class=\"p1\"><strong>La crisi in Ucraina? Tutta e solo colpa di Putin. Non la pensi cos\u00ec? Allora sei contro di noi, anzi, contro tutto l\u2019occidente.<\/strong><\/p>\n<p class=\"p1\">Niente da fare, se solo si prova ad argomentare diversamente \u2013 per esempio, che la guerra in Ucraina esiste dal 2014 (cosa di cui sono certo perch\u00e9 una mia vicina \u00e8 ucraina e i suoi figli l\u2019hanno dovuta raggiungere qui in Italia con le loro famiglie, proprio a causa della guerra e proprio nel 2014), oppure che gli USA fecero esattamente lo stesso durante la famosa Crisi di Cuba nel 1962 \u2013 si viene additati come sostenitore dello Zar di Mosca.<\/p>\n<p class=\"p1\">Bianco o nero, con noi o contro di noi. Questo \u00e8 il futuro delle nostre menti, delle nostre capacit\u00e0 cognitive: s\u00ec o no, acceso o spento\u2026niente vie di mezzo.<\/p>\n<p class=\"p1\">Sar\u00e0, ma io preferisco rimanere acceso. Oggi sono un po&#8217; pigro, far\u00f2 finire questo articolo dallo zio Frank.<\/p>\n<blockquote>\n<p class=\"p1\">Sono volgare e perversa<br \/>\nSono ossessionata e squilibrata<br \/>\nEsisto da anni<br \/>\nMa molto poco \u00e8 cambiato<br \/>\nSono lo strumento del Governo<br \/>\nE anche dell\u2019Industria<br \/>\nPerch\u00e9 sono destinata a comandarti<br \/>\nE a regolarti<br \/>\nPosso essere vile e perniciosa<br \/>\nMa non puoi distogliere lo sguardo<br \/>\nTi faccio pensare che sono deliziosa<br \/>\nCon le cose che dico<br \/>\nSono il meglio che posso ottenere<br \/>\nHai capito chi sono?<br \/>\nSono la melma che trasuda dal tuo televisore.<br \/>\nMi obbedirai mentre ti conduco<br \/>\nE mangerai la spazzatura con cui ti nutrir\u00f2<br \/>\nFino al giorno in cui non ci servirai pi\u00f9<br \/>\nNon chiedere aiuto, nessuno ti prester\u00e0 attenzione.<br \/>\nLa tua mente \u00e8 completamente controllata<br \/>\n\u00c8 stata modellata sul mio stampo<br \/>\nE farai come ti \u00e8 stato detto<br \/>\nFinch\u00e9 i tuoi diritti non ti saranno venduti.<\/p>\n<p>&nbsp;<\/p>\n<p class=\"p1\">(Frank Zappa, 1973 \u2013 mia traduzione)<\/p>\n<\/blockquote>\n<hr \/>\n<div class=\"col-6 col-sm-4 col-md-3 col-lg-2 mb-3\">\n<div class=\"image-new-container round-image-container\">\n<div class=\"image\"><img decoding=\"async\" class=\"alignleft\" src=\"https:\/\/media.wsimag.com\/attachments\/9f04822290e9bc4383cc6fafc952a5510f047350\/store\/fill\/180\/180\/b14ec08d9fda271745d304055abd7036beffbab8753b5d7f84af4dbb40b5\/Danilo-DAngelo.jpg\" sizes=\"(min-width:1800px) 262px, (min-width:1550px) 220px, (min-width:1300px) 180px, (min-width:992px) 130px, (min-width:768px) 150px, (min-width:576px) 150px, 258px\" srcset=\"\/\/media.wsimag.com\/attachments\/9e11ff2f23aa7313fd2e71e52ee0167e3fc6dedb\/store\/fill\/524\/524\/b14ec08d9fda271745d304055abd7036beffbab8753b5d7f84af4dbb40b5\/Danilo-DAngelo.jpg 524w,\/\/media.wsimag.com\/attachments\/c3d8b55a720b7f1524964b44c7a8ac01f7ea94b1\/store\/fill\/360\/360\/b14ec08d9fda271745d304055abd7036beffbab8753b5d7f84af4dbb40b5\/Danilo-DAngelo.jpg 360w,\/\/media.wsimag.com\/attachments\/491c5879caca203c1057bc8012f2e8ab9b997915\/store\/fill\/262\/262\/b14ec08d9fda271745d304055abd7036beffbab8753b5d7f84af4dbb40b5\/Danilo-DAngelo.jpg 262w,\/\/media.wsimag.com\/attachments\/9f04822290e9bc4383cc6fafc952a5510f047350\/store\/fill\/180\/180\/b14ec08d9fda271745d304055abd7036beffbab8753b5d7f84af4dbb40b5\/Danilo-DAngelo.jpg 180w,\/\/media.wsimag.com\/attachments\/25cf686471c1d47ddca118d1245444d8f2e98795\/store\/fill\/130\/130\/b14ec08d9fda271745d304055abd7036beffbab8753b5d7f84af4dbb40b5\/Danilo-DAngelo.jpg 130w\" alt=\"Danilo D'Angelo\" \/><\/div>\n<\/div>\n<\/div>\n<div class=\"text-center text-sm-left col-sm-8 col-md-9 col-lg-10\">\n<div class=\"font-28 mb-2\"><a class=\"first-highlight-color\" href=\"https:\/\/wsimag.com\/it\/authors\/872-danilo-dangelo\" target=\"_blank\" rel=\"noopener\">Danilo D&#8217;Angelo<\/a><\/div>\n<div class=\"font-15 tall-line-height mb-2\">Danilo D&#8217;Angelo di professione architetto. Ha insegnato per alcuni anni. Dirige la Naveen Nursery and Primary School a Varanasi India. Membro della segreteria dell&#8217;associazione Centro di Gravit\u00e0.<\/div>\n<\/div>","protected":false},"excerpt":{"rendered":"<p>Ci\u00f2 che sappiamo \u00e8 ci\u00f2 che ci fanno sapere, non quello che succede Questo titolo mi piace molto perch\u00e9 \u00e8 il nome del primo giornale fondato e diretto da mio padre, Saverio D\u2019Angelo, giornalista pubblicista che mi ha trasmesso, involontariamente, la passione per questo che pi\u00f9 che un mestiere, a mio avviso, \u00e8 una \u201cscelta\u201d. [&hellip;]<\/p>\n","protected":false},"author":2,"featured_media":62194,"comment_status":"closed","ping_status":"closed","sticky":false,"template":"","format":"standard","meta":{"footnotes":""},"categories":[903],"tags":[2517,851,2518],"class_list":["post-62199","post","type-post","status-publish","format-standard","has-post-thumbnail","hentry","category-rassegna","tag-danilo-dangelo","tag-evidenza","tag-toto"],"_links":{"self":[{"href":"https:\/\/www.liberopensare.com\/en\/wp-json\/wp\/v2\/posts\/62199","targetHints":{"allow":["GET"]}}],"collection":[{"href":"https:\/\/www.liberopensare.com\/en\/wp-json\/wp\/v2\/posts"}],"about":[{"href":"https:\/\/www.liberopensare.com\/en\/wp-json\/wp\/v2\/types\/post"}],"author":[{"embeddable":true,"href":"https:\/\/www.liberopensare.com\/en\/wp-json\/wp\/v2\/users\/2"}],"replies":[{"embeddable":true,"href":"https:\/\/www.liberopensare.com\/en\/wp-json\/wp\/v2\/comments?post=62199"}],"version-history":[{"count":0,"href":"https:\/\/www.liberopensare.com\/en\/wp-json\/wp\/v2\/posts\/62199\/revisions"}],"wp:featuredmedia":[{"embeddable":true,"href":"https:\/\/www.liberopensare.com\/en\/wp-json\/wp\/v2\/media\/62194"}],"wp:attachment":[{"href":"https:\/\/www.liberopensare.com\/en\/wp-json\/wp\/v2\/media?parent=62199"}],"wp:term":[{"taxonomy":"category","embeddable":true,"href":"https:\/\/www.liberopensare.com\/en\/wp-json\/wp\/v2\/categories?post=62199"},{"taxonomy":"post_tag","embeddable":true,"href":"https:\/\/www.liberopensare.com\/en\/wp-json\/wp\/v2\/tags?post=62199"}],"curies":[{"name":"wp","href":"https:\/\/api.w.org\/{rel}","templated":true}]}}