{"id":64481,"date":"2022-07-16T21:33:27","date_gmt":"2022-07-16T19:33:27","guid":{"rendered":"https:\/\/www.liberopensare.com\/?p=64481"},"modified":"2023-09-22T08:36:55","modified_gmt":"2023-09-22T06:36:55","slug":"informazione-distorta","status":"publish","type":"post","link":"https:\/\/www.liberopensare.com\/en\/informazione-distorta\/","title":{"rendered":"Informazione distorta"},"content":{"rendered":"<p>&nbsp;<\/p>\n<p><em>di Piero Cammerinesi<\/em><\/p>\n<p>Anche se il giornalismo <em>copia-incolla<\/em> in gran spolvero negli ultimi anni ci ha abituato alle pi\u00f9 miserevoli notizie ed a rutilanti vergognose menzogne, ci sono dei momenti in cui si fa fatica a credere ai propri occhi aprendo un quotidiano e leggendo nefandezze che avremmo creduto impubblicabili.<\/p>\n<p>\u00c8 il caso del <a href=\"https:\/\/www.foggiatoday.it\/cronaca\/pregiudicato-foggiano-video-selfie-tombe-riina-provenzano.html\" target=\"_blank\" rel=\"noopener\">pezzo di <em>FoggiaToday<\/em><\/a> in cui si racconta la visita di un foggiano che si reca sulle tombe di <strong>Provenzano<\/strong> e <strong>Riina<\/strong> e che pubblica su un <em>social<\/em> un video in cui afferma orgogliosamente:<\/p>\n<blockquote><p><em>\u201cEccomi a Corleone, sono sulla tomba di Bernardo Provenzano: il 13 luglio 2016 \u00e8 morto e oggi 13 luglio 2022 io sono qua\u201d.<\/em><em>\u201cPer me restano grandi uomini. E&#8217; un onore essere qui\u201d.<\/em><\/p><\/blockquote>\n<p>&nbsp;<\/p>\n<p><img fetchpriority=\"high\" decoding=\"async\" class=\"wp-image-64484 aligncenter\" src=\"https:\/\/www.liberopensare.com\/wp-content\/uploads\/2022\/07\/Screenshot-2022-07-16-at-20.42.48-300x260.png\" alt=\"\" width=\"483\" height=\"419\" srcset=\"https:\/\/www.liberopensare.com\/wp-content\/uploads\/2022\/07\/Screenshot-2022-07-16-at-20.42.48-300x260.png 300w, https:\/\/www.liberopensare.com\/wp-content\/uploads\/2022\/07\/Screenshot-2022-07-16-at-20.42.48-1024x887.png 1024w, https:\/\/www.liberopensare.com\/wp-content\/uploads\/2022\/07\/Screenshot-2022-07-16-at-20.42.48-768x665.png 768w, https:\/\/www.liberopensare.com\/wp-content\/uploads\/2022\/07\/Screenshot-2022-07-16-at-20.42.48-1536x1330.png 1536w, https:\/\/www.liberopensare.com\/wp-content\/uploads\/2022\/07\/Screenshot-2022-07-16-at-20.42.48-14x12.png 14w, https:\/\/www.liberopensare.com\/wp-content\/uploads\/2022\/07\/Screenshot-2022-07-16-at-20.42.48-1320x1143.png 1320w, https:\/\/www.liberopensare.com\/wp-content\/uploads\/2022\/07\/Screenshot-2022-07-16-at-20.42.48.png 1582w\" sizes=\"(max-width: 483px) 100vw, 483px\" \/><\/p>\n<p>&nbsp;<\/p>\n<p>\u00c8 vero che l&#8217;autore dell&#8217;articolo &#8211; ripreso anche da altri giornali <em>on line<\/em> &#8211; cerca di barcamenarsi quasi controvoglia tra la golosit\u00e0 della notizia e qualche distinguo morale, ma in realt\u00e0 &#8216;<em>trascura&#8217;<\/em> del tutto di indicare il profilo del personaggio in questione, che \u00e8 un pregiudicato di lungo corso.<\/p>\n<p>Ora, direte voi, che novit\u00e0 \u00e8 questa? Siamo ormai abituati da tempo a veder esaltare l&#8217;immoralit\u00e0 e denigrare &#8211; quando non peggio &#8211; chi la combatte.<\/p>\n<p>Vero, ma \u00e8 proprio questo <em>&#8220;essere abituati&#8221;<\/em> che consente il perpetuarsi dello scempio morale che la nostra cultura sta vivendo. Il tutto con la complicit\u00e0 di coloro che dovrebbero rappresentare un argine alla immoralit\u00e0 dilagante, denunciandola senza mezzi termini, mettendola alla berlina, indicandone gli effetti nefasti; vale a dire il vero giornalismo che, senza compromessi o ammiccamenti, dovrebbe rappresentare la spina nel fianco del potere e del malaffare.<\/p>\n<p>Che sovente coincidono.<\/p>\n<p>Ora un carissimo amico, <strong>Nicola Gelo<\/strong>, musicista ed insegnante, anche lui foggiano come il soggetto in questione, ha deciso di non tacere, di non voltarsi dall&#8217;altra parte, ma di inviare una lettera di fuoco alle redazioni dei giornali che hanno pubblicato la notizia, lettera che riporto qui sotto.<\/p>\n<p>Naturalmente, ad oggi, non ha ricevuto risposta alcuna. E questo \u00e8 il metodo classico utilizzato dagli organi di informazione per silenziare chi non si uniforma, chi ha ancora il coraggio di obiettare, chi non ci sta.<\/p>\n<p>Ma noi, che siamo <em>&#8216;anime belle&#8217;,<\/em> speriamo (ancora) di sbagliarci e di doverci ricredere di fronte ad una prossima pubblicazione su <em>FoggiaToday<\/em> della <em>&#8216;Lettera al Direttore&#8217;<\/em> che segue&#8230;<\/p>\n<p>&nbsp;<\/p>\n<p><script type=\"text\/javascript\">\nvar ml_partners_options = {\n\tpcode : \"3867\",\n\tlogo : \"logo\",\n\timmagini : \"s\",\n\tmaxtitolo : 50,\n\tprezzo : \"s\",\n\tbordocolor : \"09f\",\n\tsconto : \"s\",\n\tricerca : \"s\",\n\tdefaultricerca : \"mafia\",\n\tdefaulttipo : \"Tutte\",\n\txml_id : 5,\n\tmaxprodotti : 20,\n\ttarget : \"_blank\",\n\tlinkcolor : \"09f\",\n\tbgcolor : \"cef\",\n\tbuttoncolor : \"fff\",\n\tprezzocolor : \"f80\",\n\tn_row : 1,\n\tlarghezza : \"100%\",\n};\n<\/script><br \/>\n<script type=\"text\/javascript\" src=\"https:\/\/plus.macrolibrarsi.it\/assets\/widget-partner-v1\/js\/macrolibrarsi.partners.js\"><\/script><\/p>\n<p>&nbsp;<\/p>\n<p>* * *<\/p>\n<div dir=\"ltr\"><em>Spett.le Redazione,<\/em><\/div>\n<div dir=\"ltr\"><\/div>\n<div dir=\"ltr\"><em>dopo aver letto gli articoli dedicati al recente viaggio di un pregiudicato foggiano a Corleone, ho pensato di inviarvi (vedasi allegato) questa mia risposta.<\/em><\/div>\n<div dir=\"ltr\"><em>Non credo verr\u00e0 mai pubblicata eppure ho pensato di girarvela ugualmente.<\/em><\/div>\n<div dir=\"ltr\"><\/div>\n<div dir=\"ltr\"><em>Cordialit\u00e0,<\/em><\/div>\n<div dir=\"ltr\"><em>Nicola Gelo<\/em><\/div>\n<h3 class=\"p1\"><span class=\"s1\"><b>Foggiani, vil razza dannata.<\/b><\/span><\/h3>\n<p class=\"p3\">La notizia di qualche giorno fa \u2013 cos\u00ec come l\u2019ha comunicata <i>FoggiaToday<\/i> \u2013 \u00e8: <b><i>Foggiano a Corleone, video e selfie sulle tombe di Provenzano e Riina: \u201cUn onore essere qui\u201d<\/i><\/b><i>.<\/i><\/p>\n<p class=\"p3\"><i><span class=\"Apple-converted-space\">\u00a0 \u00a0 \u00a0 <\/span><\/i>Il titolista, evidentemente confortato dallo scioglimento del Comune di Foggia per <b>mafia<\/b>, dimentica che il foggiano in questione (<strong>Pompeo Piserchia<\/strong>) e la sua signora sono due <b>p r e g i u d i c a t i<\/b> oltrech\u00e9 foggiani e forse tra i due aggettivi, per importanza, avrebbe potuto scegliere il primo per titolare la notiziona del giorno.<\/p>\n<p class=\"p4\">Gi\u00e0, un pregiudicato (foggiano) rende omaggio alle tombe di <b>Riina <\/b>e<b> Provenzano, <\/b>che definisce <em>\u201cgrandi uomini\u201d,<\/em> documentando la sua gita a <b>Corleone<\/b> con selfie e foto. La compagna del pregiudicato invita tutti a portare un <b>rosa<\/b> sulla tomba di Riina. Nulla di nuovo per due pregiudicati, neppure lo <b>sfregio<\/b> alla memoria di <b>Falcone<\/b> e <b>Borsellino<\/b>. I deliquenti hanno i loro riti, i loro simboli, la loro cultura: per capire i delinquenti occorre conoscere il loro eloquio; questo lo insegn\u00f2 proprio Giovanni Falcone.<\/p>\n<p class=\"p4\">Quindi la notizia qual \u00e8? Quanti depravati imprecano passando per Capaci, quanti vanno in pellegrinaggio a Corleone per sentirsi un po\u2019 pi\u00f9 delinquenti di quanto non lo sono gi\u00e0? Importa a qualcuno? Temo di no, soprattutto se l\u2019autore del video \u00e8 un pregiudicato operante in un <b>comune sciolto per mafia<\/b>, soprattutto se le notizie di cronaca da Foggia arrivano, quotidiane e incessanti, ogni giorno dell\u2019anno.<span class=\"Apple-converted-space\">\u00a0<\/span><\/p>\n<p class=\"p4\">Soprattutto se la <b>delinquenza minorile<\/b> nella citt\u00e0 del foggiano <strong>Pompeo Piserchia<\/strong>, tiene <b>sotto scacco<\/b> l\u2019intera comunit\u00e0, induce ragazzi al <b>suicidio<\/b>, <b>uccide<\/b> e deriva da un <b>apparato mafioso<\/b>.<\/p>\n<p class=\"p5\"><span class=\"s2\">Nel 2019 i <b>carabinieri<\/b> trovarono a casa del signor <strong>Piserchia<\/strong>, nascosta sotto la <b>culla<\/b> del figlio neonato, una <b>pistola<\/b> completa di caricatore e con la matricola abrasa.<\/span><\/p>\n<p class=\"p5\"><span class=\"s2\">Il pargolo svezzato con la pistola nella culla, \u00e8 stato portato in pellegrinaggio, nel giorno dell\u2019<b>anniversario della morte<\/b> di Provenzano sulle tombe di <i>zio Tot\u00f2 <\/i>e zio Bernardo, a rendere omaggio, a baciare quelle lapidi che sono un <b>simbolo potentissimo<\/b>.<\/span><\/p>\n<p class=\"p4\"><span class=\"s3\"><strong>Goethe<\/strong> scrive nel suo <i>Faust:<\/i> <b><i>Alles Verg\u00e4ngliche Ist nur ein Gleichnis<\/i><\/b><\/span><b> \u2013 <i>Tutto ci\u00f2 che diviene \u00e8 un simbolo<\/i><\/b>. Dobbiamo chiederci, quale simbolo diverr\u00e0 per il figlio dei due pregiudicati quel bacio alla lapide di <strong>Provenzano<\/strong>, quel pellegrinaggio a Corleone. Il pregiudicato <strong>Pompeo Piserchia<\/strong> e la compagna hanno agito da <b>veri educatori<\/b>: hanno portato il bambino ad onorare un simbolo. Dietro a quel bacio vi \u00e8 un progetto educativo culminato in viaggio. <i>Tot\u00f2<\/i> e <i>Bernardo<\/i> sono stati probabilmente descritti come due persone degne di <b>venerazione<\/b> e di <b>amore<\/b> ed \u00e8 proprio questo che chiede l\u2019essere di ogni bambino: trovare immagini a cui anelare silenziosamente.<\/p>\n<p class=\"p4\">Ci sono bimbi che ammirano il proprio maestro, altri che guardano con devozione l\u2019istruttore di judo o la maestra di catechismo. Il figlio del pregiudicato <strong>Pompeo Piserchia<\/strong> viene invitato dai genitori a baciare la tomba di <strong>Provenzano<\/strong>. Un <b>messaggio educativo<\/b>, sociale e maieutico non destinato a rimanere isolato, concluso nella cerchia della famiglia di riferimento, ma aperto alla <b>comunit\u00e0 mafiosa<\/b>, a sodali e consociati, ai giovani che, nella stessa citt\u00e0 del pregiudicato <strong>Piserchia<\/strong>, vivono privi di qualsiasi riferimento se non quello della <b>simbologia mafiosa<\/b>.<\/p>\n<p>&nbsp;<\/p>\n<p><iframe src=\"https:\/\/cs.ilgiardinodeilibri.it\/data\/partner\/4507\/wg_manu_4626.html?_=1657998847\" width=\"600\" height=\"646\" frameborder=\"0\" scrolling=\"no\"><\/iframe><\/p>\n<p class=\"p6\">La notizia \u00e8 balzata agli onori della cronaca perch\u00e9 i video son divenuti <b>virali<\/b> e dunque occorreva parlarne, come si fa di norma quando il culo di una soubrette viene ripreso senza il tanga tra le chiappe.<\/p>\n<p class=\"p6\">Il bambino allevato con una pistola nella culla e che oggi bacia la tomba di zio Bernardo \u00e8 una <b>immagine collaterale<\/b>: non fa notizia.<\/p>\n<p class=\"p6\">Verrebbe da chiedersi cosa deve fare una famiglia a <b>Foggia<\/b> per ricevere l\u2019assistenza dei <b>servizi sociali<\/b>. A quali abusi deve essere sottoposto un minore per essere allontanato dalla famiglia di appartenenza. Tutto questo non \u00e8 lecito chiederlo, non \u00e8 lecito saperlo: si parla dei <b><i>selfie<\/i> <\/b>fatti dalla famiglia <strong>Piserchia<\/strong><i> <\/i>mentre l\u2019ennesimo guitto oltraggia il senso di uno Stato che sembra essere svanito dalla coscienza collettiva violando vieppi\u00f9 l\u2019innocenza di un bambino che viene istruito s\u00ec, ma secondo i crismi dell\u2019<b>ortodossia mafiosa<\/b>. Ed \u00e8 proprio l\u2019<b><i>ignoranza sociale<\/i><\/b><i> nei confronti <\/i>delle <b>modalit\u00e0 educative<\/b> messe a punto dalla mafia ad impedire che la nostra comunit\u00e0 riesca a<span class=\"Apple-converted-space\">\u00a0 <\/span>venire a capo dei <b>fenomeni tragici <\/b>che smembrano le coscienze dei nostri ragazzi.<\/p>\n<p class=\"p6\">Chi scrive \u00e8 un maestro di <b>scuola primaria<\/b> orgoglioso di essere nato a Foggia. Da due anni mi occupo, insieme ai miei alunni, di approfondire la conoscenza delle vite dei giudici <b>Falcone<\/b> e <b>Borsellino<\/b>.<span class=\"Apple-converted-space\">\u00a0<\/span><\/p>\n<p class=\"p6\">I miei alunni hanno incontrato, attraverso corrispondenza epistolare, <strong>Fiammetta, Manfredi<\/strong> e <strong>Salvatore Borsellino<\/strong>.<span class=\"Apple-converted-space\">\u00a0<\/span><\/p>\n<p class=\"p7\"><span class=\"s4\">Il ricordo e la testimonianza dei familiari di Bo<\/span>rsellino accompagner\u00e0 per sempre i miei alunni e li guider\u00e0 come un faro. Questo \u00e8 il compito dell\u2019educazione:<em> <b>\u201c<\/b><span class=\"s2\"><b>elaborare una pedagogia che insegni ad apprendere, ad apprendere per tutta la vita dalla vita stessa\u201d<\/b>. <\/span><\/em>Lo stesso metodo viene applicato dall\u2019<b>educazione mafiosa<\/b> che obbliga a venerare <b>simboli criminali <\/b>e depravati.<\/p>\n<p class=\"p7\">Alla memoria di <b>Giovanni Falcone<\/b> e <b>Paolo Borsellino<\/b> ho scritto questo brano per pianoforte solo: <a href=\"https:\/\/youtu.be\/kGvmWO5LWy0\" target=\"_blank\" rel=\"noopener\"><b>Luce del Mondo<\/b><\/a><b>.<\/b><\/p>\n<p>&nbsp;<\/p>\n<p><iframe title=\"Nicola Gelo\u2022Luce del Mondo\" src=\"https:\/\/www.youtube.com\/embed\/kGvmWO5LWy0\" width=\"682\" height=\"384\" frameborder=\"0\" allowfullscreen=\"allowfullscreen\"><\/iframe><\/p>\n<p>&nbsp;<\/p>\n<p class=\"p7\">Se l\u2019<b>importanza<\/b> delle notizie non fosse direttamente proporzionale allo <b>squallore<\/b> che esse riversano nell\u2019<b>apparato sociale<\/b> allora forse potremmo leggere su un giornale: <em>\u201cFoggiano dedica una composizione ai giudici Falcone e Borsellino\u201d<\/em> e non solo apprendere dei sordidi viaggi di uno dei tanti scellerati che ammorbano la citt\u00e0 nella quale son nato.<\/p>\n<p>&nbsp;<\/p>\n<p class=\"p9\"><em>Nicola Gelo<\/em><\/p>","protected":false},"excerpt":{"rendered":"<p>&nbsp; di Piero Cammerinesi Anche se il giornalismo copia-incolla in gran spolvero negli ultimi anni ci ha abituato alle pi\u00f9 miserevoli notizie ed a rutilanti vergognose menzogne, ci sono dei momenti in cui si fa fatica a credere ai propri occhi aprendo un quotidiano e leggendo nefandezze che avremmo creduto impubblicabili. \u00c8 il caso del [&hellip;]<\/p>\n","protected":false},"author":2,"featured_media":64485,"comment_status":"closed","ping_status":"closed","sticky":false,"template":"","format":"standard","meta":{"footnotes":""},"categories":[13,5165],"tags":[3148,1232,128,3149,3144,1233,3146,3145,3147,2878],"class_list":["post-64481","post","type-post","status-publish","format-standard","has-post-thumbnail","hentry","category-articoli-news","category-attualita","tag-fiammetta-borsellino","tag-giovanni-falcone","tag-goethe","tag-manfredi-borsellino","tag-nicola-gelo","tag-paolo-borsellino","tag-pompeo-piserchia","tag-provenzano","tag-salvatore-borsellino","tag-toto-riina"],"_links":{"self":[{"href":"https:\/\/www.liberopensare.com\/en\/wp-json\/wp\/v2\/posts\/64481","targetHints":{"allow":["GET"]}}],"collection":[{"href":"https:\/\/www.liberopensare.com\/en\/wp-json\/wp\/v2\/posts"}],"about":[{"href":"https:\/\/www.liberopensare.com\/en\/wp-json\/wp\/v2\/types\/post"}],"author":[{"embeddable":true,"href":"https:\/\/www.liberopensare.com\/en\/wp-json\/wp\/v2\/users\/2"}],"replies":[{"embeddable":true,"href":"https:\/\/www.liberopensare.com\/en\/wp-json\/wp\/v2\/comments?post=64481"}],"version-history":[{"count":0,"href":"https:\/\/www.liberopensare.com\/en\/wp-json\/wp\/v2\/posts\/64481\/revisions"}],"wp:featuredmedia":[{"embeddable":true,"href":"https:\/\/www.liberopensare.com\/en\/wp-json\/wp\/v2\/media\/64485"}],"wp:attachment":[{"href":"https:\/\/www.liberopensare.com\/en\/wp-json\/wp\/v2\/media?parent=64481"}],"wp:term":[{"taxonomy":"category","embeddable":true,"href":"https:\/\/www.liberopensare.com\/en\/wp-json\/wp\/v2\/categories?post=64481"},{"taxonomy":"post_tag","embeddable":true,"href":"https:\/\/www.liberopensare.com\/en\/wp-json\/wp\/v2\/tags?post=64481"}],"curies":[{"name":"wp","href":"https:\/\/api.w.org\/{rel}","templated":true}]}}