{"id":66737,"date":"2022-10-27T11:55:33","date_gmt":"2022-10-27T09:55:33","guid":{"rendered":"https:\/\/www.liberopensare.com\/?p=66737"},"modified":"2023-09-17T10:46:56","modified_gmt":"2023-09-17T08:46:56","slug":"terrorismo-alfabetico","status":"publish","type":"post","link":"https:\/\/www.liberopensare.com\/en\/terrorismo-alfabetico\/","title":{"rendered":"Terrorismo alfabetico"},"content":{"rendered":"<pre class=\"p3\">di Piero Cammerinesi<\/pre>\n<p class=\"p3\"><a href=\"https:\/\/www.ilgiardinodeilibri.it\/__alimenti-biologici\/_alimenti-naturali\/?pn=4507\" target=\"_blank\" rel=\"noopener\"><img decoding=\"async\" class=\"alignright\" src=\"\/\/cs.ilgiardinodeilibri.it\/data\/banner_partner\/b\/banner2_alimenti_160x600.jpg\" alt=\"\" \/><\/a>C&#8217;era una volta Libert\u00e0, e Libert\u00e0 si aggirava tra gli uomini e tutti se ne rallegravano. Tutti la invocavano, la esaltavano e senza di lei nulla sembrava aver valore, sapore, colore.<br \/>\nLei era la dea pi\u00f9 amata e bastava il suo nome a dare senso alla vita degli uomini.<br \/>\nLibert\u00e0, con la sua fiaccola, squarciava le tenebre del conformismo e le tenebre non riuscivano del tutto ad oscurarla.<br \/>\nLe Nazioni se ne riempivano la bocca e tutti cantavano le \u201cmagnifiche sorti e progressive\u201d.<\/p>\n<p>Ma poi il vento cambi\u00f2 ed anche lei, la dea munita di corona e fiaccola, Libert\u00e0, non era pi\u00f9 cos\u00ec benvoluta e cos\u00ec venne ringraziata per i suoi servigi e accompagnata gentilmente all\u2019uscita.<br \/>\nAl momento ci si doveva occupare di cose ben pi\u00f9 importanti: la paura di virus e di guerre, l&#8217;insicurezza economica, e la cieca ubbidienza ai capi.<\/p>\n<p>La prima tra le qualit\u00e0 di Libert\u00e0 a sparire dalla vista fu quella delle cure sanitarie, del mostrare il proprio volto all&#8217;aperto e di uscire di casa senza lasciapassare.<\/p>\n<p>Poi fu la volta di quella di espressione.<\/p>\n<p class=\"p3\">Se prima tutti &#8211; con <strong>Voltaire<\/strong> &#8211; avrebbero dato la vita perch\u00e9 altri avessero il diritto di affermare qualsiasi cosa, ed erano gelosissimi della propria riservatezza e di lei, Libert\u00e0, da un giorno all\u2019altro iniziarono a pensare che, in fondo, essere spiati e impediti di esprimere le proprie opinioni &#8211; in cambio di veder garantita la propria sicurezza, beninteso &#8211; non fosse poi cos\u00ec intollerabile.<\/p>\n<p class=\"p3\">Anzi, incominciarono anche a prenderci gusto.<\/p>\n<p><em>\u201dAndr\u00e0 tutto bene<\/em>\u201d cantavano.<\/p>\n<p class=\"p3\">L\u2019<em>esibizionismo\/voyerismo<\/em> dei <em>social<\/em> in fondo non faceva sentire pi\u00f9 soli anche se reclusi nelle proprie abitazioni e questo era assai gratificante.<\/p>\n<p class=\"p3\">I capi &#8211; quelli che per definizione fanno tutto<em> per il bene dei sudditi <\/em>&#8211; spiavano tutti, si spiavano\u00a0anche tra alleati, ma era &#8211; naturalmente &#8211; <em>per la sicurezza di tutti.<\/em><\/p>\n<p class=\"p3\"><a href=\"https:\/\/www.ilgiardinodeilibri.it\/libri\/__vaccini-anti-covid-punto-vista-spirituale-thomas-mayer-libro.php?id=199613\" target=\"_blank\" rel=\"noopener\"><img fetchpriority=\"high\" decoding=\"async\" class=\"wp-image-66732 alignleft\" src=\"https:\/\/www.liberopensare.com\/wp-content\/uploads\/2022\/10\/vaccini-anti-covid-da-un-punto-di-vista-spirituale-217x300.jpeg\" alt=\"\" width=\"305\" height=\"422\" srcset=\"https:\/\/www.liberopensare.com\/wp-content\/uploads\/2022\/10\/vaccini-anti-covid-da-un-punto-di-vista-spirituale-217x300.jpeg 217w, https:\/\/www.liberopensare.com\/wp-content\/uploads\/2022\/10\/vaccini-anti-covid-da-un-punto-di-vista-spirituale-9x12.jpeg 9w, https:\/\/www.liberopensare.com\/wp-content\/uploads\/2022\/10\/vaccini-anti-covid-da-un-punto-di-vista-spirituale.jpeg 487w\" sizes=\"(max-width: 305px) 100vw, 305px\" \/><\/a><\/p>\n<p class=\"p3\">Ben presto s\u2019inizi\u00f2 a dire che certi argomenti non potevano essere trattati. Per la sicurezza nazionale &#8211; dunque, manco a dirlo, <em>per il bene di tutti.<\/em><\/p>\n<p class=\"p3\">Quei <em>social<\/em> che avevano consentito a tutti di sentirsi in compagnia &#8211; di spiare e farsi spiare con entusiasmo &#8211; iniziarono a censurare, bannare, criminalizzare chi non seguiva le <em>\u201cregole della comunit\u00e0\u201d<\/em>.<\/p>\n<p class=\"p3\">La <em>loro<\/em> comunit\u00e0, beninteso.<\/p>\n<p class=\"p3\">Ma non bastava neanche questo.<\/p>\n<p class=\"p3\">Il fantasma di quella che era stata un tempo Libert\u00e0 continuava ancora a far paura.<\/p>\n<p class=\"p3\">Allora dopo aver imbavagliato il presente <strong>bisognava anche cancellare il passato<\/strong>; ed ecco riaffacciarsi le statue abbattute, i libri proibiti, la storia riscritta, le opere d\u2019arte imbrattate.<\/p>\n<p class=\"p3\">La <strong>cultura della cancellazione<\/strong> &#8211; dal privato al pubblico, dalla Storia alle storie &#8211; dopo un lungo sonno di svariati decenni, riprendeva vita pi\u00f9 energica che pria.<\/p>\n<p class=\"p3\">Si traeva ispirazione dai &#8211; fino ad un paio di anni prima tanto vituperati &#8211; roghi di libri di hitleriana memoria, ma anche dagli indici dei libri proibiti in Unione Sovietica, USA, Cile, e tanti altri Paesi, senza andare a scomodare Cina e Cambogia con i loro strabilianti successi devastatori.<\/p>\n<p class=\"p3\">Ma c\u2019era ancora la <strong>lingua<\/strong>, con cui scrivere nuovi libri &#8211; pericolosi perch\u00e9 potevano riesumare quel fantasma di Libert\u00e0 ormai introvabile &#8211; chiss\u00e0 dove si era cacciato? &#8211;\u00a0 ma che pur da qualche parte avrebbe potuto \u00a0riaffacciarsi.<\/p>\n<p class=\"p3\">Fu rispolverata allora la <em>\u201cneolingua\u201d<\/em> di orwelliana memoria dove <strong>ogni termine aveva in realt\u00e0 il significato opposto<\/strong> (<em>democrazia<\/em> per dittatura, <em>libert\u00e0<\/em> per censura, <em>pace<\/em> per guerra, <em>salute<\/em> per malattia, <em>arte<\/em> per mercimonio,\u00a0 <em>creazione<\/em> per distruzione, <em>istruzione<\/em> per\u00a0 ignoranza, <em>giustizia<\/em> per prevaricazione, <em>scienza<\/em> per dogma, <em>verit\u00e0<\/em> per menzogna).<span class=\"Apple-converted-space\">\u00a0<\/span><\/p>\n<p class=\"p1\"><b><em>Libert\u00e0<\/em> per schiavit\u00f9.<\/b><\/p>\n<p>&nbsp;<\/p>\n<p><iframe src=\"https:\/\/cs.ilgiardinodeilibri.it\/data\/partner\/4507\/wg_manu_5014.html?_=1666862042\" width=\"600\" height=\"646\" frameborder=\"0\" scrolling=\"no\"><\/iframe><\/p>\n<p class=\"p3\">Ma ancora non bastava; ci si accorse che il male non si annidava solo nelle <strong>parole<\/strong>.<span class=\"Apple-converted-space\">\u00a0<\/span><\/p>\n<p class=\"p3\">C\u2019erano anche le <strong>lettere dell\u2019alfabeto<\/strong> da tenere sotto controllo perch\u00e9 quel fantasma di Libert\u00e0 &#8211; se pur sempre pi\u00f9 malconcio &#8211; poteva ancora far paura.<\/p>\n<p class=\"p3\">Ed ecco, allora, un nuovo, straordinario capitolo in questa fantastica storia della graduale ma inarrestabile liquidazione di Libert\u00e0. Che viene scritto proprio in quella che \u00e8 stata &#8211; ahim\u00e9 quanti secoli fa? &#8211; la patria della cultura, della filosofia, del libero pensare: la Germania.<\/p>\n<p class=\"p3\">Infatti &#8211; udite udite e siamo arrivati con questa favola triste ai giorni nostri &#8211; un tribunale tedesco ha condannato, qualche giorno fa, un automobilista e non per uno scritto o per un discorso ma per una sola lettera dell\u2019alfabeto, la lettera Z!<\/p>\n<p class=\"p3\">Il malcapitato aveva esposto l&#8217;ultima lettera dell&#8217;alfabeto latino sul lunotto posteriore della propria auto ma un tribunale di Amburgo lo ha giudicato colpevole di essere un filo-russo perch\u00e9 la Z \u00e8 un simbolo dell\u2019azione militare di Mosca, condannandolo ad una multa di 5.000 euro.<\/p>\n<p class=\"p3\">Il nostro <em>\u201cterrorista dell\u2019alfabeto\u201d<\/em>, pur non negando di aver esposto la lettera Z, ha sostenuto davanti alla corte che si tratta semplicemente dell&#8217;ultima lettera dell\u2019alfabeto e che cercare di stabilire un collegamento tra la lettera e il conflitto in Ucraina \u00e8 un&#8217;ipotesi <em>&#8220;molto, molto audace\u201d.<\/em><\/p>\n<p class=\"p3\">Si \u00e8 anche peritato di suggerire altre possibili interpretazioni, tra cui il film franco-algerino &#8220;Z&#8221; e un bar di Amburgo che portava lo stesso nome.<\/p>\n<p>Ma gli inflessibili giudici teutonici non hanno voluto sentir ragioni ed hanno emesso il verdetto: <strong>la lettera Z \u00e8 terroristica.<\/strong><\/p>\n<p>&nbsp;<\/p>\n<p><script type=\"text\/javascript\">\nvar ml_partners_options = {\n\tpcode : \"3867\",\n\tlogo : \"logo\",\n\timmagini : \"s\",\n\tmaxtitolo : 50,\n\tprezzo : \"s\",\n\tbordocolor : \"09f\",\n\tsconto : \"s\",\n\tricerca : \"s\",\n\tdefaultricerca : \"russia ucraina\",\n\tdefaulttipo : \"Tutte\",\n\txml_id : 5,\n\tmaxprodotti : 20,\n\ttarget : \"_blank\",\n\tlinkcolor : \"09f\",\n\tbgcolor : \"cef\",\n\tbuttoncolor : \"fff\",\n\tprezzocolor : \"f80\",\n\tn_row : 1,\n\tlarghezza : \"100%\",\n};\n<\/script><br \/>\n<script type=\"text\/javascript\" src=\"https:\/\/plus.macrolibrarsi.it\/assets\/widget-partner-v1\/js\/macrolibrarsi.partners.js\"><\/script><\/p>\n<p>&nbsp;<\/p>\n<p class=\"p5\">D&#8217;altra parte &#8211; per restare in Europa &#8211; anche il colosso assicurativo <em>Zurich<\/em>\u00a0aveva appena deciso di togliere la grande \u201cZ\u201d bianca\u00a0che campeggia su sfondo blu nel suo logo.<\/p>\n<p class=\"p3\">Ma &#8211; come si dice &#8211; se Atene piange Sparta non ride e anche dall\u2019altro capo del mondo non si scherza; l\u2019alfabeto \u00e8 un pericolo tangibile!<\/p>\n<p class=\"p3\">Cos\u00ec in Corea del Sud la <em>Samsung<\/em> ha rimosso la lettera Z dal marchio dei suoi smartphone pieghevoli <em>Galaxy Z<\/em>.<\/p>\n<p class=\"p3\">D\u2019altra parte il ministro degli Esteri ucraino <strong>Dmitry Kuleba<\/strong> lo aveva detto a chiare lettere, esortando la comunit\u00e0 internazionale a vietare la lettera Z, poich\u00e9 dal punto di vista di Kiev essa rappresenta <em>&#8220;la guerra di aggressione della Russia\u201d.<\/em><\/p>\n<p>&nbsp;<\/p>\n<p><iframe src=\"https:\/\/cs.ilgiardinodeilibri.it\/data\/partner\/4507\/wg_manu_5014.html?_=1666862988\" width=\"600\" height=\"646\" frameborder=\"0\" scrolling=\"no\"><\/iframe><\/p>\n<p class=\"p3\">Quale sar\u00e0 la prossima lettera dell&#8217;alfabeto da eliminare nella successiva tappa della <em>cancel culture<\/em>?<\/p>\n<p>In fondo se la Z \u00e8 l&#8217;ultima lettera dell&#8217;alfabeto anche la prima non scherza; vi ricordate della <em>&#8220;Lettera scarlatta&#8221; di <\/em><strong>Nathaniel Hawthorne<\/strong>, nella quale la protagonista, Hester Prynne, venne condannata a indossare una lettera scarlatta &#8211; A di adultera &#8211; ricamata sul vestito per aver commesso adulterio?<\/p>\n<p class=\"p3\">Dopo altre eventuali lettere &#8211; tra la A e la Z ce ne sono diverse da utilizzare, non c&#8217;\u00e8 che l&#8217;imbarazzo della scelta &#8211; se la prenderanno con virgole, punti e punti esclamativi?<\/p>\n<p class=\"p3\">Tanto, in fondo, a cosa ci servono le lettere dell\u2019alfabeto, abbiamo gli <em>emoticon<\/em> &#8211; le faccine &#8211; no?<\/p>\n<p>E allora avanti tutta, verso un mondo surreale fatto\u00a0 di dislessia e dissonanza cognitiva, dove <strong>il sonno della ragione<\/strong> \u00e8 ormai la regola e i pensanti l\u2019eccezione.<\/p>\n<p class=\"p1\">E non rammarichiamoci troppo del gramo fato di Libert\u00e0, in fondo si pu\u00f2 vivere senza d\u00e8i o dee, basta obliarne l\u2019esistenza e gli ultimi anni lo hanno dimostrato appieno.<\/p>\n<p class=\"p1\">Non \u00e8 allora forse proprio questo dell\u2019oblio di s\u00e9 &#8211; e del s\u00e9 &#8211; il senso finale della auspicata <em>\u201cmente-alveare\u201d<\/em> basata sulla raccolta dati che libererebbe finalmente &#8211; parola di <b>Burrhus Frederic Skinner<\/b>, acclamato psicologo americano &#8211; l\u2019uomo dalla deprecabile <b>illusione dell\u2019esistenza di Libert\u00e0?<\/b><\/p>","protected":false},"excerpt":{"rendered":"<p>di Piero Cammerinesi C&#8217;era una volta Libert\u00e0, e Libert\u00e0 si aggirava tra gli uomini e tutti se ne rallegravano. Tutti la invocavano, la esaltavano e senza di lei nulla sembrava aver valore, sapore, colore. Lei era la dea pi\u00f9 amata e bastava il suo nome a dare senso alla vita degli uomini. Libert\u00e0, con la [&hellip;]<\/p>\n","protected":false},"author":2,"featured_media":66738,"comment_status":"closed","ping_status":"closed","sticky":false,"template":"","format":"standard","meta":{"footnotes":""},"categories":[13,5165],"tags":[3643,3640,851,3641,234,2768],"class_list":["post-66737","post","type-post","status-publish","format-standard","has-post-thumbnail","hentry","category-articoli-news","category-attualita","tag-burrhus-frederic-skinner","tag-dmitry-kuleba","tag-evidenza","tag-nathaniel-hawthorne","tag-piero-cammerinesi","tag-voltaire"],"_links":{"self":[{"href":"https:\/\/www.liberopensare.com\/en\/wp-json\/wp\/v2\/posts\/66737","targetHints":{"allow":["GET"]}}],"collection":[{"href":"https:\/\/www.liberopensare.com\/en\/wp-json\/wp\/v2\/posts"}],"about":[{"href":"https:\/\/www.liberopensare.com\/en\/wp-json\/wp\/v2\/types\/post"}],"author":[{"embeddable":true,"href":"https:\/\/www.liberopensare.com\/en\/wp-json\/wp\/v2\/users\/2"}],"replies":[{"embeddable":true,"href":"https:\/\/www.liberopensare.com\/en\/wp-json\/wp\/v2\/comments?post=66737"}],"version-history":[{"count":0,"href":"https:\/\/www.liberopensare.com\/en\/wp-json\/wp\/v2\/posts\/66737\/revisions"}],"wp:featuredmedia":[{"embeddable":true,"href":"https:\/\/www.liberopensare.com\/en\/wp-json\/wp\/v2\/media\/66738"}],"wp:attachment":[{"href":"https:\/\/www.liberopensare.com\/en\/wp-json\/wp\/v2\/media?parent=66737"}],"wp:term":[{"taxonomy":"category","embeddable":true,"href":"https:\/\/www.liberopensare.com\/en\/wp-json\/wp\/v2\/categories?post=66737"},{"taxonomy":"post_tag","embeddable":true,"href":"https:\/\/www.liberopensare.com\/en\/wp-json\/wp\/v2\/tags?post=66737"}],"curies":[{"name":"wp","href":"https:\/\/api.w.org\/{rel}","templated":true}]}}