{"id":67654,"date":"2022-11-21T22:57:40","date_gmt":"2022-11-21T21:57:40","guid":{"rendered":"https:\/\/www.liberopensare.com\/?p=67654"},"modified":"2022-11-23T09:57:01","modified_gmt":"2022-11-23T08:57:01","slug":"volonta-estrema","status":"publish","type":"post","link":"https:\/\/www.liberopensare.com\/en\/volonta-estrema\/","title":{"rendered":"Volont\u00e0 estrema"},"content":{"rendered":"<div class=\"fx fy fz ga gb l\">\n<div class=\"o dx\">\n<div class=\"em ce ew ex ey ez fa fb fc fd fe\">\n<article>\n<div class=\"l\">\n<div class=\"l\">\n<section>\n<div class=\"in io ip iq ir\">\n<div class=\"\">\n<p id=\"a9cd\" class=\"pw-post-body-paragraph kc kd jf ke b kf kg kh ki kj kk kl km kn ko kp kq kr ks kt ku kv kw kx ky kz in fw\" data-selectable-paragraph=\"\">Dopo pi\u00f9 di vent\u2019anni di \u201castinenza\u201d torner\u00f2 oggi a scrivere di arrampicata estrema e di ci\u00f2 che rappresenta (in maniera pi\u00f9 o meno consapevole) per i suoi pochissimi praticanti.<\/p>\n<p id=\"e8c5\" class=\"pw-post-body-paragraph kc kd jf ke b kf kg kh ki kj kk kl km kn ko kp kq kr ks kt ku kv kw kx ky kz in fw\" data-selectable-paragraph=\"\">Lo spunto (occasionale) me lo ha offerto tornare a vedere il film-documentario\u00a0<strong class=\"ke jg\"><em class=\"la\">Free Solo<\/em><\/strong>, le cui straordinarie ma anche terribili immagini riprendono <strong>Alex Honnold<\/strong> che scala in solitaria e senza corda i 950 metri di granito strapiombante di <em>El Capitan<\/em> (sulla via Frerider di 7c\u00b0), nella Yosemite Valley. La valle californiana \u00e8 una delle pi\u00f9 belle di tutto il pianeta, ed \u00e8 sorvegliata da due sentinelle monumentali naturali impareggiabili: l\u2019Half Dome e El Capitan\u2026 due blocchi di granito compatto che, dal 1950, hanno catalizzato i sogni di tutti i pi\u00f9 forti scalatori del mondo.<\/p>\n<p data-selectable-paragraph=\"\"><img fetchpriority=\"high\" decoding=\"async\" class=\"alignnone wp-image-67661\" src=\"https:\/\/www.liberopensare.com\/wp-content\/uploads\/2022\/11\/1_QFLbbFNOJXGMQ52Yh7e6Sg-300x138.jpeg\" alt=\"\" width=\"837\" height=\"385\" srcset=\"https:\/\/www.liberopensare.com\/wp-content\/uploads\/2022\/11\/1_QFLbbFNOJXGMQ52Yh7e6Sg-300x138.jpeg 300w, https:\/\/www.liberopensare.com\/wp-content\/uploads\/2022\/11\/1_QFLbbFNOJXGMQ52Yh7e6Sg-768x354.jpeg 768w, https:\/\/www.liberopensare.com\/wp-content\/uploads\/2022\/11\/1_QFLbbFNOJXGMQ52Yh7e6Sg-18x8.jpeg 18w, https:\/\/www.liberopensare.com\/wp-content\/uploads\/2022\/11\/1_QFLbbFNOJXGMQ52Yh7e6Sg-1320x609.jpeg 1320w, https:\/\/www.liberopensare.com\/wp-content\/uploads\/2022\/11\/1_QFLbbFNOJXGMQ52Yh7e6Sg.jpeg 1400w\" sizes=\"(max-width: 837px) 100vw, 837px\" \/><\/p>\n<\/div>\n<p id=\"3e0b\" class=\"pw-post-body-paragraph kc kd jf ke b kf kg kh ki kj kk kl km kn ko kp kq kr ks kt ku kv kw kx ky kz in fw\" data-selectable-paragraph=\"\">Dopo pochi minuti dall\u2019inizio del filmato credo che qualunque spettatore con una seppur vaga consapevolezza delle difficolt\u00e0 che <strong>Alex<\/strong> sta affrontando, difficilmente possa evitare di sentire il proprio cuore arrivargli in gola e il proprio plesso solare stringersi quasi in una morsa\u2026 inevitabile, dopo pochi secondi, la sentenza senza appello:<\/p>\n<blockquote>\n<p id=\"68e6\" class=\"pw-post-body-paragraph kc kd jf ke b kf kg kh ki kj kk kl km kn ko kp kq kr ks kt ku kv kw kx ky kz in fw\" data-selectable-paragraph=\"\">&#8211; Quel ragazzo \u00e8 del tutto pazzo! Ma che gli dice la testa?<\/p>\n<\/blockquote>\n<p id=\"47db\" class=\"pw-post-body-paragraph kc kd jf ke b kf kg kh ki kj kk kl km kn ko kp kq kr ks kt ku kv kw kx ky kz in fw\" data-selectable-paragraph=\"\">Giudizio che sarebbe ancor pi\u00f9 giustificato se lo spettatore sapesse che da quando l\u2019arrampicata libera esplose nella Yosemite Valley pi\u00f9 di quaranta, quarantacinque giovani (uomini e donne) sono morti precipitando da 300 o 500 metri di altezza mentre tentavano un qualche\u00a0<em class=\"la\">Free Solo<\/em>\u00a0su una delle tante pareti strapiombanti dei giganti di granito della valle.<\/p>\n<figure class=\"lc ld le lf gt iw gh gi paragraph-image\">\n<div class=\"ix iy do iz ce ja\" tabindex=\"0\" role=\"button\">\n<div class=\"gh gi lg\"><picture><source srcset=\"https:\/\/miro.medium.com\/max\/640\/1*vDR3J0FrQTHfyUL2mZ0uzg.png 640w, https:\/\/miro.medium.com\/max\/720\/1*vDR3J0FrQTHfyUL2mZ0uzg.png 720w, https:\/\/miro.medium.com\/max\/750\/1*vDR3J0FrQTHfyUL2mZ0uzg.png 750w, https:\/\/miro.medium.com\/max\/786\/1*vDR3J0FrQTHfyUL2mZ0uzg.png 786w, https:\/\/miro.medium.com\/max\/828\/1*vDR3J0FrQTHfyUL2mZ0uzg.png 828w, https:\/\/miro.medium.com\/max\/1100\/1*vDR3J0FrQTHfyUL2mZ0uzg.png 1100w, https:\/\/miro.medium.com\/max\/1400\/1*vDR3J0FrQTHfyUL2mZ0uzg.png 1400w\" sizes=\"(min-resolution: 4dppx) and (max-width: 700px) 50vw, (-webkit-min-device-pixel-ratio: 4) and (max-width: 700px) 50vw, (min-resolution: 3dppx) and (max-width: 700px) 67vw, (-webkit-min-device-pixel-ratio: 3) and (max-width: 700px) 65vw, (min-resolution: 2.5dppx) and (max-width: 700px) 80vw, (-webkit-min-device-pixel-ratio: 2.5) and (max-width: 700px) 80vw, (min-resolution: 2dppx) and (max-width: 700px) 100vw, (-webkit-min-device-pixel-ratio: 2) and (max-width: 700px) 100vw, 700px\" data-testid=\"og\" \/><img decoding=\"async\" class=\"ce jb jc c\" role=\"presentation\" src=\"https:\/\/miro.medium.com\/max\/1400\/1*vDR3J0FrQTHfyUL2mZ0uzg.png\" alt=\"\" width=\"700\" height=\"502\" \/><\/picture><\/div>\n<\/div>\n<\/figure>\n<blockquote>\n<p id=\"ca3e\" class=\"pw-post-body-paragraph kc kd jf ke b kf kg kh ki kj kk kl km kn ko kp kq kr ks kt ku kv kw kx ky kz in fw\" data-selectable-paragraph=\"\">S\u00ec! Quelli sono del tutto pazzi!<\/p>\n<\/blockquote>\n<p id=\"8dea\" class=\"pw-post-body-paragraph kc kd jf ke b kf kg kh ki kj kk kl km kn ko kp kq kr ks kt ku kv kw kx ky kz in fw\" data-selectable-paragraph=\"\">Bene\u2026 prima di procedere nel mio articolo sar\u00e0 il caso che io confessi di aver praticato alpinismo per trent\u2019anni circa, di avere nel curriculum pi\u00f9 di centoventi vie di TD e ED effettuate su tutto l\u2019arco alpino e di aver realizzato due\u00a0<strong class=\"ke jg\"><em class=\"la\">Free Solo<\/em><\/strong>. Uno di 120 mt. di D+ (4\u00b0 superiore) su una via del Monte Morra (nei pressi di Tivoli) quando ancora ero un principiante, e uno di 250 mt. di ED- (6\u00b0 inferiore) su una via del Gran Sasso, in Abruzzo, dopo 28 anni di arrampicata. In pratica due bazzecole, se paragonate alle 1200 vie di estrema difficolt\u00e0 superate da Alex in <strong class=\"ke jg\"><em class=\"la\">Free Solo<\/em><\/strong>.<\/p>\n<p class=\"pw-post-body-paragraph kc kd jf ke b kf kg kh ki kj kk kl km kn ko kp kq kr ks kt ku kv kw kx ky kz in fw\" data-selectable-paragraph=\"\">Tanto per fare un paragone, se immaginassimo lui o i tanti altri scalatori estremi come universitari che hanno appena superato con 110 e lode una laurea in Matematica Pura, io, a loro confronto, potrei considerarmi uno studente poco dotato, arrivato s\u00ec e no al terzo liceo scientifico\u2026<\/p>\n<p id=\"6195\" class=\"pw-post-body-paragraph kc kd jf ke b kf kg kh ki kj kk kl km kn ko kp kq kr ks kt ku kv kw kx ky kz in fw\" data-selectable-paragraph=\"\">Occorre tuttavia ricordare una cosa: quando si sono superati i primi venti o i trenta metri dal suolo, poco importa il grado o la bravura dell\u2019atleta\u2026 se cade, muore!<\/p>\n<p id=\"a597\" class=\"pw-post-body-paragraph kc kd jf ke b kf kg kh ki kj kk kl km kn ko kp kq kr ks kt ku kv kw kx ky kz in fw\" data-selectable-paragraph=\"\">Oltre a ci\u00f2, si tenga presente che sono uno psicologo-psicoterapeuta, antroposofo da oltre cinquant\u2019anni, che nel 1999 venne pubblicata la mia tesi finale di un master in Ipnosi intitolata appunto: \u201c<em class=\"la\">Attivit\u00e0 estreme e stati alterati di coscienza<\/em>\u201d e che nel 2002, insieme ad alcuni arrampicatori di punta romani realizzai il film-documentario: \u201c<em class=\"la\">Danzare in verticale<\/em>\u201d (oggi purtroppo andato perduto) che, per analizzare queste attivit\u00e0, che folli in realt\u00e0 non sono, partiva da considerazioni scientifico spirituali.<\/p>\n<figure class=\"lc ld le lf gt iw gh gi paragraph-image\">\n<div class=\"gh gi lh\"><picture><source srcset=\"https:\/\/miro.medium.com\/max\/640\/1*7MrDtNC0ZF_7dQQyv7WbjA.png 640w, https:\/\/miro.medium.com\/max\/720\/1*7MrDtNC0ZF_7dQQyv7WbjA.png 720w, https:\/\/miro.medium.com\/max\/750\/1*7MrDtNC0ZF_7dQQyv7WbjA.png 750w, https:\/\/miro.medium.com\/max\/786\/1*7MrDtNC0ZF_7dQQyv7WbjA.png 786w, https:\/\/miro.medium.com\/max\/828\/1*7MrDtNC0ZF_7dQQyv7WbjA.png 828w, https:\/\/miro.medium.com\/max\/1100\/1*7MrDtNC0ZF_7dQQyv7WbjA.png 1100w, https:\/\/miro.medium.com\/max\/648\/1*7MrDtNC0ZF_7dQQyv7WbjA.png 648w\" sizes=\"(min-resolution: 4dppx) and (max-width: 700px) 50vw, (-webkit-min-device-pixel-ratio: 4) and (max-width: 700px) 50vw, (min-resolution: 3dppx) and (max-width: 700px) 67vw, (-webkit-min-device-pixel-ratio: 3) and (max-width: 700px) 65vw, (min-resolution: 2.5dppx) and (max-width: 700px) 80vw, (-webkit-min-device-pixel-ratio: 2.5) and (max-width: 700px) 80vw, (min-resolution: 2dppx) and (max-width: 700px) 100vw, (-webkit-min-device-pixel-ratio: 2) and (max-width: 700px) 100vw, 324px\" data-testid=\"og\" \/><img decoding=\"async\" class=\"ce jb jc c alignleft\" role=\"presentation\" src=\"https:\/\/miro.medium.com\/max\/648\/1*7MrDtNC0ZF_7dQQyv7WbjA.png\" alt=\"\" width=\"324\" height=\"495\" \/><\/picture><\/div>\n<\/figure>\n<p id=\"55c4\" class=\"pw-post-body-paragraph kc kd jf ke b kf kg kh ki kj kk kl km kn ko kp kq kr ks kt ku kv kw kx ky kz in fw\" data-selectable-paragraph=\"\">Detto ci\u00f2, mi sento persona legittimata ad analizzare esperienze come quelle realizzate da <strong>Alex Honnold<\/strong> svelandone i retroscena spirituali, siano o meno consapevoli alla coscienza del loro protagonista.<\/p>\n<p id=\"9d83\" class=\"pw-post-body-paragraph kc kd jf ke b kf kg kh ki kj kk kl km kn ko kp kq kr ks kt ku kv kw kx ky kz in fw\" data-selectable-paragraph=\"\">Per iniziare, mi si permetta per\u00f2 di sintetizzare quanto gi\u00e0 espresso nel testo pubblicato nel 1999, iniziando dai risultati da me riportati di alcune batterie di test ai quali (negli anni \u201990) furono sottoposti 293 protagonisti di attivit\u00e0 estreme dal professore di psicologia <strong>Bruce Ogilvie<\/strong>. Ebbene, risult\u00f2 che una altissima percentuale dei soggetti presentava un atteggiamento estroverso e positivo nei confronti della vita, una abilit\u00e0 astratta e una intelligenza di molto superiore alla media, capacit\u00e0 cognitive plastiche e creative e una considerevole stabilit\u00e0 emotiva.<\/p>\n<p id=\"63fe\" class=\"pw-post-body-paragraph kc kd jf ke b kf kg kh ki kj kk kl km kn ko kp kq kr ks kt ku kv kw kx ky kz in fw\" data-selectable-paragraph=\"\">Su questa base fu in seguito tracciato dai ricercatori un profilo di personalit\u00e0 diviso in due sottotipi: T + e T-<\/p>\n<p id=\"c1d4\" class=\"pw-post-body-paragraph kc kd jf ke b kf kg kh ki kj kk kl km kn ko kp kq kr ks kt ku kv kw kx ky kz in fw\" data-selectable-paragraph=\"\">Il primo (al quale gruppo apparterrebbero i pi\u00f9 grandi esploratori, artisti e scienziati di tutte le epoche) \u00e8 caratterizzato da individualit\u00e0 che tendono a vivere il rischio in maniera positiva, controllata, salutare e positiva.<\/p>\n<p id=\"a2f3\" class=\"pw-post-body-paragraph kc kd jf ke b kf kg kh ki kj kk kl km kn ko kp kq kr ks kt ku kv kw kx ky kz in fw\" data-selectable-paragraph=\"\">Il secondo, invece, caratterizzato da individui che tendono a vivere il rischio in maniera negativa, attraverso delinquenza, violenza gratuita, sperimentazione di droghe e autodistruzione.<\/p>\n<p id=\"5cbe\" class=\"pw-post-body-paragraph kc kd jf ke b kf kg kh ki kj kk kl km kn ko kp kq kr ks kt ku kv kw kx ky kz in fw\" data-selectable-paragraph=\"\">Nel corso di questi ultimi decenni altri studi sono stati realizzati e, anche se con termini diversi, confermano i risultati di quelle prime ricerche. Per cui\u2026 mi sentirei di affermare che\u2026 no! Mi dispiace\u2026 ma n\u00e9 <strong>Alex<\/strong>, n\u00e9 alcun altro dei tanti protagonisti di attivit\u00e0 estreme pu\u00f2 essere considerato pazzo solo sulla base di una risposta inconsulta ed emotiva della coscienza collettiva.<\/p>\n<p id=\"c051\" class=\"pw-post-body-paragraph kc kd jf ke b kf kg kh ki kj kk kl km kn ko kp kq kr ks kt ku kv kw kx ky kz in fw\" data-selectable-paragraph=\"\">Naturalmente esistono eccezioni, gente disturbata da protagonismo o sopravvalutazione delle proprie potenzialit\u00e0\u2026 ma sono pochissimi e rientrano nel campo dell\u2019umano.<\/p>\n<p id=\"eba7\" class=\"pw-post-body-paragraph kc kd jf ke b kf kg kh ki kj kk kl km kn ko kp kq kr ks kt ku kv kw kx ky kz in fw\" data-selectable-paragraph=\"\">Seconda importantissima considerazione delle mie ricerche fu quella sul\u00a0<strong class=\"ke jg\">Fattore Rischio<\/strong>\u2026 che si concluse affermando come questo fosse\u00a0<strong class=\"ke jg\">decisamente relativo<\/strong>. In altre parole, quello che arrivai a documentare \u00e8 il fatto che la Vita \u00e8 sempre ad altissimo rischio. Questo perch\u00e9 siamo tutti creature fragili e mortali la cui esistenza nella dimensione terrena \u00e8 un vero e proprio continuo miracolo. Fin dal primo momento in cui l\u2019ovulo viene fecondato, infatti, e in seguito per tutti i nove mesi di gestazione, il feto pu\u00f2 ammalare o abortire per un insieme talmente grande di variabili che sarebbe vano enumerarle. Ma una volta nato, ogni nuovo arrivato dovr\u00e0 poi fare i conti con la qualit\u00e0 dei fattori psicologici che lo accoglieranno (atteggiamento della madre, del padre e dei parenti pi\u00f9 vicini) e la variet\u00e0 delle risorse ambientali proprie di quella famiglia. Ci saranno in seguito i pericoli (gravissimi) tipici di tutte le adolescenze (emarginazione, bullismo, abusi sessuali, droghe, criminalit\u00e0 di ripiego) e in seguito tutti i rischi della vita adulta (malattie endogene o da contagio\u2026 fallimenti lavorativi\u2026 abbandoni sentimentali\u2026 incidenti di varia natura\u2026 e chi pi\u00f9 ne ha pi\u00f9 ne metta).<\/p>\n<p id=\"5112\" class=\"pw-post-body-paragraph kc kd jf ke b kf kg kh ki kj kk kl km kn ko kp kq kr ks kt ku kv kw kx ky kz in fw\" data-selectable-paragraph=\"\">Insomma: la vita \u00e8 un rischio! Sempre!<\/p>\n<p data-selectable-paragraph=\"\"><iframe src=\"https:\/\/cs.ilgiardinodeilibri.it\/data\/partner\/4507\/wg_manu_4626.html?_=1669067000\" width=\"600\" height=\"646\" frameborder=\"0\" scrolling=\"no\"><\/iframe><\/p>\n<p id=\"cd93\" class=\"pw-post-body-paragraph kc kd jf ke b kf kg kh ki kj kk kl km kn ko kp kq kr ks kt ku kv kw kx ky kz in fw\" data-selectable-paragraph=\"\">E non esistono zone sicure, strategie protettive o margini ancorch\u00e9 minimi di sicurezza. In ogni momento ognuno di noi pu\u00f2 incontrare un incidente, una malattia o la morte.<\/p>\n<p id=\"4b9c\" class=\"pw-post-body-paragraph kc kd jf ke b kf kg kh ki kj kk kl km kn ko kp kq kr ks kt ku kv kw kx ky kz in fw\" data-selectable-paragraph=\"\">Qual \u00e8 allora la differenza tra i rischi che corriamo sempre e comunque e quelli che affrontano Alex e compagni? La risposta \u00e8 semplice e sconcertante: <strong>la consapevolezza assoluta del rischio che si sta vivendo in quel momento<\/strong>.<\/p>\n<p id=\"f5d1\" class=\"pw-post-body-paragraph kc kd jf ke b kf kg kh ki kj kk kl km kn ko kp kq kr ks kt ku kv kw kx ky kz in fw\" data-selectable-paragraph=\"\">In parole pi\u00f9 semplici: attraversiamo la strada e un\u2019auto condotta da un ubriaco ci investe. Siamo in casa con alcuni amici e un terremoto distrugge l\u2019abitazione. Usciamo dal bagno, scivoliamo\u2026 e sbattiamo la testa sulla vasca. Stiamo dormendo, al caldo, nel nostro letto\u2026 ma senza darci nessun preavviso un cancro si sta sviluppando nel nostro corpo, oppure un infarto\u2026 all\u2019improvviso, far\u00e0 fermare il nostro cuore.<\/p>\n<p id=\"7fa8\" class=\"pw-post-body-paragraph kc kd jf ke b kf kg kh ki kj kk kl km kn ko kp kq kr ks kt ku kv kw kx ky kz in fw\" data-selectable-paragraph=\"\"><strong>Alex<\/strong> in parete, ma cos\u00ec pure un paracadutista ad apertura ritardata, un sub in apnea a 150 mt. di profondit\u00e0, un canoista impegnato su una cascata di 6\u00b0 o un surfista che sfreccia nel \u201ctubo\u201d di un\u2019onda oceanica\u2026 sanno con precisione cosa stanno facendo. Si sono preparati per anni, a volte per decenni, conoscono fin nei minimi dettagli le reazioni del proprio organismo e tutto ci\u00f2 che c\u2019\u00e8 da sapere sull\u2019ambiente in cui si muovono\u2026 e sono perci\u00f2 in contatto diretto e cosciente con la linea sottilissima che separa la vita dalla morte.<\/p>\n<p id=\"0057\" class=\"pw-post-body-paragraph kc kd jf ke b kf kg kh ki kj kk kl km kn ko kp kq kr ks kt ku kv kw kx ky kz in fw\" data-selectable-paragraph=\"\">Tutti viviamo e ci muoviamo nel rischio continuo della vita ordinaria, ma non ne sappiamo nulla!<\/p>\n<p id=\"0970\" class=\"pw-post-body-paragraph kc kd jf ke b kf kg kh ki kj kk kl km kn ko kp kq kr ks kt ku kv kw kx ky kz in fw\" data-selectable-paragraph=\"\">I protagonisti dell\u2019estremo, al contrario, vivono momenti di consapevolezza assoluta anche se, per poterla sperimentare, devono ogni volta mettere a repentaglio la propria sopravvivenza.<\/p>\n<p id=\"5d53\" class=\"pw-post-body-paragraph kc kd jf ke b kf kg kh ki kj kk kl km kn ko kp kq kr ks kt ku kv kw kx ky kz in fw\" data-selectable-paragraph=\"\">Ma non basta\u2026 la straordinariet\u00e0 dell\u2019esperienza, in casi ancora pi\u00f9 estremi o comunque eccezionali permette l\u2019apertura su dimensioni\u00a0<em class=\"la\">Altre<\/em>\u00a0del mistero dell\u2019Uomo e sulla natura spirituale che in realt\u00e0 gli \u00e8 propria.<\/p>\n<p id=\"363e\" class=\"pw-post-body-paragraph kc kd jf ke b kf kg kh ki kj kk kl km kn ko kp kq kr ks kt ku kv kw kx ky kz in fw\" data-selectable-paragraph=\"\">Nel mio libro, infatti, riportai i risultati delle pi\u00f9 recenti e attendibili ricerche sulla natura della coscienza ordinaria dell\u2019essere umano, enumerai quali fossero i fattori che la determinano, quali i casi in cui tale ordinariet\u00e0 pu\u00f2 essere varcata e, infine, accennai a dove pu\u00f2 portare il suo superamento.<\/p>\n<p id=\"efd8\" class=\"pw-post-body-paragraph kc kd jf ke b kf kg kh ki kj kk kl km kn ko kp kq kr ks kt ku kv kw kx ky kz in fw\" data-selectable-paragraph=\"\">Per far ci\u00f2 ripresi gli studi di <strong>Charles T. Tart<\/strong> (ritenuto all\u2019epoca il massimo esperto sull\u2019argomento coscienza) il quale, adottando un linguaggio mutuato in parte dalla fisica quantistica e in parte dall\u2019informatica, anzich\u00e9 azzardare una definizione unitaria della coscienza ordinaria dell\u2019uomo, svilupp\u00f2 e perfezion\u00f2 un approccio per sistemi il cui equilibrio dinamico la determinerebbe.<\/p>\n<p id=\"ef1d\" class=\"pw-post-body-paragraph kc kd jf ke b kf kg kh ki kj kk kl km kn ko kp kq kr ks kt ku kv kw kx ky kz in fw\" data-selectable-paragraph=\"\"><strong>Tart<\/strong> part\u00ec dalla constatazione dell\u2019esistenza di un centro di <em>\u201cenergia di attenzione-consapevolezza\u201d<\/em> nonch\u00e9 di tutta una serie di strutture\/funzioni\/sottosistemi relativamente permanenti della mente-cervello che agiscono sull\u2019informazione trasformandola in vari modi.<\/p>\n<p class=\"pw-post-body-paragraph kc kd jf ke b kf kg kh ki kj kk kl km kn ko kp kq kr ks kt ku kv kw kx ky kz in fw\" data-selectable-paragraph=\"\">Si pu\u00f2 intendere allora lo\u00a0<strong class=\"ke jg\">stato di coscienza di un singolo individuo in un dato tempo<\/strong>\u00a0come il risultato dell\u2019interazione tra l\u2019energia di attenzione\/consapevolezza e i dieci sottosistemi individuati dall\u2019autore.<\/p>\n<figure class=\"lc ld le lf gt iw gh gi paragraph-image\">\n<div class=\"ix iy do iz ce ja\" tabindex=\"0\" role=\"button\">\n<div class=\"gh gi li\"><picture><source srcset=\"https:\/\/miro.medium.com\/max\/640\/1*ZuNHCr32XmyAlSGHnuaJsQ.jpeg 640w, https:\/\/miro.medium.com\/max\/720\/1*ZuNHCr32XmyAlSGHnuaJsQ.jpeg 720w, https:\/\/miro.medium.com\/max\/750\/1*ZuNHCr32XmyAlSGHnuaJsQ.jpeg 750w, https:\/\/miro.medium.com\/max\/786\/1*ZuNHCr32XmyAlSGHnuaJsQ.jpeg 786w, https:\/\/miro.medium.com\/max\/828\/1*ZuNHCr32XmyAlSGHnuaJsQ.jpeg 828w, https:\/\/miro.medium.com\/max\/1100\/1*ZuNHCr32XmyAlSGHnuaJsQ.jpeg 1100w, https:\/\/miro.medium.com\/max\/1400\/1*ZuNHCr32XmyAlSGHnuaJsQ.jpeg 1400w\" sizes=\"(min-resolution: 4dppx) and (max-width: 700px) 50vw, (-webkit-min-device-pixel-ratio: 4) and (max-width: 700px) 50vw, (min-resolution: 3dppx) and (max-width: 700px) 67vw, (-webkit-min-device-pixel-ratio: 3) and (max-width: 700px) 65vw, (min-resolution: 2.5dppx) and (max-width: 700px) 80vw, (-webkit-min-device-pixel-ratio: 2.5) and (max-width: 700px) 80vw, (min-resolution: 2dppx) and (max-width: 700px) 100vw, (-webkit-min-device-pixel-ratio: 2) and (max-width: 700px) 100vw, 700px\" data-testid=\"og\" \/><img loading=\"lazy\" decoding=\"async\" class=\"ce jb jc c\" role=\"presentation\" src=\"https:\/\/miro.medium.com\/max\/1400\/1*ZuNHCr32XmyAlSGHnuaJsQ.jpeg\" alt=\"\" width=\"700\" height=\"421\" \/><\/picture><\/div>\n<\/div>\n<\/figure>\n<p id=\"056b\" class=\"pw-post-body-paragraph kc kd jf ke b kf kg kh ki kj kk kl km kn ko kp kq kr ks kt ku kv kw kx ky kz in fw\" data-selectable-paragraph=\"\">All\u2019epoca, dovendo presentare la mia trattazione ad una commissione medico accademica, non ritenni opportuno correggere il termine <em>\u201cattenzione\/consapevolezza\u201d<\/em> di <strong>Tart<\/strong> con la visione scientifico spirituale di <strong>Rudolf Steiner<\/strong>, secondo il quale la coscienza ordinaria che abbiamo della realt\u00e0 \u00e8 determinata dall\u2019incontro della percezione sensoria con la corrente del pensare cosmico che, per oggettivarsi e prendere coscienza di s\u00e9, muore alla vita sovrasensibile che gli \u00e8 propria.<\/p>\n<p class=\"pw-post-body-paragraph kc kd jf ke b kf kg kh ki kj kk kl km kn ko kp kq kr ks kt ku kv kw kx ky kz in fw\" data-selectable-paragraph=\"\">Ma \u00e8 anche vero che non avevo bisogno di correggerlo, perch\u00e9 l\u2019idea che un forte squilibrio dei vari sottosistemi organici potesse portare in una condizione di <em>\u201cstato alterato della coscienza\u201d<\/em> (e quindi in una dimensione sovrasensibile) era comunque valida e di facile comprensione per tutti.<\/p>\n<p id=\"4ae2\" class=\"pw-post-body-paragraph kc kd jf ke b kf kg kh ki kj kk kl km kn ko kp kq kr ks kt ku kv kw kx ky kz in fw\" data-selectable-paragraph=\"\">Rinviando al mio piccolo saggio il lettore interessato a spiegazioni pi\u00f9 dettagliate sull\u2019equilibrio statico eppur dinamico della coscienza ordinaria, credo sia facile intuire che allorch\u00e9 tale equilibrio per una qualche misura supera i sistemi di auto-stabilizzazione, d\u2019improvviso si entra in stati alterati i quali, se non ottundono la presenza cosciente dell\u2019Io, lo immettono in una dimensione sovrasensibile. <strong>Tart<\/strong> paragona questo momento ad un salto quantico oltre il quale le dieci strutture ordinarie possono cominciare a funzionare a livelli di intensit\u00e0 superiori, oppure possono cessare del tutto di farlo mentre ne entrano in funzione altre, in precedenza latenti.<\/p>\n<p id=\"d8f7\" class=\"pw-post-body-paragraph kc kd jf ke b kf kg kh ki kj kk kl km kn ko kp kq kr ks kt ku kv kw kx ky kz in fw\" data-selectable-paragraph=\"\">Fu lo psicologo ungherese <strong>Mihaly Csikszentmihalyi<\/strong> che nel 1975 coni\u00f2 il termine di\u00a0<strong class=\"ke jg\"><em class=\"la\">Flow<\/em><\/strong>\u00a0per descrivere, da un altro punto di vista, l\u2019essenza di questa esperienza: uno stato di coscienza in cui la persona \u00e8 completamente immersa, concentrata e coinvolta in un\u2019attivit\u00e0 cos\u00ec che la mente e il corpo sono in perfetta simbiosi. In questo stato \u00e8 come se la coscienza fosse del tutto concentrata in un solo punto, quasi come una luce laser, e tutto scorre (appunto\u00a0<em class=\"la\">flow<\/em>, flusso, o anche\u00a0<em class=\"la\">Stato di Grazia<\/em>) creando una condizione di assoluta armonia e controllo del proprio compito, con massima gratificazione e positivit\u00e0.<\/p>\n<p id=\"3701\" class=\"pw-post-body-paragraph kc kd jf ke b kf kg kh ki kj kk kl km kn ko kp kq kr ks kt ku kv kw kx ky kz in fw\" data-selectable-paragraph=\"\">Per affrontare tali imprese, ci suggerisce sempre <strong>M. Csikszentmihahalyi<\/strong> occorre una forte motivazione che \u00e8 sempre correlata a due elementi essenziali: primo,\u00a0<strong class=\"ke jg\">la passione<\/strong>\u00a0(fai qualcosa che ami e trai piacere e ricompensa nel farlo) e secondo,\u00a0<strong class=\"ke jg\">il significato che dai alle cose<\/strong>, il tuo scopo superiore o, in altre parole, quelli che sono i tuoi perch\u00e9.<\/p>\n<p id=\"e8d0\" class=\"pw-post-body-paragraph kc kd jf ke b kf kg kh ki kj kk kl km kn ko kp kq kr ks kt ku kv kw kx ky kz in fw\" data-selectable-paragraph=\"\">Perci\u00f2 lo stato di\u00a0<strong class=\"ke jg\"><em class=\"la\">Flow<\/em><\/strong>\u00a0non sarebbe tipico solo dei grandi atleti, ma anche dei grandi scienziati, dei grandi esploratori, dei musicisti e degli artisti in genere\u2026 solo che, nelle attivit\u00e0 estreme, il prezzo da pagare pu\u00f2 essere la morte. La qual cosa, come vedremo tra breve, inserisce nell\u2019esperienza un elemento essenziale in pi\u00f9.<\/p>\n<p id=\"f586\" class=\"pw-post-body-paragraph kc kd jf ke b kf kg kh ki kj kk kl km kn ko kp kq kr ks kt ku kv kw kx ky kz in fw\" data-selectable-paragraph=\"\"><strong>Alex<\/strong>, nelle svariate conferenze rilasciate in tanti anni di\u00a0<strong class=\"ke jg\"><em class=\"la\">Free Solo<\/em><\/strong>, si \u00e8 sempre dimostrato ben consapevole del rischio che corre e, tra le tante sue affermazioni, due possono essere considerate fondamentali:<\/p>\n<p id=\"f750\" class=\"pw-post-body-paragraph kc kd jf ke b kf kg kh ki kj kk kl km kn ko kp kq kr ks kt ku kv kw kx ky kz in fw\" data-selectable-paragraph=\"\">1) Tutti possiamo morire in un qualsiasi momento della nostra vita. Il\u00a0<strong class=\"ke jg\"><em class=\"la\">Free Solo<\/em><\/strong>\u00a0mi rende per\u00f2 molto pi\u00f9 consapevole di questa umana realt\u00e0.<\/p>\n<p id=\"094b\" class=\"pw-post-body-paragraph kc kd jf ke b kf kg kh ki kj kk kl km kn ko kp kq kr ks kt ku kv kw kx ky kz in fw\" data-selectable-paragraph=\"\">2) In fondo, mentre arrampico, mi sento un po\u2019 come un guerriero concentrato solo sul proprio compito, quale che sia il prezzo da pagare.<\/p>\n<figure class=\"lc ld le lf gt iw gh gi paragraph-image\">\n<div class=\"gh gi lj\"><picture><source srcset=\"https:\/\/miro.medium.com\/max\/640\/1*rf95T5rSpawPRq7tdk2Q9w.jpeg 640w, https:\/\/miro.medium.com\/max\/720\/1*rf95T5rSpawPRq7tdk2Q9w.jpeg 720w, https:\/\/miro.medium.com\/max\/750\/1*rf95T5rSpawPRq7tdk2Q9w.jpeg 750w, https:\/\/miro.medium.com\/max\/786\/1*rf95T5rSpawPRq7tdk2Q9w.jpeg 786w, https:\/\/miro.medium.com\/max\/828\/1*rf95T5rSpawPRq7tdk2Q9w.jpeg 828w, https:\/\/miro.medium.com\/max\/1100\/1*rf95T5rSpawPRq7tdk2Q9w.jpeg 1100w, https:\/\/miro.medium.com\/max\/1320\/1*rf95T5rSpawPRq7tdk2Q9w.jpeg 1320w\" sizes=\"(min-resolution: 4dppx) and (max-width: 700px) 50vw, (-webkit-min-device-pixel-ratio: 4) and (max-width: 700px) 50vw, (min-resolution: 3dppx) and (max-width: 700px) 67vw, (-webkit-min-device-pixel-ratio: 3) and (max-width: 700px) 65vw, (min-resolution: 2.5dppx) and (max-width: 700px) 80vw, (-webkit-min-device-pixel-ratio: 2.5) and (max-width: 700px) 80vw, (min-resolution: 2dppx) and (max-width: 700px) 100vw, (-webkit-min-device-pixel-ratio: 2) and (max-width: 700px) 100vw, 660px\" data-testid=\"og\" \/><img loading=\"lazy\" decoding=\"async\" class=\"ce jb jc c\" role=\"presentation\" src=\"https:\/\/miro.medium.com\/max\/1320\/1*rf95T5rSpawPRq7tdk2Q9w.jpeg\" alt=\"\" width=\"803\" height=\"414\" \/><\/picture><\/div>\n<\/figure>\n<p id=\"5383\" class=\"pw-post-body-paragraph kc kd jf ke b kf kg kh ki kj kk kl km kn ko kp kq kr ks kt ku kv kw kx ky kz in fw\" data-selectable-paragraph=\"\">Potrei continuare a lungo a parlare delle dinamiche psicologiche implicite o esplicite in queste singolari esperienze umane\u2026 ma credo sia giunto il momento, piuttosto, di aggiungere delle considerazioni scientifiche spirituali che, almeno mi auguro, possano gettare su di esse una tutt\u2019altra luce\u2026 una luce spirituale.<\/p>\n<p id=\"3eaa\" class=\"pw-post-body-paragraph kc kd jf ke b kf kg kh ki kj kk kl km kn ko kp kq kr ks kt ku kv kw kx ky kz in fw\" data-selectable-paragraph=\"\">Iniziamo pertanto a chiederci: cosa accade durante una cos\u00ec estrema attivit\u00e0 all\u2019istinto di autoconservazione? Un istinto che, come sappiamo, \u00e8 il pi\u00f9 potente in assoluto nella sfera biologica del nostro organismo. Un istinto che, nonostante la \u201c<strong class=\"ke jg\">inerzia amigdalica<\/strong>\u201d (parziale atrofia dell\u2019amigdala) o la \u201c<strong class=\"ke jg\">Ipofrontalit\u00e0 transitoria<\/strong>\u201d (disattivazione parziale della corteccia prefrontale) riscontrate in molti di questi atleti, \u00e8 pur sempre presente e non impedisce loro di essere del tutto consapevoli del rischio che stanno correndo.<\/p>\n<p id=\"b072\" class=\"pw-post-body-paragraph kc kd jf ke b kf kg kh ki kj kk kl km kn ko kp kq kr ks kt ku kv kw kx ky kz in fw\" data-selectable-paragraph=\"\"><strong>Csikszentmihalyi<\/strong> cerca di cavarsela asserendo come in certe situazioni il loro proprio corpo scompare, la loro identit\u00e0 sparisce dalla coscienza perch\u00e9 non avrebbero abbastanza attenzione per fare qualcosa con cos\u00ec tanta concentrazione e allo stesso tempo sentire di esistere. Secondo il mio collega la loro esistenza sarebbe temporaneamente sospesa.<\/p>\n<p id=\"4179\" class=\"pw-post-body-paragraph kc kd jf ke b kf kg kh ki kj kk kl km kn ko kp kq kr ks kt ku kv kw kx ky kz in fw\" data-selectable-paragraph=\"\">Mi permetto di asserire che <strong>Csikszentmihalyi<\/strong> commette il solito errore di capovolgere la relazione causa-effetto\u2026 e di non comprendere quale sia allora il Soggetto che realizza la\u00a0<em class=\"la\">performance<\/em>\u00a0estrema. Io credo, infatti, che non sia l\u2019inerzia amigdalica o l\u2019ipofrontalit\u00e0 transitoria a far sparire in <strong>Alex<\/strong> il senso di identit\u00e0, bens\u00ec il presentificarsi del suo proprio Io spirituale, che scardina l\u2019identit\u00e0 egoica ordinaria, altera il funzionamento amigdalico e si impone sull\u2019istinto di autoconservazione che \u00e8 proprio e solo di questa.<\/p>\n<p id=\"675d\" class=\"pw-post-body-paragraph kc kd jf ke b kf kg kh ki kj kk kl km kn ko kp kq kr ks kt ku kv kw kx ky kz in fw\" data-selectable-paragraph=\"\">In alpinismo questa mia affermazione \u00e8 dimostrata dal particolare rapporto dell\u2019atleta con il vuoto. Perch\u00e9 il Grande Vuoto che si apre sulle verticali pareti di tutte le montagne non \u00e8 \u201cvuoto\u201d, bens\u00ec \u00e8 \u201cpieno\u201d di forze attraenti e devastanti dalle quali l\u2019identit\u00e0 egoica si difende in tutti i modi possibili: dal senso di ripulsa, alle vertigini, allo svenimento. Perch\u00e9 sotto la rappresentazione cosciente ma limitata del <em>\u201cvuoto\u201d<\/em> il dato percettivo racchiude pure l\u2019annullamento dello spazio. O, in altre parole, la dissoluzione della forma, il dissolvimento dell\u2019incarnazione terrena, l\u2019espansione senza pi\u00f9 limiti nella dimensione dello spirito. <strong>\u00c8 questo che spaventa, \u00e8 questo che terrorizza<\/strong>. La tentazione-seduzione di infrangere i limiti spazio-temporali della propria esistenza.<\/p>\n<p id=\"c15a\" class=\"pw-post-body-paragraph kc kd jf ke b kf kg kh ki kj kk kl km kn ko kp kq kr ks kt ku kv kw kx ky kz in fw\" data-selectable-paragraph=\"\">In queste situazioni di esposizione al vuoto (o in altre simili di pericolo) nella persona non disciplinata ed equilibrata si pu\u00f2 osservare come il corpo astrale tenda a ritrarsi su condizioni reattive di primitivit\u00e0 animalesca. \u00c8 quello che accade, ad esempio, nelle tipologie isteriche, nelle quali la percezione di pericolo scatena con immediatezza l\u2019impulso istintivo di autotutela senza alcuna mediazione riflessiva\u2026 e che appunto perci\u00f2 molto spesso \u00e8 sbagliato. Nell\u2019individuo pi\u00f9 che maturo, al contrario, \u00e8 possibile osservare come l\u2019Io superiore tenda ad imporsi sulla tempesta emotiva, sullo scoordinamento motorio e sulla inefficace risposta istintiva, imponendo invece la propria legge superiore.<\/p>\n<p id=\"55cb\" class=\"pw-post-body-paragraph kc kd jf ke b kf kg kh ki kj kk kl km kn ko kp kq kr ks kt ku kv kw kx ky kz in fw\" data-selectable-paragraph=\"\">Chi arrampica compie gesti misurati, plastici, ieratici\u2026 quasi fossero una liturgia.<\/p>\n<p id=\"aadd\" class=\"pw-post-body-paragraph kc kd jf ke b kf kg kh ki kj kk kl km kn ko kp kq kr ks kt ku kv kw kx ky kz in fw\" data-selectable-paragraph=\"\">Il risultato, a fine esperienza, \u00e8 quel senso di soddisfazione profonda e di pieno appagamento che <strong>Jon Krakauer<\/strong>, nel suo libro \u201c<em class=\"la\">Il silenzio del vento,<\/em>\u00a0paragona a quello sperimentabile nel sesso, solo molto pi\u00f9 profondo e molto pi\u00f9 durevole.<\/p>\n<p id=\"1901\" class=\"pw-post-body-paragraph kc kd jf ke b kf kg kh ki kj kk kl km kn ko kp kq kr ks kt ku kv kw kx ky kz in fw\" data-selectable-paragraph=\"\">In effetti, questo \u00e8 proprio quello che io credo che accada (anche per averlo sperimentato in prima persona): quando l\u2019esperienza che si sta affrontando si avvicina al limite delle proprie capacit\u00e0 tutte le componenti astrali inferiori del nostro essere vorrebbero ritirarsi dal gioco\u2026 ma \u00e8 in quel momento che si pu\u00f2 fare l\u2019esperienza (pi\u00f9 o meno cosciente) dell\u2019inserirsi dell\u2019Io superiore nel tessuto inferiore astrale e affermare il proprio dominio. Tacitandolo! Placandolo! E agendo secondo la propria superiore volont\u00e0.<\/p>\n<p id=\"18a9\" class=\"pw-post-body-paragraph kc kd jf ke b kf kg kh ki kj kk kl km kn ko kp kq kr ks kt ku kv kw kx ky kz in fw\" data-selectable-paragraph=\"\">Ed \u00e8 proprio questo agire conforme alla propria volont\u00e0 per tutta la durata della\u00a0<em class=\"la\">performance<\/em>\u00a0che determina quello stato di profonda e prolungata beatitudine di cui parlava <strong>Krakauer<\/strong>.<\/p>\n<p id=\"59f2\" class=\"pw-post-body-paragraph kc kd jf ke b kf kg kh ki kj kk kl km kn ko kp kq kr ks kt ku kv kw kx ky kz in fw\" data-selectable-paragraph=\"\">All\u2019atleta in azione pu\u00f2 capitare ogni tanto di contemplare il vuoto\u2026 e di percepire allora con chiarezza la propria capacit\u00e0 di dominio su quell\u2019elemento. Una capacit\u00e0 di dominio che non \u00e8 pertinente alla sua egoit\u00e0 inferiore, bens\u00ec al proprio Io superiore che egli, con volont\u00e0 estrema, ha chiamato in azione.<\/p>\n<p id=\"da92\" class=\"pw-post-body-paragraph kc kd jf ke b kf kg kh ki kj kk kl km kn ko kp kq kr ks kt ku kv kw kx ky kz in fw\" data-selectable-paragraph=\"\">Dopo i primi anni di esperienza e riflessione sulla mia attivit\u00e0 alpinistica, infatti, alla fine mi resi ben conto che si trattava di una <strong>severa educazione della volont\u00e0<\/strong>.<\/p>\n<p id=\"b2f6\" class=\"pw-post-body-paragraph kc kd jf ke b kf kg kh ki kj kk kl km kn ko kp kq kr ks kt ku kv kw kx ky kz in fw\" data-selectable-paragraph=\"\">E questo a prescindere dalle mille esperienze sovrasensibili che, chi pi\u00f9 o chi meno, molti protagonisti di attivit\u00e0 estreme hanno sperimentato. Non \u00e8 questo il fine. Allo stato attuale della nostra condizione terrena, in un momento drammatico come quello che stiamo attraversando e che \u00e8 caratterizzato da uno spegnimento progressivo della luce della coscienza dell\u2019Io a causa della dipendenza sempre pi\u00f9 accentuata dall\u2019uso di droghe (cannabis, cocaina, alcool, psicofarmaci), o dalla fiducia nel Racconto Dominante spacciato dalla stampa\u00a0<em class=\"la\">mainstream<\/em>, e infine dall\u2019uso indiscriminato del <em>Web<\/em> (su cellulari e personal computer), la scomoda verit\u00e0 \u00e8 che il \u201c<strong class=\"ke jg\">Volere<\/strong>\u201d dell\u2019uomo moderno contemporaneo \u00e8 fiaccato, indebolito, condizionato e vanificato nel suo potenziale.<\/p>\n<p id=\"e4f9\" class=\"pw-post-body-paragraph kc kd jf ke b kf kg kh ki kj kk kl km kn ko kp kq kr ks kt ku kv kw kx ky kz in fw\" data-selectable-paragraph=\"\">Ma se anche \u00e8 vero che il cammino spirituale adeguato all\u2019uomo di questa epoca deve necessariamente iniziare dal pensare (come resurrezione del pensare dialettico-astratto-cerebrale a un pensare vivente liberatosi dalla riflessit\u00e0 nel sistema neuro-sensoriale) \u00e8 pur vero che tale impresa necessita un pur minimo accesso alla volont\u00e0.<\/p>\n<p id=\"c365\" class=\"pw-post-body-paragraph kc kd jf ke b kf kg kh ki kj kk kl km kn ko kp kq kr ks kt ku kv kw kx ky kz in fw\" data-selectable-paragraph=\"\">Nella pratica interiore, la concentrazione e la meditazione esigono oggi pi\u00f9 che mai un volere estremo che sostenga il pensare nel superamento dei propri limiti. In tal senso non penso minimamente che le\u00a0<em class=\"la\">performance\u00a0<\/em>di <strong>Alex<\/strong>, o chi per lui, possano rappresentare una vera e propria necessit\u00e0. Piuttosto esse corrispondono al destino (o karma) di alcuni uomini e donne straordinari, che non sono folli solo perch\u00e9 mettono a repentaglio la propria vita in attivit\u00e0 estreme che la coscienza collettiva non concepisce. N\u00e9, al contrario, possono essere considerati modelli da emulare\u2026 o almeno non necessariamente.<\/p>\n<p data-selectable-paragraph=\"\">Anche se Alex, a dire la verit\u00e0 sembra proprio essere adombrato da un archetipo: la genuina purezza e semplicit\u00e0 della sua coscienza, la modestia che lo contraddistingue, l&#8217;amicizia che lo lega i propri compagni e lo struggente amore &#8220;impersonale&#8221; della sua giovane donna sembrano infatti evocare la figura del Parsifal (il Puro Folle).<\/p>\n<p id=\"d97a\" class=\"pw-post-body-paragraph kc kd jf ke b kf kg kh ki kj kk kl km kn ko kp kq kr ks kt ku kv kw kx ky kz in fw\" data-selectable-paragraph=\"\">Come che sia&#8230;quello che invece va afferrato \u00e8 il significato profondo del loro operato: <strong>la tensione estrema della loro volont\u00e0, il valore delle loro motivazioni pi\u00f9 profonde e la capacit\u00e0 di donare tutto di s\u00e9 stessi pur di raggiungere lo scopo.<\/strong><\/p>\n<p id=\"74ec\" class=\"pw-post-body-paragraph kc kd jf ke b kf kg kh ki kj kk kl km kn ko kp kq kr ks kt ku kv kw kx ky kz in fw\" data-selectable-paragraph=\"\">Di questo abbiamo bisogno. Di questa volont\u00e0 temprata al limite dell\u2019impossibile, affinch\u00e9 un giorno questa forza possa aprire le porte dell\u2019anima alla penetrazione dell\u2019Io Spirituale sullo scenario del mondo terreno.<\/p>\n<p id=\"b1d4\" class=\"pw-post-body-paragraph kc kd jf ke b kf kg kh ki kj kk kl km kn ko kp kq kr ks kt ku kv kw kx ky kz in fw\" data-selectable-paragraph=\"\">Chiss\u00e0?\u2026 forse <strong>Alex<\/strong> e la manciata di giovani uomini e donne che praticano attivit\u00e0 estreme sono fra i tanti altri guerrieri dei quali in un\u2019epoca futura, pi\u00f9 o meno lontana, questa umanit\u00e0 stremata dalla perdita di tutti i Valori Spirituali avr\u00e0 bisogno per realizzare la propria superiore natura.<\/p>\n<figure class=\"lc ld le lf gt iw gh gi paragraph-image\">\n<div class=\"ix iy do iz ce ja\" tabindex=\"0\" role=\"button\">\n<div class=\"gh gi lk\"><picture><source srcset=\"https:\/\/miro.medium.com\/max\/640\/1*91g8u7SQxwJ37o6v01DxCA.jpeg 640w, https:\/\/miro.medium.com\/max\/720\/1*91g8u7SQxwJ37o6v01DxCA.jpeg 720w, https:\/\/miro.medium.com\/max\/750\/1*91g8u7SQxwJ37o6v01DxCA.jpeg 750w, https:\/\/miro.medium.com\/max\/786\/1*91g8u7SQxwJ37o6v01DxCA.jpeg 786w, https:\/\/miro.medium.com\/max\/828\/1*91g8u7SQxwJ37o6v01DxCA.jpeg 828w, https:\/\/miro.medium.com\/max\/1100\/1*91g8u7SQxwJ37o6v01DxCA.jpeg 1100w, https:\/\/miro.medium.com\/max\/1400\/1*91g8u7SQxwJ37o6v01DxCA.jpeg 1400w\" sizes=\"(min-resolution: 4dppx) and (max-width: 700px) 50vw, (-webkit-min-device-pixel-ratio: 4) and (max-width: 700px) 50vw, (min-resolution: 3dppx) and (max-width: 700px) 67vw, (-webkit-min-device-pixel-ratio: 3) and (max-width: 700px) 65vw, (min-resolution: 2.5dppx) and (max-width: 700px) 80vw, (-webkit-min-device-pixel-ratio: 2.5) and (max-width: 700px) 80vw, (min-resolution: 2dppx) and (max-width: 700px) 100vw, (-webkit-min-device-pixel-ratio: 2) and (max-width: 700px) 100vw, 700px\" data-testid=\"og\" \/><img loading=\"lazy\" decoding=\"async\" class=\"ce jb jc c\" role=\"presentation\" src=\"https:\/\/miro.medium.com\/max\/1400\/1*91g8u7SQxwJ37o6v01DxCA.jpeg\" alt=\"\" width=\"798\" height=\"449\" \/><\/picture><\/div>\n<\/div>\n<\/figure>\n<\/div>\n<\/section>\n<\/div>\n<\/div>\n<\/article>\n<div class=\"ll o\"><\/div>\n<\/div>\n<\/div>\n<div class=\"db qa qm o dx sn rx so\">\n<div class=\"sp dz pa sq sr o ao c\">\n<div>\n<div class=\"ci\" aria-hidden=\"false\" aria-describedby=\"96\" aria-labelledby=\"96\"><em>Piero Priorini<\/em><\/div>\n<\/div>\n<\/div>\n<\/div>\n<footer class=\"lm ln lo lp o ao lq lr c\">\n<div class=\"l ls\">\n<div class=\"o dx\">\n<div class=\"em ce ew ex ey ez fa fb fc fd fe\">\n<div class=\"o u lt\">\n<div class=\"o ao gy\">\n<div class=\"lu l\">\n<div class=\"o ao gy\">\n<div class=\"pw-multi-vote-icon do sv ly lz ma\">\n<div class=\"dr mu de rb mw mf bb mg mh mi ma\"><\/div>\n<\/div>\n<\/div>\n<\/div>\n<div class=\"ms o\">\n<div>\n<div class=\"ci\" aria-hidden=\"false\" aria-describedby=\"16\" aria-labelledby=\"16\"><\/div>\n<\/div>\n<\/div>\n<\/div>\n<div class=\"o ao\">\n<div class=\"ci\" aria-hidden=\"false\" aria-describedby=\"postFooterSocialMenu\" aria-labelledby=\"postFooterSocialMenu\">\n<div>\n<div class=\"ci\" aria-hidden=\"false\" aria-describedby=\"17\" aria-labelledby=\"17\"><\/div>\n<\/div>\n<\/div>\n<div class=\"na l fn\"><\/div>\n<\/div>\n<\/div>\n<\/div>\n<\/div>\n<\/div>\n<\/footer>\n<\/div>\n<div class=\"o dx\">\n<div class=\"em ce ew ex ey ez fa fb fc fd fe\"><\/div>\n<\/div>\n<div class=\"l\">\n<div class=\"l nb lt\">\n<div class=\"l lt\">\n<div class=\"nc nd l nb\">\n<div class=\"o dx\">\n<div class=\"em ce ew ex ey ez fa fb fc fd fe\">\n<div class=\"o ao u\"><\/div>\n<\/div>\n<\/div>\n<\/div>\n<\/div>\n<\/div>\n<\/div>","protected":false},"excerpt":{"rendered":"<p>Dopo pi\u00f9 di vent\u2019anni di \u201castinenza\u201d torner\u00f2 oggi a scrivere di arrampicata estrema e di ci\u00f2 che rappresenta (in maniera pi\u00f9 o meno consapevole) per i suoi pochissimi praticanti. Lo spunto (occasionale) me lo ha offerto tornare a vedere il film-documentario\u00a0Free Solo, le cui straordinarie ma anche terribili immagini riprendono Alex Honnold che scala in [&hellip;]<\/p>\n","protected":false},"author":2,"featured_media":67667,"comment_status":"closed","ping_status":"closed","sticky":false,"template":"","format":"standard","meta":{"footnotes":""},"categories":[903],"tags":[3737,3738,3739,851,3741,3740,1164,63],"class_list":["post-67654","post","type-post","status-publish","format-standard","has-post-thumbnail","hentry","category-rassegna","tag-alex-honnold","tag-bruce-ogilvie","tag-charles-t-tart","tag-evidenza","tag-jon-krakauer","tag-mihaly-csikszentmihalyi","tag-piero-priorini","tag-rudolf-steiner"],"_links":{"self":[{"href":"https:\/\/www.liberopensare.com\/en\/wp-json\/wp\/v2\/posts\/67654","targetHints":{"allow":["GET"]}}],"collection":[{"href":"https:\/\/www.liberopensare.com\/en\/wp-json\/wp\/v2\/posts"}],"about":[{"href":"https:\/\/www.liberopensare.com\/en\/wp-json\/wp\/v2\/types\/post"}],"author":[{"embeddable":true,"href":"https:\/\/www.liberopensare.com\/en\/wp-json\/wp\/v2\/users\/2"}],"replies":[{"embeddable":true,"href":"https:\/\/www.liberopensare.com\/en\/wp-json\/wp\/v2\/comments?post=67654"}],"version-history":[{"count":0,"href":"https:\/\/www.liberopensare.com\/en\/wp-json\/wp\/v2\/posts\/67654\/revisions"}],"wp:featuredmedia":[{"embeddable":true,"href":"https:\/\/www.liberopensare.com\/en\/wp-json\/wp\/v2\/media\/67667"}],"wp:attachment":[{"href":"https:\/\/www.liberopensare.com\/en\/wp-json\/wp\/v2\/media?parent=67654"}],"wp:term":[{"taxonomy":"category","embeddable":true,"href":"https:\/\/www.liberopensare.com\/en\/wp-json\/wp\/v2\/categories?post=67654"},{"taxonomy":"post_tag","embeddable":true,"href":"https:\/\/www.liberopensare.com\/en\/wp-json\/wp\/v2\/tags?post=67654"}],"curies":[{"name":"wp","href":"https:\/\/api.w.org\/{rel}","templated":true}]}}