{"id":72601,"date":"2023-07-06T15:16:10","date_gmt":"2023-07-06T13:16:10","guid":{"rendered":"https:\/\/www.liberopensare.com\/?p=72601"},"modified":"2023-09-16T10:05:47","modified_gmt":"2023-09-16T08:05:47","slug":"la-situazione-del-mondo-oggi","status":"publish","type":"post","link":"https:\/\/www.liberopensare.com\/en\/la-situazione-del-mondo-oggi\/","title":{"rendered":"La situazione del mondo oggi"},"content":{"rendered":"<div class=\"entry\">\n<p data-dl-uid=\"33\" data-dl-original=\"true\" data-dl-translated=\"true\">Viviamo in tempi catastrofici.<\/p>\n<p data-dl-uid=\"33\" data-dl-original=\"true\" data-dl-translated=\"true\">Questo non \u00e8 un fatto nuovo nella storia dell&#8217;umanit\u00e0. Le epoche lemuriana e atlantidea si sono entrambe concluse con una catastrofe: Lemuria con una catastrofe di fuoco e Atlantide con il &#8220;Grande Diluvio&#8221;.<br data-dl-uid=\"34\" data-dl-original=\"true\" data-dl-translated=\"true\" \/>Alla fine della settima e ultima epoca post-atlantidea, la Terra sperimenter\u00e0 una catastrofe dell&#8217;aria. Ci\u00f2 avverr\u00e0 all&#8217;incirca nell&#8217;8\u00b0 millennio, che la scienza spirituale definisce Epoca Americana e che sar\u00e0 sotto il segno del Capricorno. La Luna si ricongiunger\u00e0 con la Terra, che ha lasciato da tempo, come l&#8217;astronomia moderna gi\u00e0 sa. Tutto cambier\u00e0 radicalmente. La divisione dei sessi che ha prevalso dall&#8217;uscita della Luna nell&#8217;Epoca Lemuriana sar\u00e0 sostituita da una forma di procreazione legata alla laringe, come rappresentato nel primo sigillo dell&#8217;Apocalisse di <strong>San Giovanni<\/strong> (l&#8217;uomo con la spada di fuoco dalla bocca).<\/p>\n<p data-dl-uid=\"33\" data-dl-original=\"true\" data-dl-translated=\"true\"><br data-dl-uid=\"35\" data-dl-original=\"true\" data-dl-translated=\"true\" \/>Ci troviamo ora in una drammatica prefigurazione di quella catastrofe finale. La gente percepisce qualcosa di questo. Perci\u00f2 abbiamo, ad esempio, le questioni di genere, che si presentano oggi come un fulmine estivo, foriero di condizioni\u00a0<span data-dl-uid=\"36\" data-dl-original=\"true\" data-dl-translated=\"true\">future [1]<\/span>.<\/p>\n<p data-dl-uid=\"33\" data-dl-original=\"true\" data-dl-translated=\"true\"><strong>Rudolf Steiner<\/strong> parla di una ragnatela che si estender\u00e0 sulla Terra e che racchiuder\u00e0 tutti i pensieri materialistici che non saranno stati spiritualizzati sino a quel momento. Anche questo \u00e8 prefigurato nel nostro tempo dal <em>World Wide Web<\/em> onnicomprensivo. Un esempio lampante \u00e8 il software noto come <em>Aladdin<\/em> (acronimo di <em>Asset, Liability and Debt and Derivative Investment Network)<\/em>, il sistema principale utilizzato da <em>BlackRock<\/em>, che sta cercando di raggiungere, o ha gi\u00e0 raggiunto, il controllo globale di tutti i dati economici. Secondo il giornalista economico <strong>Ernst Wolff<\/strong>, \u00e8 <em data-dl-uid=\"37\" data-dl-original=\"true\" data-dl-translated=\"true\">di fatto<\/em>\u00a0molto pi\u00f9 potente di tutti i governi e le banche centrali.<\/p>\n<p data-dl-uid=\"33\" data-dl-original=\"true\" data-dl-translated=\"true\"><iframe src=\"https:\/\/cs.ilgiardinodeilibri.it\/data\/partner\/4507\/wg_manu_5014.html?_=1688652837\" width=\"600\" height=\"646\" frameborder=\"0\" scrolling=\"no\"><\/iframe><\/p>\n<p data-dl-uid=\"33\" data-dl-original=\"true\" data-dl-translated=\"true\">Il &#8220;Superuomo&#8221; di <strong>Friedrich Nietzsche <\/strong>presenta una controparte ahrimanica che <strong>Nietzsche<\/strong> chiama il &#8220;l&#8217;uomo pi\u00f9 brutto&#8221;. Accanto a questo, si svilupper\u00e0 un&#8217;umanit\u00e0 dotata di intense capacit\u00e0 spirituali con le quali il resto dell&#8217;umanit\u00e0 dovr\u00e0 essere guarito in modo manicheo.<\/p>\n<p data-dl-uid=\"33\" data-dl-original=\"true\" data-dl-translated=\"true\"><strong>Le &#8220;razze&#8221; di oggi scompariranno in quanto tali e lasceranno il posto a due tipi di esseri umani: quelli spirituali e quelli legati alla materia. <\/strong><\/p>\n<p data-dl-uid=\"33\" data-dl-original=\"true\" data-dl-translated=\"true\">Anche questo contrasto viene prefigurato oggi. Anche i &#8220;buoni&#8221; e i &#8220;cattivi&#8221; ne sono consapevoli; una caricatura dei &#8220;cattivi&#8221; \u00e8 associata all&#8217;impero di <strong>Putin<\/strong>, mentre l&#8217;impero USA\/NATO dovrebbe incarnare i &#8220;buoni&#8221;.<br \/>\nNon \u00e8 necessario a questo punto commentare ulteriormente la natura assurda, mendace o addirittura ottusa della situazione mondiale odierna. Ogni essere umano moderno e attento se ne rende conto, ma riconosce anche l&#8217;acuto pericolo che incombe su tutta l&#8217;umanit\u00e0.<\/p>\n<p data-dl-uid=\"33\" data-dl-original=\"true\" data-dl-translated=\"true\">Il preludio alla prossima catastrofe include forse una catastrofe attuale ancora pi\u00f9 grande? I chiaroveggenti e gli indovini si sbagliavano quando prevedevano per il\u00a0<em data-dl-uid=\"40\" data-dl-original=\"true\" data-dl-translated=\"true\">presente<\/em>\u00a0sconvolgimenti come una prossima guerra tra la Russia e l&#8217;Occidente, che sarebbe stata seguita da un&#8217;<em data-dl-uid=\"41\" data-dl-original=\"true\" data-dl-translated=\"true\">eclissi di tre giorni<\/em><span data-dl-uid=\"42\" data-dl-original=\"true\" data-dl-translated=\"true\">? [2]<\/span><br data-dl-uid=\"43\" data-dl-original=\"true\" data-dl-translated=\"true\" \/>L&#8217;arco della verit\u00e0 \u00e8 stato cos\u00ec dilatato &#8220;da una sfida alla verit\u00e0 e alla realt\u00e0 stessa&#8221; da richiedere l&#8217;intervento di poteri spirituali superiori prima che l&#8217;intera umanit\u00e0 perisca nel pantano dell&#8217;iniezione COVID?<\/p>\n<p data-dl-uid=\"33\" data-dl-original=\"true\" data-dl-translated=\"true\"><strong>Rudolf Steiner<\/strong> pensava che un tale intervento fosse possibile alla luce delle terribili menzogne contro le Potenze Centrali [Germania e Austria-Ungheria] che venivano diffuse nel 1917<span data-dl-uid=\"45\" data-dl-original=\"true\" data-dl-translated=\"true\">. [3]<\/span>\u00a0La situazione odierna non \u00e8 forse di gran lunga peggiore?<br data-dl-uid=\"46\" data-dl-original=\"true\" data-dl-translated=\"true\" \/>Non stiamo forse vivendo la ricomparsa di spaventose pratiche magiche nere come quelle praticate nei Misteri messicani, prima che il pi\u00f9 grande mago nero che abbia mai camminato sulla terra venisse crocifisso dall&#8217;ancor pi\u00f9 grande mago bianco <strong>Huitzilopochtli<\/strong> proprio al momento del Mistero del Golgotha (<em>R. Steiner, 18 settembre 1916, O.O. 171<\/em>)? La sua anima fu allora posta sotto &#8220;un incantesimo&#8221;, ma non la sua attivit\u00e0 per sempre. Oggi, purtroppo, si estende fino ai pi\u00f9 giovani abitanti della Terra.<\/p>\n<p data-dl-uid=\"33\" data-dl-original=\"true\" data-dl-translated=\"true\">Comunque finisca il preludio catastrofico di oggi, non dobbiamo dimenticare che abbiamo vissuto e siamo sopravvissuti a catastrofi pi\u00f9 colossali. Come disse una volta <strong>D.N. Dunlop<\/strong>:<\/p>\n<blockquote>\n<p data-dl-uid=\"33\" data-dl-original=\"true\" data-dl-translated=\"true\"><br data-dl-uid=\"48\" data-dl-original=\"true\" data-dl-translated=\"true\" \/>&#8220;Ricordate che avete guardato molte volte i cataclismi e siete sempre risorti trionfanti&#8221;.<\/p>\n<\/blockquote>\n<h3>Note<\/h3>\n<p>1 Conferenza del 13 maggio 1921 (O.O. 204); cfr. anche R. Steiner,\u00a0 <a href=\"https:\/\/www.liberopensare.com\/rudolf-steiner\/rudolf-steiner-sullincarnazione-di-arimane-1919\/\">Sull&#8217;incarnazione di Ahriman<\/a>.<\/p>\n<p>2 Ad esempio, il veggente <strong>Alois Irlmaier<\/strong>. Si veda anche <strong>Ruben Stein<\/strong>, La Terza Guerra Mondiale. Le profezie di Maria S.<\/p>\n<p>3 Rudolf Steiner, conferenza del 13 gennaio 1917 (O.O.173c).<\/p>\n<p>&nbsp;<\/p>\n<p><span data-dl-uid=\"50\" data-dl-original=\"true\" data-dl-translated=\"true\"><em data-dl-uid=\"51\" data-dl-original=\"true\" data-dl-translated=\"true\">T.H. Meyer<\/em><\/span><\/p>\n<p><em>Tradotto dall&#8217;inglese da Piero Cammerinesi per LiberoPensare<\/em><\/p>\n<p data-dl-uid=\"49\" data-dl-original=\"true\" data-dl-translated=\"true\"><em><a href=\"https:\/\/perseus.ch\/archive\/11628\" target=\"_blank\" rel=\"noopener\">Fonte<\/a><\/em><\/p>\n<hr \/>\n<p data-dl-uid=\"49\" data-dl-original=\"true\" data-dl-translated=\"true\">\u00a0<img decoding=\"async\" class=\" wp-image-72606 alignleft\" src=\"https:\/\/www.liberopensare.com\/wp-content\/uploads\/2023\/07\/1thm.jpeg\" alt=\"\" width=\"125\" height=\"163\" srcset=\"https:\/\/www.liberopensare.com\/wp-content\/uploads\/2023\/07\/1thm.jpeg 153w, https:\/\/www.liberopensare.com\/wp-content\/uploads\/2023\/07\/1thm-9x12.jpeg 9w\" sizes=\"(max-width: 125px) 100vw, 125px\" \/>T. H. Meyer\u00a0\u00e8 nato in Svizzera nel 1950.<\/p>\n<p data-dl-uid=\"49\" data-dl-original=\"true\" data-dl-translated=\"true\">Fondatore della Perseus Verlag di Basilea e direttore della rivista mensile\u00a0<i data-dl-uid=\"21\" data-dl-original=\"true\" data-dl-translated=\"true\">Der Europ\u00e4er,<\/i>\u00a0ha scritto numerosi articoli ed \u00e8 autore di diversi libri, tra cui\u00a0<i data-dl-uid=\"22\" data-dl-original=\"true\" data-dl-translated=\"true\">Reality, Truth, and Evil<\/i>\u00a0(2005) e le principali biografie di D.N. Dunlop e Ludwig Polzer-Hoditz.<\/p>\n<p data-dl-uid=\"49\" data-dl-original=\"true\" data-dl-translated=\"true\">Ha inoltre curato\u00a0<i data-dl-uid=\"23\" data-dl-original=\"true\" data-dl-translated=\"true\">Light for the New Millennium<\/i>\u00a0(1997), che descrive l&#8217;associazione di Rudolf Steiner con Helmuth ed Eliza von Moltke.<\/p>\n<\/div>\n","protected":false},"excerpt":{"rendered":"<p>Viviamo in tempi catastrofici. Questo non \u00e8 un fatto nuovo nella storia dell&#8217;umanit\u00e0. Le epoche lemuriana e atlantidea si sono entrambe concluse con una catastrofe: Lemuria con una catastrofe di fuoco e Atlantide con il &#8220;Grande Diluvio&#8221;.Alla fine della settima e ultima epoca post-atlantidea, la Terra sperimenter\u00e0 una catastrofe dell&#8217;aria. Ci\u00f2 avverr\u00e0 all&#8217;incirca nell&#8217;8\u00b0 millennio, [&hellip;]<\/p>\n","protected":false},"author":2,"featured_media":72609,"comment_status":"closed","ping_status":"closed","sticky":false,"template":"","format":"standard","meta":{"footnotes":""},"categories":[903,5162],"tags":[4857,4856,4854,851,72,4855,376,4858,63,3596,4853],"class_list":["post-72601","post","type-post","status-publish","format-standard","has-post-thumbnail","hentry","category-rassegna","category-spiritualita","tag-alois-irlmaier","tag-d-n-dunlop","tag-ernst-wolff","tag-evidenza","tag-friedrich-nietzsche","tag-huitzilopochtli","tag-putin","tag-ruben-stein","tag-rudolf-steiner","tag-san-giovanni","tag-t-h-meyer"],"_links":{"self":[{"href":"https:\/\/www.liberopensare.com\/en\/wp-json\/wp\/v2\/posts\/72601","targetHints":{"allow":["GET"]}}],"collection":[{"href":"https:\/\/www.liberopensare.com\/en\/wp-json\/wp\/v2\/posts"}],"about":[{"href":"https:\/\/www.liberopensare.com\/en\/wp-json\/wp\/v2\/types\/post"}],"author":[{"embeddable":true,"href":"https:\/\/www.liberopensare.com\/en\/wp-json\/wp\/v2\/users\/2"}],"replies":[{"embeddable":true,"href":"https:\/\/www.liberopensare.com\/en\/wp-json\/wp\/v2\/comments?post=72601"}],"version-history":[{"count":0,"href":"https:\/\/www.liberopensare.com\/en\/wp-json\/wp\/v2\/posts\/72601\/revisions"}],"wp:featuredmedia":[{"embeddable":true,"href":"https:\/\/www.liberopensare.com\/en\/wp-json\/wp\/v2\/media\/72609"}],"wp:attachment":[{"href":"https:\/\/www.liberopensare.com\/en\/wp-json\/wp\/v2\/media?parent=72601"}],"wp:term":[{"taxonomy":"category","embeddable":true,"href":"https:\/\/www.liberopensare.com\/en\/wp-json\/wp\/v2\/categories?post=72601"},{"taxonomy":"post_tag","embeddable":true,"href":"https:\/\/www.liberopensare.com\/en\/wp-json\/wp\/v2\/tags?post=72601"}],"curies":[{"name":"wp","href":"https:\/\/api.w.org\/{rel}","templated":true}]}}