{"id":72695,"date":"2023-07-18T08:19:56","date_gmt":"2023-07-18T06:19:56","guid":{"rendered":"https:\/\/www.liberopensare.com\/?p=72695"},"modified":"2023-09-16T10:02:33","modified_gmt":"2023-09-16T08:02:33","slug":"la-storia-segreta-e-proibita-dellalleanza-tra-sionismo-e-nazismo","status":"publish","type":"post","link":"https:\/\/www.liberopensare.com\/en\/la-storia-segreta-e-proibita-dellalleanza-tra-sionismo-e-nazismo\/","title":{"rendered":"La storia segreta e proibita dell\u2019alleanza tra sionismo e nazismo"},"content":{"rendered":"<div class=\"et_pb_section et_pb_section_0_tb_body et_section_regular\">\n<div class=\"et_pb_row et_pb_row_0_tb_body\">\n<div class=\"et_pb_column et_pb_column_4_4 et_pb_column_0_tb_body et_pb_css_mix_blend_mode_passthrough et-last-child\">\n<div class=\"et_pb_module et_pb_text et_pb_text_0_tb_body et_pb_text_align_left et_pb_bg_layout_light\">\n<div class=\"et_pb_text_inner\">Questa storia \u00e8 una di quelle inconfessabili e una di quelle che pi\u00f9 atterrisce i poteri che comandano l\u2019Occidente liberale.<\/div>\n<\/div>\n<\/div>\n<\/div>\n<\/div>\n<div class=\"et_pb_section et_pb_section_1_tb_body et_pb_with_background et_section_regular\">\n<div class=\"et_pb_row et_pb_row_2_tb_body\">\n<div class=\"et_pb_column et_pb_column_4_4 et_pb_column_3_tb_body et_pb_css_mix_blend_mode_passthrough et-last-child\">\n<div class=\"et_pb_with_border et_pb_module et_pb_post_content et_pb_post_content_0_tb_body\">\n<p>&nbsp;<\/p>\n<p>\u00c8 una storia che fa paura alle alte sfere liberali perch\u00e9 essa <strong>contraddice, o forse sarebbe meglio dire annienta, tutta la narrazione che ci \u00e8 pervenuta attraverso la storiografia ufficiale degli ultimi 70 anni.<\/strong><\/p>\n<p><strong>\u00c8 la storia dell\u2019alleanza tra sionismo e nazismo<\/strong>. L\u2019ultimo capitolo di questa sacrilega e solo apparentemente assurda alleanza \u00e8 quello che riguarda<a href=\"https:\/\/rumble.com\/v2vkkv4-israeli-ambassador-to-ukraine-normalizes-ukraine-nazi-symbols.html\" target=\"_blank\" rel=\"noopener\">\u00a0le dichiarazioni dell\u2019ambasciatore israeliano in Ucraina, <strong>Mykhail Brodsky<\/strong><\/a>.<\/p>\n<p><strong>Brodsky<\/strong> ha recentemente affermato che l\u2019ammirazione dei moderni nazisti ucraini verso <strong>Stephan Bandera<\/strong> non \u00e8 poi cos\u00ec scabrosa.<\/p>\n<p><strong>Stephan Bandera<\/strong> \u00e8 l\u2019eroe dei nazisti ucraini che governano il Paese da ormai nove infausti anni. <strong>Bandera<\/strong> \u00e8 l\u2019uomo che stabil\u00ec una solida alleanza con la Germania Nazista per condurre l\u2019Ucraina verso l\u2019indipendenza.<\/p>\n<p>\u00c8 anche l\u2019uomo che accett\u00f2 pur di raggiungere tale aspirazione di massacrare gli ebrei ucraini durante gli anni della seconda guerra mondiale.<\/p>\n<p>Quando <strong>Vladimir Putin<\/strong> ha fatto vedere\u00a0<a href=\"https:\/\/t.me\/cesaresacchetti\/10992\" target=\"_blank\" rel=\"noopener\">al recente forum economico di San Pietroburgo<\/a>\u00a0il tipo di orrende e inimmaginabili persecuzioni che i nazisti di <strong>Bandera<\/strong> hanno inflitto agli ebrei in molti hanno rabbrividito.<\/p>\n<p>I nazisti ucraini arrivavano a bruciare vivi i neonati. Sono documentati e provati i casi di infanticidi nei quali bimbi appena nati venivano inchiodati ai tavoli per poi subire, come se questo orrore non fosse gi\u00e0 abbastanza insopportabile, l\u2019asportazione degli occhi.<\/p>\n<p>La pagina del nazismo ucraino \u00e8 una pagina scritta con il sangue e di indicibili orrori che difficilmente troviamo in altre pagine di storia.<\/p>\n<p>Sono questi gli \u201ceroi\u201d ai quali si ispira oggi il regime nazista di <strong>Volodymyr Zelensky<\/strong>. Sono questi gli uomini con i quali i governanti europei, soprattutto <strong>Giorgia Meloni<\/strong>, scambiano calorosi abbracci in pubblico e ai quali le istituzioni liberali rinnovano ogni giorno il loro sostegno e incondizionato supporto.<\/p>\n<p>Oggi l\u2019Occidente liberale e lo stato di Israele si ritrovano alleati in teoria con tutto ci\u00f2 che apparentemente fino a ieri dichiaravano di voler mettere al bando.<\/p>\n<p>Questa apparente contraddizione si spiega con la segreta, solamente per i libri di storia Occidentali, alleanza tra sionismo e nazismo.<\/p>\n<p>E per comprendere la genesi di questo patto scellerato occorre tornare per un istante indietro al 1917, anno nel quale l\u2019allora primo ministro britannico, <strong>Balfour<\/strong>, firm\u00f2 la celebre, o famigerata dichiarazione Balfour.<\/p>\n<p>&nbsp;<\/p>\n<p><iframe src=\"https:\/\/cs.ilgiardinodeilibri.it\/data\/partner\/4507\/wg_manu_5011.html?_=1689271377\" width=\"600\" height=\"646\" frameborder=\"0\" scrolling=\"no\"><\/iframe><\/p>\n<h2><strong>La dichiarazione Balfour: il sionismo vuole la Palestina per costruire Israele<\/strong><\/h2>\n<p>Erano gli anni nei quali infuriava il primo conflitto mondiale. La prima guerra mondiale ebbe una rilevanza<a href=\"https:\/\/www.lacrunadellago.net\/la-crisi-di-israele-e-linsanabile-conflitto-tra-le-anime-del-mondo-ebraico\/\" target=\"_blank\" rel=\"noopener\">\u00a0enorme per i piani della ideologia sionista<\/a>.<\/p>\n<p>Solamente attraverso questo enorme evento bellico fu possibile abbattere l\u2019impero Ottomano che all\u2019epoca nei piani del sionismo internazionale e della famiglia <strong>Rothschild<\/strong> andava rimosso per consegnare il mandato della gestione della Palestina alla Gran Bretagna, la monarchia che questa famiglia di banchieri controllava saldamente almeno dal 1815.<\/p>\n<p>All\u2019epoca si stavano diffondendo rapidamente le idee del padre ideologico del sionismo, <strong>Theodor Herzl<\/strong>, che aspirava alla costruzione di una casa nazionale per gli ebrei nel mondo che avrebbe dovuto essere la Palestina.<\/p>\n<p>La Palestina era da tempo un territorio dove non c\u2019era alcuna traccia di ebraismo da molti secoli per via della celebre diaspora che colp\u00ec il popolo ebraico dopo che <strong>Tito<\/strong> distrusse il tempio di Gerusalemme nel 70 d.C.<\/p>\n<p>Il sionismo nasce da una visione messianica che aspira a riportare in vita l\u2019originario stato di Israele per poi affidare a tale nazione un ruolo di supremazia morale e politica rispetto alle altre nazioni.<\/p>\n<p>Nel sionismo, Israele deve affermarsi e trionfare sopra le altre nazioni con ogni mezzo e ad ogni costo.<\/p>\n<p>Tale movimento fu generosamente finanziato dalla famiglia <strong>Rothschild<\/strong> i cui denari sono stati indispensabili negli anni successivi a supportare la causa sionista e la costruzione delle varie istituzioni simbolo del Paese,\u00a0<a href=\"https:\/\/supreme.court.gov.il\/sites\/en\/Pages\/HistoricalBG.aspx\" target=\"_blank\" rel=\"noopener\">quali ad esempio la suprema corte israeliana<\/a>.<\/p>\n<p>Gli ebrei in quella fase erano alquanto divisi. Molti non volevano affatto costruire uno stato ebraico perch\u00e9 credevano che avrebbe alienato e reso stranieri in patria gli ebrei che da molti secoli vivevano nelle nazioni europee e dove erano da tempo perfettamente integrati.<\/p>\n<p>Tra questi oppositori, c\u2019era un gentiluomo dalla corporatura imponente e dai modi miti che si chiamava <strong>Edwin Montagu<\/strong>.<\/p>\n<p><strong>Montagu<\/strong> era un uomo di governo e\u00a0<a href=\"https:\/\/en.wikipedia.org\/wiki\/Edwin_Montagu\" target=\"_blank\" rel=\"noopener\">aveva gi\u00e0 ricoperto incarichi importanti prima della dichiarazione Balfour<\/a>.<\/p>\n<p>Era stato segretario finanziario del Tesoro nel 1915 per poi ricoprire l\u2019anno successivo la carica di cancelliere del ducato di Lanchester, la pi\u00f9 alta dopo quella di primo ministro nel governo britannico.<\/p>\n<p>Quando venne firmata la dichiarazione Balfour nella quale il primo ministro <strong>Balfour<\/strong> garantiva a <strong>Rothschild<\/strong> tutto l\u2019impegno del governo britannico nel far s\u00ec che la Palestina diventasse la casa degli ebrei, <strong>Montagu<\/strong> si oppose strenuamente ad essa.<\/p>\n<p><strong>Montagu<\/strong> aveva\u00a0<a href=\"https:\/\/www.jewishvirtuallibrary.org\/montagu-memo-on-british-government-s-anti-semitism\" target=\"_blank\" rel=\"noopener\">un forte senso della patria e riteneva tale dichiarazione antisemita\u201d<\/a>. Per lui, il sionismo non era altro che<\/p>\n<blockquote><p>\u201cun credo politico malizioso, insostenibile per ogni cittadino patriottico del Regno Unito\u201d.<\/p><\/blockquote>\n<p>Esisteva dunque, ed esiste tuttora seppur oscurata dai media ufficiali, una corrente del mondo ebraico che non si riconosceva e non si riconosce in nessun modo nel sionismo e considerava tale filosofia una minaccia letale per gli ebrei.<\/p>\n<h2><strong>La Germania Nazista alleata della lobby sionista<\/strong><\/h2>\n<p>Negli anni successivi vengono poste le fondamenta di quella sacrilega alleanza menzionata in precedenza tra sionismo e nazismo che avr\u00e0 un ruolo imprescindibile per la nascita di Israele nel 1948.<\/p>\n<p>Quando <strong>Adolf Hitler<\/strong> sale al potere e inaugura la stagione della Germania Nazista nel 1933 uno dei suoi primissimi atti di governo \u00e8 stabilire un solido patto con la federazione sionista della Germania e l\u2019agenzia ebraica per la Palestina.<\/p>\n<p>Cos\u00ec\u00a0<a href=\"https:\/\/en.wikipedia.org\/wiki\/Haavara_Agreement\" target=\"_blank\" rel=\"noopener\">nasce la famigerata Haavara<\/a>, ovvero quel trattato senza il quale si pu\u00f2 affermare senza timore di smentita la costruzione del futuro stato ebraico sarebbe stata praticamente impossibile.<\/p>\n<p>Attraverso tale accordo infatti giungono in Palestina almeno 70mila ebrei tedeschi altamente preparati e specializzati che avranno un ruolo di primo piano nello stabilire la futura classe dirigente israeliana.<\/p>\n<p>Va considerato inoltre che una volta giunti in Palestina, agli ebrei tedeschi venne data la possibilit\u00e0 di comprare con i loro fondi beni prodotti dalla Germania Nazista per un valore pari alla cifra di 125 milioni di marchi tedeschi.<\/p>\n<p>Ci\u00f2 porta ad un <strong>altro paradosso accuratamente nascosto dagli storici e accademici<\/strong> degli atenei liberali.<\/p>\n<p>Mentre dunque da un lato alcuni esponenti del mondo ebraico lanciavano un boicottaggio di tutto ci\u00f2 che veniva prodotto in Germania, dall\u2019altro i leader del mondo sionista si premuravano di correre in soccorso di <strong>Adolf Hitler<\/strong> e <strong>gli mettevano a disposizione ingenti somme di denaro senza le quali il regime nazista difficilmente avrebbe potuto sopravvivere.<\/strong><\/p>\n<p>La storia vera e documentata con fatti e prove inoppugnabili non narra dunque di una contrapposizione tra nazismo e sionismo. Narra di una loro stretta alleanza.<\/p>\n<p>Il sionismo era cos\u00ec benvoluto dal F\u00fchrer che l\u2019<a href=\"https:\/\/en.wikipedia.org\/wiki\/Reich_Association_of_Jews_in_Germany\" target=\"_blank\" rel=\"noopener\">associazione Reich Union<\/a>\u00a0governata da esponenti del mondo sionista era praticamente l\u2019unica alla quale veniva consentito di esistere mentre le altre venivano tutte messe al bando dai nazisti.<\/p>\n<p>Quando si guarda allo scopo della Reich Union si comprende il perch\u00e9 di tale esclusivo e speciale privilegio. Questa associazione <strong>si proponeva di far migrare tutti gli ebrei tedeschi in Palestina, compresi anche quelli che non avevano alcuna intenzione di lasciare la Germania.<\/strong><\/p>\n<p>Il nazismo teneva cos\u00ec tanto a dare ad Israele la popolazione di cui aveva bisogno per nascere che <strong>Adolf Eichmann<\/strong> in Austria stabil\u00a0<a href=\"https:\/\/www.oeaw.ac.at\/news\/vienna-as-a-testing-ground-for-antisemitism\" target=\"_blank\" rel=\"noopener\">nel 1938 l\u2019ufficio centrale per la migrazione ebraica<\/a>. In Austria, i nazisti costruirono dei campi di preparazione per la vita nei kibbutz israeliani.<\/p>\n<p>Ad alcuni lettori potr\u00e0 apparire surreale. <strong>Adolf Eichmann<\/strong>, l\u2019aguzzino degli ebrei, che si prodiga per la causa dello stato di Israele.<\/p>\n<p>Eppure \u00e8 esattamente ci\u00f2 che \u00e8 accaduto solo che <strong>queste pagine di storia sono state accuratamente occultate perch\u00e8 disturbano la narrazione dei nazisti come soli ed esclusivi colpevoli dei crimini consumatisi in quegli anni.<\/strong><\/p>\n<p>Come si vede, fu la persecuzione degli ebrei da parte di <strong>Hitler<\/strong> che cre\u00f2 dal nulla la necessit\u00e0 di una migrazione di massa.<\/p>\n<p>Agli esponenti delle varie associazioni sioniste, ci\u00f2 andava benissimo. Le persecuzioni degli ebrei sono ci\u00f2 che consentirono di costruire la narrazione della necessit\u00e0 di dare vita ad un \u201crifugio nazionale\u201d per gli ebrei tedeschi ed europei.<\/p>\n<p>\u00c8 per questo che i vertici del sionismo internazionale non dissero una parola di fronte all\u2019allontanamento ed espulsione degli ebrei dalla vita civile in Germania.<\/p>\n<p>E non dissero nulla nemmeno quando i nazisti espulsero circa duemila accademici e scienziati dalle universit\u00e0 in Germania e rimasero in silenzio anche quando gli ebrei vennero deportati ad Auschwitz e massacrati.<\/p>\n<p>Quando iniziarono le deportazioni degli ebrei nel famigerato campo di concentramento, il rabbino <strong>Michael Dov Weissmandl<\/strong> mise a disposizione delle mappe per consentire di bombardare il sito ma i leader della comunit\u00e0 sionista non mossero un dito per salvare i deportati ebrei.<\/p>\n<p>Voltarono le spalle a <strong>Rabbi Weissmandl\u00a0<\/strong><a href=\"https:\/\/it.wikipedia.org\/wiki\/Chaim_Michael_Dov_Weissmandl#Controversie\" target=\"_blank\" rel=\"noopener\">che poi accus\u00f2 pubblicamente i leader sionisti di aver consegnato al massacro gli ebrei<\/a>\u00a0pur di giungere al loro fine che voleva la nascita dello stato di Israele.<\/p>\n<p><strong>Israele \u00e8 dunque nata con il sangue degli ebrei mandati al macello da Hitler aiutato e foraggiato dagli alleati sionisti.<\/strong><\/p>\n<p>C\u2019\u00e8 poi un altro sconvolgente e documentato fatto che riguarda il campo di concentramento di Auschwitz.<\/p>\n<p>In tale campo, gli ebrei venivano usati come schiavi per<a href=\"https:\/\/www.britannica.com\/topic\/IG-Farben\" target=\"_blank\" rel=\"noopener\">\u00a0la lavorazione dei prodotti del colosso farmaceutico tedesco<\/a>, <em>I.G. Farben<\/em>, che \u00e8 stato diretto fino al 1938 da <strong>Max Warburg<\/strong>, appartenente alla nota famiglia di banchieri.<\/p>\n<p>Nell\u2019azionariato della <em>I.G. Farben<\/em> c\u2019erano anche i <strong>Rockefeller<\/strong> e ci\u00f2 significa che la dinastia di banchieri di New York utilizz\u00f2 il lavoro forzato degli schiavi ebrei per i propri profitti personali.<\/p>\n<p>Lo stesso colosso farmaceutico produceva il famigerato gas <em>Zyklon b<\/em> che si ritiene sia stato utilizzato per poi uccidere gli ebrei detenuti nei campi.<\/p>\n<p>I <strong>Rockefeller<\/strong> fecero una fortuna dallo sterminio delle famiglie ebree.<\/p>\n<p>I mandanti delle stragi degli ebrei tedeschi prima ancora che a Berlino erano Oltreoceano, nei lussuosi uffici delle banche di Wall Street ma ci\u00f2 ovviamente non viene mai detto alle comitive di studenti che ogni anno vengono portate in pellegrinaggio ad Auschwitz.<\/p>\n<p>Occorre raccontare la favola di un <strong>Hitler<\/strong> venuto fuori dal nulla senza rivelare ai giovani e al resto della popolazione chi furono gli architetti di quegli eccidi.<\/p>\n<p>\u00c8 molto pi\u00f9 conveniente sventolare il vessillo dell\u2019antinazismo, ormai tra l\u2019altro solo di pura facciata, senza dire la verit\u00e0 su coloro che permisero la rapida ascesa del nazismo.<\/p>\n<h2><strong>Chi finanzi\u00f2 Hitler?<\/strong><\/h2>\n<p>La storia del tradimento del popolo ebraico pu\u00f2 essere spiegata soltanto con la presa del potere di <strong>Adolf Hitler<\/strong>.<\/p>\n<p>A stabilire un profondo e strettissimo rapporto con il sionismo fu proprio lui. Un legame persino pi\u00f9 stretto sotto certi aspetti di quello che la Gran Bretagna gi\u00e0 aveva con le varie associazioni sioniste.<\/p>\n<p>La storiografia ufficiale ci racconta dell\u2019ascesa improvvisa al potere di <strong>Hitler<\/strong> ma tace sul mistero del rapido successo di quello che fino a pochi anni prima era considerato solamente uno \u201cspiantato\u201d senza risorse che nel giro di pochi anni conquist\u00f2 il Paese pi\u00f9 importante dell\u2019Europa Centrale.<\/p>\n<p><strong>Ci\u00f2 che non viene mai approfondito \u00e8 l\u2019origine dei fondi che consentirono ad Adolf Hitler di conquistare la Germania.<\/strong><\/p>\n<p>A questa domanda si possono trovare delle risposte in un libro che \u00e8 stato accuratamente occultato dagli storici liberali e intitolato <em>\u201cLe origini finanziarie del Nazional Socialismo\u201d<\/em> scritto nel 1933 da uno scrttore\u00a0<a href=\"https:\/\/en.wikipedia.org\/wiki\/Sydney_Warburg\" target=\"_blank\" rel=\"noopener\">che scelse lo pseudonimo di <strong>Sydney Warburg<\/strong><\/a><strong>\u00a0<\/strong>per spiegare da dove giunsero i capitali per finanziare il nazismo.<\/p>\n<p><strong>Warburg<\/strong> narra di un incontro tenutosi nel luglio del 1929 ai livelli pi\u00f9 alti della finanza newyorchese al quale parteciparono il presidente della celebre banca JP Morgan assieme al giovane <strong>John D. Rockefeller<\/strong>.<\/p>\n<p>In tale incontro, fu deciso di dare ad <strong>Adolf Hitler<\/strong> tutti i capitali di cui aveva bisogno purch\u00e9 questi avesse mantenuto una <em>\u201cpolitica estera estremamente aggressiva\u201d<\/em>.<\/p>\n<p><strong>Warburg<\/strong> si rec\u00f2 in Germania dal 1929 al 1933 e nei suoi periodici incontri con <strong>Hitler<\/strong> trasfer\u00ec al partito nazista la enorme somma \u2013 all\u2019epoca lo era ancora di pi\u00f9 \u2013 di 25 milioni di dollari.<\/p>\n<p><strong>Il libro gi\u00e0 in quegli anni venne fatto immediatamente sparire dagli scaffali delle librerie in Europa e negli Stati Uniti.<\/strong><\/p>\n<p>Dopo la guerra, il politico conservatore\u00a0<a href=\"https:\/\/books.google.com\/books?id=xQcfAAAAMAAJ\" target=\"_blank\" rel=\"noopener\">tedesco <strong>Franz von Papen<\/strong> ne raccomand\u00f2 la lettura,\u00a0<\/a>e nel 1975 alcuni ricercatori rivelarono che il\u00a0<a href=\"https:\/\/en.wikipedia.org\/wiki\/Otto_Strasser\" target=\"_blank\" rel=\"noopener\">suo autore era in realt\u00e0 <strong>Otto Strasser<\/strong><\/a>, un politico membro del partito nazista fino al 1934, anno in cui venne espulso da <strong>Hitler<\/strong> per via della sua opposizione alle politiche di discriminazione razziale imposte dal F\u00fchrer.<\/p>\n<p><strong>L\u2019uomo che mise a ferro e fuoco l\u2019Europa, l\u2019uomo che invase la Polonia, l\u2019uomo che deport\u00f2 innocenti ebrei nei campi di sterminio fu secondo questa ricostruzione un prodotto del laboratorio politico della finanza newyorchese.<\/strong><\/p>\n<p>\u00c8 una verit\u00e0 atroce e sconvolgente che dimostra come la gestazione del nazismo sia stata concepita sin dai suoi esordi da determinati ambienti finanziari per raggiungere un altro scopo.<\/p>\n<p>Quello di gettare le fondamenta del futuro stato ebraico che nascer\u00e0 nel 1948 proprio con il decisivo contributo di <strong>Hitler<\/strong> che dar\u00e0 ad Israele la popolazione di cui avr\u00e0 bisogno per potersi definire pienamente uno stato.<\/p>\n<p>Al tempo stesso si raggiunse un altro fine non affatto secondario nell\u2019ottica di tali poteri. Si uccise lo Stato nazionale in Europa e si inizi\u00f2 a trasferire i poteri che prima erano assoluta prerogativa degli Stati nelle mani di organizzazioni sovranazionali quali l\u2019<em>ONU<\/em>, la Banca Mondiale e il <em>FMI<\/em>.<\/p>\n<p>Quanto scrisse <strong>Warburg<\/strong>, o <strong>Strasser<\/strong>, troverebbe una perfetta continuit\u00e0 negli accadimenti successivi alla guerra.<\/p>\n<p>I\u00a0<a href=\"https:\/\/www.dailysabah.com\/americas\/2017\/09\/08\/declassified-cia-memo-says-hitler-was-alive-during-the-1950s-in-south-america\" target=\"_blank\" rel=\"noopener\">documenti declassificati della CIA<\/a>\u00a0hanno rivelato che il governo americano era informato della possibilit\u00e0 che <strong>Hitler<\/strong> non fosse morto suicida a Berlino nel suo bunker nel 1945 ma che invece fosse riuscito a fuggire in America Latina nella quale sarebbe rimasto sino alla sua morte naturale avvenuta presumibilmente nei primi anni 60.<\/p>\n<p>Una volta compiuta la sua \u201cmissione\u201d i poteri che riempirono le casse del partito nazista a Hitler gli consentirono un passaggio e un soggiorno sicuro in Argentina.<\/p>\n<p>Non una parola di questa storia \u00e8 stata mai raccontata al pubblico italiano e Occidentale. E non una parola di queste informazioni viene detta dai rappresentanti della comunit\u00e0 ebraica nelle annuali giornate del ricordo che mirano a sensibilizzare il pubblico agli orrori delle persecuzioni subite dagli ebrei senza per\u00f2 rivelare un\u2019atroce verit\u00e0.<\/p>\n<p><strong>Ci furono ebrei che condannarono a morte altri ebrei per i loro interessi politici. Ci furono ebrei che piuttosto che proteggere i loro fratelli finanziavano il loro carnefice.<\/strong><\/p>\n<p>E oggi gli stessi esponenti della comunit\u00e0 ebraica che pretendono di rappresentare tutti gli ebrei tacciono sulla prosecuzione di questa alleanza sacrilega che vede Israele e i vari gruppi sionisti difendere coloro che sventolano vessilli nazisti in Ucraina.<\/p>\n<p>La storia che vede la svastica nazista a fianco della stella a sei punte come si vede \u00e8 molto pi\u00f9 antica di quello che alcuni potevano credere e resta ancora oggi probabilmente la pi\u00f9 proibita e inconfessabile tra gli storici del secolo scorso e quelli contemporanei.<\/p>\n<p>\u00c8 una storia che non pu\u00f2 essere raccontata perch\u00e9 la sua sconvolgente verit\u00e0 rivelerebbe agli italiani e al mondo chi furono veramente i poteri che trascinarono la Germania, l\u2019Europa e il mondo intero in un inferno di dolore, di morte e di persecuzioni mai viste nel cuore dell\u2019Europa.<\/p>\n<p>Alcune \u201cverit\u00e0\u201d, spesso parziali e incomplete, vanno ricordate e ripetute all\u2019infinito.<\/p>\n<p>Altre invece, spesso molto pi\u00f9 vere e scomode delle altre, devono essere accuratamente seppellite e non rivelate al pubblico.<\/p>\n<p><em>Cesare Sacchetti<\/em><\/p>\n<p><em><a href=\"https:\/\/www.lacrunadellago.net\/la-storia-segreta-e-proibita-dellalleanza-tra-sionismo-e-nazismo\/\" target=\"_blank\" rel=\"noopener\">Fonte<\/a><\/em><\/p>\n<\/div>\n<\/div>\n<\/div>\n<\/div>","protected":false},"excerpt":{"rendered":"<p>Questa storia \u00e8 una di quelle inconfessabili e una di quelle che pi\u00f9 atterrisce i poteri che comandano l\u2019Occidente liberale. &nbsp; \u00c8 una storia che fa paura alle alte sfere liberali perch\u00e9 essa contraddice, o forse sarebbe meglio dire annienta, tutta la narrazione che ci \u00e8 pervenuta attraverso la storiografia ufficiale degli ultimi 70 anni. [&hellip;]<\/p>\n","protected":false},"author":2,"featured_media":72700,"comment_status":"closed","ping_status":"closed","sticky":false,"template":"","format":"standard","meta":{"footnotes":""},"categories":[903,5166],"tags":[4898,1394,2797,1136,4627,4897,851,4902,1569,4675,4900,4899,4894,4903,1227,4895,4901,4896,928,2443],"class_list":["post-72695","post","type-post","status-publish","format-standard","has-post-thumbnail","hentry","category-rassegna","category-cultura-e-scienza","tag-adolf-eichmann","tag-adolf-hitler","tag-arthur-balfour","tag-cesare-sacchetti","tag-edmon-de-rothschild","tag-edwin-montagu","tag-evidenza","tag-franz-von-papen","tag-giorgia-meloni","tag-john-d-rockefeller","tag-max-warburg","tag-michael-dov-weissmandl","tag-mykhail-brodsky","tag-otto-strasser","tag-rockefeller","tag-stephan-bandera","tag-sydney-warburg","tag-theodor-herzl","tag-vladimir-putin","tag-volodymyr-zelensky"],"_links":{"self":[{"href":"https:\/\/www.liberopensare.com\/en\/wp-json\/wp\/v2\/posts\/72695","targetHints":{"allow":["GET"]}}],"collection":[{"href":"https:\/\/www.liberopensare.com\/en\/wp-json\/wp\/v2\/posts"}],"about":[{"href":"https:\/\/www.liberopensare.com\/en\/wp-json\/wp\/v2\/types\/post"}],"author":[{"embeddable":true,"href":"https:\/\/www.liberopensare.com\/en\/wp-json\/wp\/v2\/users\/2"}],"replies":[{"embeddable":true,"href":"https:\/\/www.liberopensare.com\/en\/wp-json\/wp\/v2\/comments?post=72695"}],"version-history":[{"count":0,"href":"https:\/\/www.liberopensare.com\/en\/wp-json\/wp\/v2\/posts\/72695\/revisions"}],"wp:featuredmedia":[{"embeddable":true,"href":"https:\/\/www.liberopensare.com\/en\/wp-json\/wp\/v2\/media\/72700"}],"wp:attachment":[{"href":"https:\/\/www.liberopensare.com\/en\/wp-json\/wp\/v2\/media?parent=72695"}],"wp:term":[{"taxonomy":"category","embeddable":true,"href":"https:\/\/www.liberopensare.com\/en\/wp-json\/wp\/v2\/categories?post=72695"},{"taxonomy":"post_tag","embeddable":true,"href":"https:\/\/www.liberopensare.com\/en\/wp-json\/wp\/v2\/tags?post=72695"}],"curies":[{"name":"wp","href":"https:\/\/api.w.org\/{rel}","templated":true}]}}