{"id":73087,"date":"2023-08-11T17:32:22","date_gmt":"2023-08-11T15:32:22","guid":{"rendered":"https:\/\/www.liberopensare.com\/?p=73087"},"modified":"2023-09-08T16:59:54","modified_gmt":"2023-09-08T14:59:54","slug":"cronache-della-pandemenza-libri-proibiti","status":"publish","type":"post","link":"https:\/\/www.liberopensare.com\/en\/cronache-della-pandemenza-libri-proibiti\/","title":{"rendered":"Cronache della Pandemenza &#8211; Libri proibiti\u00a0"},"content":{"rendered":"<pre><span data-contrast=\"none\">di Piero Cammerinesi<\/span><span data-ccp-props=\"{&quot;134233117&quot;:false,&quot;201341983&quot;:0,&quot;335551550&quot;:0,&quot;335551620&quot;:0,&quot;335559738&quot;:0,&quot;335559739&quot;:160,&quot;335559740&quot;:259}\">\u00a0<\/span><\/pre>\n<p><span data-contrast=\"none\">In un <\/span><a href=\"https:\/\/www.liberopensare.com\/en\/lora-presente-e-grave\/\"><span data-contrast=\"none\">articolo di pochi mesi fa<\/span><\/a><span data-contrast=\"none\">,<\/span><span data-contrast=\"none\">\u00a0<\/span><span data-contrast=\"none\">ricordavo come <\/span><b><span data-contrast=\"none\">Massimo Scaligero, <\/span><\/b>il pensatore e guida spirituale che ho avuto il privilegio di seguire settimanalmente per quasi nove anni<span data-contrast=\"none\">\u00a0nell&#8217;ultimo terzo del &#8216;900, mi avesse pi\u00f9 volte indicato <\/span><b><span data-contrast=\"none\">la follia<\/span><\/b><span data-contrast=\"none\"> come <\/span><b><span data-contrast=\"none\">il male del secolo a venire<\/span><\/b><span data-contrast=\"none\">, dunque l\u2019attuale.<\/span><span data-ccp-props=\"{&quot;134233117&quot;:false,&quot;201341983&quot;:0,&quot;335551550&quot;:0,&quot;335551620&quot;:0,&quot;335559738&quot;:0,&quot;335559739&quot;:160,&quot;335559740&quot;:259}\">\u00a0<\/span><\/p>\n<p><span data-contrast=\"none\">Notavo, altres\u00ec, in tale scritto, come per decenni non avessi mai compreso appieno il senso di tale anticipazione.<\/span><span data-ccp-props=\"{&quot;134233117&quot;:false,&quot;201341983&quot;:0,&quot;335551550&quot;:0,&quot;335551620&quot;:0,&quot;335559738&quot;:0,&quot;335559739&quot;:160,&quot;335559740&quot;:259}\">\u00a0<\/span><\/p>\n<p><span data-contrast=\"none\">Cosa voleva dire <\/span><b><span data-contrast=\"none\">Massimo<\/span><\/b><span data-contrast=\"none\">? Come poteva diventare <\/span><b><span data-contrast=\"none\">pandemica<\/span><\/b><span data-contrast=\"none\">\u00a0la follia?<\/span><span data-ccp-props=\"{&quot;134233117&quot;:false,&quot;201341983&quot;:0,&quot;335551550&quot;:0,&quot;335551620&quot;:0,&quot;335559738&quot;:0,&quot;335559739&quot;:160,&quot;335559740&quot;:259}\">\u00a0<\/span><\/p>\n<p><span data-contrast=\"none\">Se pensavo alle sue parole, infatti, mi immaginavo\u00a0moltitudini di schizofrenici &#8211; magari certi di essere <\/span><b><span data-contrast=\"none\">Napoleone <\/span><\/b><span data-contrast=\"none\">o <\/span><b><span data-contrast=\"none\">Giulio Cesare<\/span><\/b><span data-contrast=\"none\"> &#8211; in giro per le strade.<\/span><span data-ccp-props=\"{&quot;134233117&quot;:false,&quot;201341983&quot;:0,&quot;335551550&quot;:0,&quot;335551620&quot;:0,&quot;335559738&quot;:0,&quot;335559739&quot;:160,&quot;335559740&quot;:259}\">\u00a0<\/span><\/p>\n<p><span data-contrast=\"none\">Ma, da tre anni e mezzo a questa parte, ho iniziato a capire a cosa si riferisse.<\/span><span data-ccp-props=\"{&quot;134233117&quot;:false,&quot;201341983&quot;:0,&quot;335551550&quot;:0,&quot;335551620&quot;:0,&quot;335559738&quot;:0,&quot;335559739&quot;:160,&quot;335559740&quot;:259}\">\u00a0<\/span><\/p>\n<p><span data-contrast=\"none\">La follia in arrivo era <\/span><b><span data-contrast=\"none\">questa<\/span><\/b><span data-contrast=\"none\">, ci\u00f2 che abbiamo di fronte oggi:\u00a0<\/span><b><span data-contrast=\"none\">il sonno della ragione globalizzato<\/span><\/b><span data-contrast=\"none\">.<\/span><span data-ccp-props=\"{&quot;134233117&quot;:false,&quot;201341983&quot;:0,&quot;335551550&quot;:0,&quot;335551620&quot;:0,&quot;335559738&quot;:0,&quot;335559739&quot;:160,&quot;335559740&quot;:259}\">\u00a0<\/span><\/p>\n<p><span data-contrast=\"none\">La\u00a0<\/span><b><span data-contrast=\"none\">rinuncia generale<\/span><\/b><span data-contrast=\"none\">\u00a0\u2013 questa s\u00ec,\u00a0<\/span><b><span data-contrast=\"none\">pandemica<\/span><\/b><span data-contrast=\"none\">\u00a0\u2013\u00a0<\/span><b><span data-contrast=\"none\">alla ragione<\/span><\/b><span data-contrast=\"none\">, alla capacit\u00e0 di dubitare dei messaggi che ci provengono dall&#8217;esterno mettendo al vaglio della logica le contraddizioni e le incoerenze delle narrazioni che ci vengono proposte &#8211; o, meglio, <\/span><b><span data-contrast=\"none\">imposte<\/span><\/b><span data-contrast=\"none\">.<\/span><span data-ccp-props=\"{&quot;134233117&quot;:false,&quot;201341983&quot;:0,&quot;335551550&quot;:0,&quot;335551620&quot;:0,&quot;335559738&quot;:0,&quot;335559739&quot;:160,&quot;335559740&quot;:259}\">\u00a0<\/span><\/p>\n<p><span data-contrast=\"none\">E il <\/span><i><span data-contrast=\"none\">trend <\/span><\/i><span data-contrast=\"none\">\u00e8 in continua crescita.<\/span><span data-ccp-props=\"{&quot;134233117&quot;:false,&quot;201341983&quot;:0,&quot;335551550&quot;:0,&quot;335551620&quot;:0,&quot;335559738&quot;:0,&quot;335559739&quot;:160,&quot;335559740&quot;:259}\">\u00a0<\/span><\/p>\n<p><span data-contrast=\"none\">Dopo la follia pandemica, siamo passati ad altri ambiti nei quali ci viene costantemente imposto di parteggiare acriticamente per una narrazione specifica che viene dichiarata <\/span><b><span data-contrast=\"none\">l&#8217;unica possibile.<\/span><\/b><span data-ccp-props=\"{&quot;134233117&quot;:false,&quot;201341983&quot;:0,&quot;335551550&quot;:0,&quot;335551620&quot;:0,&quot;335559738&quot;:0,&quot;335559739&quot;:160,&quot;335559740&quot;:259}\">\u00a0<\/span><\/p>\n<p><span data-contrast=\"none\">Tanto che chi vuole essere ammesso ad un qualsiasi <\/span><i><span data-contrast=\"none\">talk show<\/span><\/i><span data-contrast=\"none\"> del <\/span><i><span data-contrast=\"none\">mainstream <\/span><\/i><span data-contrast=\"none\">deve precipitarsi ad affermare sin da subito <\/span><i><span data-contrast=\"none\">&#8220;Sia ben chiaro, io non sono un no-vax&#8230;&#8221;<\/span><\/i><span data-contrast=\"none\"> o <\/span><i><span data-contrast=\"none\">&#8220;Io non sono un putiniano&#8230;&#8221;<\/span><\/i><span data-contrast=\"none\"> o, ancora, <\/span><i><span data-contrast=\"none\">&#8220;Io non sono un negazionista del clima&#8230;&#8221; <\/span><\/i><span data-ccp-props=\"{&quot;134233117&quot;:false,&quot;201341983&quot;:0,&quot;335551550&quot;:0,&quot;335551620&quot;:0,&quot;335559738&quot;:0,&quot;335559739&quot;:160,&quot;335559740&quot;:259}\">\u00a0<\/span><\/p>\n<p><span data-contrast=\"none\">Altrimenti nisba, comparsata addio.<\/span><span data-ccp-props=\"{&quot;134233117&quot;:false,&quot;201341983&quot;:0,&quot;335551550&quot;:0,&quot;335551620&quot;:0,&quot;335559738&quot;:0,&quot;335559739&quot;:160,&quot;335559740&quot;:259}\">\u00a0<\/span><\/p>\n<p><span data-contrast=\"none\">Nella nostra cosiddetta democrazia liberale ormai \u00e8 regola\u00a0<strong>la demonizzazione delle opinioni divergenti<\/strong> e &#8211;\u00a0<\/span><i><span data-contrast=\"none\">\u00e7a va sans dire<\/span><\/i><span data-contrast=\"none\">\u00a0&#8211; di chi si azzarda a sostenerle.<\/span><span data-ccp-props=\"{&quot;134233117&quot;:false,&quot;201341983&quot;:0,&quot;335551550&quot;:0,&quot;335551620&quot;:0,&quot;335559738&quot;:0,&quot;335559739&quot;:160,&quot;335559740&quot;:259}\">\u00a0<\/span><\/p>\n<p><span data-contrast=\"none\">Eppure, a ben guardare, ci sarebbe molto da obiettare, visto che le notizie che ci provengono dai <\/span><i><span data-contrast=\"none\">media <\/span><\/i><span data-contrast=\"none\">sono a dir poco sconcertanti e, spesso, totalmente contraddittorie, come i tre esempi sui quali vorrei richiamare l&#8217;attenzione del lettore oggi.<\/span><span data-ccp-props=\"{&quot;134233117&quot;:false,&quot;201341983&quot;:0,&quot;335551550&quot;:0,&quot;335551620&quot;:0,&quot;335559738&quot;:0,&quot;335559739&quot;:160,&quot;335559740&quot;:259}\">\u00a0<\/span><\/p>\n<p><span data-contrast=\"none\">Prendiamo, per cominciare, la notizia recentissima che ci giunge dalla Florida dove \u00e8 stato addirittura <\/span><span data-contrast=\"none\"><strong>William Shakespeare<\/strong>\u00a0a venir censurato.<\/span><span data-ccp-props=\"{&quot;201341983&quot;:0,&quot;335551550&quot;:0,&quot;335551620&quot;:0,&quot;335559739&quot;:160,&quot;335559740&quot;:259}\">\u00a0<\/span><\/p>\n<p><span data-contrast=\"none\">Ebbene s\u00ec, il governatore repubblicano della Florida, <\/span><b><span data-contrast=\"none\">Ron DeSantis<\/span><\/b><span data-contrast=\"none\"> &#8211; peraltro\u00a0in corsa per le presidenziali 2024 &#8211; sostiene che alcune opere del grande Bardo sarebbero troppo esplicite sessualmente!<\/span><span data-ccp-props=\"{&quot;201341983&quot;:0,&quot;335551550&quot;:0,&quot;335551620&quot;:0,&quot;335559739&quot;:160,&quot;335559740&quot;:259}\">\u00a0<\/span><\/p>\n<p>&nbsp;<\/p>\n<p><img fetchpriority=\"high\" decoding=\"async\" class=\"aligncenter wp-image-73090\" src=\"https:\/\/www.liberopensare.com\/wp-content\/uploads\/2023\/08\/desantis-shakespeare-080923-3e68eb2b04fa4a8baf876149033f98c9-e1691767361927-300x200.jpeg\" alt=\"\" width=\"808\" height=\"538\" srcset=\"https:\/\/www.liberopensare.com\/wp-content\/uploads\/2023\/08\/desantis-shakespeare-080923-3e68eb2b04fa4a8baf876149033f98c9-e1691767361927-300x200.jpeg 300w, https:\/\/www.liberopensare.com\/wp-content\/uploads\/2023\/08\/desantis-shakespeare-080923-3e68eb2b04fa4a8baf876149033f98c9-e1691767361927-768x512.jpeg 768w, https:\/\/www.liberopensare.com\/wp-content\/uploads\/2023\/08\/desantis-shakespeare-080923-3e68eb2b04fa4a8baf876149033f98c9-e1691767361927-18x12.jpeg 18w, https:\/\/www.liberopensare.com\/wp-content\/uploads\/2023\/08\/desantis-shakespeare-080923-3e68eb2b04fa4a8baf876149033f98c9-e1691767361927.jpeg 1000w\" sizes=\"(max-width: 808px) 100vw, 808px\" \/><\/p>\n<p>&nbsp;<\/p>\n<p><span data-contrast=\"none\">Cos\u00ec nella contea di Hillsborough &#8211; sulla base di una legge,\u00a0nota\u00a0come <\/span><i><span data-contrast=\"none\">\u2018Don\u2019t say gay\u2018<\/span><\/i><span data-contrast=\"none\">, che proibisce di trattare in classe argomenti di orientamento sessuale e di identit\u00e0 di genere &#8211;\u00a0<\/span><a href=\"https:\/\/nypost.com\/2023\/08\/09\/romeo-and-juliet-banned-from-hillsborough-florida-schools\/\" target=\"_blank\" rel=\"noopener\"><span data-contrast=\"none\">sono stati censurati<\/span><\/a> <i><span data-contrast=\"none\">Romeo e Giulietta <\/span><\/i><span data-contrast=\"none\">e anche alcuni passi di <\/span><i><span data-contrast=\"none\">Macbeth <\/span><\/i><span data-contrast=\"none\">e <\/span><i><span data-contrast=\"none\">Amleto<\/span><\/i><span data-contrast=\"none\">. <\/span><span data-ccp-props=\"{&quot;134233117&quot;:false,&quot;134233118&quot;:false,&quot;201341983&quot;:0,&quot;335551550&quot;:1,&quot;335551620&quot;:1,&quot;335559685&quot;:0,&quot;335559737&quot;:0,&quot;335559738&quot;:0,&quot;335559739&quot;:160,&quot;335559740&quot;:259}\">\u00a0<\/span><\/p>\n<p><span data-contrast=\"none\">Cronache marziane? No, cronache della Pandemenza.<\/span><span data-ccp-props=\"{&quot;134233117&quot;:false,&quot;134233118&quot;:false,&quot;201341983&quot;:0,&quot;335551550&quot;:1,&quot;335551620&quot;:1,&quot;335559685&quot;:0,&quot;335559737&quot;:0,&quot;335559738&quot;:0,&quot;335559739&quot;:160,&quot;335559740&quot;:259}\">\u00a0<\/span><\/p>\n<p><span data-contrast=\"none\">Ma le opere di <\/span><b><span data-contrast=\"none\">Shakespeare <\/span><\/b><span data-contrast=\"none\">non sono le uniche ad essere cadute sotto la mannaia della censura puritana a stelle e strisce; prima di lui &#8211; appena due mesi fa, a giugno &#8211; era stata addirittura la Bibbia ad essere messa sotto inchiesta &#8211; questa volta nello Utah &#8211; e <\/span><a href=\"https:\/\/www.bbc.com\/news\/world-us-canada-65794363\" target=\"_blank\" rel=\"noopener\"><span data-contrast=\"none\">vietata<\/span><\/a><span data-contrast=\"none\">.<\/span> <span data-ccp-props=\"{&quot;134233117&quot;:false,&quot;134233118&quot;:false,&quot;201341983&quot;:0,&quot;335551550&quot;:1,&quot;335551620&quot;:1,&quot;335559685&quot;:0,&quot;335559737&quot;:0,&quot;335559738&quot;:0,&quot;335559739&quot;:160,&quot;335559740&quot;:259}\">\u00a0<\/span><\/p>\n<p>&nbsp;<\/p>\n<p><img decoding=\"async\" class=\"wp-image-73091 alignnone\" src=\"https:\/\/www.liberopensare.com\/wp-content\/uploads\/2023\/08\/1uta-300x169.jpeg\" alt=\"\" width=\"839\" height=\"473\" srcset=\"https:\/\/www.liberopensare.com\/wp-content\/uploads\/2023\/08\/1uta-300x169.jpeg 300w, https:\/\/www.liberopensare.com\/wp-content\/uploads\/2023\/08\/1uta-18x10.jpeg 18w, https:\/\/www.liberopensare.com\/wp-content\/uploads\/2023\/08\/1uta.jpeg 640w\" sizes=\"(max-width: 839px) 100vw, 839px\" \/><\/p>\n<p>&nbsp;<\/p>\n<p><span data-contrast=\"none\">Il libro sacro dei cristiani, ebrei e musulmani \u00e8 stato, infatti, definito dalla direzione della <\/span><i><span data-contrast=\"none\">Davis School District\u00a0<\/span><\/i><span data-contrast=\"none\">una <\/span><i><span data-contrast=\"none\">&#8220;lettura volgare e violenta\u201d<\/span><\/i><span data-contrast=\"none\">, non adatta alle scuole elementari e medie.<\/span><span data-ccp-props=\"{&quot;134233117&quot;:false,&quot;134233118&quot;:false,&quot;201341983&quot;:0,&quot;335551550&quot;:1,&quot;335551620&quot;:1,&quot;335559685&quot;:0,&quot;335559737&quot;:0,&quot;335559738&quot;:0,&quot;335559739&quot;:160,&quot;335559740&quot;:259}\">\u00a0<\/span><\/p>\n<p>C&#8217;\u00e8 chi brucia il <em>Corano<\/em> e che censura la <em>Bibbia<\/em>, che volete farci? Cos\u00ec va il mondo.<\/p>\n<p><span data-contrast=\"none\">Ma non \u00e8 tutto, oltre ai libri c&#8217;\u00e8 anche l&#8217;arte ad essere nel mirino della <\/span><i><span data-contrast=\"none\">&#8220;Nuova Normalit\u00e0&#8221;.<\/span><\/i><span data-ccp-props=\"{&quot;134233117&quot;:false,&quot;134233118&quot;:false,&quot;201341983&quot;:0,&quot;335551550&quot;:1,&quot;335551620&quot;:1,&quot;335559685&quot;:0,&quot;335559737&quot;:0,&quot;335559738&quot;:0,&quot;335559739&quot;:160,&quot;335559740&quot;:259}\">\u00a0<\/span><\/p>\n<p><span data-contrast=\"none\">Prima ancora &#8211; in aprile &#8211; avevamo assistito, infatti, al <\/span><a href=\"https:\/\/www.theguardian.com\/us-news\/2023\/apr\/30\/florida-principal-david-statue-visits-florence\" target=\"_blank\" rel=\"noopener\"><span data-contrast=\"none\">licenziamento in tronco della professoressa<\/span><\/a> <b><span data-contrast=\"none\">Hope Carrasquilla<\/span><\/b><span data-contrast=\"none\"> a causa delle proteste di tre genitori che si erano lamentati per la lezione d&#8217;arte vertente sulla scultura del <\/span><i><span data-contrast=\"none\">David<\/span><\/i><span data-contrast=\"none\">\u00a0di\u00a0<\/span><b><span data-contrast=\"none\">Michelangelo<\/span><\/b><span data-contrast=\"none\">, sull&#8217;affresco <\/span><i><span data-contrast=\"none\">Creazione di Adamo,<\/span><\/i><span data-contrast=\"none\">\u00a0sempre di\u00a0<\/span><b><span data-contrast=\"none\">Michelangelo<\/span><\/b><span data-contrast=\"none\"> e sulla<\/span><i><span data-contrast=\"none\">\u00a0Nascita di Venere<\/span><\/i><span data-contrast=\"none\">\u00a0di\u00a0<\/span><b><span data-contrast=\"none\">Sandro Botticelli,<\/span><\/b><span data-contrast=\"none\"> che &#8211; a loro dire &#8211; \u201csconvolgeva\u201d i loro figli per le nudit\u00e0 non dissimulate.<\/span><span data-ccp-props=\"{&quot;134233117&quot;:false,&quot;134233118&quot;:false,&quot;201341983&quot;:0,&quot;335551550&quot;:1,&quot;335551620&quot;:1,&quot;335559685&quot;:0,&quot;335559737&quot;:0,&quot;335559738&quot;:0,&quot;335559739&quot;:160,&quot;335559740&quot;:259}\">\u00a0<\/span><\/p>\n<p><span data-contrast=\"none\">Beh, nello Utah, come si vede i barbari mormoni hanno superato per zelo iconoclasta addirittura la Chiesa cattolica che,<\/span><span data-contrast=\"none\"> dopo il Concilio di Trento, voleva cancellare i capolavori di <\/span><b><span data-contrast=\"none\">Michelangelo <\/span><\/b><span data-contrast=\"none\">nella Cappella Sistina perch\u00e9 quei corpi nudi avrebbero potuto corrompere la morale cristiana. Fu solo grazie a\u00a0<\/span><b><span data-contrast=\"auto\">Daniele da Volterra<\/span><\/b><span data-contrast=\"auto\"> &#8211; detto il <\/span><i><span data-contrast=\"auto\">Braghettone <\/span><\/i><span data-contrast=\"auto\">&#8211; <\/span><span data-contrast=\"none\">uno degli allievi prediletti di <\/span><b><span data-contrast=\"none\">Michelangelo<\/span><\/b><span data-contrast=\"none\">, che l&#8217;opera immortale pot\u00e9 salvarsi &#8211; dopo la morte del maestro naturalmente &#8211; grazie ai <\/span><i><span data-contrast=\"none\">braghettoni<\/span><\/i><span data-contrast=\"none\">, appunto, che egli &#8216;aggiunse&#8217; al dipinto.<\/span><span data-ccp-props=\"{&quot;134233117&quot;:false,&quot;134233118&quot;:false,&quot;201341983&quot;:0,&quot;335551550&quot;:1,&quot;335551620&quot;:1,&quot;335559685&quot;:0,&quot;335559737&quot;:0,&quot;335559738&quot;:0,&quot;335559739&quot;:160,&quot;335559740&quot;:259}\">\u00a0<\/span><\/p>\n<p>&nbsp;<\/p>\n<figure id=\"attachment_73092\" aria-describedby=\"caption-attachment-73092\" style=\"width: 791px\" class=\"wp-caption aligncenter\"><img decoding=\"async\" class=\"wp-image-73092\" src=\"https:\/\/www.liberopensare.com\/wp-content\/uploads\/2023\/08\/Screenshot-2023-08-11-at-17.26.48-e1691767658655-300x292.png\" alt=\"\" width=\"791\" height=\"769\" srcset=\"https:\/\/www.liberopensare.com\/wp-content\/uploads\/2023\/08\/Screenshot-2023-08-11-at-17.26.48-e1691767658655-300x292.png 300w, https:\/\/www.liberopensare.com\/wp-content\/uploads\/2023\/08\/Screenshot-2023-08-11-at-17.26.48-e1691767658655-768x748.png 768w, https:\/\/www.liberopensare.com\/wp-content\/uploads\/2023\/08\/Screenshot-2023-08-11-at-17.26.48-e1691767658655-12x12.png 12w, https:\/\/www.liberopensare.com\/wp-content\/uploads\/2023\/08\/Screenshot-2023-08-11-at-17.26.48-e1691767658655.png 800w\" sizes=\"(max-width: 791px) 100vw, 791px\" \/><figcaption id=\"caption-attachment-73092\" class=\"wp-caption-text\">Un particolare del \u201cGiudizio Universale\u201d di Michelangelo con i \u2018braghettoni\u2019 dipinti da Daniele da Volterra<\/figcaption><\/figure>\n<p>&nbsp;<\/p>\n<p><span data-contrast=\"none\">Ma allora correva l&#8217;anno 1564, non il 2023.<\/span><span data-ccp-props=\"{&quot;134233117&quot;:false,&quot;134233118&quot;:false,&quot;201341983&quot;:0,&quot;335551550&quot;:1,&quot;335551620&quot;:1,&quot;335559685&quot;:0,&quot;335559737&quot;:0,&quot;335559738&quot;:0,&quot;335559739&quot;:160,&quot;335559740&quot;:259}\">\u00a0<\/span><\/p>\n<p><span data-contrast=\"none\">Eccola, la pandemenza.<\/span><span data-ccp-props=\"{&quot;134233117&quot;:false,&quot;134233118&quot;:false,&quot;201341983&quot;:0,&quot;335551550&quot;:1,&quot;335551620&quot;:1,&quot;335559685&quot;:0,&quot;335559737&quot;:0,&quot;335559738&quot;:0,&quot;335559739&quot;:160,&quot;335559740&quot;:259}\">\u00a0<\/span><\/p>\n<p><span data-contrast=\"none\">Colpisce senza una logica, se non quella della guerra culturale USA nella quale i repubblicani conservatori si scontrano con i <em>liberal<\/em> e i progressisti su temi che vanno dal gender all&#8217;<\/span><i><span data-contrast=\"none\">LGTB<\/span><\/i><span data-contrast=\"none\">, dall\u2019aborto all&#8217;educazione sessuale.<\/span><span data-ccp-props=\"{&quot;134233117&quot;:false,&quot;134233118&quot;:false,&quot;201341983&quot;:0,&quot;335551550&quot;:1,&quot;335551620&quot;:1,&quot;335559685&quot;:0,&quot;335559737&quot;:0,&quot;335559738&quot;:0,&quot;335559739&quot;:160,&quot;335559740&quot;:259}\">\u00a0<\/span><\/p>\n<p><span data-contrast=\"none\">Se da un lato, infatti, abbiamo i barbari puritani, dall&#8217;altro abbiamo l&#8217;estremo opposto.<\/span><span data-ccp-props=\"{&quot;134233117&quot;:false,&quot;134233118&quot;:false,&quot;201341983&quot;:0,&quot;335551550&quot;:1,&quot;335551620&quot;:1,&quot;335559685&quot;:0,&quot;335559737&quot;:0,&quot;335559738&quot;:0,&quot;335559739&quot;:160,&quot;335559740&quot;:259}\">\u00a0<\/span><\/p>\n<p><span data-contrast=\"none\">I <em>dem<\/em>, i progressisti, da parte loro stanno andando apertamente nella direzione opposta, con l<\/span><a href=\"https:\/\/nypost.com\/2021\/05\/29\/dalton-parents-enraged-over-masturbation-videos-for-1st-graders\/\" target=\"_blank\" rel=\"noopener\"><span data-contrast=\"none\">ezioni di educazione sessuale esplicita<\/span><\/a><span data-contrast=\"none\"> &#8211; comprese lezioni di masturbazione &#8211; sin dalle scuole elementari.<\/span><span data-ccp-props=\"{&quot;134233117&quot;:false,&quot;134233118&quot;:false,&quot;201341983&quot;:0,&quot;335551550&quot;:1,&quot;335551620&quot;:1,&quot;335559685&quot;:0,&quot;335559737&quot;:0,&quot;335559738&quot;:0,&quot;335559739&quot;:160,&quot;335559740&quot;:259}\">\u00a0<\/span><\/p>\n<p><span data-contrast=\"none\">Cosa che accade anche nelle colonie USA, come l&#8217;ex-Belpaese, dove si \u00e8 ansiosi di scimmiottare i padroni; <\/span><a href=\"https:\/\/corriereuniv.it\/lezioni-su-preservativi-e-masturbazione-bufera-sul-corso-di-educazione-sessuale-in-una-scuola-elementare\/\" target=\"_blank\" rel=\"noopener\"><span data-contrast=\"none\">di maggio \u00e8 la notizia<\/span><\/a><span data-contrast=\"none\"> del progetto di <\/span><i><span data-contrast=\"none\">&#8220;educazione all\u2019affettivit\u00e0 e alla sessualit\u00e0&#8221;<\/span><\/i><span data-contrast=\"none\"> per i bambini di quinta elementare nella<\/span><b><span data-contrast=\"none\">\u00a0<\/span><\/b><span data-contrast=\"none\">scuola primaria \u201cEdmondo De Amicis\u201d di Marano sul Panaro, in provincia di Modena dove i temi trattati sono <\/span><i><span data-contrast=\"none\">&#8220;Masturbazione, orgasmo, preservativi e contraccezione, omosessualit\u00e0 e bisessualit\u00e0, come si fa sesso o si resta incinte&#8221;.<\/span><\/i><span data-ccp-props=\"{&quot;134233117&quot;:false,&quot;134233118&quot;:false,&quot;201341983&quot;:0,&quot;335551550&quot;:1,&quot;335551620&quot;:1,&quot;335559685&quot;:0,&quot;335559737&quot;:0,&quot;335559738&quot;:0,&quot;335559739&quot;:160,&quot;335559740&quot;:259}\">\u00a0<\/span><\/p>\n<p><span data-contrast=\"none\">Non \u00e8 un brutto sogno, ci sono i link, verificare per credere.<\/span><span data-ccp-props=\"{&quot;134233117&quot;:false,&quot;134233118&quot;:false,&quot;201341983&quot;:0,&quot;335551550&quot;:1,&quot;335551620&quot;:1,&quot;335559685&quot;:0,&quot;335559737&quot;:0,&quot;335559738&quot;:0,&quot;335559739&quot;:160,&quot;335559740&quot;:259}\">\u00a0<\/span><\/p>\n<p><span data-contrast=\"none\">Come si pu\u00f2 vedere da questi esempi &#8211; ma ce ne sarebbero molti altri da citare, siamo di fronte ad una totale mancanza di equilibrio e di senso di verit\u00e0.<\/span><span data-ccp-props=\"{&quot;134233117&quot;:false,&quot;201341983&quot;:0,&quot;335551550&quot;:0,&quot;335551620&quot;:0,&quot;335559738&quot;:0,&quot;335559739&quot;:160,&quot;335559740&quot;:259}\">\u00a0<\/span><\/p>\n<p><span data-contrast=\"none\">Tutto ci\u00f2 mi sembra finalizzato a &#8216;spiazzare&#8217; le persone &#8211; in una direzione o nell&#8217;altra &#8211; apparentemente allo scopo di <\/span><b><span data-contrast=\"none\">eliminare il senso di &#8216;verit\u00e0&#8217; e di ragionevolezza <\/span><\/b><span data-contrast=\"none\">presente in ogni essere umano pensante.<\/span><span data-ccp-props=\"{&quot;134233117&quot;:false,&quot;201341983&quot;:0,&quot;335551550&quot;:0,&quot;335551620&quot;:0,&quot;335559738&quot;:0,&quot;335559739&quot;:160,&quot;335559740&quot;:259}\">\u00a0<\/span><\/p>\n<p><span data-contrast=\"none\">Se si tolgono alle masse dei principi di verit\u00e0 e di equilibrio, infatti, diviene molto pi\u00f9 facile abituarle al <\/span><b><span data-contrast=\"none\">principio di autorit\u00e0<\/span><\/b><span data-contrast=\"none\">; <\/span><span data-ccp-props=\"{&quot;134233117&quot;:false,&quot;201341983&quot;:0,&quot;335551550&quot;:0,&quot;335551620&quot;:0,&quot;335559738&quot;:0,&quot;335559739&quot;:160,&quot;335559740&quot;:259}\">\u00a0<\/span><\/p>\n<p><i><span data-contrast=\"none\">&#8220;le cose stanno cos\u00ec perch\u00e9 lo diciamo noi&#8221;<\/span><\/i><span data-ccp-props=\"{&quot;134233117&quot;:false,&quot;201341983&quot;:0,&quot;335551550&quot;:0,&quot;335551620&quot;:0,&quot;335559738&quot;:0,&quot;335559739&quot;:160,&quot;335559740&quot;:259}\">\u00a0<\/span><\/p>\n<p><span data-contrast=\"none\">Come \u00e8 stato per i sedicenti &#8220;esperti&#8221;, le imposizioni pandemiche e i cosiddetti &#8220;vaccini&#8221;.<\/span><span data-ccp-props=\"{&quot;134233117&quot;:false,&quot;201341983&quot;:0,&quot;335551550&quot;:0,&quot;335551620&quot;:0,&quot;335559738&quot;:0,&quot;335559739&quot;:160,&quot;335559740&quot;:259}\">\u00a0<\/span><\/p>\n<p><span data-contrast=\"none\">Eccola, dunque, la pandemenza. <\/span><span data-ccp-props=\"{&quot;134233117&quot;:false,&quot;201341983&quot;:0,&quot;335551550&quot;:0,&quot;335551620&quot;:0,&quot;335559738&quot;:0,&quot;335559739&quot;:160,&quot;335559740&quot;:259}\">\u00a0<\/span><\/p>\n<p>&nbsp;<\/p>\n<p><iframe src=\"https:\/\/cs.ilgiardinodeilibri.it\/data\/partner\/4507\/wg_manu_5014.html?_=1691767890\" width=\"600\" height=\"646\" frameborder=\"0\" scrolling=\"no\"><\/iframe><\/p>\n<p>&nbsp;<\/p>\n<p><span data-contrast=\"none\">La <strong>finestra di Overton<\/strong> partita dalla <strong><em>Covid<\/em><\/strong>, per passare per la <strong>guerra<\/strong> &#8211; con le censure che hanno colpito musica, autori e scrittori russi e finanche sportivi o.\u2026 gatti russi &#8211; il <strong>gender<\/strong> e, <\/span><i><span data-contrast=\"none\">dulcis in fundo<\/span><\/i><span data-contrast=\"none\">, il <strong>riscaldamento globale<\/strong>.<\/span><span data-ccp-props=\"{&quot;134233117&quot;:false,&quot;201341983&quot;:0,&quot;335551550&quot;:0,&quot;335551620&quot;:0,&quot;335559738&quot;:0,&quot;335559739&quot;:160,&quot;335559740&quot;:259}\">\u00a0<\/span><\/p>\n<p><span data-contrast=\"none\">La verit\u00e0 non \u00e8, allora, quella che ciascuno pu\u00f2 ambire a conoscere attraverso la ragione e il pensiero critico bens\u00ec quella che viene <\/span><b><span data-contrast=\"none\">imposta dall&#8217;alto<\/span><\/b><span data-contrast=\"none\">.<\/span><span data-ccp-props=\"{&quot;134233117&quot;:false,&quot;201341983&quot;:0,&quot;335551550&quot;:0,&quot;335551620&quot;:0,&quot;335559738&quot;:0,&quot;335559739&quot;:160,&quot;335559740&quot;:259}\">\u00a0<\/span><\/p>\n<p><b><span data-contrast=\"none\">Verit\u00e0 imposte per legge<\/span><\/b><span data-contrast=\"none\"> &#8211; siamo arrivati anche a questo &#8211; che esercitano un dominio assoluto al di l\u00e0 di ragione e (vera) scienza. A dubitarne si \u00e8 <\/span><i><span data-contrast=\"none\">&#8220;negazionisti&#8221;,<\/span><\/i><span data-contrast=\"none\"> con un termine che evoca tristemente &#8211; e <\/span><i><span data-contrast=\"none\">dolosamente <\/span><\/i><span data-contrast=\"none\">&#8211; il dubbio sull\u2019Olocausto.<\/span><span data-ccp-props=\"{&quot;134233117&quot;:false,&quot;201341983&quot;:0,&quot;335551550&quot;:0,&quot;335551620&quot;:0,&quot;335559738&quot;:0,&quot;335559739&quot;:160,&quot;335559740&quot;:259}\">\u00a0<\/span><\/p>\n<p><strong>L&#8217;opinione non omologata diviene allora per le persone qualcosa di addirittura impensabile.\u00a0<\/strong><\/p>\n<p><span data-contrast=\"none\">La presunta\u00a0&#8220;<\/span><b><span data-contrast=\"none\">verit\u00e0&#8221; della narrazione ufficiale elaborata<\/span><\/b><span data-contrast=\"none\">\u00a0<\/span><b><span data-contrast=\"none\">a livello politico<\/span><\/b><span data-contrast=\"none\">\u00a0si trasforma successivamente, attraverso la <\/span><b><span data-contrast=\"none\">propaganda<\/span><\/b><span data-contrast=\"none\">, in <strong>credo pseudo-<\/strong><\/span><b><span data-contrast=\"none\">religioso, <\/span><\/b>divenendo oggetto di<b><span data-contrast=\"none\"> fede<\/span><\/b><span data-contrast=\"none\">.<\/span><span data-ccp-props=\"{&quot;134233117&quot;:false,&quot;201341983&quot;:0,&quot;335551550&quot;:0,&quot;335551620&quot;:0,&quot;335559738&quot;:0,&quot;335559739&quot;:160,&quot;335559740&quot;:259}\">\u00a0<\/span><\/p>\n<p><span data-contrast=\"none\">Ecco allora che chi ha il <\/span><b><span data-contrast=\"none\">coraggio di pensare con la propria testa<\/span><\/b><span data-contrast=\"none\"> viene tacciato di\u00a0<\/span><b><span data-contrast=\"none\">eresia<\/span><\/b><span data-contrast=\"none\">\u00a0quando non insultato ed emarginato.<\/span><span data-ccp-props=\"{&quot;134233117&quot;:false,&quot;201341983&quot;:0,&quot;335551550&quot;:0,&quot;335551620&quot;:0,&quot;335559738&quot;:0,&quot;335559739&quot;:160,&quot;335559740&quot;:259}\">\u00a0<\/span><\/p>\n<p><span data-contrast=\"none\">I folli che chiamano folli i sani.<\/span><span data-ccp-props=\"{&quot;134233117&quot;:false,&quot;201341983&quot;:0,&quot;335551550&quot;:0,&quot;335551620&quot;:0,&quot;335559738&quot;:0,&quot;335559739&quot;:160,&quot;335559740&quot;:259}\">\u00a0<\/span><\/p>","protected":false},"excerpt":{"rendered":"<p>di Piero Cammerinesi\u00a0 In un articolo di pochi mesi fa,\u00a0ricordavo come Massimo Scaligero, il pensatore e guida spirituale che ho avuto il privilegio di seguire settimanalmente per quasi nove anni\u00a0nell&#8217;ultimo terzo del &#8216;900, mi avesse pi\u00f9 volte indicato la follia come il male del secolo a venire, dunque l\u2019attuale.\u00a0 Notavo, altres\u00ec, in tale scritto, come [&hellip;]<\/p>\n","protected":false},"author":2,"featured_media":73089,"comment_status":"closed","ping_status":"closed","sticky":false,"template":"","format":"standard","meta":{"footnotes":""},"categories":[13,5165],"tags":[5055,851,3369,5054,62,4431,2207,234,1612,3848],"class_list":["post-73087","post","type-post","status-publish","format-standard","has-post-thumbnail","hentry","category-articoli-news","category-attualita","tag-daniele-da-volterra","tag-evidenza","tag-giulio-cesare","tag-hope-carrasquilla","tag-massimo-scaligero","tag-michelangelo","tag-napoleone","tag-piero-cammerinesi","tag-ron-desantis","tag-shakespeare"],"_links":{"self":[{"href":"https:\/\/www.liberopensare.com\/en\/wp-json\/wp\/v2\/posts\/73087","targetHints":{"allow":["GET"]}}],"collection":[{"href":"https:\/\/www.liberopensare.com\/en\/wp-json\/wp\/v2\/posts"}],"about":[{"href":"https:\/\/www.liberopensare.com\/en\/wp-json\/wp\/v2\/types\/post"}],"author":[{"embeddable":true,"href":"https:\/\/www.liberopensare.com\/en\/wp-json\/wp\/v2\/users\/2"}],"replies":[{"embeddable":true,"href":"https:\/\/www.liberopensare.com\/en\/wp-json\/wp\/v2\/comments?post=73087"}],"version-history":[{"count":0,"href":"https:\/\/www.liberopensare.com\/en\/wp-json\/wp\/v2\/posts\/73087\/revisions"}],"wp:featuredmedia":[{"embeddable":true,"href":"https:\/\/www.liberopensare.com\/en\/wp-json\/wp\/v2\/media\/73089"}],"wp:attachment":[{"href":"https:\/\/www.liberopensare.com\/en\/wp-json\/wp\/v2\/media?parent=73087"}],"wp:term":[{"taxonomy":"category","embeddable":true,"href":"https:\/\/www.liberopensare.com\/en\/wp-json\/wp\/v2\/categories?post=73087"},{"taxonomy":"post_tag","embeddable":true,"href":"https:\/\/www.liberopensare.com\/en\/wp-json\/wp\/v2\/tags?post=73087"}],"curies":[{"name":"wp","href":"https:\/\/api.w.org\/{rel}","templated":true}]}}