{"id":74492,"date":"2023-11-02T10:22:08","date_gmt":"2023-11-02T09:22:08","guid":{"rendered":"https:\/\/www.liberopensare.com\/?p=74492"},"modified":"2023-11-04T09:12:23","modified_gmt":"2023-11-04T08:12:23","slug":"lalgoritmo-umano","status":"publish","type":"post","link":"https:\/\/www.liberopensare.com\/en\/lalgoritmo-umano\/","title":{"rendered":"L\u2019algoritmo Umano"},"content":{"rendered":"<pre class=\"p1\"><em>di Danilo D'Angelo<\/em><\/pre>\n<p class=\"p2\">Anni fa, con un gruppo di amici, diedi vita all\u2019associazione non profit <em>\u201cProgetto utopia\u201d<\/em> che aveva come fine dichiarato nel suo statuto la promozione del buon senso tra gli esseri umani. Misera ambizione, direte voi, a confronto di altre come cambiare il mondo, esportare la democrazia nei Paesi ostili all\u2019Occidente, debellare la fame nel mondo, cambiare la Costituzione o altre ancora.<\/p>\n<p class=\"p2\">Eppure sembrerebbe che usare il buon senso non sia cos\u00ec facile come si pu\u00f2 credere.<\/p>\n<p class=\"p2\">Per esempio le leggi non lo prevedono: o ti attieni a ci\u00f2 che stabiliscono o sei fuori legge e dato che viviamo in un mondo sempre pi\u00f9 normato ne consegue che stiamo abbandonando il buon senso a favore del seguire le regole alla lettera, diventando cos\u00ec una sorta di \u201ccittadini di Geova\u201d.<\/p>\n<p class=\"p2\">In un mondo dai cambiamenti repentini non si parla pi\u00f9 soltanto di leggi, parametri, discipline, codici o normative, oggi va alla grande il termine \u201cprotocolli\u201d: un testo che ci dice come si fanno le cose, dall\u2019assistere i malati al rinnovare un documento, come ho accennato in un mio precedente articolo. Nessuno si permette di fare qualcosa non previsto dai protocolli. Siamo tutti figli di un manuale d\u2019istruzioni.<\/p>\n<p><img fetchpriority=\"high\" decoding=\"async\" class=\"aligncenter wp-image-74498\" src=\"https:\/\/www.liberopensare.com\/wp-content\/uploads\/2023\/11\/buonsenso-unico-3-300x225.jpeg\" alt=\"\" width=\"641\" height=\"481\" srcset=\"https:\/\/www.liberopensare.com\/wp-content\/uploads\/2023\/11\/buonsenso-unico-3-300x225.jpeg 300w, https:\/\/www.liberopensare.com\/wp-content\/uploads\/2023\/11\/buonsenso-unico-3-768x576.jpeg 768w, https:\/\/www.liberopensare.com\/wp-content\/uploads\/2023\/11\/buonsenso-unico-3-16x12.jpeg 16w, https:\/\/www.liberopensare.com\/wp-content\/uploads\/2023\/11\/buonsenso-unico-3.jpeg 800w\" sizes=\"(max-width: 641px) 100vw, 641px\" \/><\/p>\n<p class=\"p2\">Non che questa sia una novit\u00e0, le leggi per regolare il vivere civile esistono da sempre, dal Codice di Hammurabi in poi. Quello che, mi sembra di poter dire, sta diventando imbarazzante \u00e8 la quantit\u00e0 di queste regole e protocolli. Verso la fine degli anni \u201970 mi piaceva leggere la rivista satirica <em>\u201cIl Male\u201d<\/em> che riportava, tra le altre cose, le leggi che il Parlamento italiano aveva approvato di volta in volta. In particolare<span class=\"Apple-converted-space\">\u00a0 <\/span>ricordo che attir\u00f2 la mia attenzione quella che stabiliva la definizione di <em>\u201cfiletto di bovino\u201d<\/em>! Tutto \u00e8 normato, tutto \u00e8, o dovrebbe essere, a norma di legge.<\/p>\n<p class=\"p2\">Ultimamente ho letto un articolo<span class=\"Apple-converted-space\">\u00a0 <\/span>dove si parla di protocolli nella scuola d\u2019infanzia che sembrerebbero stabilire i criteri per definire \u201cnormale\u201d un bambino. Un bel protocollo per definire <i>normale<\/i> vostro figlio, scritto, sicuramente, da persone normali!<\/p>\n<p class=\"p2\">Nello stesso articolo si cita il nuovo codice deontologico degli Psicologi italiani. L\u2019autrice punta il dito, in particolar modo, sull\u2019articolo 31 del codice, dove si legge:<\/p>\n<blockquote>\n<p class=\"p2\">\u201c<i>Nei casi di assenza in tutto o in parte del consenso informato di cui al primo comma <\/i>(cio\u00e8 da parte del minorenne o dei suoi genitori N.d.R.), <i>ove la psicologa e lo psicologo ritengano invece che il trattamento sanitario sia necessario, la decisione \u00e8 rimessa all\u2019autorit\u00e0 giudiziaria.<\/i>\u201d<\/p>\n<\/blockquote>\n<p class=\"p2\">Alcune associazioni stanno muovendosi per poter modificare questo articolo che sembrerebbe autorizzare un vero e proprio <em>TSO<\/em> per i minorenni.<span class=\"Apple-converted-space\">\u00a0<\/span><\/p>\n<p><iframe src=\"https:\/\/cs.ilgiardinodeilibri.it\/data\/partner\/4507\/wg_manu_5014.html?_=1698915736\" width=\"600\" height=\"646\" frameborder=\"0\" scrolling=\"no\"><\/iframe><\/p>\n<p class=\"p2\">Gli Stati Uniti sono da sempre all\u2019avanguardia, in fatto d\u2019idiozie e, anche nel caso delle normative, mantengono questo primato. Non sono rare le cause milionarie intentate da singoli cittadini per i motivi pi\u00f9 bizzarri, come nel caso della signora <strong>Stella Liebeck<\/strong> che nel 1992, all\u2019et\u00e0 di 79 anni, scivol\u00f2 all\u2019interno di un McDonalds a causa di un caff\u00e8 bollente e si procur\u00f2 diverse bruciature. La signora fece causa al colosso dei <em>fast-food<\/em> e ottenne la bellezza di quasi tre milioni di dollari di risarcimento. Da allora su ogni bicchiere McDonalds \u00e8 indicato chiaramente che\u00a0<i>il caff\u00e8 bollente pu\u00f2 causare ustioni.<\/i><span class=\"s1\"><i>\u00a0<\/i><\/span><\/p>\n<p class=\"p2\">Ma esempi a parte \u00e8 evidente il crescente numero di norme a cui il cittadino e le industrie si devono attenere. Va da s\u00e9 che pi\u00f9 norme ci sono e meno \u00e8 possibile accertarsi del fatto che vengano rispettate.<\/p>\n<p class=\"p2\">Quindi perch\u00e9 continuare a legiferare, normare, protocollare e altro? Perch\u00e9 tutti dobbiamo essere uguali. Organizzare una societ\u00e0 composta da individui standardizzati \u00e8 molto pi\u00f9 semplice che avere a che fare con persone diverse nel comportamento, nel modo di pensare, nei loro obiettivi e nel modo da loro escogitato per raggiungerli o, addirittura, che hanno un\u2019idea di societ\u00e0 personale.<\/p>\n<p><img decoding=\"async\" class=\"aligncenter wp-image-74496\" src=\"https:\/\/www.liberopensare.com\/wp-content\/uploads\/2023\/11\/Education-technology-300x144.webp\" alt=\"\" width=\"638\" height=\"306\" srcset=\"https:\/\/www.liberopensare.com\/wp-content\/uploads\/2023\/11\/Education-technology-300x144.webp 300w, https:\/\/www.liberopensare.com\/wp-content\/uploads\/2023\/11\/Education-technology-768x368.webp 768w, https:\/\/www.liberopensare.com\/wp-content\/uploads\/2023\/11\/Education-technology-18x9.webp 18w, https:\/\/www.liberopensare.com\/wp-content\/uploads\/2023\/11\/Education-technology.webp 938w\" sizes=\"(max-width: 638px) 100vw, 638px\" \/><\/p>\n<p class=\"p2\"><span class=\"Apple-converted-space\">\u00a0\u00a0 <\/span>Mi sembra di poter dire che questa esigenza di avere tutti gli individui uguali \u00e8 figlia dell\u2019industrializzazione. Con la produzione di massa sono nate la standardizzazione, prima dei prodotti e poi dei compratori. Sette miliardi di persone con teste diverse, esigenze diverse significano prodotti diversi, quasi personalizzati, che era quello che il mercato proponeva fino a duecento anni fa. Ma questo oggi non \u00e8 pi\u00f9 possibile, ed \u00e8 anche comprensibile. Perch\u00e9 era possibile quando eravamo in pochi, su questo pianeta, e quando le nostre esigenze non erano cos\u00ec legate alla produzione e, soprattutto, alla tecnologia. Oggi non \u00e8 pi\u00f9 possibile ragionare in questi parametri, appunto. Oggi tutto \u00e8 livellato, a cominciare dalle nostre esigenze, fino ad arrivare alla standardizzazione dell\u2019essere umano \u201ccreato\u201d dall\u2019apparato scolastico. Taglia unica per tutti, insomma.<\/p>\n<p class=\"p2\"><span class=\"Apple-converted-space\">\u00a0\u00a0 <\/span>Nel mio recente libro <em>\u201cScuola nuova vita nuova\u201d<\/em> edito da Dissensi, il Professor <strong>Benedetto Vertecchi<\/strong> sottolinea che:<\/p>\n<blockquote>\n<p class=\"p2\">\u201d<i>Purtroppo, lo sviluppo economico-culturale che passa attraverso la cosiddetta globalizzazione sta livellando i canoni che originariamente erano diversi a seconda delle varie aree culturali.\u201d<\/i><\/p>\n<\/blockquote>\n<p class=\"p2\">E ancora:<\/p>\n<blockquote>\n<p class=\"p2\">\u201c<i>Dagli otto anni il periodo adolescenziale si \u00e8 prolungato fino ai 10, poi 12 anni ed \u00e8 sempre andato ad aumentare, tanto che oggi alcuni psicologi sostengono che anche nei trentenni si continuano a vedere segni di tipo adolescenziale. Questi strati della popolazione sono incapaci di produrre, ma capacissimi di consumare e, anzi, sono ottimi consumatori, perch\u00e9 hanno una struttura biologica da adulti, con conseguenti bisogni e capacit\u00e0 da adulti, ma non hanno la capacit\u00e0 produttiva degli adulti e sono facilmente condizionabili ad aumentare i consumi<\/i>.\u201d<\/p>\n<\/blockquote>\n<p class=\"p2\">Quindi i nostri studenti saranno dei pessimi pensatori, ma degli ottimi consumatori. Ne consegue che il paradigma \u201csiamo tutti uguali\u201d voluto dal mercato non ha nulla a che vedere con l\u2019interpretazione cristiana di tale modello e mi permetto di dubitare che lo siamo anche davanti alla legge.<\/p>\n<p class=\"p2\">Direi, piuttosto, che mi fa venire alla mente la famosa poesia di <strong>Tot\u00f2<\/strong> <em>\u201cA livella\u201d<\/em>, dove tutti siamo uguali davanti alla morte, perch\u00e9 qui si sta parlando della morte dell\u2019individuo come attore sociale, interprete della propria vita, a favore dell\u2019uomo cerebralmente livellato, appunto.<\/p>\n<p class=\"p2\">L\u2019aspetto paradossale di tutto questo \u00e8 che noi, uomini liberi e pensanti, abbiamo inventato il computer e i logaritmi che gli permettono di identificarci, classificarci e prevedere le nostre esigenze, meglio di quanto qualsiasi pubblicitario avesse mai sperato di poter fare. Noi, grandi geni pensatori, ci siamo creati la nostra stessa gabbia culturale, dove tutti siamo uguali e rispondiamo alle stesse caratteristiche e alle esigenze del mercato.<\/p>\n<p class=\"p2\"><span class=\"Apple-converted-space\">\u00a0\u00a0 <\/span>Dicono che accorgersi dei propri errori sia il primo passo per non commetterli pi\u00f9. Forse \u00e8 vero, ma a giudicare da quello che vedo per le strade e alla televisione tutti i giorni, non mi sembra che questo grado di coscienza sia cos\u00ec diffuso.<\/p>\n<p class=\"p2\">Per\u00f2 una cosa \u00e8 certa: chi se ne rende conto ha, secondo me, l\u2019obbligo morale di far aprire gli occhi al suo prossimo. E l\u2019unico modo per farlo, come dicono tutti i pedagogisti, \u00e8 attraverso l\u2019esempio. E a proposito di esempi, che dire di quelli dei protocolli internazionali non rispettati, come quello di Minsk o quelli violati ripetutamente e ovunque sui Diritti Umani, o il famoso Protocollo di Kyoto?<\/p>\n<p class=\"p2\">Perch\u00e9 possiamo parlare e scrivere quanto vogliamo, ma se siamo sempre gli stessi che predicano bene e razzolano male, come ci mostrano le nostre istituzioni, non solo non avremo aiutato nessuno a risvegliarsi, ma avremo messo un altro mattone nel muro mentale nostro e degli altri. <em>\u201cAnother brick in the wall\u201d<\/em> come dicevano i <strong>Pink Floyd<\/strong>.<\/p>\n<p>&nbsp;<\/p>\n<hr \/>\n<div class=\"col-6 col-sm-4 col-md-3 col-lg-2 mb-3\">\n<div class=\"image-new-container round-image-container\">\n<div class=\"image\"><img decoding=\"async\" class=\"alignleft\" src=\"https:\/\/media.wsimag.com\/attachments\/9f04822290e9bc4383cc6fafc952a5510f047350\/store\/fill\/180\/180\/b14ec08d9fda271745d304055abd7036beffbab8753b5d7f84af4dbb40b5\/Danilo-DAngelo.jpg\" alt=\"Danilo D'Angelo\" width=\"130\" height=\"130\" data-src=\"https:\/\/media.wsimag.com\/attachments\/9f04822290e9bc4383cc6fafc952a5510f047350\/store\/fill\/180\/180\/b14ec08d9fda271745d304055abd7036beffbab8753b5d7f84af4dbb40b5\/Danilo-DAngelo.jpg\" data-srcset=\"\/\/media.wsimag.com\/attachments\/9e11ff2f23aa7313fd2e71e52ee0167e3fc6dedb\/store\/fill\/524\/524\/b14ec08d9fda271745d304055abd7036beffbab8753b5d7f84af4dbb40b5\/Danilo-DAngelo.jpg 524w,\/\/media.wsimag.com\/attachments\/c3d8b55a720b7f1524964b44c7a8ac01f7ea94b1\/store\/fill\/360\/360\/b14ec08d9fda271745d304055abd7036beffbab8753b5d7f84af4dbb40b5\/Danilo-DAngelo.jpg 360w,\/\/media.wsimag.com\/attachments\/491c5879caca203c1057bc8012f2e8ab9b997915\/store\/fill\/262\/262\/b14ec08d9fda271745d304055abd7036beffbab8753b5d7f84af4dbb40b5\/Danilo-DAngelo.jpg 262w,\/\/media.wsimag.com\/attachments\/9f04822290e9bc4383cc6fafc952a5510f047350\/store\/fill\/180\/180\/b14ec08d9fda271745d304055abd7036beffbab8753b5d7f84af4dbb40b5\/Danilo-DAngelo.jpg 180w,\/\/media.wsimag.com\/attachments\/25cf686471c1d47ddca118d1245444d8f2e98795\/store\/fill\/130\/130\/b14ec08d9fda271745d304055abd7036beffbab8753b5d7f84af4dbb40b5\/Danilo-DAngelo.jpg 130w\" data-sizes=\"(min-width:1800px) 262px, (min-width:1550px) 220px, (min-width:1300px) 180px, (min-width:992px) 130px, (min-width:768px) 150px, (min-width:576px) 150px, 258px\" data-ll-status=\"loaded\" \/><\/div>\n<\/div>\n<\/div>\n<div class=\"text-center text-sm-left col-sm-8 col-md-9 col-lg-10\">\n<div class=\"font-28 mb-2\"><a class=\"first-highlight-color\" href=\"https:\/\/wsimag.com\/it\/authors\/872-danilo-dangelo\" target=\"_blank\" rel=\"noopener\">Danilo D\u2019Angelo<\/a><\/div>\n<div><\/div>\n<div class=\"font-15 tall-line-height mb-2\">Danilo D\u2019Angelo di professione architetto. Ha insegnato per alcuni anni. Dirige la Naveen Nursery and Primary School a Varanasi India. Membro della segreteria dell\u2019associazione Centro di Gravit\u00e0.<\/div>\n<\/div>","protected":false},"excerpt":{"rendered":"<p>di Danilo D&#8217;Angelo Anni fa, con un gruppo di amici, diedi vita all\u2019associazione non profit \u201cProgetto utopia\u201d che aveva come fine dichiarato nel suo statuto la promozione del buon senso tra gli esseri umani. Misera ambizione, direte voi, a confronto di altre come cambiare il mondo, esportare la democrazia nei Paesi ostili all\u2019Occidente, debellare la [&hellip;]<\/p>\n","protected":false},"author":2,"featured_media":74497,"comment_status":"closed","ping_status":"closed","sticky":false,"template":"","format":"standard","meta":{"footnotes":""},"categories":[903,5166],"tags":[5401,2517,851,5402,5400,2518],"class_list":["post-74492","post","type-post","status-publish","format-standard","has-post-thumbnail","hentry","category-rassegna","category-cultura-e-scienza","tag-benedetto-vertecchi","tag-danilo-dangelo","tag-evidenza","tag-pink-floyd","tag-stella-liebeck","tag-toto"],"_links":{"self":[{"href":"https:\/\/www.liberopensare.com\/en\/wp-json\/wp\/v2\/posts\/74492","targetHints":{"allow":["GET"]}}],"collection":[{"href":"https:\/\/www.liberopensare.com\/en\/wp-json\/wp\/v2\/posts"}],"about":[{"href":"https:\/\/www.liberopensare.com\/en\/wp-json\/wp\/v2\/types\/post"}],"author":[{"embeddable":true,"href":"https:\/\/www.liberopensare.com\/en\/wp-json\/wp\/v2\/users\/2"}],"replies":[{"embeddable":true,"href":"https:\/\/www.liberopensare.com\/en\/wp-json\/wp\/v2\/comments?post=74492"}],"version-history":[{"count":0,"href":"https:\/\/www.liberopensare.com\/en\/wp-json\/wp\/v2\/posts\/74492\/revisions"}],"wp:featuredmedia":[{"embeddable":true,"href":"https:\/\/www.liberopensare.com\/en\/wp-json\/wp\/v2\/media\/74497"}],"wp:attachment":[{"href":"https:\/\/www.liberopensare.com\/en\/wp-json\/wp\/v2\/media?parent=74492"}],"wp:term":[{"taxonomy":"category","embeddable":true,"href":"https:\/\/www.liberopensare.com\/en\/wp-json\/wp\/v2\/categories?post=74492"},{"taxonomy":"post_tag","embeddable":true,"href":"https:\/\/www.liberopensare.com\/en\/wp-json\/wp\/v2\/tags?post=74492"}],"curies":[{"name":"wp","href":"https:\/\/api.w.org\/{rel}","templated":true}]}}