{"id":75565,"date":"2024-01-04T08:50:37","date_gmt":"2024-01-04T07:50:37","guid":{"rendered":"https:\/\/www.liberopensare.com\/?p=75565"},"modified":"2024-01-05T10:39:48","modified_gmt":"2024-01-05T09:39:48","slug":"in-difesa-di-rudolf-steiner","status":"publish","type":"post","link":"https:\/\/www.liberopensare.com\/en\/in-difesa-di-rudolf-steiner\/","title":{"rendered":"In Difesa di Rudolf Steiner"},"content":{"rendered":"<div class=\"text \">\n<pre data-dl-uid=\"14\" data-dl-original=\"true\" data-dl-translated=\"true\"><em>di Terry Boardman\u00a0<\/em><\/pre>\n<h2 data-dl-uid=\"14\" data-dl-original=\"true\" data-dl-translated=\"true\">Una risposta a J. Paul Greenaway<\/h2>\n<\/div>\n<p data-dl-uid=\"22\" data-dl-original=\"true\" data-dl-translated=\"true\"><b data-dl-uid=\"23\" data-dl-original=\"true\" data-dl-translated=\"true\">Questo articolo \u00e8 stato scritto come risposta all&#8217;articolo di J. Paul Greenaway\u00a0<a title=\"In Defence of Rudolf Steiner - A Response to J. Paul Greenaway\" href=\"https:\/\/www.ukcolumn.org\/blogs\/is-spiritual-science-science-the-flawed-legacy-of-rudolf-steiner\" data-dl-uid=\"24\" data-dl-original=\"true\" data-dl-translated=\"true\" target=\"_blank\" rel=\"noopener\"><em data-dl-uid=\"25\" data-dl-original=\"true\" data-dl-translated=\"true\">Is &#8220;spiritual science&#8221; science?<\/em><\/a>\u00a0<a data-dl-uid=\"24\" data-dl-translated=\"true\"><em data-dl-uid=\"25\" data-dl-translated=\"true\">The flawed legacy of Rudolf Steiner<\/em>\u00a0pubblicato nella sezione Commenti del sito web UK Column il 25 maggio 2023<\/a>. UK Column ha rifiutato di pubblicare l&#8217;articolo, che \u00e8 stato quindi pubblicato qui.<i data-dl-uid=\"26\" data-dl-original=\"true\" data-dl-translated=\"true\"><br data-dl-uid=\"27\" data-dl-original=\"true\" data-dl-translated=\"true\" \/><\/i><\/b><\/p>\n<p data-dl-uid=\"28\" data-dl-original=\"true\" data-dl-translated=\"true\">J. L&#8217;articolo sprezzante di <strong>Paul Greenaway<\/strong> su <strong>Rudolf Steiner<\/strong> (1861-1925) (pubblicato sul sito web UK <em>Column<\/em> il 25 maggio 2023) \u00e8 una cosa strana. Non cercher\u00f2 di dare una forma organizzata e sistematica a un articolo che non ha tale forma. Invece, condurr\u00f2 il lettore attraverso il processo sconclusionato dell&#8217;articolo di <strong>Greenaway<\/strong>, commentando e criticando man mano, e cercher\u00f2 di dimostrare che: 1) \u00e8 impreciso in vari particolari nel suo resoconto dell&#8217;opera di <strong>Steiner<\/strong>, che \u00e8 nota come Antroposofia (pronunciata come la parola &#8220;<b data-dl-uid=\"29\" data-dl-original=\"true\" data-dl-translated=\"true\"><i data-dl-uid=\"30\" data-dl-original=\"true\" data-dl-translated=\"true\">antropologia<\/i><\/b>&#8220;) o <em>&#8220;scienza spirituale&#8221;<\/em>; 2) difficilmente manifesta un atteggiamento <em>&#8220;scientifico&#8221;<\/em>, sebbene la sua preoccupazione per la &#8220;scienza&#8221; sia al centro della sua critica a <strong>Rudolf Steiner<\/strong>; 3) basa gran parte della sua critica sulla discussione di solo due o tre frasi tratte da due delle oltre 6000 conferenze tenute da <strong>Steiner<\/strong> nell&#8217;arco di 22 anni e anche su esperienze personali relative al lavoro in solo due delle centinaia di istituzioni antroposofiche in tutto il mondo e a difficili esperienze con un singolo individuo in una di queste istituzioni, ed \u00e8 quindi molto esagerata, molto sbilanciata e troppo generalizzata; attinge a una serie di fonti che non hanno nulla a che fare con l&#8217;ambiente antroposofico o che gli sono ostili.<\/p>\n<p data-dl-uid=\"31\" data-dl-original=\"true\" data-dl-translated=\"true\">L&#8217;introduzione di <strong>Greenaway<\/strong> fornisce un abbozzo ragionevolmente corretto di alcuni aspetti di <strong>Steiner<\/strong> e del suo lavoro, ma non riesce a collocare tale lavoro nel contesto storico, e senza il contesto non si pu\u00f2 apprezzare o valutare correttamente ci\u00f2 che <strong>Steiner<\/strong> stava cercando di fare. Negli ultimi decenni del XIX secolo, la scienza naturale materialista era arrivata a dominare la maggior parte degli aspetti della vita in Occidente, comprese la filosofia e la religione, ed era sostenuta dal formidabile progresso della tecnologia, che per molti sembrava magico. Ma la rapida urbanizzazione resa possibile dalla scienza e dalla tecnologia tendeva non solo a opprimere fisicamente molte delle nuove classi lavoratrici urbane e a privarle della loro dignit\u00e0 umana, ma anche a deprimere psicologicamente molte delle classi medie e alte, che si rivolgevano per trovare conforto alle arti e a ricerche spirituali come lo spiritismo e la teosofia. Il cristianesimo tradizionale, secondo molti, era gi\u00e0 stato costantemente minato dall&#8217;influenza della teologia critica accademica che, dopo<strong> Darwin, Huxley e Haeckel<\/strong>, si orientava sempre pi\u00f9 verso la scienza naturale. Ciononostante, molti occidentali desideravano ancora un percorso cristiano o un altro percorso spirituale che alleviasse la cupa ma inesorabile pressione del modernismo e della vita urbana materialista.<\/p>\n<p data-dl-uid=\"32\" data-dl-original=\"true\" data-dl-translated=\"true\">Si pu\u00f2 notare che nella storia i nuovi sviluppi sono stati invariabilmente &#8220;bilanciati&#8221; da movimenti contrari; cos\u00ec, nella cultura sempre pi\u00f9 materialista dell&#8217;Occidente, per contrastare questo materialismo sono sorti il movimento spiritualista (1848) e il movimento teosofico (1875), entrambi nati negli Stati Uniti e che presto hanno fatto breccia in Europa tra persone che si sentivano inaridite nel deserto in espansione del materialismo scientifico. Lo spiritismo, tuttavia, purtroppo attir\u00f2 molte persone verso un fascino morboso del mondo dei morti, mentre la Teosofia, fondata a New York dalla russa <strong>Helena P. Blavatsky<\/strong>, spinse molte altre persone verso il misticismo asiatico, in particolare l&#8217;induismo e il buddismo.<\/p>\n<p><img fetchpriority=\"high\" decoding=\"async\" class=\"alignleft\" src=\"https:\/\/external-content.duckduckgo.com\/iu\/?u=https%3A%2F%2Fwww.anthroposophie.net%2Fbilder%2Fsteiner_1879.jpg&amp;f=1&amp;nofb=1&amp;ipt=f1281e4b4fe34b69077105739714d7d623fbfb8a82ff150f2f8b63e99186bdec&amp;ipo=images\" alt=\"Anthroposophie Forum - Bibliothek: Rudolf Steiner - Zeittafel zu Leben ...\" width=\"384\" height=\"547\" \/><\/p>\n<p data-dl-uid=\"108\" data-dl-original=\"true\" data-dl-translated=\"true\"><strong>Rudolf Steiner<\/strong> (1861-1925) (nella foto qui sopra all&#8217;et\u00e0 di 18 anni, nel 1879), da bambino aveva avuto un&#8217;esperienza spirituale diretta di una parente che non viveva nelle vicinanze e il cui spirito lo aveva visitato quando era appena morta. Aveva anche percepito esseri elementari in natura nella campagna in cui era cresciuto, intorno alla stazione ferroviaria rurale in cui il padre era impiegato come capostazione. Tuttavia, fu grazie al suo interesse per la geometria che si rese conto che i mondi invisibili possono essere afferrati attraverso il pensiero, e prosegu\u00ec con una formazione scientifica e tecnica naturale molto moderna.<\/p>\n<p data-dl-uid=\"108\" data-dl-original=\"true\" data-dl-translated=\"true\">A vent&#8217;anni, a Vienna, incontr\u00f2 un&#8217;ampia costellazione di persone alla ricerca, alcune delle quali molto note, e i suoi interessi si concentrarono sulla filosofia, dove cerc\u00f2 un modo per superare quella che considerava l&#8217;influenza nefasta di <strong>Immanuel Kant<\/strong>, e sulla pedagogia, dove lavor\u00f2 come precettore nella casa di una ricca famiglia ebrea, gli <strong>Specht<\/strong>, il cui figlio soffriva di una forma di autismo. La tesi di dottorato di <strong>Steiner<\/strong>, diretta contro il kantianesimo, si intitolava\u00a0<i data-dl-uid=\"109\" data-dl-original=\"true\" data-dl-translated=\"true\">Verit\u00e0 e scienza;<\/i>\u00a0ampli\u00f2 notevolmente il tema nella sua opera filosofica principale,\u00a0<i data-dl-uid=\"111\" data-dl-original=\"true\" data-dl-translated=\"true\">La filosofia della Libert\u00e0<\/i>\u00a0(1894). In entrambe le opere <strong>Steiner<\/strong> si oppone ai concetti kantiani di dovere e di limite alla conoscenza e avanza una profonda critica alle basi filosofiche del pensiero materialista, affermando il libero arbitrio e l&#8217;importanza suprema del pensiero come primo strumento umano dell&#8217;individuo, senza il quale sono impossibili la libert\u00e0, la scienza e qualsiasi vita\u00a0<i data-dl-uid=\"112\" data-dl-original=\"true\" data-dl-translated=\"true\">umana\u00a0<\/i>reale.<\/p>\n<p data-dl-uid=\"108\" data-dl-original=\"true\" data-dl-translated=\"true\"><strong>Greenaway<\/strong>, tuttavia, nella sezione del suo articolo dedicata ai &#8220;Mondi superiori&#8221;, liquida la\u00a0<i data-dl-uid=\"113\" data-dl-original=\"true\" data-dl-translated=\"true\">Filosofia della Libert\u00e0<\/i>, che <strong>Steiner<\/strong> considerava il pi\u00f9 importante dei suoi trenta libri, semplicemente come<em> &#8220;un approccio filosofico alla psicologia della percezione (e non il pi\u00f9 leggibile o conciso, va detto!)&#8221;.<\/em> Questo non \u00e8 vero, perch\u00e9 la percezione nell&#8217;atto del conoscere occupa solo due dei quindici capitoli del libro di <strong>Steiner<\/strong>, che tratta di molte cose: la natura della conoscenza, il pensiero, la libert\u00e0, l&#8217;immaginazione morale, i valori nella vita, l&#8217;individualit\u00e0 e il genere, le basi dell&#8217;etica e della morale e molto altro. <strong>Greenway<\/strong> si aspetta che un libro su tali temi sia &#8220;conciso&#8221;! Per quanto riguarda la &#8220;leggibilit\u00e0&#8221;, <strong>Steiner<\/strong> non intendeva che il libro portasse con s\u00e9 i lettori passivi, ma voleva che essi vi lavorassero e diventassero interiormente attivi nel loro pensiero.<\/p>\n<p data-dl-uid=\"128\" data-dl-original=\"true\" data-dl-translated=\"true\">Per la maggior parte degli anni Novanta del XIX secolo, <strong>Steiner<\/strong> si trova a Weimar, dove lavora all&#8217;edizione degli scritti\u00a0<i data-dl-uid=\"129\" data-dl-original=\"true\" data-dl-translated=\"true\">scientifici<\/i>\u00a0di <strong>Goethe<\/strong>. Fino ad allora si sarebbe definito un libertario radicale e un anarchico filosofico &#8211; non del tipo che lancia bombe, ma qualcuno che si opponeva all&#8217;eccessivo controllo dello Stato e ai dogmi razziali, nazionali, religiosi o sessisti di qualsiasi tipo che cercavano di limitare gli sforzi degli individui di pensare con la propria testa; la sua filosofia di vita era quella che lui chiamava <em>&#8220;individualismo etico&#8221;<\/em>, come scrisse in\u00a0<i data-dl-uid=\"130\" data-dl-original=\"true\" data-dl-translated=\"true\">La filosofia della Libert\u00e0<\/i>:<\/p>\n<blockquote>\n<p class=\"p1\"><strong><em>Vivere nell\u2019amore per l\u2019azione e lasciar vivere nella comprensione della volont\u00e0 altrui \u00e8 la massima fondamentale degli uomini liberi.<\/em><\/strong><\/p>\n<\/blockquote>\n<figure id=\"attachment_75529\" aria-describedby=\"caption-attachment-75529\" style=\"width: 425px\" class=\"wp-caption alignright\"><a href=\"https:\/\/www.harmakisedizioni.org\/?product=la-filosofia-della-liberta-rudolf-steiner-paperback&amp;wpam_id=92\" target=\"_blank\" rel=\"noopener\"><img decoding=\"async\" class=\"wp-image-75529\" src=\"https:\/\/www.liberopensare.com\/wp-content\/uploads\/2023\/12\/FDL-COVER-JPG-211x300.jpg\" alt=\"\" width=\"425\" height=\"604\" srcset=\"https:\/\/www.liberopensare.com\/wp-content\/uploads\/2023\/12\/FDL-COVER-JPG-211x300.jpg 211w, https:\/\/www.liberopensare.com\/wp-content\/uploads\/2023\/12\/FDL-COVER-JPG-722x1024.jpg 722w, https:\/\/www.liberopensare.com\/wp-content\/uploads\/2023\/12\/FDL-COVER-JPG-768x1090.jpg 768w, https:\/\/www.liberopensare.com\/wp-content\/uploads\/2023\/12\/FDL-COVER-JPG-1083x1536.jpg 1083w, https:\/\/www.liberopensare.com\/wp-content\/uploads\/2023\/12\/FDL-COVER-JPG-1444x2048.jpg 1444w, https:\/\/www.liberopensare.com\/wp-content\/uploads\/2023\/12\/FDL-COVER-JPG-8x12.jpg 8w, https:\/\/www.liberopensare.com\/wp-content\/uploads\/2023\/12\/FDL-COVER-JPG-1320x1873.jpg 1320w, https:\/\/www.liberopensare.com\/wp-content\/uploads\/2023\/12\/FDL-COVER-JPG.jpg 1748w\" sizes=\"(max-width: 425px) 100vw, 425px\" \/><\/a><figcaption id=\"caption-attachment-75529\" class=\"wp-caption-text\"><a href=\"https:\/\/www.harmakisedizioni.org\/?product=la-filosofia-della-liberta-rudolf-steiner-paperback&amp;wpam_id=92\" target=\"_blank\" rel=\"noopener\"><strong>CLICCA QUI PR ACQUISTARLO<\/strong><\/a><\/figcaption><\/figure>\n<p data-dl-uid=\"128\" data-dl-original=\"true\" data-dl-translated=\"true\">\u00a0Solo nel 1899, a 38 anni, ebbe la sua pi\u00f9 profonda esperienza di Cristo. Da quel momento in poi, la sua vita divenne qualcosa di diverso. Nel 1902, convinto che la cultura occidentale si stesse dirigendo verso l&#8217;abisso (che arriv\u00f2 12 anni dopo), era diventato un maestro spirituale deciso a fare il possibile per comprendere e collegare diversi mondi: oriente e occidente, antico e moderno, uomini e donne, cristiani e non cristiani, artistico e scientifico. Egli riteneva che le persone moderne in Occidente dovessero trovare la loro strada verso il Cristo e lo spirito non come i teosofi e altri cercavano di fare, rivolgendosi ad antiche religioni non occidentali, o tornando a stati collettivi premoderni di coscienza &#8220;tribale&#8221;, come avrebbero fatto in seguito i moderni totalitarismi e molti dell&#8217;odierna <em>New Age<\/em>, ma piuttosto comprendendo se stessi come esseri di corpo, anima e spirito &#8211; come individui <i data-dl-uid=\"131\" data-dl-original=\"true\" data-dl-translated=\"true\">moderni<\/i> la cui coscienza si \u00e8 sviluppata nel corso dei millenni dalle antiche comunit\u00e0 basate sul sangue attraverso l&#8217;individualismo moderno, la cruna dell&#8217;ago, verso una cultura ancora lontana nel futuro, in cui individui liberi sceglieranno o creeranno liberamente le loro comunit\u00e0 e societ\u00e0. La nostra situazione moderna, a suo avviso, richiede una comprensione <i data-dl-uid=\"132\" data-dl-original=\"true\" data-dl-translated=\"true\">moderna\u00a0<\/i>del karma e della reincarnazione in un contesto cristiano, la necessit\u00e0 di vedere che siamo tutti spiriti in evoluzione, in ultima analisi non vincolati da corpo, sangue, geni, razza, nazione e trib\u00f9. Di vita in vita,\u00a0<i data-dl-uid=\"133\" data-dl-original=\"true\" data-dl-translated=\"true\">scegliamo<\/i>\u00a0questi elementi per le nostre esigenze in una particolare vita. Per comprendere pienamente me stesso, cosa che normalmente non \u00e8 possibile in una sola vita, devo conoscere le mie vite passate, non solo quella che sto vivendo ora. Allora potr\u00f2 comprendere la natura particolare del lungo percorso che mi ha portato da Dio, non indietro ma in avanti, verso Dio. E ci\u00f2 che vale per l&#8217;individuo vale anche per la cultura umana nel suo complesso. La storia, insegnava <strong>Steiner<\/strong>, non pu\u00f2 essere compresa senza prendere in considerazione le azioni degli esseri spirituali (umani e non umani) incarnati e disincarnati. L&#8217;insegnamento del karma e della reincarnazione in un contesto moderno che tenesse conto dello sviluppo occidentale e cristiano sarebbe diventato il compito essenziale di <strong>Steiner<\/strong>.<\/p>\n<p><img decoding=\"async\" class=\"alignleft\" src=\"https:\/\/external-content.duckduckgo.com\/iu\/?u=https%3A%2F%2Fi.pinimg.com%2F736x%2F32%2Ff2%2F1e%2F32f21e45dfef966fc9a9d0d9094ac02d--selection-wisdom.jpg&amp;f=1&amp;nofb=1&amp;ipt=ad407450fe91833e91959f7242c6a80dc0c87a827d55d1a75ce41def2305c734&amp;ipo=images\" alt=\"79 best Rosicrucian images on Pinterest | Cross stitches, Crosses and ...\" width=\"393\" height=\"521\" \/><\/p>\n<p data-dl-uid=\"182\" data-dl-original=\"true\" data-dl-translated=\"true\"><strong>Greenaway<\/strong>, nella sua introduzione, afferma che sia la Teosofia che l&#8217;Antroposofia<\/p>\n<blockquote>\n<p data-dl-uid=\"182\" data-dl-original=\"true\" data-dl-translated=\"true\"><i data-dl-uid=\"183\" data-dl-original=\"true\" data-dl-translated=\"true\">&#8220;possono essere viste come sviluppi all&#8217;interno o a partire dall&#8217;ampia tradizione nota come\u00a0<\/i><i data-dl-uid=\"184\" data-dl-original=\"true\" data-dl-translated=\"true\"><a href=\"https:\/\/en.wikipedia.org\/wiki\/Rosicrucianism\" data-dl-uid=\"185\" data-dl-original=\"true\" data-dl-translated=\"true\" target=\"_blank\" rel=\"noopener\">Rosacroce<\/a><\/i><i data-dl-uid=\"186\" data-dl-original=\"true\" data-dl-translated=\"true\">.<\/i><i data-dl-uid=\"186\" data-dl-translated=\"true\">\u00a0Tuttavia, ci\u00f2 non significa che una o entrambe queste correnti di fine Ottocento siano ampiamente accettate, o accettate senza critiche negative, all&#8217;interno della\u00a0<a data-dl-uid=\"187\" data-dl-translated=\"true\">tradizione rosacrociana<\/a><\/i><i data-dl-uid=\"188\" data-dl-original=\"true\" data-dl-translated=\"true\">&#8220;.\u00a0<\/i><\/p>\n<\/blockquote>\n<p data-dl-uid=\"182\" data-dl-original=\"true\" data-dl-translated=\"true\">Questa affermazione \u00e8 piuttosto fuorviante, perch\u00e9 <strong>Steiner<\/strong> ha sempre chiarito che l&#8217;essenza del rosacrocianesimo, con il quale ha effettivamente associato l&#8217;antroposofia, \u00e8 il<i data-dl-uid=\"189\" data-dl-original=\"true\" data-dl-translated=\"true\">\u00a0cristianesimo<\/i> esoterico\u00a0 e che la corrente rosacrociana \u00e8 iniziata segretamente nell&#8217;Europa del XIII secolo ed \u00e8 emersa pubblicamente nell&#8217;Europa centrale (Germania occidentale) nei primi decenni del XVII secolo. <strong>Steiner<\/strong> considerava <strong>H.P. Blavatsky<\/strong>, la fondatrice della Teosofia, una donna straordinariamente dotata ma che, purtroppo, si opponeva fermamente al cristianesimo, motivo per cui si concentrava tanto sulle tradizioni spirituali non cristiane e non europee. Questa era la principale obiezione di <strong>Steiner<\/strong> alla Teosofia.<\/p>\n<p data-dl-uid=\"182\" data-dl-original=\"true\" data-dl-translated=\"true\">La maggior parte di ci\u00f2 che si definiva &#8220;rosacroce&#8221; alla fine del XVIII e XIX secolo aveva poco a che fare con la corrente rosacroce <i data-dl-uid=\"190\" data-dl-original=\"true\" data-dl-translated=\"true\">cristiana<\/i>\u00a0dell&#8217;inizio del XVII secolo e molto di pi\u00f9 con l&#8217;alchimia, la massoneria e l&#8217;antico Egitto.<\/p>\n<p data-dl-uid=\"182\" data-dl-original=\"true\" data-dl-translated=\"true\"><strong>Greenaway<\/strong> insinua che sia la Teosofia che l&#8217;Antroposofia vadano considerate come &#8220;stranezze&#8221; o peggio all&#8217;interno di un&#8217;unica cosa chiamata &#8220;tradizione rosacrociana&#8221;. Tuttavia, gran parte di ci\u00f2 che oggi viene chiamato &#8220;rosacrocianesimo&#8221; non \u00e8 realmente interessato al cristianesimo, mentre per <strong>Steiner<\/strong> il rosacrocianesimo era impensabile senza il cristianesimo; <i data-dl-uid=\"191\" data-dl-original=\"true\" data-dl-translated=\"true\">era<\/i>\u00a0ed\u00a0<i data-dl-uid=\"192\" data-dl-original=\"true\" data-dl-translated=\"true\">\u00e8 il<\/i>\u00a0cristianesimo esoterico, ed egli vedeva la propria opera come uno sviluppo moderno di quella corrente esoterica cristiana rosacrociana.<\/p>\n<figure id=\"attachment_75392\" aria-describedby=\"caption-attachment-75392\" style=\"width: 416px\" class=\"wp-caption alignright\"><a href=\"https:\/\/edizioniartemis.it\/product\/i-profondi-misteri-del-divenire-umano-alla-luce-dei-vangeli\/ref\/3\/\" target=\"_blank\" rel=\"noopener\"><img loading=\"lazy\" decoding=\"async\" class=\"wp-image-75392 \" src=\"https:\/\/www.liberopensare.com\/wp-content\/uploads\/2023\/12\/steiner3_isbn-1-214x300.jpeg\" alt=\"\" width=\"416\" height=\"583\" srcset=\"https:\/\/www.liberopensare.com\/wp-content\/uploads\/2023\/12\/steiner3_isbn-1-214x300.jpeg 214w, https:\/\/www.liberopensare.com\/wp-content\/uploads\/2023\/12\/steiner3_isbn-1-732x1024.jpeg 732w, https:\/\/www.liberopensare.com\/wp-content\/uploads\/2023\/12\/steiner3_isbn-1-768x1075.jpeg 768w, https:\/\/www.liberopensare.com\/wp-content\/uploads\/2023\/12\/steiner3_isbn-1-1097x1536.jpeg 1097w, https:\/\/www.liberopensare.com\/wp-content\/uploads\/2023\/12\/steiner3_isbn-1-9x12.jpeg 9w, https:\/\/www.liberopensare.com\/wp-content\/uploads\/2023\/12\/steiner3_isbn-1-1320x1848.jpeg 1320w, https:\/\/www.liberopensare.com\/wp-content\/uploads\/2023\/12\/steiner3_isbn-1.jpeg 1428w\" sizes=\"(max-width: 416px) 100vw, 416px\" \/><\/a><figcaption id=\"caption-attachment-75392\" class=\"wp-caption-text\"><a href=\"https:\/\/edizioniartemis.it\/product\/i-profondi-misteri-del-divenire-umano-alla-luce-dei-vangeli\/ref\/3\/\" target=\"_blank\" rel=\"noopener\"><strong>CLICCA QUI PER ACQUISTARLO<\/strong><\/a><\/figcaption><\/figure>\n<p data-dl-uid=\"182\" data-dl-original=\"true\" data-dl-translated=\"true\">Nella sua breve panoramica sull&#8217;antroposofia e sulle attivit\u00e0 pratiche che ne sono scaturite, <strong>Greenaway<\/strong> fa riferimento a\u00a0<i data-dl-uid=\"194\" data-dl-original=\"true\" data-dl-translated=\"true\">&#8220;una danza terapeutica nota come euritmia&#8221;.<\/i>\u00a0<strong>Steiner<\/strong> non si \u00e8 mai riferito all&#8217;euritmia come &#8220;danza&#8221;. Per lui l&#8217;euritmia era un&#8217;arte del movimento destinata alla rappresentazione sul palcoscenico (vedi sotto), da cui sono nate altre due applicazioni, quella pedagogica e quella terapeutica. Viene quindi insegnata ai bambini nelle scuole steineriane per collegare l&#8217;anima umana in crescita al movimento fisico, a differenza della ginnastica, che si concentra solo sul corpo fisico. L&#8217;euritmia terapeutica viene utilizzata in contesti medici, come l&#8217;arteterapia o la musicoterapia.<\/p>\n<p data-dl-uid=\"182\" data-dl-original=\"true\" data-dl-translated=\"true\"><strong>Steiner<\/strong> vedeva la musica, la danza e il teatro del suo tempo come se avessero raggiunto un punto di crisi, una certa soglia spirituale, e il pericolo era che la cultura artistica europea scendesse al di sotto di questa soglia in ci\u00f2 che egli chiamava &#8220;sub-natura&#8221; e in qualcosa di essenzialmente anti-artistico e anti-umano, ma che sarebbe stato erroneamente chiamato &#8220;arte&#8221; e &#8220;umanit\u00e0&#8221;.<\/p>\n<p data-dl-uid=\"182\" data-dl-original=\"true\" data-dl-translated=\"true\">Alla fine della Prima guerra mondiale, ci\u00f2 era certamente avvenuto in forme come il Vorticismo, il Futurismo, il Costruttivismo, il Serialismo e il Dadaismo, tutti basati per lo pi\u00f9 su idee intellettuali astratte.<\/p>\n<p data-dl-uid=\"182\" data-dl-original=\"true\" data-dl-translated=\"true\">Egli cerc\u00f2 di trovare una nuova strada, superando la soglia in modo pi\u00f9 positivo, mettendo in relazione l&#8217;arte del movimento con le forze formative che sono <i data-dl-uid=\"195\" data-dl-original=\"true\" data-dl-translated=\"true\">oggettivamente<\/i> all&#8217;interno della parola e della musica. Queste forze sono intrinsecamente sane; sono le forze che plasmano il nostro organismo umano, la nostra vita animica e il mondo naturale nel suo complesso.<\/p>\n<p><img loading=\"lazy\" decoding=\"async\" class=\"alignleft\" src=\"https:\/\/external-content.duckduckgo.com\/iu\/?u=http%3A%2F%2Feana.org%2Fwordpress%2Fwp-content%2Fuploads%2F2012%2F08%2Fcropped-Dvrk_III_1252b_web.jpg&amp;f=1&amp;nofb=1&amp;ipt=cd7462c946db3000da214d7a49767440e7efe9abf4d40c18404b48b687b43adc&amp;ipo=images\" alt=\"Eurythmy Spring Valley | EANA\" width=\"452\" height=\"130\" \/><\/p>\n<p><img loading=\"lazy\" decoding=\"async\" class=\"alignright\" src=\"https:\/\/3.bp.blogspot.com\/_kDzcfgvpb4g\/TJdbDe44YyI\/AAAAAAAAAxc\/gHffhbeuIw8\/s1600\/Goetheanum+-+Representative.jpg\" alt=\"https:\/\/3.bp.blogspot.com\/_kDzcfgvpb4g\/TJdbDe44YyI\/AAAAAAAAAxc\/gHffhbeuIw8\/s1600\/Goetheanum+-+Representative.jpg\" width=\"427\" height=\"700\" \/><\/p>\n<p data-dl-uid=\"196\" data-dl-original=\"true\" data-dl-translated=\"true\">Sono le forze formative con cui lavora l&#8217;euritmia.<\/p>\n<p data-dl-uid=\"196\" data-dl-original=\"true\" data-dl-translated=\"true\">In tutto il suo lavoro artistico, Steiner ha radicato il suo impulso nell&#8217;Io umano che mantiene l&#8217;equilibrio tra due forze di squilibrio radicale, ad esempio tra espansione e contrazione. Nella sua scultura in legno alta nove metri (vedi a destra), realizzata insieme alla scultrice inglese <strong>Edith Maryon<\/strong> a Dornach, in Svizzera, egli ritrae una figura di Cristo, nota come <em>&#8220;il Rappresentante dell&#8217;Umanit\u00e0&#8221;<\/em>, che si trova tra due forze spirituali contrarie e le respinge: Lucifero e Ahriman (Satana), che <strong>Steiner<\/strong> ha sempre ribadito non essere la stessa cosa, ma forze polarmente opposte di squilibrio radicale (il male).<\/p>\n<p data-dl-uid=\"196\" data-dl-original=\"true\" data-dl-translated=\"true\">Entrambe sono rappresentate in due modi &#8211; all&#8217;interno dell&#8217;anima umana e nella natura esterna: all&#8217;interno dell&#8217;anima, lottano per il dominio: nella scultura, Lucifero in alto lotta con Ahriman in basso; all&#8217;esterno, i due sono separati, e il gesto della figura del Cristo con la mano sinistra sollevata fa s\u00ec che Lucifero cada in aria dall&#8217;alto, mentre il suo gesto con la mano destra abbassata tiene Ahriman saldamente nel suo posto sotterraneo.<\/p>\n<p data-dl-uid=\"196\" data-dl-original=\"true\" data-dl-translated=\"true\">Questo gesto di equilibrio tra le due forze polari di squilibrio radicale \u00e8 ci\u00f2 che tutti noi lottiamo per raggiungere nella nostra anima e che informa molte delle arti in generale.<\/p>\n<p data-dl-uid=\"197\" data-dl-original=\"true\" data-dl-translated=\"true\"><strong>Greenaway<\/strong> fa anche riferimento a\u00a0<i data-dl-uid=\"198\" data-dl-original=\"true\" data-dl-translated=\"true\">&#8220;una setta religiosa chiamata Comunit\u00e0 dei Cristiani&#8221;<\/i> che \u00e8 emersa dall&#8217;Antroposofia. La <i data-dl-uid=\"198\" data-dl-original=\"true\" data-dl-translated=\"true\">Comunit\u00e0 dei Cristiani<\/i> non si definisce certamente &#8220;una setta&#8221;, cos\u00ec come non si definiscono &#8220;settari&#8221; i cattolici, gli ortodossi, i battisti o i metodisti. La <i data-dl-uid=\"198\" data-dl-original=\"true\" data-dl-translated=\"true\">Comunit\u00e0 dei Cristiani<\/i>, che <strong>Steiner<\/strong> ha sempre considerato completamente separata e indipendente dalla Societ\u00e0 Antroposofica, si \u00e8 formata quando un gruppo di pastori e sacerdoti (per lo pi\u00f9 di tradizione luterana) chiese a <strong>Steiner<\/strong> come la vita dei sacramenti cristiani potesse diventare la base di una vita comunitaria cristiana nell&#8217;era moderna.<\/p>\n<p data-dl-uid=\"197\" data-dl-original=\"true\" data-dl-translated=\"true\">Sulla base delle sue indicazioni, essi formarono la loro &#8220;<i data-dl-uid=\"198\" data-dl-original=\"true\" data-dl-translated=\"true\">Comunit\u00e0 dei Cristiani<\/i>&#8221; (1922) e al suo interno iniziarono a ordinare sacerdoti e a costruire congregazioni. Il loro sacerdozio comprendeva alcune delle prime donne sacerdote ordinate nella storia cristiana.<\/p>\n<p data-dl-uid=\"199\" data-dl-original=\"true\" data-dl-translated=\"true\">Dopo l&#8217;iniziale panoramica di <strong>Greenaway<\/strong>, il lettore si accorge subito del pregiudizio di <strong>Greenaway<\/strong> con le parole<\/p>\n<blockquote>\n<p data-dl-uid=\"199\" data-dl-original=\"true\" data-dl-translated=\"true\"><i data-dl-uid=\"200\" data-dl-original=\"true\" data-dl-translated=\"true\">&#8220;Offro alcune indicazioni che spero aiutino i lettori interessati a fare ulteriori ricerche da soli,\u00a0<\/i>al di l\u00e0 della propaganda dei devoti del movimento steineriano<i data-dl-uid=\"201\" data-dl-original=\"true\" data-dl-translated=\"true\">&#8220;.<\/i><\/p>\n<\/blockquote>\n<p data-dl-uid=\"199\" data-dl-original=\"true\" data-dl-translated=\"true\">Con questa frase, il suo articolo si allontana dall&#8217;equilibrio e diventa un aperto attacco.<\/p>\n<h2 data-dl-uid=\"202\" data-dl-original=\"true\" data-dl-translated=\"true\"><b data-dl-uid=\"203\" data-dl-original=\"true\" data-dl-translated=\"true\">Quinto Vangelo<\/b><\/h2>\n<p data-dl-uid=\"204\" data-dl-original=\"true\" data-dl-translated=\"true\">Invece di iniziare da dove <strong>Rudolf Steiner<\/strong> stesso inizi\u00f2 negli anni Ottanta e Novanta del XIX secolo, con il suo lavoro\u00a0<i data-dl-uid=\"205\" data-dl-original=\"true\" data-dl-translated=\"true\">filosofico<\/i>, che <strong>Steiner<\/strong> considerava la base di tutte le sue altre attivit\u00e0, <strong>Greenaway<\/strong> passa direttamente a un ciclo di quelle che erroneamente chiama cinque conferenze che <strong>Steiner<\/strong> tenne a Oslo nel 1913, mentre in realt\u00e0 le conferenze sono tredici e furono tenute a Oslo, Berlino e Colonia tra la fine del 1913 e l&#8217;inizio del 1914.<\/p>\n<p data-dl-uid=\"204\" data-dl-original=\"true\" data-dl-translated=\"true\">Esse hanno il titolo\u00a0<i data-dl-uid=\"206\" data-dl-original=\"true\" data-dl-translated=\"true\">Il quinto Vangelo &#8211; Dal Libro Akashico\u00a0<\/i>(O.O. 148). \u00c8 interessante che <strong>Greenaway<\/strong> inizi qui il suo attacco, senza dubbio consapevole che per alcuni lettori il titolo stesso di <em>&#8220;Quinto Vangelo&#8221;<\/em> suoner\u00e0 presuntuoso, persino blasfemo o eretico, come dire: <em>come osa qualcuno aggiungere qualcosa ai quattro Vangeli canonici che tutti conosciamo?<\/em><\/p>\n<figure id=\"attachment_75617\" aria-describedby=\"caption-attachment-75617\" style=\"width: 335px\" class=\"wp-caption alignleft\"><a href=\"https:\/\/www.ilgiardinodeilibri.it\/libri\/__il_quinto_vangelo.php?id=6849&amp;pn=4507\" target=\"_blank\" rel=\"noopener\"><img loading=\"lazy\" decoding=\"async\" class=\"wp-image-75617\" src=\"https:\/\/www.liberopensare.com\/wp-content\/uploads\/2024\/01\/quinto_vangelo_ant.jpeg\" alt=\"\" width=\"335\" height=\"479\" srcset=\"https:\/\/www.liberopensare.com\/wp-content\/uploads\/2024\/01\/quinto_vangelo_ant.jpeg 126w, https:\/\/www.liberopensare.com\/wp-content\/uploads\/2024\/01\/quinto_vangelo_ant-8x12.jpeg 8w\" sizes=\"(max-width: 335px) 100vw, 335px\" \/><\/a><figcaption id=\"caption-attachment-75617\" class=\"wp-caption-text\"><a href=\"https:\/\/www.ilgiardinodeilibri.it\/libri\/__il_quinto_vangelo.php?id=6849&amp;pn=4507\" target=\"_blank\" rel=\"noopener\"><strong>CLICCA QUI PER ACQUISTARLO<\/strong><\/a><\/figcaption><\/figure>\n<p data-dl-uid=\"207\" data-dl-original=\"true\" data-dl-translated=\"true\">A questo proposito \u00e8 opportuno fare due considerazioni:<\/p>\n<p data-dl-uid=\"207\" data-dl-original=\"true\" data-dl-translated=\"true\">1) Il cristianesimo non \u00e8 qualcosa di congelato 1700 anni fa dai dogmi, dalle definizioni e dalle censure dei primi Padri della Chiesa nei primi secoli cristiani, cos\u00ec come la &#8220;scienza&#8221; non era congelata ai tempi di <strong>Francesco Bacone<\/strong> all&#8217;inizio del XVII secolo. Il cristianesimo \u00e8 qualcosa che cresce e si sviluppa come cresce e si sviluppa l&#8217;umanit\u00e0; Cristo, dopo tutto, ha detto che sarebbe stato con noi fino alla fine del mondo (Matteo 28:20)<\/p>\n<p data-dl-uid=\"207\" data-dl-original=\"true\" data-dl-translated=\"true\">2) Il Vangelo di San Giovanni termina con le parole:<\/p>\n<blockquote>\n<p data-dl-uid=\"207\" data-dl-original=\"true\" data-dl-translated=\"true\"><i data-dl-uid=\"208\" data-dl-original=\"true\" data-dl-translated=\"true\">&#8220;Or vi sono ancora molte altre cose che Ges\u00f9 fece, che se fossero scritte ad una ad una, io penso che non basterebbe il mondo intero a contenere i libri che si potrebbero scrivere. Amen.&#8221;.<\/i> (Giovanni 21:25)<\/p>\n<\/blockquote>\n<p data-dl-uid=\"207\" data-dl-original=\"true\" data-dl-translated=\"true\">o dal Battesimo all&#8217;Ascensione, eppure tutte le pagine del Nuovo Testamento scritte su o da <strong>Paolo<\/strong> superano notevolmente quelle scritte da ciascuno degli scrittori del Vangelo. <strong>Paolo<\/strong>, secondo le sue stesse parole, fu incaricato dal Cristo asceso e realizz\u00f2 cose notevoli, ma molti grandi maestri cristiani sono apparsi nei secoli successivi a <strong>San Paolo<\/strong>, e qualsiasi osservatore\u00a0 <i data-dl-uid=\"209\" data-dl-original=\"true\" data-dl-translated=\"true\">imparziale<\/i>\u00a0 della vita e dell&#8217;attivit\u00e0 di <strong>Rudolf Steiner<\/strong> dovrebbe riconoscere che anche lui fu un importante maestro cristiano che realizz\u00f2 cose notevoli. <strong>Paolo<\/strong> fu in grado di &#8220;sentire&#8221; la voce del Cristo asceso. Si trattava di un&#8217;esperienza soprasensibile. <strong>Steiner<\/strong>, fin dall&#8217;infanzia, ebbe capacit\u00e0 soprasensibili e svilupp\u00f2 gradualmente la capacit\u00e0 di leggere nel &#8220;registro Akashico&#8221;, cio\u00e8 la memoria cosmica di tutto ci\u00f2 che \u00e8 accaduto nell&#8217;evoluzione della terra e delle attivit\u00e0 degli esseri umani e spirituali. Questo non significa che <strong>Steiner<\/strong> fosse in grado di leggere <i data-dl-uid=\"210\" data-dl-original=\"true\" data-dl-translated=\"true\">tutto quello che<\/i>\u00a0c&#8217;era in quel registro, e nemmeno di leggere chiaramente quello che riusciva a leggere. Era sincero sul modo in cui le sue capacit\u00e0 in questo senso si stavano sviluppando nel tempo. Ci\u00f2 che era in grado di fare a un certo punto, ad esempio nel 1913, non poteva farlo anni prima. Ma perch\u00e9 una persona con tali capacit\u00e0 non dovrebbe comunicare ci\u00f2 che\u00a0<i data-dl-uid=\"211\" data-dl-original=\"true\" data-dl-translated=\"true\">ha<\/i> potuto osservare? Naturalmente, ognuno \u00e8 libero di non considerare o di non fidarsi di ci\u00f2 che egli afferma. Se non abbiamo noi stessi questa capacit\u00e0 di visione soprasensoriale, possiamo per\u00f2 indagare sulla vita dell&#8217;osservatore e decidere da soli se \u00e8 affidabile o meno, proprio come la gente al tempo di <strong>San Paolo<\/strong> doveva decidere da sola se accettare o meno ci\u00f2 che diceva.<\/p>\n<p data-dl-uid=\"212\" data-dl-original=\"true\" data-dl-translated=\"true\"><strong>Greenaway<\/strong> descrive il\u00a0<i data-dl-uid=\"213\" data-dl-original=\"true\" data-dl-translated=\"true\">Quinto Vangelo\u00a0<\/i>come un &#8220;testo fondamentale&#8221; <em>&#8220;nel senso di essere molto\u00a0venerato\u00a0da\u00a0tutti gli affiliati di Steiner&#8221;<\/em>. Come persona che si \u00e8 occupata dell&#8217;opera di <strong>Steiner<\/strong> e del suo movimento per 42 anni, posso dire con sicurezza che non \u00e8 vero che\u00a0<i data-dl-uid=\"216\" data-dl-original=\"true\" data-dl-translated=\"true\">tutti gli\u00a0<\/i>&#8220;affiliati di <strong>Steiner<\/strong>&#8221;\u00a0<i data-dl-uid=\"217\" data-dl-original=\"true\" data-dl-translated=\"true\">venerano<\/i>\u00a0le conferenze del Quinto Vangelo. All&#8217;interno del movimento antroposofico ci sono molte correnti di persone diverse, che hanno interessi diversi.<\/p>\n<p data-dl-uid=\"212\" data-dl-original=\"true\" data-dl-translated=\"true\">Lo stesso <strong>Steiner<\/strong> distingueva due grandi correnti all&#8217;interno del movimento: quelle che lui chiamava &#8220;anime vecchie&#8221;, che avevano gi\u00e0 avuto una o due, o forse anche pi\u00f9 incarnazioni cristiane, e le &#8220;anime giovani&#8221; che avevano avuto una sola incarnazione cristiana o che stavano avendo ora la loro prima incarnazione cristiana nel mondo moderno. Queste &#8220;anime giovani&#8221; avevano avuto pi\u00f9 incarnazioni\u00a0<i data-dl-uid=\"218\" data-dl-original=\"true\" data-dl-translated=\"true\">non cristiane<\/i>\u00a0e tendevano ancora al mondo pagano e a temi pi\u00f9 cosmologici, mentre le &#8220;anime vecchie&#8221; erano pi\u00f9 cristocentriche e spesso pi\u00f9 devozionali. Alcune anime giovani possono attraversare decenni di interesse per l&#8217;antroposofia prima di sviluppare un interesse per il Cristo o la cristologia, mentre per altre \u00e8 proprio ci\u00f2 che <strong>Steiner<\/strong> ha da dire sul Cristo ad attrarle fin dall&#8217;inizio.<\/p>\n<p data-dl-uid=\"212\" data-dl-original=\"true\" data-dl-translated=\"true\">Contrariamente a quanto sostiene <strong>Greenaway<\/strong>, il\u00a0<i data-dl-uid=\"219\" data-dl-original=\"true\" data-dl-translated=\"true\">Quinto Vangelo\u00a0<\/i>non \u00e8 normalmente considerato un &#8220;testo fondamentale&#8221; all&#8217;interno dell&#8217;antroposofia. Ci sono quattro &#8220;testi fondamentali&#8221;:\u00a0<i data-dl-uid=\"220\" data-dl-original=\"true\" data-dl-translated=\"true\">La filosofia della libert\u00e0<\/i> (1894),\u00a0\u00a0<i data-dl-uid=\"221\" data-dl-original=\"true\" data-dl-translated=\"true\">Teosofia<\/i> (1904), <i data-dl-uid=\"222\" data-dl-original=\"true\" data-dl-translated=\"true\">Inizizione <\/i>(1905\/08) e <i>Scienza occulta<\/i>\u00a0(1909). Coloro che hanno un interesse particolare per il cristianesimo sono di solito attratti dall&#8217;opera di <strong>Steiner<\/strong> leggendo le sue lezioni sui quattro Vangeli (1908-1912) o le sue prime conferenze Il\u00a0<i data-dl-uid=\"225\" data-dl-original=\"true\" data-dl-translated=\"true\">cristianesimo come fatto mistico\u00a0<\/i>(1902),\u00a0<i data-dl-uid=\"226\" data-dl-original=\"true\" data-dl-translated=\"true\">Il quinto Vangelo<\/i>\u00a0(1913-14) o\u00a0<i data-dl-uid=\"227\" data-dl-original=\"true\" data-dl-translated=\"true\">Cristo e l&#8217;anima umana<\/i>\u00a0(1914).<\/p>\n<p data-dl-uid=\"228\" data-dl-original=\"true\" data-dl-translated=\"true\"><strong>Greenaway<\/strong> descrive\u00a0<i data-dl-uid=\"229\" data-dl-original=\"true\" data-dl-translated=\"true\">Il quinto vangelo<\/i>\u00a0come\u00a0<i data-dl-uid=\"230\" data-dl-original=\"true\" data-dl-translated=\"true\">&#8220;uno stile denso e guidato&#8230;. iperconcettuale e impenetrabile per alcuni&#8221;<\/i>. Si tratta di un&#8217;affermazione molto esagerata. Il\u00a0<i data-dl-uid=\"231\" data-dl-original=\"true\" data-dl-translated=\"true\">Quinto Vangelo\u00a0<\/i>non \u00e8 certo l&#8217;opera pi\u00f9 difficile di <strong>Steiner<\/strong>, n\u00e9 \u00e8 &#8220;iperconcettuale e impenetrabile&#8221;; lo stile non \u00e8 particolarmente &#8220;denso&#8221; n\u00e9 &#8220;guidato&#8221;. Al contrario, ci sono le sue opere pi\u00f9 difficili come il libro\u00a0<i data-dl-uid=\"232\" data-dl-original=\"true\" data-dl-translated=\"true\">Gli enigmi della filosofia<\/i>\u00a0(1914), le conferenze ultra condensate e criptiche\u00a0<i data-dl-uid=\"233\" data-dl-original=\"true\" data-dl-translated=\"true\">Antroposofia &#8211; Introduzione<\/i>\u00a0(1924) o le conferenze scientifiche come<i data-dl-uid=\"234\" data-dl-original=\"true\" data-dl-translated=\"true\">\u00a0La quarta dimensione &#8211; Matematica e realt\u00e0<\/i>\u00a0(1905-1922). Molte opere di teologia inglese sono molto meno accessibili o leggibili de\u00a0<i data-dl-uid=\"235\" data-dl-original=\"true\" data-dl-translated=\"true\">Il quinto vangelo<\/i>, per esempio quelle dei contemporanei di Steiner nel movimento inglese Lux Mundi (nella Chiesa d&#8217;Inghilterra) degli anni Novanta del XIX secolo. Tuttavia, Greenaway ammette, con un giro di parole poco religioso, che con<i data-dl-uid=\"236\" data-dl-original=\"true\" data-dl-translated=\"true\">\u00a0Il quinto vangelo<\/i>&#8220;la perseveranza paga i dividendi&#8221;, anche se questo \u00e8 piuttosto falso, poich\u00e9 omette di dirci quali siano effettivamente i &#8220;dividendi&#8221;.<\/p>\n<p data-dl-uid=\"237\" data-dl-original=\"true\" data-dl-translated=\"true\">Sceglie di\u00a0<i data-dl-uid=\"238\" data-dl-original=\"true\" data-dl-translated=\"true\">&#8220;concentrarsi sulla lezione 2, in cui Steiner pretende di esaminare lo sviluppo dello stato di coscienza di alcuni discepoli di Cristo nel periodo che va dalla morte di Ges\u00f9 fino alla Pentecoste&#8221;.<\/i>\u00a0Ma Greenaway non prende in considerazione questo stato di coscienza dei discepoli. Si\u00a0<i data-dl-uid=\"239\" data-dl-original=\"true\" data-dl-translated=\"true\">concentra<\/i>\u00a0invece\u00a0<i data-dl-uid=\"239\" data-dl-translated=\"true\">sul corpo morto di Ges\u00f9 nella tomba<\/i>\u00a0e su ci\u00f2 che Steiner dice al riguardo. Greenaway \u00e8 evidentemente disturbato dall'&#8221;osservazione chiaroveggente&#8221; di Steiner su ci\u00f2 che accadde nella tomba al momento delle scosse telluriche che seguirono la deposizione del corpo di Ges\u00f9 nel sepolcro. Steiner dice che queste scosse fecero cadere il corpo di Ges\u00f9 in una fenditura e che ulteriori scosse chiusero la fenditura sul corpo, cosicch\u00e9 in seguito la tomba sembr\u00f2 vuota\u00a0<i data-dl-uid=\"240\" data-dl-original=\"true\" data-dl-translated=\"true\">&#8220;perch\u00e9 la Terra aveva ricevuto il corpo morto di Ges\u00f9&#8221;.<\/i><\/p>\n<figure id=\"attachment_75622\" aria-describedby=\"caption-attachment-75622\" style=\"width: 411px\" class=\"wp-caption alignright\"><a href=\"https:\/\/edizioniartemis.it\/product\/iniziazione-e-misteri\/ref\/3\/\" target=\"_blank\" rel=\"noopener\"><img loading=\"lazy\" decoding=\"async\" class=\"wp-image-75622\" src=\"https:\/\/www.liberopensare.com\/wp-content\/uploads\/2024\/01\/steiner2-214x300.jpeg\" alt=\"\" width=\"411\" height=\"576\" srcset=\"https:\/\/www.liberopensare.com\/wp-content\/uploads\/2024\/01\/steiner2-214x300.jpeg 214w, https:\/\/www.liberopensare.com\/wp-content\/uploads\/2024\/01\/steiner2-9x12.jpeg 9w, https:\/\/www.liberopensare.com\/wp-content\/uploads\/2024\/01\/steiner2.jpeg 731w\" sizes=\"(max-width: 411px) 100vw, 411px\" \/><\/a><figcaption id=\"caption-attachment-75622\" class=\"wp-caption-text\"><a href=\"https:\/\/edizioniartemis.it\/product\/iniziazione-e-misteri\/ref\/3\/\" target=\"_blank\" rel=\"noopener\"><strong>CLICCA QUI PER ACQUISTARLO<\/strong><\/a><\/figcaption><\/figure>\n<p data-dl-uid=\"241\" data-dl-original=\"true\" data-dl-translated=\"true\"><strong>Greenaway<\/strong> osserva che<\/p>\n<blockquote>\n<p data-dl-uid=\"241\" data-dl-original=\"true\" data-dl-translated=\"true\"><i data-dl-uid=\"242\" data-dl-original=\"true\" data-dl-translated=\"true\">&#8220;questa affermazione offre una nuova conoscenza, non nota alla documentazione storica n\u00e9 all&#8217;archeologia. Qualsiasi valutazione critica richiede che ci si ponga la domanda: Come fa <strong>Steiner<\/strong> a sapere che il corpo di Ges\u00f9 \u00e8 caduto in un crepaccio? &#8230;. (<strong>Steiner<\/strong>) ha creato il concetto di &#8220;scienza dello spirito&#8221;, <\/i>[quindi]<i data-dl-uid=\"243\" data-dl-original=\"true\" data-dl-translated=\"true\">\u00a0sembra ragionevole chiedersi: quali prove adduce <strong>Steiner<\/strong>?&#8221;.<\/i><\/p>\n<\/blockquote>\n<p data-dl-uid=\"241\" data-dl-original=\"true\" data-dl-translated=\"true\"><strong>Greenaway<\/strong> introduce qui la parola &#8220;scienza&#8221;, perch\u00e9 suggerisce che la &#8220;scienza spirituale&#8221; di <strong>Steiner<\/strong> non \u00e8 ci\u00f2 che lui, <strong>Greenaway<\/strong>, pensa che la scienza sia propriamente tale, come si evince dal titolo del suo articolo.<\/p>\n<p data-dl-uid=\"241\" data-dl-original=\"true\" data-dl-translated=\"true\"><strong>Steiner<\/strong> risponderebbe: <em>&#8220;Il corpo di Ges\u00f9 \u00e8 caduto nel crepaccio; quell&#8217;evento \u00e8 visibile nel registro Akashico&#8221;<\/em>. Un chiaroveggente ha accesso a cose che i non chiaroveggenti non vedono. Ha uno &#8220;strumento&#8221; che gli altri non hanno, con il quale pu\u00f2 indagare la realt\u00e0. Uno scienziato naturale pu\u00f2 avere uno strumento che altri non hanno, come un microscopio elettronico, un radiotelescopio o persino un super strumento come il <em>Large Hadron Collider<\/em> del <em>CERN<\/em>. Ma lo scienziato naturale deve poi interpretare &#8211; <i data-dl-uid=\"244\" data-dl-original=\"true\" data-dl-translated=\"true\">attraverso il pensiero<\/i>\u00a0&#8211; ci\u00f2 che afferma di osservare attraverso i suoi strumenti. Gli crediamo e ci fidiamo di lui? E se s\u00ec, perch\u00e9? L&#8217;astronomo o il microbiologo usa il suo strumento e ci dice: <em>&#8220;questo \u00e8 ci\u00f2 che ho visto, e questo \u00e8 il significato&#8221;.<\/em> <strong>Steiner<\/strong> ha usato il suo strumento e ha detto alla gente: <em>&#8220;questo \u00e8 ci\u00f2 che ho visto e questo \u00e8 ci\u00f2 che significa&#8221;<\/em>. In entrambi i casi bisogna guardare al contesto pi\u00f9 ampio per poter giudicare se fidarsi del ricercatore.<\/p>\n<p data-dl-uid=\"245\" data-dl-original=\"true\" data-dl-translated=\"true\"><strong>Greenaway<\/strong> non dice nulla sul contesto pi\u00f9 ampio della conferenza in questione o sulla possibilit\u00e0 di fidarsi di <strong>Steiner<\/strong> come ricercator. Invece, improvvisamente parte per la tangente e tira in ballo il concetto di<em> &#8220;resurrezione dell&#8217;intelletto&#8221;<\/em> per &#8220;giustificare&#8221; il suo <em>&#8220;approccio critico&#8221;<\/em>. &#8220;<i data-dl-uid=\"246\" data-dl-original=\"true\" data-dl-translated=\"true\">Questo concetto&#8221;,<\/i>\u00a0sostiene, in modo piuttosto pacchiano,\u00a0<i data-dl-uid=\"247\" data-dl-original=\"true\" data-dl-translated=\"true\">&#8220;permea il vasto corpus steineriano come le lettere attraverso un bastone di roccia di Brighton&#8221;.<\/i>\u00a0Avendo letto molto di <strong>Steiner<\/strong> negli ultimi quarant&#8217;anni, posso assicurare ai lettori che <strong>Greenaway<\/strong> si sbaglia e che questo particolare concetto, <em>&#8220;la resurrezione dell&#8217;intelletto&#8221;<\/em>, certamente non <em>&#8220;permea il vasto corpus steineriano&#8221;<\/em> come egli sostiene. Il pensiero intellettuale, cos\u00ec come \u00e8 stato sviluppato dagli antichi greci, \u00e8 solo un tipo di pensiero, molto astratto. <strong>Steiner<\/strong> si preoccupava di aiutare le persone a sviluppare tre tipi di pensiero\u00a0<i data-dl-uid=\"248\" data-dl-original=\"true\" data-dl-translated=\"true\">oltre a<\/i>\u00a0quello intellettuale; usava tre termini tecnici per definirli: <em>Immaginazione, Ispirazione e Intuizione<\/em>. Ma per prepararsi a questo, insisteva sul fatto che prima bisognava pensare in modo chiaro e organizzato.<\/p>\n<p data-dl-uid=\"245\" data-dl-original=\"true\" data-dl-translated=\"true\">Chi definisce <strong>Steiner<\/strong> un &#8220;<em>mistico<\/em>&#8221; semplicemente non lo ha letto.<\/p>\n<p><img loading=\"lazy\" decoding=\"async\" class=\"alignleft\" src=\"https:\/\/external-content.duckduckgo.com\/iu\/?u=https%3A%2F%2Fpictures.abebooks.com%2Finventory%2Fmd%2Fmd30954033043.jpg&amp;f=1&amp;nofb=1&amp;ipt=7b88ee1a5fbc46376b1b587f2a2785e4ec31283c63761dea2f42d31e83ff3266&amp;ipo=images\" alt=\"Rudolf Steiner's Mission and Ita Wegman by Margarete and Erich Kirchner ...\" width=\"280\" height=\"373\" \/><strong>Greenaway<\/strong> non aiuta i suoi lettori nemmeno a capire cosa intende con questo concetto &#8211; <em>&#8220;la resurrezione dell&#8217;intelletto&#8221;<\/em>. Al contrario, lo usa semplicemente come leva per attaccare l&#8217;insegnamento di <strong>Steiner<\/strong> sulla reincarnazione. Improvvisamente dice che\u00a0<i data-dl-uid=\"250\" data-dl-original=\"true\" data-dl-translated=\"true\">&#8220;Steiner si considerava una reincarnazione di <strong>Aristotele<\/strong>, anche se con alcune altre interessanti incarnazioni nel mezzo, tra cui <strong>Tommaso d&#8217;Aquino<\/strong>&#8220;.<\/i>\u00a0La sua affermazione \u00e8 tale da indurre il lettore a pensare che <strong>Steiner<\/strong> parlasse regolarmente di s\u00e9 come di un&#8217;incarnazione di <strong>Aristotele<\/strong> o di <strong>Tommaso d&#8217;Aquino<\/strong>, come per darsi un po&#8217; di arie. Al contrario, <strong>Steiner<\/strong>\u00a0<i data-dl-uid=\"251\" data-dl-original=\"true\" data-dl-translated=\"true\">non\u00a0<\/i>parl\u00f2\u00a0<i data-dl-uid=\"251\" data-dl-translated=\"true\">mai\u00a0<\/i>delle sue precedenti incarnazioni in pubblico, dicendo <em>&#8220;ero questa o quella persona&#8221;<\/em>.<\/p>\n<p>Fece solo alcune allusioni indirette alle sue precedenti incarnazioni in pochissime conversazioni private con singole persone. In nessuna parte del libro <a href=\"https:\/\/www.amazon.it\/Rudolf-Steiners-Mission-Ita-Wegman\/dp\/185584527X\/ref=sr_1_1?__mk_it_IT=%C3%85M%C3%85%C5%BD%C3%95%C3%91&amp;crid=1QN9PYDHP8F5I&amp;keywords=la+missione+di+rudolf+steiner+e+ita+wegman&amp;qid=1704221890&amp;sprefix=la+missione+di+rudolf+steiner+e+ita+wegman%2Caps%2C148&amp;sr=8-1\" data-dl-uid=\"252\" data-dl-original=\"true\" data-dl-translated=\"true\" target=\"_blank\" rel=\"noopener\"><i data-dl-uid=\"253\" data-dl-original=\"true\" data-dl-translated=\"true\">(Rudolf<\/i><\/a><a href=\"https:\/\/www.goodreads.com\/book\/show\/15723177-rudolf-steiner-s-mission-and-ita-wegman\" data-dl-uid=\"254\" data-dl-original=\"true\" data-dl-translated=\"true\" target=\"_blank\" rel=\"noopener\"><i data-dl-uid=\"255\" data-dl-original=\"true\" data-dl-translated=\"true\">\u00a0Steiner&#8217;s Mission and Ita Wegman<\/i><\/a>\u00a0di <strong>Margaret<\/strong> e <strong>Erich Kirchner Bockholt<\/strong>, <em>Rudolf Steiner Press<\/em> (1977), a cui <strong>Greenaway<\/strong> si riferisce come &#8220;prova&#8221; che <strong>Steiner<\/strong> si considerava <strong>Aristotele<\/strong> e d<strong>&#8216;Aquino<\/strong>, il lettore trover\u00e0 <strong>Steiner<\/strong> che dice <em>&#8220;Ero <strong>Aristotele<\/strong>&#8230; Ero <strong>d&#8217;Aquino<\/strong>&#8220;<\/em>. <strong>Steiner<\/strong> era un uomo troppo modesto e pieno di tatto per fare simili affermazioni. La distribuzione di quel libro, pubblicato per la prima volta in inglese nel 1977 e stampato privatamente per i membri della Societ\u00e0 Antroposofica, era numerata e limitata; non era generalmente disponibile.<\/p>\n<p><img loading=\"lazy\" decoding=\"async\" class=\"alignright\" src=\"https:\/\/external-content.duckduckgo.com\/iu\/?u=https%3A%2F%2Frudolfsteinerbookstore.com%2Fwp-content%2Fuploads%2F2017%2F11%2F1002319-Rudolf-Steiners-Core-Mission.jpg&amp;f=1&amp;nofb=1&amp;ipt=c2efce83d746a724e062dd588a61ea64a86b528dc6ecc8fb92204150c58d5740&amp;ipo=images\" alt=\"Rudolf Steiner's Core Mission\" width=\"288\" height=\"455\" \/>Nemmeno nel ciclo di 82 conferenze che <strong>Steiner<\/strong> tenne sul karma e la reincarnazione nell&#8217;ultimo anno della sua vita disse di essersi precedentemente incarnato in <strong>Aristotele<\/strong> e in <strong>d&#8217;Aquino<\/strong>. Furono i suoi allievi a scoprirlo negli anni e nei decenni successivi, leggendo tra le righe e mettendo in relazione le varie cose che <strong>Steiner<\/strong> aveva detto nel corso degli anni. Pi\u00f9 importante del libro citato da <strong>Greenaway<\/strong> \u00e8 il libro<i data-dl-uid=\"256\" data-dl-original=\"true\" data-dl-translated=\"true\"><a href=\"https:\/\/www.amazon.it\/Rudolf-Steiners-Core-Mission-Spiritual-Scientific\/dp\/B01FIXKMOM\/ref=sr_1_1?__mk_it_IT=%C3%85M%C3%85%C5%BD%C3%95%C3%91&amp;crid=3KO0TF7KDAG8T&amp;keywords=la+missione+di+rudolf+steiner+meyer&amp;qid=1704221926&amp;sprefix=la+missione+di+rudolf+steiner+meyer%2Caps%2C113&amp;sr=8-1\" target=\"_blank\" rel=\"noopener\">Rudolf Steiner&#8217;s Core Mission: The Birth and Development of Spiritual-Scientific Karma Research<\/a><\/i>\u00a0(2010) di <strong>Thomas H. Meyer<\/strong>, disponibile al pubblico attraverso i canali abituali. Questo libro si concentra sul legame di <strong>Steiner<\/strong> con l&#8217;Aquinate e sul tema della natura del pensiero umano.<\/p>\n<p data-dl-uid=\"257\" data-dl-original=\"true\" data-dl-translated=\"true\"><strong>Greenaway<\/strong> afferma che<\/p>\n<blockquote>\n<p data-dl-uid=\"257\" data-dl-original=\"true\" data-dl-translated=\"true\"><i data-dl-uid=\"258\" data-dl-original=\"true\" data-dl-translated=\"true\">&#8220;se <strong>Steiner<\/strong> fosse effettivamente corretto in questa intuizione \u00e8, ovviamente, altamente discutibile, ma questo \u00e8 un argomento secondario&#8221;.<\/i>\u00a0<i data-dl-uid=\"259\" data-dl-original=\"true\" data-dl-translated=\"true\">Il punto&#8221;,<\/i>\u00a0dice, &#8220;<i data-dl-uid=\"260\" data-dl-original=\"true\" data-dl-translated=\"true\">\u00e8 che l'&#8221;Antroposofia&#8221; di <strong>Steiner<\/strong> tenta di applicare un ulteriore sviluppo del pensiero di <strong>Aristotele<\/strong> a varie questioni e problemi\u00a0<\/i>del nostro tempo<i data-dl-uid=\"261\" data-dl-original=\"true\" data-dl-translated=\"true\">&#8220;.<\/i><\/p>\n<\/blockquote>\n<p data-dl-uid=\"257\" data-dl-original=\"true\" data-dl-translated=\"true\">Ancora una volta, questo \u00e8 altamente fuorviante per chi non ha familiarit\u00e0 con <strong>Steiner<\/strong>, l&#8217;Antroposofia o <strong>Aristotele<\/strong>. In primo luogo, l&#8217;antroposofia non \u00e8 semplicemente un <em>&#8220;ulteriore sviluppo del pensiero di <strong>Aristotele<\/strong>&#8220;<\/em>, come sostiene <strong>Greenaway<\/strong>, poich\u00e9 l&#8217;antroposofia prende in considerazione <i data-dl-uid=\"263\" data-dl-original=\"true\" data-dl-translated=\"true\">tutti i\u00a0<\/i>principali sviluppi del pensiero occidentale prima e dopo il tempo di <strong>Aristotele<\/strong>, n\u00e9 \u00e8 semplicemente il tentativo di applicare una sorta di pensiero neo-aristotelico a varie questioni e problemi\u00a0<i data-dl-uid=\"264\" data-dl-original=\"true\" data-dl-translated=\"true\">del nostro tempo&#8221;<\/i>, il cui <em>&#8220;ulteriore sviluppo&#8221;<\/em> <strong>Greenaway<\/strong> dice poi che<em> &#8220;non \u00e8 chiaro&#8221;<\/em>. In realt\u00e0, non potrebbe essere pi\u00f9 chiaro. Ci sono stati pochi critici pi\u00f9 potenti della societ\u00e0 moderna e dei suoi problemi di <strong>Rudolf Steiner<\/strong> e pochi individui che hanno offerto altrettante profonde soluzioni pratiche a questi problemi in un&#8217;intera gamma di attivit\u00e0, dall&#8217;agricoltura e dalle banche alle questioni sociali, all&#8217;istruzione, alla sanit\u00e0 e alle arti, dalle api al buddismo e dal calcare a Lucifero. <strong>Greenaway<\/strong> afferma di essere stato in grado, a partire dagli anni &#8217;70, di scoprire solo <em>&#8220;un fondamentale invariato&#8221;<\/em> in questo <em>&#8220;ulteriore sviluppo&#8221;<\/em> del <em>&#8220;pensiero di Aristotele&#8221;<\/em>, che \u00e8 ci\u00f2 che, generalizzando in modo grossolano, sostiene essere l&#8217;Antroposofia. Ma <strong>Greenaway<\/strong> non ci dice\u00a0<i data-dl-uid=\"265\" data-dl-original=\"true\" data-dl-translated=\"true\">quale sia<\/i>\u00a0questo unico fondamentale, cio\u00e8 non ci d\u00e0 un <em>&#8220;che cosa&#8221;<\/em>; ci d\u00e0 invece un <em>&#8220;come&#8221;<\/em>. Egli sostiene che gli studenti di antroposofia iniziano invariabilmente ad affrontare qualsiasi argomento cercando un&#8217;indicazione in merito da parte di <strong>Steiner<\/strong>. In altre parole, egli cerca di accusare gli interessati all&#8217;antroposofia (non <strong>Steiner<\/strong> stesso, si noti bene!) di dogmatismo; attacca il\u00a0<i data-dl-uid=\"266\" data-dl-original=\"true\" data-dl-translated=\"true\">modo in cui<\/i>\u00a0essi considerano le cose, piuttosto che\u00a0<i data-dl-uid=\"267\" data-dl-original=\"true\" data-dl-translated=\"true\">le<\/i>\u00a0loro conclusioni.<\/p>\n<p data-dl-uid=\"268\" data-dl-original=\"true\" data-dl-translated=\"true\">In primo luogo, ci\u00f2 che dice <strong>Greenaway<\/strong> \u00e8 semplicemente sbagliato, secondo la mia esperienza. In molti gruppi antroposofici che ho frequentato, un argomento viene prima affrontato, che si tratti, ad esempio, della questione dell&#8217;UE o del COVID-19, cercando di comprenderne gli aspetti\u00a0<i data-dl-uid=\"269\" data-dl-original=\"true\" data-dl-translated=\"true\">esteriori e descrittivi<\/i>, ad esempio la spiegazione naturale, scientifica e oggettiva convenzionale. In seguito, il gruppo considererebbe la propria risposta personale,\u00a0<i data-dl-uid=\"270\" data-dl-original=\"true\" data-dl-translated=\"true\">soggettiva<\/i>, e i propri sentimenti al riguardo. Successivamente, e solo in questo caso, potrebbe entrare nel processo la conoscenza antroposofica (ad esempio le indicazioni di <strong>Steiner<\/strong>), ma non necessariamente. I membri del gruppo cercherebbero di identificare uno o pochi elementi chiave o marcatori identificativi nel fenomeno; cercherebbero di arrivare all&#8217;essenza del fenomeno. Certamente, la conoscenza antroposofica potrebbe essere d&#8217;aiuto a questo punto, ad esempio per mettere in relazione il fenomeno con le indicazioni di <strong>Steiner<\/strong> sulla storia spirituale. Cercheranno di distillare il fenomeno, se possibile, in un unico concetto o parola o immagine chiave. Poi, e questo \u00e8 importante, ci dormiranno sopra, preferibilmente per pi\u00f9 di una notte, avendo portato nel sonno la domanda sul fenomeno. Poi si riuniranno e vedranno se qualche membro del gruppo aveva avuto un&#8217;illuminazione sull&#8217;origine spirituale del fenomeno, cio\u00e8 su quale essere spirituale, o quale tipo di essere spirituale, sottende o informa il fenomeno; il punto \u00e8 che <i data-dl-uid=\"271\" data-dl-original=\"true\" data-dl-translated=\"true\">tutti i<\/i>\u00a0fenomeni di questo mondo hanno origine nel mondo spirituale, il cui livello pi\u00f9 basso \u00e8 il mondo del pensiero, dei concetti e delle idee, a volte chiamato (anche se non da <strong>Steiner<\/strong>) &#8220;noosfera&#8221;, in cui gli esseri spirituali provenienti da regni pi\u00f9 elevati possono agire e agiscono, nel bene e nel male. Tutto questo \u00e8 molto lontano da quello che <strong>Greenaway<\/strong> afferma essere l&#8217;approccio antroposofico, ovvero trovare semplicemente ci\u00f2 che <strong>Steiner<\/strong> dice su qualcosa e poi ripeterlo. <strong>Steiner<\/strong> stesso si sarebbe inorridito di fronte a un approccio cos\u00ec dogmatico e lo ha detto pi\u00f9 volte. La libert\u00e0 di pensiero \u00e8 stata la sua preoccupazione principale fin dai primi scritti filosofici e se una persona impegnata nell&#8217;antroposofia si limita a rigurgitare ci\u00f2 che <strong>Steiner<\/strong> ha detto su qualcosa senza alcun tentativo di rifletterci su, non ha capito cosa <strong>Steiner<\/strong> intendesse. Ma il dogmatismo sconsiderato, dopo tutto, si pu\u00f2 trovare in quasi tutti gli ambiti della vita; ne abbiamo visto in abbondanza durante gli anni del COVID.<\/p>\n<p data-dl-uid=\"268\" data-dl-original=\"true\" data-dl-translated=\"true\"><a href=\"https:\/\/www.ilgiardinodeilibri.it\/__alimenti-biologici\/_alimenti-naturali\/_olio-biologico\/?pn=4507\" target=\"_blank\" rel=\"noopener\"><img decoding=\"async\" src=\"\/\/cs.ilgiardinodeilibri.it\/data\/banner_partner\/b\/banner5_alimenti_728x90.jpg\" alt=\"\" \/><\/a><\/p>\n<h2 data-dl-uid=\"272\" data-dl-original=\"true\" data-dl-translated=\"true\"><b data-dl-uid=\"273\" data-dl-original=\"true\" data-dl-translated=\"true\">Sovranit\u00e0 nazionale<\/b><\/h2>\n<p data-dl-uid=\"274\" data-dl-original=\"true\" data-dl-translated=\"true\">Come esempio di ci\u00f2 che considera dogmatismo antroposofico, <strong>Greenaway<\/strong> passa immediatamente a un argomento che sicuramente sapeva sarebbe stato di interesse per gli spettatori di <em>UK Column<\/em>: la sovranit\u00e0 nazionale. Senza dare alcuna indicazione della profondit\u00e0 e della complessit\u00e0 del pensiero di <strong>Steiner<\/strong> su nazioni, nazionalit\u00e0, nazionalismo o sovranit\u00e0 nazionale, <strong>Greenaway<\/strong> travisa grossolanamente il punto di vista di <strong>Steiner<\/strong> dicendo semplicemente:<\/p>\n<blockquote>\n<p data-dl-uid=\"274\" data-dl-original=\"true\" data-dl-translated=\"true\"><i data-dl-uid=\"275\" data-dl-original=\"true\" data-dl-translated=\"true\">&#8220;se l&#8217;argomento \u00e8 la &#8216;sovranit\u00e0 nazionale&#8217;, allora la posizione ammissibile in un gruppo di studio steineriano \u00e8 quella di considerarlo come un punto di vista filosofico che pu\u00f2 essere stato utile o meno un tempo, ma che ora \u00e8 superato&#8221;.<\/i><\/p>\n<\/blockquote>\n<p data-dl-uid=\"276\" data-dl-original=\"true\" data-dl-translated=\"true\">Questo \u00e8 un altro travisamento. <strong>Steiner<\/strong> ha sostenuto con forza che quello che spesso chiama &#8220;Stato unitario&#8221;<i data-dl-uid=\"277\" data-dl-original=\"true\" data-dl-translated=\"true\">(Einheitsstaat<\/i>), in cui i governi nazionali pretendono di gestire tutti gli aspetti della societ\u00e0 (ad esempio culturali, politici ed economici) come il consiglio di amministrazione di un&#8217;azienda, \u00e8 davvero obsoleto e deve essere superato, altrimenti causer\u00e0 solo pi\u00f9 sofferenze e guerre che derivano dalla competizione economica tra Stati nazionali unitari. Egli ha sottolineato che nell&#8217;era moderna sono emersi due fatti centrali:<\/p>\n<p data-dl-uid=\"276\" data-dl-original=\"true\" data-dl-translated=\"true\">1) dal XIX secolo, e probabilmente anche dal XVI secolo, viviamo tutti in un&#8217;<i data-dl-uid=\"278\" data-dl-original=\"true\" data-dl-translated=\"true\">economia mondiale<\/i>\u00a0sempre pi\u00f9 interdipendente;<\/p>\n<p data-dl-uid=\"276\" data-dl-original=\"true\" data-dl-translated=\"true\">2) gli individui affermano sempre pi\u00f9 il loro diritto a un trattamento dignitoso da parte degli altri e a una piena partecipazione agli affari sociali; <strong>Steiner<\/strong> vede in ci\u00f2 il risultato della graduale individualizzazione della societ\u00e0 occidentale sotto la crescente influenza dello spirito cristiano.<\/p>\n<p data-dl-uid=\"276\" data-dl-original=\"true\" data-dl-translated=\"true\">Questo secondo fattore della dignit\u00e0 di ogni singolo essere umano ha portato inesorabilmente alla democrazia, il cui posto giusto \u00e8 nella comunit\u00e0 <i data-dl-uid=\"279\" data-dl-original=\"true\" data-dl-translated=\"true\">nazionale<\/i>, non in una &#8220;cittadinanza globale&#8221; artificiale o in uno &#8220;Stato mondiale&#8221; alla <strong>H.G. Wells<\/strong>, perch\u00e9 gli individui crescono in comunit\u00e0 in cui condividono lingua, cultura, tradizioni, storia e ambiente naturale.<\/p>\n<p data-dl-uid=\"276\" data-dl-original=\"true\" data-dl-translated=\"true\"><strong>Steiner<\/strong> si opponeva quindi fermamente a un governo mondiale in senso politico astratto, ma sosteneva che l&#8217;umanit\u00e0 deve trovare un modo per regolare l&#8217;<i data-dl-uid=\"280\" data-dl-original=\"true\" data-dl-translated=\"true\">economia mondiale<\/i>\u00a0con mezzi economici attraverso la rappresentanza, non di politici, avvocati e burocrati di orientamento socialista, ma attraverso la cooperazione tra le persone coinvolte nei tre aspetti del processo economico stesso &#8211; produzione, distribuzione e consumo. Si tratta di un processo profondamente\u00a0<i data-dl-uid=\"281\" data-dl-original=\"true\" data-dl-translated=\"true\">sociale<\/i>, non\u00a0<i data-dl-uid=\"282\" data-dl-original=\"true\" data-dl-translated=\"true\">socialista<\/i>. Nel mondo economico moderno, dipendiamo gli uni dagli altri<i data-dl-uid=\"283\" data-dl-original=\"true\" data-dl-translated=\"true\">(fraternit\u00e0<\/i>). Nel mondo politico, gli individui e i gruppi di interesse cercano di bilanciare i loro interessi reciproci, i loro diritti e le loro responsabilit\u00e0<i data-dl-uid=\"284\" data-dl-original=\"true\" data-dl-translated=\"true\">(uguaglianza<\/i>) all&#8217;interno delle comunit\u00e0 nazionali, ognuna delle quali ha una storia e delle tradizioni uniche e diverse da quelle di altri Paesi; nel mondo culturale (arti, scienze, &#8220;ricerca&#8221;, filosofia, religione), gli individui hanno bisogno della\u00a0<i data-dl-uid=\"285\" data-dl-original=\"true\" data-dl-translated=\"true\">libert\u00e0<\/i>\u00a0di sviluppare i loro talenti, le loro capacit\u00e0 e le loro intuizioni individuali, per cui anche in questo caso lo Stato non ha posto n\u00e9 diritto di dominare o interferire. La sfera culturale \u00e8 cosmopolita, ma in modo diverso dalla sfera economica, che \u00e8\u00a0<i data-dl-uid=\"286\" data-dl-original=\"true\" data-dl-translated=\"true\">intrinsecamente<\/i>\u00a0cooperativa piuttosto che competitiva; nella sfera culturale, dove la competizione \u00e8 giustamente di casa, gli artisti e gli scienziati, anche quelli impegnati nello sport, devono poter operare in tutto il mondo, liberi da interferenze sia politiche che economiche.<\/p>\n<figure id=\"attachment_75631\" aria-describedby=\"caption-attachment-75631\" style=\"width: 387px\" class=\"wp-caption alignleft\"><a href=\"https:\/\/www.ilgiardinodeilibri.it\/libri\/__come-si-opera-la-triarticolazione-dell-organismo-sociale.php?id=63504&amp;pn=4507\" target=\"_blank\" rel=\"noopener\"><img loading=\"lazy\" decoding=\"async\" class=\"wp-image-75631 \" src=\"https:\/\/www.liberopensare.com\/wp-content\/uploads\/2024\/01\/triarticolazione-organismo-sociale-209x300.jpeg\" alt=\"\" width=\"387\" height=\"556\" srcset=\"https:\/\/www.liberopensare.com\/wp-content\/uploads\/2024\/01\/triarticolazione-organismo-sociale-209x300.jpeg 209w, https:\/\/www.liberopensare.com\/wp-content\/uploads\/2024\/01\/triarticolazione-organismo-sociale-8x12.jpeg 8w, https:\/\/www.liberopensare.com\/wp-content\/uploads\/2024\/01\/triarticolazione-organismo-sociale.jpeg 469w\" sizes=\"(max-width: 387px) 100vw, 387px\" \/><\/a><figcaption id=\"caption-attachment-75631\" class=\"wp-caption-text\"><a href=\"https:\/\/www.ilgiardinodeilibri.it\/libri\/__come-si-opera-la-triarticolazione-dell-organismo-sociale.php?id=63504&amp;pn=4507\" target=\"_blank\" rel=\"noopener\"><strong>PER ACQUISTARLO CLICCA QUI<\/strong><\/a><\/figcaption><\/figure>\n<p data-dl-uid=\"287\" data-dl-original=\"true\" data-dl-translated=\"true\">Questo \u00e8 solo uno schizzo di massima del triplice quadro della societ\u00e0 di <strong>Steiner<\/strong>, che ha ramificazioni sofisticate che possono essere estese a ciascuna delle tre sfere<a href=\"https:\/\/threeman.org\/?p=3147#_msocom_1\" data-dl-uid=\"288\" data-dl-original=\"true\" data-dl-translated=\"true\" target=\"_blank\" rel=\"noopener\">[TB1]<\/a>.<\/p>\n<p data-dl-uid=\"287\" data-dl-original=\"true\" data-dl-translated=\"true\">Se da un lato <strong>Steiner<\/strong> ritiene che il cosmopolitismo e l&#8217;internazionalismo si siano inevitabilmente sviluppati negli ultimi 500 anni e che quindi si debba fare i conti con la sfera culturale ed economica, dall&#8217;altro la sovranit\u00e0 nazionale appartiene intrinsecamente alla sfera politico-giuridica e dovrebbe continuare a farlo. Ci\u00f2 richiede un ruolo fortemente ridotto per lo Stato, ma non nel senso tradizionale del partito Tory. Lo spirito cristiano alla base dell&#8217;interdipendenza economica richiede un nuovo ethos nella vita economica, basato su associazioni economiche triplici locali, regionali, nazionali e internazionali di produttori, distributori e consumatori. Si tratta di un&#8217;etica pienamente triplice, o trinitaria, che allontaner\u00e0 l&#8217;attuale direzione verso la guerra economica tra economie nazionali che lottano egoisticamente per le risorse e per i profitti di oligarchi e megacorporazioni. Il travisamento semplicistico di Greenaway della visione di <strong>Steiner<\/strong> sulla sovranit\u00e0 nazionale \u00e8 proprio questo: un travisamento. Anche le lezioni di economia di <strong>Steiner<\/strong> si chiamavano corso di economia <i data-dl-uid=\"289\" data-dl-original=\"true\" data-dl-translated=\"true\">nazionale <\/i><i data-dl-uid=\"290\" data-dl-original=\"true\" data-dl-translated=\"true\">(National\u00f6konomischer Kurs<\/i>) perch\u00e9 all&#8217;inizio cercava di far passare le tre idee nel contesto pi\u00f9 nazionale dell&#8217;epoca. Il titolo inglese di quelle lezioni \u00e8 <em>&#8220;World Economy&#8221;<\/em>, un titolo con cui oggi sarebbe senza dubbio d&#8217;accordo. Se le triplici associazioni economiche che collegano reti di produttori, distributori e consumatori su base continuativa fossero attive a livello locale, regionale e nazionale in molti Paesi, anche l&#8217;economia mondiale potrebbe essere regolata in modo pi\u00f9 etico, a differenza degli attuali <em>WTO<\/em> o <em>GATT<\/em>, che sono controllati da interessi finanziari, politici\/nazionali e megacorporativi oligarchici.<\/p>\n<p data-dl-uid=\"287\" data-dl-original=\"true\" data-dl-translated=\"true\">La critica di <strong>Greenaway<\/strong> divaga poi, attraverso il riferimento al tomismo e all&#8217;apparente riconoscimento da parte dell&#8217;Aquinate, proprio alla fine della sua vita, dei limiti del pensiero (<strong>Steiner<\/strong> non ha mai accettato che ci fossero limiti al pensiero umano), nella differenza tra l&#8217;approccio di <strong>Steiner<\/strong> e la teologia negativa o il misticismo. <strong>Greenaway<\/strong> insiste sul fatto che il dogmatismo del movimento antroposofico che ha incontrato personalmente (ma che si pu\u00f2 incontrare praticamente in ogni ambito della vita sociale umana, ad esempio nel mondo accademico) ha portato a frizioni e spaccature all&#8217;interno del <em>&#8220;movimento steineriano&#8221;<\/em>. In effetti ci sono state frizioni e spaccature all&#8217;interno del movimento, ma, di nuovo, per quale parte della vita sociale umana non \u00e8 stato cos\u00ec? A sostegno, <strong>Greenaway<\/strong> ci indica un libro nettamente ostile a tutti i principali sforzi esoterici e spirituali degli ultimi 150 anni circa: <i data-dl-uid=\"292\" data-dl-original=\"true\" data-dl-translated=\"true\">The Occult Establishment<\/i>\u00a0di <strong>James Webb<\/strong> (1986), che definisce un &#8220;classico un po&#8217; trascurato&#8221;.<\/p>\n<p data-dl-uid=\"291\" data-dl-original=\"true\" data-dl-translated=\"true\"><a href=\"https:\/\/www.ilgiardinodeilibri.it\/__prodotti\/_salute-e-benessere\/_fiori-di-bach-vendita-online\/?pn=4507\" target=\"_blank\" rel=\"noopener\"><img decoding=\"async\" src=\"\/\/cs.ilgiardinodeilibri.it\/data\/banner_partner\/b\/banner1_bach_728x90.jpg\" alt=\"\" \/><\/a><\/p>\n<p data-dl-uid=\"291\" data-dl-original=\"true\" data-dl-translated=\"true\">\u00a0Il libro di <strong>Webb<\/strong>, tuttavia, non esamina il <i data-dl-uid=\"293\" data-dl-original=\"true\" data-dl-translated=\"true\">vero<\/i>\u00a0<em>&#8220;establishment occulto&#8221;<\/em> operante nella societ\u00e0 britannica da oltre 300 anni, ossia la Massoneria, che viene menzionata solo in 11 delle 535 pagine del libro. La Societ\u00e0 Antroposofica ha\u00a0<i data-dl-uid=\"294\" data-dl-original=\"true\" data-dl-translated=\"true\">subito<\/i>\u00a0una grave scissione dal 1935 fino al 1970 circa, dopodich\u00e9 \u00e8 stata superata e le due ali sono tornate insieme. Da allora, il movimento in generale \u00e8 rimasto senza scissioni, uno sviluppo piuttosto insolitamente positivo in tali movimenti. <strong>Greenaway<\/strong> afferma che\u00a0<i data-dl-uid=\"295\" data-dl-original=\"true\" data-dl-translated=\"true\">&#8220;i pi\u00f9 indipendenti tendono a lasciare il movimento di <strong>Steiner<\/strong> o a mantenere solo un legame parziale&#8221;.<\/i>\u00a0Questo pu\u00f2 essere vero, non lo so, ma <strong>Greenaway<\/strong> non offre numeri a sostegno della sua affermazione. Posso solo dire che in 42 anni ho incontrato all&#8217;interno del movimento innumerevoli persone dalla mentalit\u00e0 indipendente, cos\u00ec come ne ho incontrate molte che non lo sono.<\/p>\n<p data-dl-uid=\"296\" data-dl-original=\"true\" data-dl-translated=\"true\">Dopo questo superficiale sforzo di infangare il movimento antroposofico come &#8220;dogmatico&#8221; e che segue sempre le indicazioni del Maestro e nient&#8217;altro, <strong>Greenaway<\/strong> torna improvvisamente a quella fessura nella tomba nel\u00a0<i data-dl-uid=\"297\" data-dl-original=\"true\" data-dl-translated=\"true\">Quinto Vangelo<\/i>, e di nuovo alla conferenza 2. In effetti, in tutto il suo articolo, non fa riferimento ad altro che a questa singola conferenza della collezione di oltre 6000 conferenze di <strong>Steiner<\/strong>. In effetti, in tutto il suo articolo, non fa riferimento a nessun&#8217;altra conferenza specifica se non a\u00a0<i data-dl-uid=\"298\" data-dl-original=\"true\" data-dl-translated=\"true\">questa singola<\/i> della raccolta di oltre 6000 conferenze di <strong>Steiner<\/strong>. Ora cerca di minare il concetto di Registro Akashico e ci rimanda a un discorso online e a una singola frase di<strong> Teal Swan<\/strong>, (alias <strong>Mary Teal Bosworth<\/strong>) un&#8217;insegnante spirituale americana della <em>New Age<\/em>, che ammette apertamente di <em>&#8220;non essere un&#8217;antroposofa&#8221;<\/em>. Ha 39 anni e ha iniziato la sua carriera di insegnante spirituale di auto-aiuto solo nel 2011, quindi alla fine dei 20 anni! Questo diversivo poco serio porta <strong>Greenaway<\/strong> a mettere in discussione le affermazioni di <strong>Steiner<\/strong> sulla preistoria della Terra, accessibile tramite il registro Akashico, come presentato in uno dei suoi quattro testi fondamentali:\u00a0<i data-dl-uid=\"299\" data-dl-original=\"true\" data-dl-translated=\"true\">&#8220;Scienza Occulta<\/i>\u00a0&#8221; (1909). <strong>Greenaway<\/strong> scrive:<\/p>\n<blockquote>\n<p data-dl-uid=\"296\" data-dl-original=\"true\" data-dl-translated=\"true\"><i data-dl-uid=\"300\" data-dl-original=\"true\" data-dl-translated=\"true\">&#8220;Chiunque voglia seriamente avvicinarsi alla Steinerologia dovrebbe procurarsi questo libro e leggere questo incredibile capitolo\u00a0<\/i>[il capitolo 4]<i data-dl-uid=\"301\" data-dl-original=\"true\" data-dl-translated=\"true\">; ma senza aspettarsi prove storiche o scientifiche, perch\u00e9 le trover\u00e0 insufficienti&#8221;.\u00a0<\/i><\/p>\n<\/blockquote>\n<p data-dl-uid=\"296\" data-dl-original=\"true\" data-dl-translated=\"true\">In realt\u00e0, ci\u00f2 che <strong>Steiner<\/strong> presenta non \u00e8 affatto pi\u00f9 incredibile di ci\u00f2 che cosmologi, astrofisici e biologi evoluzionisti ci spingono a credere. La differenza principale tra ci\u00f2 che essi e <strong>Steiner<\/strong> presentano come spiegazione di come sono nati il nostro sistema solare, la Terra e l&#8217;umanit\u00e0 \u00e8 che il complesso quadro di <strong>Steiner<\/strong> \u00e8 tutto incentrato sulle attivit\u00e0 formative di <i data-dl-uid=\"302\" data-dl-original=\"true\" data-dl-translated=\"true\">esseri\u00a0<\/i>intelligenti coscienti\u00a0<i data-dl-uid=\"302\" data-dl-translated=\"true\">&#8211;\u00a0<\/i>servitori divini di Dio, che un tempo venivano chiamati gerarchie spirituali, dalle pi\u00f9 basse (angeli) alle pi\u00f9 alte (serafini), le cui attivit\u00e0 realizzavano un piano divino per l&#8217;umanit\u00e0, mentre i cosmologi, astrofisici e biologi evoluzionisti vorrebbero farci credere che il sistema solare, la Terra e l&#8217;umanit\u00e0 siano il risultato del misticismo materialista del <em>Big Bang<\/em> e della successiva lotteria della selezione naturale casuale: una mera casualit\u00e0 priva di significato. La maggior parte delle persone non ci pensa nemmeno, ma questo \u00e8 il livello abissale delle spiegazioni materialistiche odierne sul perch\u00e9 o sul come siamo qui, che disorientano molte persone perch\u00e9 sono sopraffatte dalle conquiste pi\u00f9 terrene e apparentemente &#8220;<em>magiche<\/em>&#8221; della tecnologia: <em>&#8220;Se gli scienziati possono produrre la Bomba e l&#8217;IA, sicuramente possono capire cosa sono lo spazio e l&#8217;energia?&#8221;.<\/em> Ma no. Anche i cosmologi pi\u00f9 onesti ammettono finalmente, dopo circa 150 anni di arroganza scientifica materialista, di non avere la minima idea di cosa sia il 95% della\u00a0<i data-dl-uid=\"303\" data-dl-original=\"true\" data-dl-translated=\"true\">materia<\/i>\u00a0e dell&#8217;energia dell&#8217;universo. Questa onest\u00e0 \u00e8 almeno un passo nella giusta direzione &#8211; anche se ovviamente non per il signor <strong>Greenaway<\/strong>, che continua ad aderire fedelmente alla &#8220;scienza&#8221;. Il quadro di <strong>Steiner<\/strong>, al contrario, \u00e8 complesso, intelligente, internamente coerente, bello e sorprendente. Soprattutto, \u00e8 permeato di<i data-dl-uid=\"304\" data-dl-original=\"true\" data-dl-translated=\"true\">\u00a0significato<\/i>, che mette in relazione tutti i livelli della creazione tra loro e con il divino.<\/p>\n<p data-dl-uid=\"296\" data-dl-original=\"true\" data-dl-translated=\"true\"><a href=\"https:\/\/www.ilgiardinodeilibri.it\/libri\/__luce-per-amare-un-bambino-gabriella-karin-turci.php?pn=4507\" target=\"_blank\" rel=\"noopener\"><img decoding=\"async\" src=\"\/\/cs.ilgiardinodeilibri.it\/data\/banner_partner\/l\/luce-amare-bambino-728x90.jpg\" alt=\"\" \/><\/a><\/p>\n<h2 data-dl-uid=\"305\" data-dl-original=\"true\" data-dl-translated=\"true\"><b data-dl-uid=\"306\" data-dl-original=\"true\" data-dl-translated=\"true\">Mondi superiori<\/b><\/h2>\n<p data-dl-uid=\"307\" data-dl-original=\"true\" data-dl-translated=\"true\"><strong>Greenaway<\/strong> passa poi a criticare il libro di <strong>Steiner<\/strong> <i data-dl-uid=\"308\" data-dl-original=\"true\" data-dl-translated=\"true\">L&#8217;Iniziazione<\/i>, ma non senza un&#8217;altra frecciata al concetto di registro Akashico:<\/p>\n<blockquote>\n<p data-dl-uid=\"307\" data-dl-original=\"true\" data-dl-translated=\"true\"><i data-dl-uid=\"309\" data-dl-original=\"true\" data-dl-translated=\"true\">&#8220;Sembra che ci sia un certo disaccordo sul livello in cui si trova il registro Akashico &#8211; &#8216;non ci si pu\u00f2 aspettare che gli esperti in qualsiasi campo siano d&#8217;accordo&#8217; \u00e8 il commento di Teal Swan&#8221;.<\/i><\/p>\n<\/blockquote>\n<p data-dl-uid=\"307\" data-dl-original=\"true\" data-dl-translated=\"true\"><strong>Greenaway<\/strong> sottintende quindi che c&#8217;\u00e8 disaccordo tra gli scienziati spirituali che parlano del registro Akashico, eppure nelle scienze <i data-dl-uid=\"310\" data-dl-original=\"true\" data-dl-translated=\"true\">naturali<\/i>, che ovviamente stima, c&#8217;\u00e8 disaccordo tra gli esperti in tutti i campi della conoscenza &#8211; questo, dopo tutto, fa parte del processo di avanzamento della scienza.<\/p>\n<p data-dl-uid=\"311\" data-dl-original=\"true\" data-dl-translated=\"true\"><strong>Greenaway<\/strong> fa seguire a questa frecciata un aneddoto, ovviamente a scopo umoristico, su una signora che dirigeva un&#8217;istituzione antroposofica (<em>Camphill Delrow<\/em>, nel Regno Unito, per adulti e bambini con esigenze speciali) in cui lavorava circa 45 anni fa (!). Questa signora parl\u00f2 di <em>&#8220;un ronzio di energia&#8221;<\/em> che gli esercizi de <em>L&#8217;<\/em><i data-dl-uid=\"312\" data-dl-original=\"true\" data-dl-translated=\"true\">Iniziazione<\/i>\u00a0producevano\u00a0<i data-dl-uid=\"313\" data-dl-original=\"true\" data-dl-translated=\"true\">&#8220;alla fine del suo naso, che le indicava che era sulla strada giusta&#8221;.<\/i>\u00a0\u00c8 chiaro che questo aneddoto \u00e8 stato inserito per stimolare il ridicolo nel lettore. Poi dice:\u00a0<i data-dl-uid=\"314\" data-dl-original=\"true\" data-dl-translated=\"true\">&#8220;nessun appassionato di <strong>Steiner<\/strong> ha mai sviluppato la capacit\u00e0 di &#8216;leggere&#8217; il registro Akashico; nemmeno in parte, per quanto ne so&#8221;.<\/i>\u00a0A questo si pu\u00f2 solo rispondere: <strong>Greenaway<\/strong> \u00e8 allora a conoscenza di\u00a0<i data-dl-uid=\"315\" data-dl-original=\"true\" data-dl-translated=\"true\">tutte le<\/i>\u00a0persone del movimento antroposofico\u00a0<i data-dl-uid=\"316\" data-dl-original=\"true\" data-dl-translated=\"true\">in tutto il mondo<\/i> a partire dagli anni &#8217;70? E anche se la sua supposizione fosse corretta, bisogna ricordare che la nostra cultura \u00e8 stata profondamente avviluppata nel pensiero e nell&#8217;azione materialista per circa 400 anni; \u00e8 ragionevole che ci voglia un bel po&#8217; di tempo prima che gli individui sviluppino capacit\u00e0 spirituali veramente efficaci come la lettura del registro Akashico. Anche nelle culture antiche e in quelle tribali di oggi, solo pochissime persone (maghi, streghe, sadhus, &#8220;medicininemen&#8221;) hanno sviluppato capacit\u00e0 spirituali effettive. Quando la nostra cultura inizier\u00e0 seriamente a espandere la propria visione di ci\u00f2 che \u00e8 &#8220;scienza&#8221; &#8211; al di l\u00e0 dei limiti concettuali della scienza naturale affermati fin dall&#8217;inizio del XVII secolo &#8211; nei regni soprasenssibili, allora possiamo aspettarci che sempre pi\u00f9 persone diventeranno scienziati spirituali, alcuni dei quali avranno anche la capacit\u00e0 di leggere il registro Akashico. In effetti, <strong>Steiner<\/strong> sosteneva che a partire dal 1900 l&#8217;umanit\u00e0 stava lentamente emergendo da un periodo di oscurit\u00e0 spirituale durato 5000 anni (durante il quale, paradossalmente, aveva sviluppato la libert\u00e0 individuale a prescindere dalla sua discendenza divina, anche se con l&#8217;aiuto costante di esseri umani reincarnati che si trovavano a stadi pi\u00f9 elevati di sviluppo spirituale o etico) e prevedeva che, a partire dagli anni &#8217;30, un numero sempre maggiore di persone (mor\u00ec nel 1925) avrebbe <i data-dl-uid=\"317\" data-dl-original=\"true\" data-dl-translated=\"true\">ricominciato<\/i>\u00a0ad avere una visione chiaroveggente naturale, come la maggior parte degli esseri umani l&#8217;aveva avuta pi\u00f9 di 5000 anni prima ma l&#8217;aveva poi persa. Ma questo sarebbe stato molto problematico, disse, perch\u00e9 la maggior parte, a causa sia del materialismo della cultura moderna sia della mancanza di un&#8217;educazione spirituale, non sarebbe stata in grado di dare un senso a ci\u00f2 che stava sperimentando, cio\u00e8 non sarebbe stata in grado di portare i giusti\u00a0<i data-dl-uid=\"318\" data-dl-original=\"true\" data-dl-translated=\"true\">concetti<\/i>\u00a0a ci\u00f2 che stava\u00a0<i data-dl-uid=\"319\" data-dl-original=\"true\" data-dl-translated=\"true\">percependo<\/i>. Uno dei compiti principali dell&#8217;antroposofia era quello di aiutare in questo senso.<\/p>\n<p data-dl-uid=\"320\" data-dl-original=\"true\" data-dl-translated=\"true\"><a href=\"https:\/\/www.ilgiardinodeilibri.it\/ricerca.php?q=campana+tibetana&amp;pn=4507\" target=\"_blank\" rel=\"noopener\"><img decoding=\"async\" src=\"\/\/cs.ilgiardinodeilibri.it\/data\/banner_partner\/b\/banner1_campane_728x90.jpg\" alt=\"\" \/><\/a><\/p>\n<p data-dl-uid=\"320\" data-dl-original=\"true\" data-dl-translated=\"true\">Anche <strong>Greenaway<\/strong> ammette di accettare o almeno di tollerare l&#8217;idea del registro Akashico come un&#8217;ipotesi &#8211; <i data-dl-uid=\"321\" data-dl-original=\"true\" data-dl-translated=\"true\">&#8220;non provata, anche se forse utile&#8221;.<\/i>\u00a0Una\u00a0<i data-dl-uid=\"322\" data-dl-original=\"true\" data-dl-translated=\"true\">teoria<\/i>, dunque, come quelle di <strong>Darwin<\/strong> e di <strong>Einstein<\/strong>. Per sostenerla si appoggia a riferimenti biblici a\u00a0<i data-dl-uid=\"323\" data-dl-original=\"true\" data-dl-translated=\"true\">&#8220;registrazioni nel &#8216;Libro della Vita&#8217;&#8221;<\/i>, ma insiste sul fatto che la lettura del registro Akashico<\/p>\n<blockquote>\n<p data-dl-uid=\"320\" data-dl-original=\"true\" data-dl-translated=\"true\"><i data-dl-uid=\"324\" data-dl-original=\"true\" data-dl-translated=\"true\">&#8220;non costituisce di per s\u00e9 una prova dei fatti che vi si leggono, almeno non se ci sentiamo vincolati a idee di metodo scientifico o di evidenza storica&#8221;.<\/i><\/p>\n<\/blockquote>\n<p data-dl-uid=\"320\" data-dl-original=\"true\" data-dl-translated=\"true\">La prima parte della sua affermazione \u00e8 vera: uno scienziato naturale pu\u00f2 osservare qualcosa con il suo microscopio o telescopio, ma i concetti che porta per interpretare le percezioni che osserva possono non essere necessariamente quelli corretti. Lo stesso vale per uno scienziato spirituale che legge il registro Akashico. Tuttavia, la seconda parte dell&#8217;affermazione di <strong>Greenaway<\/strong> mostra la limitazione del suo pensiero, poich\u00e9 parla di sentirsi\u00a0<i data-dl-uid=\"325\" data-dl-original=\"true\" data-dl-translated=\"true\">&#8220;vincolato alle idee di metodo scientifico o di evidenza storica&#8221;.<\/i>\u00a0Queste idee non sono qualcosa di fisso, come egli sembra pensare; non sono bloccate nel periodo 1600-1900. Non possiamo parlare di &#8220;scienza<i data-dl-uid=\"326\" data-dl-original=\"true\" data-dl-translated=\"true\">&#8220;<\/i>, come fanno <strong>Greta Thunberg<\/strong> e altri; non esiste. Scienza significa semplicemente &#8220;sapere&#8221;. Il sapere degli antichi egizi era diverso da quello degli antichi greci, che si differenziava dal periodo medievale, che si differenziava a sua volta da quello del rigido materialismo del XIX secolo, che si differenzia ancora una volta dagli approcci pi\u00f9 fluidi alla scienza che <i data-dl-uid=\"327\" data-dl-original=\"true\" data-dl-translated=\"true\">cominciano a<\/i>\u00a0emergere nel nostro tempo e di cui <strong>Steiner<\/strong> \u00e8 stato uno dei primi e significativi pionieri.<\/p>\n<p data-dl-uid=\"328\" data-dl-original=\"true\" data-dl-translated=\"true\"><strong>Greenaway<\/strong>, riferendosi ancora una volta all&#8217;unica conferenza che cita (la conferenza 2 de\u00a0<i data-dl-uid=\"329\" data-dl-original=\"true\" data-dl-translated=\"true\">Il quinto vangelo<\/i>) dell&#8217;enorme opera di <strong>Steiner<\/strong>, fa notare che lo stesso <strong>Steiner<\/strong> ammette in quella conferenza che non \u00e8 facile leggere con precisione il registro Akashico. <strong>Greenaway<\/strong> cita poi l&#8217;ultima frase della conferenza: <i data-dl-uid=\"330\" data-dl-original=\"true\" data-dl-translated=\"true\">&#8220;<\/i><\/p>\n<blockquote>\n<p data-dl-uid=\"328\" data-dl-original=\"true\" data-dl-translated=\"true\"><i data-dl-uid=\"330\" data-dl-original=\"true\" data-dl-translated=\"true\">Tuttavia&#8221;,<\/i>\u00a0<i data-dl-uid=\"331\" data-dl-original=\"true\" data-dl-translated=\"true\">conclude Steiner, &#8220;quando ascoltate queste parole, potete sentire un&#8217;indicazione di ci\u00f2 che vive in me quando parlo dei segreti che vorrei chiamare i segreti del cosiddetto Quinto Vangelo&#8221;&#8221;.<\/i><\/p>\n<\/blockquote>\n<p data-dl-uid=\"328\" data-dl-original=\"true\" data-dl-translated=\"true\">Questa citazione di <strong>Greenaway<\/strong> manca di contesto. In primo luogo, negli anni precedenti la prima guerra mondiale, <strong>Steiner<\/strong> era abbastanza aperto sul fatto che la sua visione spirituale non era perfetta o completamente formata, ma che si stava <i data-dl-uid=\"332\" data-dl-original=\"true\" data-dl-translated=\"true\">sviluppando<\/i>. In questa particolare conferenza, dopo aver descritto le difficolt\u00e0 incontrate nella lettura del registro Akashico, <strong>Steiner<\/strong> sugger\u00ec un motivo e disse:<\/p>\n<blockquote>\n<p data-dl-uid=\"328\" data-dl-original=\"true\" data-dl-translated=\"true\"><i data-dl-uid=\"333\" data-dl-original=\"true\" data-dl-translated=\"true\">&#8220;Sono certo che sarebbe stato necessario uno sforzo minore se, come molte persone oggi, avessi ricevuto un&#8217;educazione veramente cristiana nella prima giovinezza. Io non l&#8217;ho avuta. Sono cresciuto in un ambiente completamente libero e anche i miei studi sono andati in quella direzione. La mia formazione superiore \u00e8 stata puramente scientifica. Ora ho qualche difficolt\u00e0 a trovare le cose di cui sono obbligato a parlare&#8221;.\u00a0<\/i><\/p>\n<\/blockquote>\n<p data-dl-uid=\"328\" data-dl-original=\"true\" data-dl-translated=\"true\">Ma poi precisa che si \u00e8 sentito obbligato a parlarne anche perch\u00e9 c&#8217;era chi (ad esempio <strong>Annie Besant<\/strong>, la direttrice della Societ\u00e0 Teosofica) diffondeva menzogne sul fatto che fosse stato educato dai gesuiti. Inoltre, dice, sentiva che la mancanza di un&#8217;educazione cristiana ordinaria lo rendeva meno prevenuto nei confronti del cristianesimo; vi giungeva per esperienza spirituale personale, non per condizionamento familiare. Riteneva inoltre che, nell&#8217;era moderna, molte persone avrebbero fatto pi\u00f9 affidamento su una persona scientificamente preparata che parlava di cristianesimo e che non aveva avuto una tipica educazione cristiana. <i data-dl-uid=\"334\" data-dl-original=\"true\" data-dl-translated=\"true\">\u00c8 dopo questo<\/i>\u00a0che pronuncia le ultime parole della conferenza, citate da <strong>Greenaway<\/strong>:<\/p>\n<blockquote>\n<p data-dl-uid=\"328\" data-dl-original=\"true\" data-dl-translated=\"true\"><i data-dl-uid=\"335\" data-dl-original=\"true\" data-dl-translated=\"true\">&#8220;Se prendete sul serio le mie parole, sentirete un&#8217;indicazione di ci\u00f2 che vive in me quando ora parlo dei segreti che vorrei chiamare i segreti del cosiddetto Quinto Vangelo&#8221;.<\/i><\/p>\n<\/blockquote>\n<p data-dl-uid=\"336\" data-dl-original=\"true\" data-dl-translated=\"true\">Non fornendo nulla di questo contesto e dopo aver preso in considerazione alcune righe di\u00a0<i data-dl-uid=\"337\" data-dl-original=\"true\" data-dl-translated=\"true\">una sola<\/i>\u00a0delle oltre 6000 conferenze tenute da <strong>Steiner<\/strong> nell&#8217;arco di 22 anni, <strong>Greenaway<\/strong> giunge a una colossale ed esagerata generalizzazione:<\/p>\n<blockquote>\n<p data-dl-uid=\"336\" data-dl-original=\"true\" data-dl-translated=\"true\"><i data-dl-uid=\"338\" data-dl-original=\"true\" data-dl-translated=\"true\">&#8220;Cos\u00ec &#8211; come accade pi\u00f9 e pi\u00f9 volte quando cerchiamo di chiudere su qualche aspetto della cosiddetta &#8220;scienza dello spirito&#8221; secondo <strong>Rudolf Steiner<\/strong> &#8211; ci imbattiamo in un nebuloso pantano&#8221;.<\/i><\/p>\n<\/blockquote>\n<figure id=\"attachment_75287\" aria-describedby=\"caption-attachment-75287\" style=\"width: 418px\" class=\"wp-caption alignright\"><a href=\"https:\/\/edizioniartemis.it\/product\/lapocalisse-nelle-conferenze-di-rudolf-steiner\/ref\/3\/\" target=\"_blank\" rel=\"noopener\"><img loading=\"lazy\" decoding=\"async\" class=\"wp-image-75287\" src=\"https:\/\/www.liberopensare.com\/wp-content\/uploads\/2023\/12\/kovacs-214x300.jpeg\" alt=\"\" width=\"418\" height=\"586\" srcset=\"https:\/\/www.liberopensare.com\/wp-content\/uploads\/2023\/12\/kovacs-214x300.jpeg 214w, https:\/\/www.liberopensare.com\/wp-content\/uploads\/2023\/12\/kovacs-9x12.jpeg 9w, https:\/\/www.liberopensare.com\/wp-content\/uploads\/2023\/12\/kovacs.jpeg 730w\" sizes=\"(max-width: 418px) 100vw, 418px\" \/><\/a><figcaption id=\"caption-attachment-75287\" class=\"wp-caption-text\"><a href=\"https:\/\/edizioniartemis.it\/product\/lapocalisse-nelle-conferenze-di-rudolf-steiner\/ref\/3\/\" target=\"_blank\" rel=\"noopener\"><strong>CLICCA QUI PER ACQUISTARLO<\/strong><\/a><\/figcaption><\/figure>\n<p data-dl-uid=\"336\" data-dl-original=\"true\" data-dl-translated=\"true\">Certo, <strong>Steiner<\/strong> a volte poteva essere poco chiaro, ma la maggior parte del suo insegnamento era orale e impartito sotto forma di conferenze e non di libri (ne scrisse circa 30), quindi poteva essere influenzato da condizioni come la salute, la stanchezza, i viaggi, ecc. Alcune delle sue lezioni sono assolutamente brillanti, mentre altre possono sembrare pi\u00f9 faticose. Inoltre, non \u00e8 stato esattamente aiutato dalla lingua tedesca, che non ha nella chiarezza il suo punto di forza, e <strong>Greenaway<\/strong> dipendeva dalle traduzioni, alcune delle quali possono oscurare ulteriormente le cose. Tuttavia, nel complesso, <strong>Steiner<\/strong> <i data-dl-uid=\"339\" data-dl-original=\"true\" data-dl-translated=\"true\">era<\/i>\u00a0un pensatore molto chiaro, sobrio, completo e notevolmente incisivo e perspicace, le cui presentazioni, a stampa e sul podio, erano molto ben organizzate, estetiche, umane, coinvolgenti e piene di calore. Ci sono molte testimonianze a riguardo, anche da parte di coloro che non sono stati suoi allievi o sostenitori. Caratterizzare il suo lavoro come un &#8220;nebuloso morbo&#8221; \u00e8 il linguaggio di un vandalo &#8220;intellettuale&#8221;.<\/p>\n<p data-dl-uid=\"340\" data-dl-original=\"true\" data-dl-translated=\"true\"><strong>Greenaway<\/strong> riconosce almeno che <strong>Steiner<\/strong> riconosceva che le sue intuizioni dovevano essere testate in varie applicazioni per verificarne l&#8217;efficacia, e in effetti <strong>Steiner<\/strong> disse ripetutamente che non voleva essere &#8220;creduto&#8221;, ma piuttosto esortava le persone ad essere abbastanza aperte di mente da tenere a mente le sue affermazioni mentre vivevano la vita. &#8221; <i data-dl-uid=\"341\" data-dl-original=\"true\" data-dl-translated=\"true\">Molte delle sue principali intuizioni cosiddette chiaroveggenti&#8221;,<\/i>\u00a0afferma <strong>Greenaway<\/strong>,\u00a0<i data-dl-uid=\"342\" data-dl-original=\"true\" data-dl-translated=\"true\">&#8220;sono semplicemente indimostrabili&#8221;.<\/i>\u00a0\u00c8 vero che alcune sono indimostrabili, ma quante persone hanno &#8220;testato&#8221; il <em>Big Bang<\/em>, la teoria della selezione naturale di <strong>Darwin<\/strong> o le teorie sui buchi neri di <strong>Hawking<\/strong>? La scienza naturale \u00e8 piena di &#8220;non testabili&#8221; per la gente comune. Nell&#8217;opera di <strong>Steiner<\/strong> ci sono anche molte intuizioni e indicazioni testabili e anche &#8220;semi-testabili&#8221;. Ci sono affermazioni che si possono riconoscere immediatamente dalla propria esperienza, altre che non si sono sperimentate ma che possono avere un senso e possono essere considerate almeno come possibilit\u00e0, e poi ci sono affermazioni pi\u00f9 bizzarre, che potrebbero sembrare incredibili, finch\u00e9 non si riconosce che molte affermazioni bizzarre di altre persone sono state dimostrate corrette in passato. C&#8217;\u00e8 stata la &#8220;bizzarra&#8221; affermazione di <strong>Steiner<\/strong> del 13 gennaio 1923 (vedi <i data-dl-uid=\"343\" data-dl-original=\"true\" data-dl-translated=\"true\">Salute e malattia,<\/i> volume 2) secondo cui se gli agricoltori avessero iniziato a dare da mangiare animali morti al bestiame, il bestiame avrebbe iniziato a &#8220;impazzire&#8221;! Questa affermazione si \u00e8 dimostrata vera nella crisi della &#8220;mucca pazza&#8221;degli anni &#8217;90.<\/p>\n<p data-dl-uid=\"344\" data-dl-original=\"true\" data-dl-translated=\"true\"><strong>Greenaway<\/strong> sostiene poi che nella sua esperienza ogni &#8220;aficionado di Steiner&#8221; \u00e8 un devoto cieco che crede a tutto ci\u00f2 che <strong>Steiner<\/strong> ha detto.\u00a0<i data-dl-uid=\"345\" data-dl-original=\"true\" data-dl-translated=\"true\">&#8220;Una tale devozione cieca costituisce una teocrazia, l&#8217;opposto della scienza in ogni senso significativo della parola&#8221;.\u00a0<\/i>La devozione, dice, non pu\u00f2 &#8220;costituire una teocrazia&#8221;: la devozione, per\u00f2, \u00e8 un sentimento; la &#8220;teocrazia&#8221; \u00e8 un sistema di governo. La devozione pu\u00f2 essere\u00a0<i data-dl-uid=\"346\" data-dl-original=\"true\" data-dl-translated=\"true\">utile<\/i>\u00a0a una teocrazia, ma non si pu\u00f2 dire che la costituisca, cio\u00e8 che sia tale. Una teocrazia \u00e8 l&#8217;opposto della scienza, dice <strong>Greenaway<\/strong>, ma nella teocrazia dell&#8217;antico Egitto, chi erano gli uomini di scienza, gli uomini di conoscenza? Il sacerdozio! Qualcosa di simile era ritenuto vero nell&#8217;Europa medievale. E chi sono i cardinali di oggi, che costituiscono l&#8217;odierna teocrazia, se non gli scienziati che i media esortano costantemente ad ammirare? A chi si sono attenuti i politici dei governi di tutto il mondo quando hanno imposto i loro controlli totalitari sulle popolazioni nel 2020-2022? Quelle degli &#8220;scienziati&#8221;, la cui scienza all&#8217;epoca si rivel\u00f2 avere i piedi d&#8217;argilla.<\/p>\n<h2 data-dl-uid=\"347\" data-dl-original=\"true\" data-dl-translated=\"true\"><b data-dl-uid=\"348\" data-dl-original=\"true\" data-dl-translated=\"true\">Scienza?<\/b><\/h2>\n<p data-dl-uid=\"349\" data-dl-original=\"true\" data-dl-translated=\"true\">Qui arriviamo al nocciolo della critica di <strong>Greenaway<\/strong> all&#8217;antroposofia e all&#8217;opera di <strong>Steiner<\/strong>, cio\u00e8 che non \u00e8 &#8220;scienza&#8221;. La sua affermazione sui devoti ciechi si basa solo sulla sua esperienza personale. Ho incontrato molte migliaia di persone nei miei 42 anni di esperienza con l&#8217;antroposofia e ho certamente incontrato alcuni devoti ciechi, ma ne ho incontrati molti altri che erano l&#8217;opposto, che si sforzavano di pensare con la propria testa e molti che mettevano in discussione ci\u00f2 che <strong>Steiner<\/strong> diceva. Ho anche incontrato, visto, testimoniato o letto devoti ciechi nelle universit\u00e0, nel mondo accademico, nella &#8220;scienza&#8221;. Il mondo stesso della &#8220;scienza&#8221; accademica \u00e8 costruito sull&#8217;autorit\u00e0; non dovrebbe esserlo, ma \u00e8 cos\u00ec. La maggior parte del progresso scientifico \u00e8 stato fermato o bloccato quando le autorit\u00e0 scientifiche hanno bloccato il lavoro e la ricerca dei pochi coraggiosi che osavano mettere in discussione. Lo abbiamo visto ancora una volta durante gli anni del COVID-19.<\/p>\n<figure id=\"attachment_75531\" aria-describedby=\"caption-attachment-75531\" style=\"width: 394px\" class=\"wp-caption alignleft\"><a href=\"https:\/\/edizioniartemis.it\/product\/il-goetheanum-limpulso-di-rudolf-steiner-nellarchitettura\/ref\/3\/\" target=\"_blank\" rel=\"noopener\"><img loading=\"lazy\" decoding=\"async\" class=\"wp-image-75531\" src=\"https:\/\/www.liberopensare.com\/wp-content\/uploads\/2023\/12\/goethe-scaled-2-236x300.jpeg\" alt=\"\" width=\"394\" height=\"501\" srcset=\"https:\/\/www.liberopensare.com\/wp-content\/uploads\/2023\/12\/goethe-scaled-2-236x300.jpeg 236w, https:\/\/www.liberopensare.com\/wp-content\/uploads\/2023\/12\/goethe-scaled-2-807x1024.jpeg 807w, https:\/\/www.liberopensare.com\/wp-content\/uploads\/2023\/12\/goethe-scaled-2-768x974.jpeg 768w, https:\/\/www.liberopensare.com\/wp-content\/uploads\/2023\/12\/goethe-scaled-2-1211x1536.jpeg 1211w, https:\/\/www.liberopensare.com\/wp-content\/uploads\/2023\/12\/goethe-scaled-2-1614x2048.jpeg 1614w, https:\/\/www.liberopensare.com\/wp-content\/uploads\/2023\/12\/goethe-scaled-2-9x12.jpeg 9w, https:\/\/www.liberopensare.com\/wp-content\/uploads\/2023\/12\/goethe-scaled-2-1320x1675.jpeg 1320w, https:\/\/www.liberopensare.com\/wp-content\/uploads\/2023\/12\/goethe-scaled-2.jpeg 2018w\" sizes=\"(max-width: 394px) 100vw, 394px\" \/><\/a><figcaption id=\"caption-attachment-75531\" class=\"wp-caption-text\"><a href=\"https:\/\/edizioniartemis.it\/product\/il-goetheanum-limpulso-di-rudolf-steiner-nellarchitettura\/ref\/3\/\" target=\"_blank\" rel=\"noopener\"><strong>CLICCA QUI PER ACQUISTARLO<\/strong><\/a><\/figcaption><\/figure>\n<p data-dl-uid=\"349\" data-dl-original=\"true\" data-dl-translated=\"true\">Il progresso nella scienza, in ogni cosa in realt\u00e0, \u00e8 venuto molto spesso dalla periferia, non cos\u00ec spesso dal centro. <strong>Greenaway<\/strong> usa la parola &#8220;teocrazia&#8221; in modo errato: La &#8220;teocrazia&#8221;, come sistema di governo, appartiene al mondo della politica e della societ\u00e0, non alla scienza. Solo negli ultimi due anni di vita, nel 1923, <strong>Steiner<\/strong> assunse la guida della Societ\u00e0 antroposofica, dopo che il notevole edificio che aveva impiegato 10 anni a costruire era stato distrutto da un piromane influenzato da un prete cattolico locale e la Societ\u00e0 antroposofica, fondata 10 anni prima, era entrata in crisi anche a causa della dilagante iperinflazione di quell&#8217;anno 1923.<\/p>\n<p data-dl-uid=\"350\" data-dl-original=\"true\" data-dl-translated=\"true\">Dimenticando gli abomini che sono avvenuti in nome della &#8220;scienza&#8221; negli anni del COVID, quando il mondo intero potrebbe essere descritto come &#8220;sullo spettro delle sette&#8221;, <strong>Greenaway<\/strong> dichiara che l&#8217;antroposofia \u00e8 una teocrazia e che, sebbene &#8220;una teocrazia non sia necessariamente una setta&#8221;, l&#8217;antroposofia \u00e8 &#8220;sullo spettro delle sette&#8221;.<\/p>\n<p data-dl-uid=\"350\" data-dl-original=\"true\" data-dl-translated=\"true\">Tuttavia, egli continua ad ammettere che il movimento antroposofico non \u00e8 in realt\u00e0 un &#8220;culto&#8221; e ammette persino a malincuore, pur senza fornire dettagli, che i suoi &#8220;<em>draw-down<\/em>&#8221; pratici (il suo termine) <em>&#8220;possono essere utili alla comunit\u00e0 pi\u00f9 ampia&#8221;<\/em>, ma insiste ancora una volta sul fatto che la <em>&#8220;cornucopia di idee dell&#8217;antroposofia&#8230; si aggiunge a malapena alla &#8220;scienza spirituale&#8221;&#8221;<\/em>. Evidentemente pensa che la &#8220;scienza spirituale&#8221; debba essere uguale alla &#8220;scienza naturale&#8221;. Ma non \u00e8 affatto cos\u00ec. Ci\u00f2 che le due cose hanno in comune \u00e8 l&#8217;osservazione e il tentativo di pensare in modo chiaro e preciso. Tuttavia, la scienza naturale da <strong>Francesco Bacone<\/strong> in poi ha proceduto per ipotesi e induzione, dal particolare al tutto; la scienza spirituale procede per visione e deduzione, dal tutto al particolare.<\/p>\n<p data-dl-uid=\"351\" data-dl-original=\"true\" data-dl-translated=\"true\"><strong>Greenaway<\/strong> si chiede ora se la scienza spirituale (l&#8217;antroposofia) sia &#8220;provata&#8221; dalle attivit\u00e0 pratiche dell&#8217;antroposofia (ad esempio l&#8217;agricoltura biodinamica, la viticoltura e la sanit\u00e0). Le prove sono contrastanti, dice: i prodotti antroposofici (ad esempio il vino, i prodotti agricoli biodinamici)<\/p>\n<blockquote>\n<p data-dl-uid=\"351\" data-dl-original=\"true\" data-dl-translated=\"true\"><i data-dl-uid=\"352\" data-dl-original=\"true\" data-dl-translated=\"true\">&#8220;si confrontano bene con altri prodotti analoghi, anche se la devozione applicata nella loro produzione rende virtualmente impossibile un confronto scientifico<\/i>&#8220;<\/p>\n<\/blockquote>\n<p data-dl-uid=\"351\" data-dl-original=\"true\" data-dl-translated=\"true\">cosa significa quest&#8217;ultima parte? Che non ci si deve impegnare per la qualit\u00e0? Che non ci si deve impegnare per ottenere prodotti di qualit\u00e0? O i prodotti sono gustosi, sani o efficaci, o non lo sono.<\/p>\n<p data-dl-uid=\"353\" data-dl-original=\"true\" data-dl-translated=\"true\">Riconosce che l&#8217;Associazione Medica Britannica ha un <em>&#8220;atteggiamento generalmente sprezzante&#8221;<\/em> e &#8220;<em>ottuso<\/em>&#8221; nei confronti di rimedi alternativi come le medicine omeopatiche e antroposofiche, ma ha continuato a usarle <em>&#8220;per oltre quarant&#8217;anni&#8221;<\/em> anche se\u00a0<i data-dl-uid=\"354\" data-dl-original=\"true\" data-dl-translated=\"true\">&#8220;la loro verifica oggettiva \u00e8 virtualmente impossibile&#8221; &#8220;poich\u00e9 non esiste una metodologia comune concordata&#8221;<\/i>. Ma il punto \u00e8: se funzionano, allora sicuramente dovrebbero essere usati. I rimedi antroposofici sono stati usati per cento anni e i pazienti continuano a usarli. Si pu\u00f2 solo dire che se non funzionano, tutti quei clienti devono essere degli sciocchi. Le persone devono aver avuto successo con loro, altrimenti la medicina antroposofica sarebbe appassita molti decenni fa.<\/p>\n<h2 data-dl-uid=\"355\" data-dl-original=\"true\" data-dl-translated=\"true\"><b data-dl-uid=\"356\" data-dl-original=\"true\" data-dl-translated=\"true\">Camphill<\/b><\/h2>\n<p data-dl-uid=\"357\" data-dl-original=\"true\" data-dl-translated=\"true\">Ora <strong>Greenaway<\/strong> arriva a un&#8217;importante emanazione istituzionale dell&#8217;antroposofia: le <em>Comunit\u00e0 Camphill<\/em> (per persone con bisogni speciali), fondate dal dottor <strong>Karl K\u00f6nig<\/strong> nel 1939 vicino ad Aberdeen, in Scozia. Esistono oltre 100 di queste comunit\u00e0 in pi\u00f9 di 20 Paesi. Il Movimento Camphill, dice <strong>Greenaway<\/strong>,<\/p>\n<blockquote>\n<p data-dl-uid=\"357\" data-dl-original=\"true\" data-dl-translated=\"true\"><i data-dl-uid=\"358\" data-dl-original=\"true\" data-dl-translated=\"true\">&#8220;ha avuto un notevole successo grazie all&#8217;offerta di un&#8217;educazione curativa in un ambiente di sostegno per i membri mentalmente meno abili&#8221;,<\/i><\/p>\n<\/blockquote>\n<p data-dl-uid=\"357\" data-dl-original=\"true\" data-dl-translated=\"true\">soprattutto in relazione all&#8217;autismo infantile. Ma, come di consueto, non approfondisce questo aspetto e preferisce concentrarsi sugli aspetti negativi: l&#8217;esaurimento dei membri del personale e i casi di bullismo, che ha sperimentato in due comunit\u00e0 Camphill, dove ha lavorato, va detto, non per molto tempo, e riconosce di non aver ricevuto una formazione Camphill quando lavorava l\u00ec. La sua mancanza di formazione nell&#8217;etica Camphill potrebbe spiegare la sua mancanza di simpatia per lo <em>&#8220;stile di vita della comunit\u00e0 del villaggio&#8221;<\/em>, che egli considera un&#8217;eccessiva <em>&#8220;frenesia&#8221;<\/em>. Riconosce anche, <em>&#8220;a titolo di attenuante&#8221;<\/em>, che nella sua esperienza il bullismo a cui ha assistito era <em>&#8220;tra personale e personale, mai tra personale e membri vulnerabili&#8221;.<\/em><\/p>\n<figure id=\"attachment_75642\" aria-describedby=\"caption-attachment-75642\" style=\"width: 370px\" class=\"wp-caption alignright\"><a href=\"https:\/\/www.ilgiardinodeilibri.it\/libri\/__educazione-comunita-camphill.php?id=24326&amp;pn=4507\" target=\"_blank\" rel=\"noopener\"><img loading=\"lazy\" decoding=\"async\" class=\"wp-image-75642\" src=\"https:\/\/www.liberopensare.com\/wp-content\/uploads\/2024\/01\/educazione-comunita-camphill.jpeg\" alt=\"\" width=\"370\" height=\"496\" srcset=\"https:\/\/www.liberopensare.com\/wp-content\/uploads\/2024\/01\/educazione-comunita-camphill.jpeg 200w, https:\/\/www.liberopensare.com\/wp-content\/uploads\/2024\/01\/educazione-comunita-camphill-9x12.jpeg 9w\" sizes=\"(max-width: 370px) 100vw, 370px\" \/><\/a><figcaption id=\"caption-attachment-75642\" class=\"wp-caption-text\"><a href=\"https:\/\/www.ilgiardinodeilibri.it\/libri\/__educazione-comunita-camphill.php?id=24326&amp;pn=4507\" target=\"_blank\" rel=\"noopener\"><strong>CLICCA QUI PER ACQUISTARLO<\/strong><\/a><\/figcaption><\/figure>\n<p data-dl-uid=\"359\" data-dl-original=\"true\" data-dl-translated=\"true\">Tralascer\u00f2 di discutere ulteriormente il giudizio negativo di <strong>Greenaway<\/strong> su Camphill, che \u00e8 di gran lunga la sezione pi\u00f9 lunga di tutto l&#8217;articolo, perch\u00e9 gran parte di esso \u00e8 costituito dalle sue lamentele nei confronti di un particolare individuo sotto il quale ha lavorato, un&#8217;esperienza personale in cui ha ovviamente sofferto molto. I casi di bullismo o di altri comportamenti scorretti in qualsiasi istituzione dovrebbero essere riconosciuti e affrontati. Tuttavia, generalizzare negativamente su un&#8217;intera istituzione sulla base del proprio risentimento o antipatia nei confronti di un singolo individuo e poi generalizzare ulteriormente che i propri giudizi negativi su\u00a0<i data-dl-uid=\"360\" data-dl-original=\"true\" data-dl-translated=\"true\">quell&#8217;unica istituzione antroposofica<\/i>\u00a0in qualche modo &#8220;dimostrano&#8221; che <strong>Rudolf Steiner<\/strong> o l&#8217;<i data-dl-uid=\"361\" data-dl-original=\"true\" data-dl-translated=\"true\">Antroposofia nel suo complesso<\/i>\u00a0sono colpevoli \u00e8, a parere di chi scrive, davvero un giudizio sbagliato.<\/p>\n<p data-dl-uid=\"359\" data-dl-original=\"true\" data-dl-translated=\"true\">In qualsiasi istituzione, comprese le chiese e le istituzioni scientifiche, si possono incontrare persone sgradevoli, dominanti o addirittura prepotenti. Solo perch\u00e9 un individuo all&#8217;interno di un movimento spirituale o di un&#8217;istituzione non ha chiaramente interiorizzato a sufficienza (o addirittura non ha interiorizzato affatto) gli insegnamenti di quel movimento, non significa che quel movimento debba essere condannato\u00a0<i data-dl-uid=\"362\" data-dl-original=\"true\" data-dl-translated=\"true\">in toto<\/i>. <em>&#8220;Dai loro frutti li riconoscerete&#8221;<\/em> &#8211; \u00e8 giusto, ma perch\u00e9 questa critica sia valida in questo caso, <strong>Greenaway<\/strong> avrebbe dovuto lavorare in un certo numero di comunit\u00e0 Camphill in tutto il mondo, o avere una conoscenza dettagliata di persone che lo hanno fatto per un lungo periodo di tempo; in alternativa, in mancanza di tale esperienza personale, avrebbe dovuto condurre un&#8217;indagine sistematica di tali istituzioni in vari paesi per un periodo considerevole, al fine di sostenere una critica pubblica o un&#8217;accusa contro Camphill o l&#8217;Antroposofia nel suo complesso. Questo sarebbe sicuramente pi\u00f9 in linea con un approccio &#8220;scientifico&#8221;. Invece, <strong>Greenaway<\/strong> ha scelto di presentare solo la sua esperienza personale e i suoi aneddoti, in cui sembra essere mescolato un ceppo di antipatie personali di lunga data verso un particolare individuo.<\/p>\n<p data-dl-uid=\"363\" data-dl-original=\"true\" data-dl-translated=\"true\"><strong>Greenaway<\/strong> sembra essere consapevole della sua mancanza di una posizione &#8220;scientifica&#8221;, perch\u00e9 poi fa riferimento ad <em>&#8220;alcune ricerche&#8221;<\/em> (non dettagliate) di un <em>&#8220;analista junghiano&#8221;<\/em>, <strong>Kevin O&#8217;Dowd<\/strong>, all&#8217;inizio degli anni &#8217;70 (50 anni fa!) <em>&#8220;sull&#8217;efficacia degli ashram occidentali&#8221;.<\/em> Non dice se le comunit\u00e0 o le istituzioni antroposofiche fossero incluse in questa ricerca. Le conclusioni di <strong>O&#8217;Dowd<\/strong> furono che<\/p>\n<blockquote>\n<p data-dl-uid=\"363\" data-dl-original=\"true\" data-dl-translated=\"true\"><i data-dl-uid=\"364\" data-dl-original=\"true\" data-dl-translated=\"true\">&#8220;in tutti i casi da lui indagati, queste strutture alla fine si devolvevano in due gruppi di persone che avevano bisogno l&#8217;una dell&#8217;altra in una relazione simbiotica. Questi due gruppi erano: 1. persone che avevano bisogno di dominare e 2. persone che avevano bisogno di essere dominate&#8221;,\u00a0<\/i><\/p>\n<\/blockquote>\n<p data-dl-uid=\"363\" data-dl-original=\"true\" data-dl-translated=\"true\">e <strong>Greenaway<\/strong> dichiara poi che<\/p>\n<blockquote>\n<p data-dl-uid=\"363\" data-dl-original=\"true\" data-dl-translated=\"true\"><i data-dl-uid=\"365\" data-dl-original=\"true\" data-dl-translated=\"true\">&#8220;il personale formato da Camphill&#8230; sembrava corrispondere a questo studio nelle due comunit\u00e0 Camphill in cui ho lavorato durante gli anni &#8217;70. Le persone che non rientravano in questa dicotomia tendevano ad andarsene&#8221;.<\/i><\/p>\n<\/blockquote>\n<p data-dl-uid=\"363\" data-dl-original=\"true\" data-dl-translated=\"true\">Non ci dice quanti collaboratori formati da Camphill <em>&#8220;sembravano corrispondere allo studio&#8221;<\/em> e quanti di quelli <em>&#8220;che non corrispondevano alla dicotomia tendevano ad andarsene&#8221;.<\/em><\/p>\n<p data-dl-uid=\"366\" data-dl-original=\"true\" data-dl-translated=\"true\">Questa \u00e8 la portata della <em>&#8220;prova scientifica&#8221;<\/em> del <em>&#8220;lato negativo&#8221;<\/em> dei Camphill offerta da un uomo che ha scelto di attaccare l&#8217;antroposofia e <strong>Rudolf Steiner<\/strong> sulla base del fatto che non sono &#8220;<em>scientifici<\/em>&#8220;.<\/p>\n<h2 data-dl-uid=\"367\" data-dl-original=\"true\" data-dl-translated=\"true\"><b data-dl-uid=\"368\" data-dl-original=\"true\" data-dl-translated=\"true\">Pregiudizio?<\/b><\/h2>\n<p data-dl-uid=\"369\" data-dl-original=\"true\" data-dl-translated=\"true\">Forse perch\u00e9 il suo attacco non aveva un sufficiente supporto &#8220;scientifico&#8221;, nella parte finale della sua argomentazione, <strong>Greenaway<\/strong>, nella sezione &#8211; molto appropriatamente &#8211; intitolata\u00a0<em>Pregiudizio?<\/em>\u00a0si rivolge a un articolo scritto congiuntamente da <strong>Peter Zegers<\/strong>, un libraio di Amsterdam, e dall&#8217;accademico americano di sinistra <strong>Peter Staudenmaier<\/strong> &#8211; non esattamente uno studioso imparziale ed equilibrato.<\/p>\n<p><img loading=\"lazy\" decoding=\"async\" class=\"alignleft\" src=\"https:\/\/external-content.duckduckgo.com\/iu\/?u=https%3A%2F%2Fi.ytimg.com%2Fvi%2FpSRraeCnCSQ%2Fmaxresdefault.jpg&amp;f=1&amp;nofb=1&amp;ipt=c546f66710e4f312466d69fb2be6a9da2e69d36dcae7701532b0e202f68f43de&amp;ipo=images\" alt=\"Peter Staudenmaier: From Fascist Italy to the Alt-Right: J. Evola and ...\" width=\"461\" height=\"259\" \/><\/p>\n<p data-dl-uid=\"374\" data-dl-original=\"true\" data-dl-translated=\"true\"><strong>Staudenmaier<\/strong> (nella foto a sinistra), anarchico di sinistra e radicale verde, professore alla privata <em>Marquette University<\/em> di Milwaukee, una delle pi\u00f9 grandi universit\u00e0 gesuite degli Stati Uniti, \u00e8 un &#8220;pugile&#8221; accademico che ha passato gran parte della sua carriera a cercare di infangare <strong>Steiner<\/strong> con il pennello del razzismo e dell&#8217;antisemitismo. <strong>Greenaway<\/strong> non riconosce in alcun modo questi aspetti del background di <strong>Staudenmaier<\/strong>; fa invece riferimento all&#8217;<em>&#8220;articolo accuratamente referenziato&#8221;<\/em> (cio\u00e8 con molte note a pi\u00e8 di pagina), che solleva la questione del razzismo. Non \u00e8 questa la sede per entrare in una discussione dettagliata su <strong>Staudenmaier<\/strong> e sui suoi metodi &#8220;accademici&#8221;<a href=\"https:\/\/threeman.org\/?p=3147#_msocom_2\" data-dl-uid=\"371\" data-dl-original=\"true\" data-dl-translated=\"true\" target=\"_blank\" rel=\"noopener\">[TB2]<\/a>\u00a0&#8211; ci\u00f2 \u00e8 stato fatto altrove, ma due punti dovrebbero essere chiariti molto bene. In primo luogo, <strong>Staudenmaier<\/strong> afferma spesso di essere aperto e onesto nel suo approccio al dibattito e all&#8217;antroposofia, ma spesso cita cose fuori contesto o non fornisce alcun contesto. In secondo luogo, \u00e8 cos\u00ec determinato a dimostrare che specifiche osservazioni di <strong>Steiner<\/strong> erano razziste e\/o antisemite che non riesce a guardare a <strong>Steiner<\/strong> nella sua interezza. Per essere uno che ha scritto molto sull&#8217;<i data-dl-uid=\"372\" data-dl-original=\"true\" data-dl-translated=\"true\">ecofascismo<\/i>, non presta molta attenzione al contesto\u00a0<i data-dl-uid=\"373\" data-dl-original=\"true\" data-dl-translated=\"true\">olistico<\/i>\u00a0della biografia di <strong>Rudolf Steiner<\/strong> e quindi non vede che quell&#8217;individuo in particolare non poteva essere quello che chiamiamo un &#8220;razzista&#8221; o un &#8220;antisemita&#8221; che vedeva i bianchi come intrinsecamente superiori alle altre razze a causa del colore della loro pelle. In effetti, nessuno che abbia un punto di vista genuinamente cristiano e che consideri vera la reincarnazione, come <strong>Steiner<\/strong>, potrebbe avere questa opinione.<\/p>\n<p data-dl-uid=\"374\" data-dl-original=\"true\" data-dl-translated=\"true\">Dopo le accuse di razzismo da parte di <strong>Staudenmaier<\/strong> e <strong>Zegers, Greenaway<\/strong> fornisce le proprie e fa riferimento a una conferenza (13.12.1922<a href=\"https:\/\/threeman.org\/?p=3147#_msocom_3\" data-dl-uid=\"375\" data-dl-original=\"true\" data-dl-translated=\"true\" target=\"_blank\" rel=\"noopener\">[TB3]<\/a>\u00a0) in un ciclo intitolato\u00a0<i data-dl-uid=\"376\" data-dl-original=\"true\" data-dl-translated=\"true\">Salute e malattia\u00a0<\/i>in cui, senza alcun contesto, cita <strong>Steiner<\/strong> dicendo semplicemente &#8220;I <i data-dl-uid=\"377\" data-dl-original=\"true\" data-dl-translated=\"true\">capelli biondi conferiscono intelligenza<\/i>&#8220;. In superficie, questa sembra certamente una delle affermazioni pi\u00f9 bizzarre di <strong>Steiner<\/strong>, ma qual \u00e8 il contesto? Prima della conferenza, a <strong>Steiner<\/strong> era stato chiesto perch\u00e9 le persone con i capelli biondi fossero sempre pi\u00f9 rare. <strong>Greenaway<\/strong> sostiene che l&#8217;argomentazione di <strong>Steiner<\/strong><\/p>\n<blockquote>\n<p data-dl-uid=\"374\" data-dl-original=\"true\" data-dl-translated=\"true\"><i data-dl-uid=\"378\" data-dl-original=\"true\" data-dl-translated=\"true\">&#8220;discende da premesse o asserzioni che possono essere viste solo da <strong>Steiner<\/strong>, spesso nebulose, e alcune delle quali devono suonare ai non devoti come pura assurdit\u00e0&#8221;.<\/i><\/p>\n<\/blockquote>\n<p data-dl-uid=\"374\" data-dl-original=\"true\" data-dl-translated=\"true\">In realt\u00e0, per\u00f2, <strong>Steiner<\/strong> descrive prima\u00a0<i data-dl-uid=\"379\" data-dl-original=\"true\" data-dl-translated=\"true\">gli occhi<\/i>\u00a0in modo dettagliato e del tutto naturale e scientifico. Inizia notando il legame tra capelli biondi e occhi azzurri e prosegue parlando dei diversi modi in cui le sostanze alimentari penetrano nella testa delle persone: solo fino al cervello (i biondi) o fino ai capelli e agli occhi (le persone con i capelli e gli occhi scuri). Da qui sviluppa un&#8217;argomentazione per dimostrare che, nel contesto pi\u00f9 ampio di un pianeta che invecchia, le persone con i capelli biondi e chiari si stanno gradualmente estinguendo pi\u00f9 velocemente di quelle con i capelli scuri e perch\u00e9\u00a0<i data-dl-uid=\"380\" data-dl-original=\"true\" data-dl-translated=\"true\">\u00e8 vitale per la razza umana sviluppare nuove fonti di intelligenza e saggezza che non siano basate sul corpo fisico, come lo erano nell&#8217;antichit\u00e0 in tutto il mondo.<\/i>\u00a0Si tratta di una discussione complessa e sofisticata, troppo lunga per essere ripetuta in questa sede, che <strong>Greenaway<\/strong> ignora completamente con la sua semplicistica citazione di una frase.<\/p>\n<p data-dl-uid=\"381\" data-dl-original=\"true\" data-dl-translated=\"true\">Per quanto riguarda la questione del razzismo, <strong>Greenaway<\/strong> cita almeno &#8211; anche se \u00e8 nascosto nelle sue note a pi\u00e8 di pagina &#8211;\u00a0<i data-dl-uid=\"382\" data-dl-original=\"true\" data-dl-translated=\"true\">A Refutation of the Allegation of Racism against Rudolf Steiner<\/i>\u00a0di <strong>Richard House<\/strong>, un insegnante steineriano Waldorf, nella rivista <i data-dl-uid=\"383\" data-dl-original=\"true\" data-dl-translated=\"true\">New View\u00a0<\/i>, (numero 68, estate 2013) e cita da <strong>House<\/strong> che:<\/p>\n<blockquote>\n<p data-dl-uid=\"381\" data-dl-original=\"true\" data-dl-translated=\"true\"><i data-dl-uid=\"384\" data-dl-original=\"true\" data-dl-translated=\"true\">&#8220;chiunque nutra il minimo dubbio sul presunto razzismo di Steiner dovrebbe effettivamente visitare una scuola steineriana [&#8230;] o una comunit\u00e0 Camphill, o una fattoria biodinamica, o una qualsiasi azienda di ispirazione antroposofica [&#8230;] e giungere alle [proprie] conclusioni informate&#8221;.<\/i><\/p>\n<\/blockquote>\n<p data-dl-uid=\"385\" data-dl-original=\"true\" data-dl-translated=\"true\">Dopo essersi appoggiato alle antipatie di <strong>Staudenmaier<\/strong> e <strong>Zegers, Greenaway<\/strong> propone brevemente tre punti che riassumono un articolo pubblicato sul sito web anti-Antroposofia <em>PLANS<\/em>, gestito dal veterano della campagna anti-Waldorf <strong>Dan Dugan<\/strong> in California. L&#8217;articolo \u00e8 una lunga e prolungata diatriba contro <strong>Steiner<\/strong> e l&#8217;antroposofia in generale e l&#8217;educazione Waldorf (alias &#8220;scuole steineriane&#8221;) in particolare da parte di un genitore americano, <strong>Sharon Lombard<\/strong>, originario dell&#8217;Africa meridionale, la cui famiglia ha chiaramente avuto un&#8217;esperienza negativa quando il figlio ha frequentato una scuola Waldorf negli Stati Uniti. Il testo contiene molte inesattezze e si basa anche sul discorso razzista e assolutamente di parte di <strong>Peter Staudenmaier<\/strong>. La prima parte \u00e8 un vero e proprio attacco a <strong>Steiner<\/strong> e all&#8217;antroposofia; la seconda parte descrive l&#8217;esperienza della sua famiglia nella scuola.<\/p>\n<p data-dl-uid=\"385\" data-dl-original=\"true\" data-dl-translated=\"true\">Vorrei fare solo due osservazioni su due cose che avrebbero dovuto accadere <i data-dl-uid=\"386\" data-dl-original=\"true\" data-dl-translated=\"true\">prima che<\/i> il figlio dei <strong>Lombard<\/strong> entrasse nella scuola:<\/p>\n<p data-dl-uid=\"385\" data-dl-original=\"true\" data-dl-translated=\"true\">1) La scuola avrebbe dovuto rendere assolutamente chiaro ai genitori il fondamento antroposofico del suo approccio educativo. La lettera dei genitori alla scuola, quando in seguito hanno ritirato il figlio, dimostra che la scuola non l&#8217;ha fatto.<\/p>\n<p data-dl-uid=\"385\" data-dl-original=\"true\" data-dl-translated=\"true\">2) I <strong>Lombard<\/strong> avrebbero dovuto informarsi a fondo sull&#8217;educazione Waldorf prima di scegliere di iscrivere il proprio figlio alla scuola. L&#8217;articolo di <strong>Sharon Lombard<\/strong> chiarisce molto bene che i genitori non l&#8217;hanno fatto.<\/p>\n<p data-dl-uid=\"385\" data-dl-original=\"true\" data-dl-translated=\"true\">Non c&#8217;\u00e8 spazio per approfondire l&#8217;articolo di <strong>Lombard<\/strong>; \u00e8 molto pi\u00f9 dettagliato di quello di <strong>Greenaway<\/strong> e contiene molti pi\u00f9 punti di interesse rispetto al suo, ma anche molte pi\u00f9 imprecisioni e falsit\u00e0. Molti genitori hanno avuto esperienze infelici in diversi tipi di scuole, private o statali. Allo stesso modo, innumerevoli genitori e bambini in tutto il mondo hanno avuto esperienze molto positive nelle scuole steineriane nei 104 anni della loro esistenza.<\/p>\n<p data-dl-uid=\"387\" data-dl-original=\"true\" data-dl-translated=\"true\">Infine, <strong>Greenaway<\/strong> giunge alla sua insincera conclusione, in cui si permette di dire che <em>&#8220;ci sono aspetti lodevoli dell&#8217;eredit\u00e0 steineriana, aspetti della sua formazione scolastica&#8221;<\/em>, ma niente di pi\u00f9; non ha menzionato quali siano questi <em>&#8220;aspetti lodevoli&#8221;<\/em> nel suo articolo, che \u00e8 stato quasi interamente un attacco unilaterale a <strong>Steiner<\/strong> e all&#8217;antroposofia. Nel breve paragrafo conclusivo, l&#8217;autore lancia altre frecciate ai\u00a0<i data-dl-uid=\"388\" data-dl-original=\"true\" data-dl-translated=\"true\">&#8220;ciechi&#8221;, ai &#8220;fedeli seguaci inibiti dal loro atteggiamento totalista nei confronti delle parole del Maestro&#8221;<\/i>\u00a0e contrappone la\u00a0<i data-dl-uid=\"389\" data-dl-original=\"true\" data-dl-translated=\"true\">&#8220;scienza provata (o almeno plausibile)&#8221;<\/i>\u00a0alle\u00a0<i data-dl-uid=\"390\" data-dl-original=\"true\" data-dl-translated=\"true\">&#8220;congetture gonfiate e pretenziose, che si trovano entrambe in abbondanza nell&#8217;opera di <strong>Steiner<\/strong>&#8220;.<\/i><\/p>\n<p data-dl-uid=\"387\" data-dl-original=\"true\" data-dl-translated=\"true\">Ammette quindi che alcune &#8220;scienze&#8221; sono solo &#8220;plausibili&#8221;, ma non estende questa plausibilit\u00e0 a ci\u00f2 che <strong>Steiner<\/strong> ha da dire. Quest&#8217;uomo, la cui esperienza dell&#8217;antroposofia e delle sue istituzioni, come emerge dal suo articolo, si basa in gran parte sugli anni &#8217;70 (!), dimostra di non essere aggiornato sugli ultimi sviluppi quando scrive che<\/p>\n<blockquote>\n<p data-dl-uid=\"387\" data-dl-original=\"true\" data-dl-translated=\"true\"><em>&#8220;all&#8217;interno della nuova struttura\u00a0<a href=\"https:\/\/www.ukcolumn.org\/article\/academies-are-answer-what-was-question\" data-dl-uid=\"391\" data-dl-original=\"true\" data-dl-translated=\"true\" target=\"_blank\" rel=\"noopener\">Academy\/Free Schools<\/a>\u00a0nel Regno Unito, tre scuole basate su <strong>Steiner<\/strong> sono state in grado di aprire come Free Schools&#8221;<\/em>.<\/p>\n<\/blockquote>\n<p data-dl-uid=\"387\" data-dl-original=\"true\" data-dl-translated=\"true\">In realt\u00e0, all&#8217;inizio del 2019 esistevano\u00a0<i data-dl-uid=\"392\" data-dl-original=\"true\" data-dl-translated=\"true\">quattro<\/i>\u00a0<i data-dl-uid=\"393\" data-dl-original=\"true\" data-dl-translated=\"true\">Accademie s<\/i>teineriane sostenute dallo Stato, ma nello stesso anno tre delle quattro (Exeter, Bristol, Frome) sono state giudicate inadeguate dall&#8217;Ofsted, quindi sono state chiuse e consegnate all&#8217;<em>Avanti Schools Trust<\/em>, che opera sotto la <em>I-Foundation<\/em>, l&#8217;autorit\u00e0 religiosa che governa le scuole <em>Avanti<\/em>. La <em>I-Foundation<\/em> fa parte dell&#8217;<em>ISKCON (International Society for Krishna Consciousness, il movimento Hare Krishna)<\/em>. Nel 2023, una delle tre ex Accademie steineriane (Exeter) \u00e8 stata trasferita dall&#8217;<em>Avanti Academy Trust<\/em> al <em>Reach South Academy Trust<\/em>. Questo campione dello spirito libero ed ex burocrate statale termina il suo articolo chiedendo una maggiore &#8220;indagine informata&#8221; da parte dello Stato:<\/p>\n<blockquote>\n<p data-dl-uid=\"387\" data-dl-original=\"true\" data-dl-translated=\"true\"><i data-dl-uid=\"394\" data-dl-original=\"true\" data-dl-translated=\"true\">&#8220;La dovuta attenzione critica deve&#8230; essere applicata dall&#8217;esterno, in particolare sotto forma di sondaggio informato da parte delle autorit\u00e0 di regolamentazione appropriate&#8221;.<\/i><\/p>\n<\/blockquote>\n<h2 data-dl-uid=\"395\" data-dl-original=\"true\" data-dl-translated=\"true\"><b data-dl-uid=\"396\" data-dl-original=\"true\" data-dl-translated=\"true\">Conclusione<\/b><\/h2>\n<p data-dl-uid=\"397\" data-dl-original=\"true\" data-dl-translated=\"true\"><strong>Greenaway<\/strong> ha ben poco di positivo da dire su <strong>Steiner<\/strong> e sull&#8217;antroposofia, al di l\u00e0 di alcune osservazioni di circostanza fatte forse per dare l&#8217;impressione di un punto di vista &#8220;equilibrato&#8221;, ma in realt\u00e0 non si tratta affatto di una critica equilibrata. \u00c8 imprecisa e scorretta in vari punti, \u00e8 eccessivamente soggettiva e generalizzata. Attacca <strong>Steiner<\/strong> e l&#8217;antroposofia perch\u00e9 non sono &#8220;scientifici&#8221;, ma essa stessa non pu\u00f2 essere definita scientifica.<\/p>\n<p data-dl-uid=\"398\" data-dl-original=\"true\" data-dl-translated=\"true\">L&#8217;Antroposofia di <strong>Steiner<\/strong> apparve in un momento in cui l&#8217;Occidente sembrava stesse per uscire da diversi secoli di grossolano materialismo. Il decennio precedente la prima guerra mondiale fu un periodo di grande pessimismo e tensione in politica ed economia e di grande ottimismo nelle arti e nelle scienze. Le due guerre mondiali, poi, fecero probabilmente arretrare quell&#8217;ottimistica uscita dal materialismo, e nel giro di vent&#8217;anni dalla morte di <strong>Steiner<\/strong>, nel 1925, un altro austriaco di tipo molto diverso aveva portato l&#8217;Europa alla rovina. A 80 anni di distanza, l&#8217;Europa e l&#8217;Occidente sono ancora afflitti da profonde crisi e problemi, la cui radice \u00e8 ancora il materialismo. <strong>Steiner<\/strong> \u00e8 stato uno straordinario eclettico moderno che si \u00e8 trovato al crocevia dei profondi problemi spirituali, sociali e scientifici dell&#8217;Europa e ha cercato di offrire soluzioni pratiche sulla base di una profonda comprensione dell&#8217;essere umano e della storia.<\/p>\n<p data-dl-uid=\"398\" data-dl-original=\"true\" data-dl-translated=\"true\">Tuttavia, egli \u00e8 stato largamente e costantemente ignorato, quasi deliberatamente trascurato, soprattutto nel mondo anglosassone, la cui \u00e9lite pretende che la sua cultura guidi, e dovrebbe guidare, il mondo. Ma di tanto in tanto compaiono articoli o notizie che rafforzano l&#8217;ignoranza e che dicono, in effetti: &#8220;<em>Ignorate Rudolf Steiner. Non cercate in lui nuove idee e soluzioni&#8221;<\/em>. L&#8217;articolo di <strong>John Paul Greenaway<\/strong> ne \u00e8 un nuovo esempio. L&#8217;ignoranza \u00e8 un fenomeno interessante di per s\u00e9, ma la storia \u00e8 piena di esempi di persone con impulsi genuinamente costruttivi che vengono ignorate per lunghi periodi e che alla fine vengono riscoperte dalle generazioni successive e le loro idee vengono riprese come semi di guarigione e ricostruzione.<\/p>\n<div>\n<div>\n<div>\n<h2 data-dl-uid=\"400\" data-dl-original=\"true\" data-dl-translated=\"true\">Note<\/h2>\n<p data-dl-uid=\"400\" data-dl-original=\"true\" data-dl-translated=\"true\"><a href=\"https:\/\/threeman.org\/?p=3147#_msoanchor_1\" data-dl-uid=\"401\" data-dl-original=\"true\" data-dl-translated=\"true\" target=\"_blank\" rel=\"noopener\">[TB1<\/a><a href=\"https:\/\/www.neweconomy.org.au\/journal\/issues\/vol1\/iss2\/world-economy-and-rudolf-steiners-social-threefold\/\" data-dl-uid=\"402\" data-dl-original=\"true\" data-dl-translated=\"true\" target=\"_blank\" rel=\"noopener\">]https:\/\/www.neweconomy.org.au\/journal\/issues\/vol1\/iss2\/world-economy-and-rudolf-steiners-social-threefold\/<\/a><\/p>\n<p><a href=\"https:\/\/threeman.org\/?p=3147#_msoanchor_2\" data-dl-uid=\"404\" data-dl-original=\"true\" data-dl-translated=\"true\" target=\"_blank\" rel=\"noopener\">[TB2] <\/a>Per una critica a Staudenmaier e ai suoi &#8220;metodi&#8221;, si veda:\u00a0<a href=\"https:\/\/www.americans4waldorf.org\/MrStaudenmaier.html\" data-dl-uid=\"405\" data-dl-original=\"true\" data-dl-translated=\"true\" target=\"_blank\" rel=\"noopener\">https:\/\/www.americans4waldorf.org\/MrStaudenmaier.html<\/a>\u00a0<a href=\"http:\/\/www.defendingsteiner.com\/allegations\/index.php\" data-dl-uid=\"406\" data-dl-original=\"true\" data-dl-translated=\"true\" target=\"_blank\" rel=\"noopener\">http:\/\/www.defendingsteiner.com\/allegations\/index.php<\/a><\/p>\n<\/div>\n<\/div>\n<div>\n<p><a href=\"https:\/\/threeman.org\/?p=3147#_msoanchor_3\" data-dl-uid=\"408\" data-dl-original=\"true\" data-dl-translated=\"true\" target=\"_blank\" rel=\"noopener\">[TB3<\/a><a title=\"rsarchive link\" href=\"https:\/\/rsarchive.org\/Lectures\/GA348\/English\/AP1981\/19221213p01.html\" data-dl-uid=\"409\" data-dl-original=\"true\" data-dl-translated=\"true\" target=\"_blank\" rel=\"noopener\">]https:\/\/rsarchive.org\/Lectures\/GA348\/English\/AP1981\/19221213p01.htm<\/a><\/p>\n<\/div>\n<div>\n<p data-dl-uid=\"319\" data-dl-original=\"true\" data-dl-translated=\"true\"><em>Tradotto dall\u2019inglese da Piero Cammerinesi per LiberoPensare<\/em><\/p>\n<p data-dl-uid=\"319\" data-dl-original=\"true\" data-dl-translated=\"true\"><em><a href=\"https:\/\/threeman.org\/?p=3147\" target=\"_blank\" rel=\"noopener\">Fon<\/a>t<a href=\"https:\/\/threeman.org\/?p=3104\" target=\"_blank\" rel=\"noopener\">e<\/a><\/em><\/p>\n<hr \/>\n<p><img loading=\"lazy\" decoding=\"async\" class=\" wp-image-69638 alignleft\" src=\"https:\/\/liberopensare.com\/wp-content\/uploads\/2023\/02\/tb-243x300.jpeg\" sizes=\"(max-width: 157px) 100vw, 157px\" srcset=\"https:\/\/liberopensare.com\/wp-content\/uploads\/2023\/02\/tb-243x300.jpeg 243w, https:\/\/liberopensare.com\/wp-content\/uploads\/2023\/02\/tb-10x12.jpeg 10w, https:\/\/liberopensare.com\/wp-content\/uploads\/2023\/02\/tb.jpeg 397w\" alt=\"\" width=\"157\" height=\"194\" \/><\/p>\n<p><em>Terry M. Boardman (nato nel 1952) si \u00e8 laureato in Storia all\u2019Universit\u00e0 di Manchester.<\/em><\/p>\n<p><em>Ha vissuto e lavorato per dieci anni in Giappone e attualmente vive nelle West Midlands, nel Regno Unito, dove insegna inglese come seconda lingua.<\/em><\/p>\n<p><em>\u00c8 attivo anche come conferenziere e scrittore.<\/em><\/p>\n<\/div>\n<\/div>\n","protected":false},"excerpt":{"rendered":"<p>di Terry Boardman\u00a0 Una risposta a J. Paul Greenaway Questo articolo \u00e8 stato scritto come risposta all&#8217;articolo di J. Paul Greenaway\u00a0Is &#8220;spiritual science&#8221; science?\u00a0The flawed legacy of Rudolf Steiner\u00a0pubblicato nella sezione Commenti del sito web UK Column il 25 maggio 2023. UK Column ha rifiutato di pubblicare l&#8217;articolo, che \u00e8 stato quindi pubblicato qui. J. [&hellip;]<\/p>\n","protected":false},"author":2,"featured_media":75620,"comment_status":"closed","ping_status":"closed","sticky":false,"template":"","format":"standard","meta":{"footnotes":""},"categories":[903,5162],"tags":[4891,5622,217,5630,5011,1076,3301,5623,5063,851,5621,128,1195,4229,4151,5619,4278,1114,5068,4908,5626,5625,5618,5628,5627,5629,63,5631,5620,5624,286,5442,1510],"class_list":["post-75565","post","type-post","status-publish","format-standard","has-post-thumbnail","hentry","category-rassegna","category-spiritualita","tag-annie-besant","tag-apostolo-paolo","tag-aristotele","tag-dan-dugan","tag-darwin","tag-edith-maryon","tag-einstein","tag-erich-kirchner-bockholt","tag-ernst-haeckel","tag-evidenza","tag-francesco-bacone","tag-goethe","tag-greta-thunberg","tag-h-g-wells","tag-hawking","tag-helena-p-blavatsky","tag-huxley","tag-immanuel-kant","tag-james-webb","tag-karl-konig","tag-kevin-odowd","tag-mary-teal-bosworth","tag-paul-greenaway","tag-peter-staudenmaier","tag-peter-zegers","tag-richard-house","tag-rudolf-steiner","tag-sharon-lombard","tag-specht","tag-teal-swan","tag-terry-boardman","tag-thomas-h-meyer","tag-tommaso-daquino"],"_links":{"self":[{"href":"https:\/\/www.liberopensare.com\/en\/wp-json\/wp\/v2\/posts\/75565","targetHints":{"allow":["GET"]}}],"collection":[{"href":"https:\/\/www.liberopensare.com\/en\/wp-json\/wp\/v2\/posts"}],"about":[{"href":"https:\/\/www.liberopensare.com\/en\/wp-json\/wp\/v2\/types\/post"}],"author":[{"embeddable":true,"href":"https:\/\/www.liberopensare.com\/en\/wp-json\/wp\/v2\/users\/2"}],"replies":[{"embeddable":true,"href":"https:\/\/www.liberopensare.com\/en\/wp-json\/wp\/v2\/comments?post=75565"}],"version-history":[{"count":0,"href":"https:\/\/www.liberopensare.com\/en\/wp-json\/wp\/v2\/posts\/75565\/revisions"}],"wp:featuredmedia":[{"embeddable":true,"href":"https:\/\/www.liberopensare.com\/en\/wp-json\/wp\/v2\/media\/75620"}],"wp:attachment":[{"href":"https:\/\/www.liberopensare.com\/en\/wp-json\/wp\/v2\/media?parent=75565"}],"wp:term":[{"taxonomy":"category","embeddable":true,"href":"https:\/\/www.liberopensare.com\/en\/wp-json\/wp\/v2\/categories?post=75565"},{"taxonomy":"post_tag","embeddable":true,"href":"https:\/\/www.liberopensare.com\/en\/wp-json\/wp\/v2\/tags?post=75565"}],"curies":[{"name":"wp","href":"https:\/\/api.w.org\/{rel}","templated":true}]}}