{"id":75596,"date":"2024-01-09T19:07:24","date_gmt":"2024-01-09T18:07:24","guid":{"rendered":"https:\/\/www.liberopensare.com\/?p=75596"},"modified":"2024-01-11T10:34:30","modified_gmt":"2024-01-11T09:34:30","slug":"la-manipolazione-mediatica","status":"publish","type":"post","link":"https:\/\/www.liberopensare.com\/en\/la-manipolazione-mediatica\/","title":{"rendered":"La Manipolazione mediatica"},"content":{"rendered":"<pre class=\"p1\"><em>di Danilo D'Angelo<\/em><\/pre>\n<h2 class=\"p1\">La fine del pensiero critico<\/h2>\n<p class=\"p3\">Ho gi\u00e0 scritto altre volte dell\u2019importanza della comunicazione e dell\u2019attendibilit\u00e0 della stessa, in un epoca in cui la semplicit\u00e0 di accesso all\u2019informazione non ha rispondenza con la veridicit\u00e0 della stessa n\u00e9 con la neutralit\u00e0 della fonte che la riporta.<\/p>\n<p class=\"p4\">Mi pare di poter dire che oggi assistiamo a una crescente interferenza della politica nei media, ma soprattutto delle gigantesche aziende che gestiscono i pi\u00f9 importanti canali d\u2019informazione a livello mondiale e che determinano le economie globali e, di conseguenza, drogano a loro beneficio le notizie manipolando, cos\u00ec, il pensiero degli individui al tal punto che, gli stessi, non riconoscono nemmeno pi\u00f9 questa alterazione.<\/p>\n<p class=\"p4\">Negli anni \u201970, i cosiddetti anni di piombo, sui muri della mia citt\u00e0 comparve una scritta che recitava \u201c<i>quando lo stato si prepara a colpire si fa chiamare patria<\/i>\u201d; oggi parafrasando quella sentenza potremmo dire che <strong>quando lo stato vuole depistare inventa un\u2019emergenza<\/strong>.<\/p>\n<figure id=\"attachment_75706\" aria-describedby=\"caption-attachment-75706\" style=\"width: 374px\" class=\"wp-caption alignleft\"><a href=\"https:\/\/www.ilgiardinodeilibri.it\/libri\/__la-fabbrica-della-manipolazione.php?id=80313&amp;pn=4507\" target=\"_blank\" rel=\"noopener\"><img fetchpriority=\"high\" decoding=\"async\" class=\"wp-image-75706 \" src=\"https:\/\/www.liberopensare.com\/wp-content\/uploads\/2024\/01\/la-fabbrica-della-manipolazione-marletta-perucchietti-217x300.jpeg\" alt=\"\" width=\"374\" height=\"517\" srcset=\"https:\/\/www.liberopensare.com\/wp-content\/uploads\/2024\/01\/la-fabbrica-della-manipolazione-marletta-perucchietti-217x300.jpeg 217w, https:\/\/www.liberopensare.com\/wp-content\/uploads\/2024\/01\/la-fabbrica-della-manipolazione-marletta-perucchietti-9x12.jpeg 9w, https:\/\/www.liberopensare.com\/wp-content\/uploads\/2024\/01\/la-fabbrica-della-manipolazione-marletta-perucchietti.jpeg 485w\" sizes=\"(max-width: 374px) 100vw, 374px\" \/><\/a><figcaption id=\"caption-attachment-75706\" class=\"wp-caption-text\"><a href=\"https:\/\/www.ilgiardinodeilibri.it\/libri\/__la-fabbrica-della-manipolazione.php?id=80313&amp;pn=4507\" target=\"_blank\" rel=\"noopener\"><strong>CLICCA QUI PER ACQUISTARLO<\/strong><\/a><\/figcaption><\/figure>\n<p class=\"p4\">Quali siano le emergenze \u00e8 talmente evidente che mi sembra superfluo elencarle, ma per i pi\u00f9 distratti ricorder\u00f2 solo <strong>le pi\u00f9 recenti ed evidenti a cominciare dal Covid, passando per la guerra in Ucraina, per arrivare al conflitto israelo-palestinese<\/strong>, senza dimenticarmi di tutti i fatti di cronaca nera a cui i media ci obbligano ad assistere e discutere con interminabili non stop televisive.<\/p>\n<p class=\"p4\">Ovviamente non sto negando l\u2019esistenza o l\u2019importanza dei fatti menzionati, ma parlo di come ci vengono proposti dai nostri cari giornalisti sia della carta stampata che radiotelevisivi.<\/p>\n<p class=\"p4\">\u00c8 da anni che i pi\u00f9 attenti lamentano l\u2019assenza di una vera pluralit\u00e0 dell\u2019informazione e puntano il dito sull\u2019omologazione della stessa. D&#8217;altronde i media non fanno altro che riflettere la finta pluralit\u00e0 di ideologie del nostro decadente panorama politico.<\/p>\n<p class=\"p4\">Immagino che alcuni di voi non saranno d\u2019accordo con il sottoscritto e questo fa parte della pluralit\u00e0 delle idee e delle visioni della realt\u00e0, che non solo capisco, ma rispetto profondamente e, anzi, ritengo fondamentali. Soprattutto perch\u00e9 sono convinto che la percezione di quanto stia accadendo intorno a noi sia pi\u00f9 completa quanti pi\u00f9 punti di vista diversi dal nostro siamo disposti a prendere seriamente in considerazione.<\/p>\n<p class=\"p4\">A tal proposito mi fa piacere condividere con voi un articolo molto interessante non solo per il suo contenuto che, personalmente, condivido pienamente, ma soprattutto perch\u00e9 contiene ed esprime la visione distorta dell\u2019Occidente secondo una persona originaria dell\u2019India, ma che in Occidente ci vive e lavora da tempo.<\/p>\n<p class=\"p4\">Parlo di <strong>Nissim Mannathukkaren<\/strong>, Professore associato del Dipartimento di studi sullo sviluppo internazionale della Dalhousie University ad Halifax, Nuova Scozia, Canada e collaboratore di uno dei quotidiani pi\u00f9 diffusi in india, <em>\u201cThe Hindu\u201d<\/em>.<\/p>\n<p class=\"p4\">E proprio su questo quotidiano, qualche giorno fa, ho trovato questo articolo sulla percezione che ha l\u2019Occidente riguardo quanto sta avvenendo a Gaza, grazie alla manipolazione dell\u2019informazione. L\u2019articolo s\u2019intitola:<\/p>\n<h2 class=\"p5\">L\u2019ipocrisia della democrazia occidentale<\/h2>\n<p class=\"p4\">Con l&#8217;incredibile cifra di oltre 20.000 abitanti di Gaza gi\u00e0 uccisi dal 7 ottobre, la Palestina sta vivendo una delle sue pi\u00f9 grandi tragedie. L&#8217;Occidente lo ha incredibilmente reso possibile in vari modi: <strong>ha sostenuto il &#8220;diritto di difesa&#8221; di Israele riducendo la Palestina ad Hamas; ha confuso le critiche al sionismo e allo stato israeliano con l&#8217;antisemitismo; ha armato l&#8217;Olocausto e ha tentato di cancellare la storia<\/strong> (la Casa Bianca ha descritto l&#8217;attacco di Hamas come &#8220;non provocato&#8221;).<\/p>\n<p class=\"p3\">Le societ\u00e0 occidentali che professano la democrazia hanno anche soffocato la libert\u00e0 di espressione del proprio popolo, non con diktat ufficiali, ma demonizzando e prendendo di mira i cittadini che parlano a sostegno della Palestina. Soprattutto nelle universit\u00e0 occidentali. Nelle istituzioni della Ivy League, come Harvard e Columbia, i dettagli privati degli studenti che hanno firmato lettere pro-Palestina sono stati resi pubblici. Importanti donatori ebrei (e sostenitori dello Stato israeliano) hanno ritirato i finanziamenti alle universit\u00e0, tra cui Harvard e Pennsylvania, sostenendo l&#8217;inazione contro l&#8217;antisemitismo e i discorsi antisraeliani nei campus (notare che il 45% delle entrate di Harvard, pari a 5,8 miliardi di dollari nel 2022, proveniva dalla filantropia).<\/p>\n<p class=\"p3\">Le amministrazioni universitarie del Nord America hanno rilasciato dichiarazioni ufficiali che condannavano solo Hamas. E gli studiosi che lavorano sulla libert\u00e0 palestinese hanno dovuto affrontare vari tipi di molestie.<span class=\"Apple-converted-space\">\u00a0<\/span><\/p>\n<p class=\"p4\"><span class=\"Apple-converted-space\">\u00a0\u00a0 <\/span>I media sono stati fondamentali, negli ultimi 75 anni, per inquadrare il conflitto israelo-palestinese a benefico dei cittadini occidentali. Il problema fondamentale, con poche onorevoli eccezioni, \u00e8 stato il pregiudizio schiacciante nei confronti di Israele. Come hanno osservato 1.200 accademici ed educatori del Nord America in una loro recente lettera aperta, le radici storiche della violenza e l&#8217;illegalit\u00e0 dell&#8217;occupazione israeliana, nel diritto internazionale, non vengono discusse.<\/p>\n<p class=\"p4\">Parole come apartheid, pulizia etnica, intento genocida, colonialismo di insediamento \u2013 usate da studiosi, organizzazioni per i diritti umani come <em>Human Rights Watch<\/em>, l&#8217;importante gruppo israeliano per i diritti B&#8217;Tselem e le Nazioni Unite, per descrivere le azioni israeliane \u2013 scompaiono nei discorsi.<\/p>\n<p class=\"p4\"><span class=\"Apple-converted-space\">\u00a0\u00a0 <\/span>Il volto liberale di istituzioni come Hollywood \u00e8 ora evidente. L&#8217;iniziale mancanza di risposta all&#8217;attacco di Hamas da parte di sindacati come la <em>Writers Guild of America<\/em> ha portato a un contraccolpo. Inoltre, circa 700 persone dell&#8217;industria dell&#8217;intrattenimento hanno firmato una lettera aperta dichiarando il loro sostegno a Israele. D&#8217;altra parte, le voci propalestinesi hanno scelto di rimanere anonime nelle loro lettere per evitare di essere <i>doxxate<\/i> o inserite nella lista nera come antisemite. Alcuni attori, agenti artistici e direttori di riviste hanno dovuto affrontare conseguenze professionali.<\/p>\n<figure id=\"attachment_75668\" aria-describedby=\"caption-attachment-75668\" style=\"width: 408px\" class=\"wp-caption alignright\"><a href=\"https:\/\/www.ilgiardinodeilibri.it\/libri\/__una-via-di-pace.php?id=49703&amp;pn=4507\" target=\"_blank\" rel=\"noopener\"><img decoding=\"async\" class=\"wp-image-75668\" src=\"https:\/\/www.liberopensare.com\/wp-content\/uploads\/2024\/01\/una-via-di-pace-223x300.jpeg\" alt=\"\" width=\"408\" height=\"549\" srcset=\"https:\/\/www.liberopensare.com\/wp-content\/uploads\/2024\/01\/una-via-di-pace-223x300.jpeg 223w, https:\/\/www.liberopensare.com\/wp-content\/uploads\/2024\/01\/una-via-di-pace-9x12.jpeg 9w, https:\/\/www.liberopensare.com\/wp-content\/uploads\/2024\/01\/una-via-di-pace.jpeg 334w\" sizes=\"(max-width: 408px) 100vw, 408px\" \/><\/a><figcaption id=\"caption-attachment-75668\" class=\"wp-caption-text\"><a href=\"https:\/\/www.ilgiardinodeilibri.it\/libri\/__una-via-di-pace.php?id=49703&amp;pn=4507\" target=\"_blank\" rel=\"noopener\"><strong>CLICCA QUI PER ACQUISTARLO<\/strong><\/a><\/figcaption><\/figure>\n<p class=\"p4\"><span class=\"Apple-converted-space\">\u00a0\u00a0 <\/span>Le azioni pi\u00f9 eclatanti hanno avuto luogo in Europa, il presunto bastione della libert\u00e0 di parola. Paesi come il Regno Unito, la Francia, la Germania e l&#8217;Italia hanno dichiarato enfaticamente il loro sostegno a Israele e hanno imposto vari tipi di divieti (alcuni dei quali generali) alle proteste propalestinesi.<\/p>\n<p class=\"p4\">L&#8217;Austria, ad esempio, ha vietato una manifestazione propalestinese citando come giustificazione l&#8217;inclusione della frase &#8220;<i>dal fiume al mare<\/i>&#8221; negli inviti [slogan che nacque negli anni Sessanta nel contesto dei movimenti per la creazione di uno stato palestinese, n.d.r.]. Ironia della sorte, questa \u00e8 la stessa Europa &#8220;libera&#8221; in cui le leggi sulla blasfemia sono abolite (Danimarca, Svezia) e le caricature della religione sono permesse (Francia) e hanno portato a roghi del Corano e vignette sul profeta Maometto.<\/p>\n<p class=\"p6\"><span class=\"Apple-converted-space\">\u00a0\u00a0 <\/span>Non si pu\u00f2 negare che ci siano posizioni incendiarie, articoli con notizie false e anche celebrazioni della brutalit\u00e0 da entrambi i lati della divisione, che non favoriscono certo dibattiti ragionati. Se gli episodi di razzismo nei confronti dei palestinesi e degli arabi sono aumentati, \u00e8 aumentato anche l&#8217;antisemitismo.<\/p>\n<p class=\"p6\"><span class=\"Apple-converted-space\">\u00a0\u00a0 <\/span>Ma la causa principale della complicit\u00e0 occidentale nell&#8217;oppressione palestinese risiede nel <strong>colonialismo e nell&#8217;imperialismo, mascherati dalla facciata della democrazia liberale<\/strong>. La democrazia ha apparentemente prosperato in Occidente, che ha perpetuato il colonialismo e l&#8217;imperialismo altrove. Ma anche quelle libert\u00e0 democratiche in patria sembrano ora minacciate.<span class=\"Apple-converted-space\">\u00a0<\/span><\/p>\n<p class=\"p6\"><span class=\"Apple-converted-space\">\u00a0\u00a0 <\/span>La via d&#8217;uscita dalla complicit\u00e0 nella colonizzazione israeliana della Palestina pu\u00f2 esistere solo attraverso una denuncia delle ipocrisie della democrazia occidentale. Questo \u00e8 stato fatto da coloro che sono ai margini di questa democrazia. Ad esempio, l&#8217;<i>Inchiesta Nazionale sulle Donne e le Ragazze Indigene Scomparse e Assassinate<\/i>, nominata dal governo canadese, \u00e8 stata costretta a riconoscere che lo Stato canadese ha perpetrato un genocidio contro le popolazioni indigene.<\/p>\n<p class=\"p6\">C&#8217;\u00e8 resistenza alla guerra in Palestina, non solo da parte di arabi e palestinesi, ma anche da parte dei dissidenti ebrei. Gli orrori che si stanno verificando a Gaza stanno cambiando anche le opinioni. Questa volta i media mainstream occidentali hanno dato un po&#8217; pi\u00f9 spazio alle storie palestinesi, anche se non sono sufficienti. Nei recenti sondaggi d&#8217;opinione statunitensi, quasi il 70% dei democratici e degli elettori di tendenza democratica sotto i 35 anni ha disapprovato il sostegno del presidente <strong>Joe Biden<\/strong> a Israele.<\/p>\n<p class=\"p6\"><span class=\"Apple-converted-space\">\u00a0\u00a0 <\/span>Mentre la carneficina israeliana a Gaza riprende, l&#8217;Occidente dovrebbe ascoltare persone come <strong>Omer Bartov<\/strong>, nato in Israele, uno dei pi\u00f9 importanti studiosi dell&#8217;Olocausto al mondo, che, pur esprimendo giustamente empatia per le vittime ebree degli atroci crimini di guerra di Hamas, ha messo in guardia dal genocidio e ha chiesto ai leader e agli studiosi<\/p>\n<blockquote>\n<p class=\"p6\">&#8220;di mettere pubblicamente in guardia contro la retorica [israeliana] piena di rabbia e vendetta che disumanizza la popolazione di Gaza &#8230;&#8221;<\/p>\n<\/blockquote>\n<p class=\"p6\"><span class=\"Apple-converted-space\">\u00a0\u00a0 <\/span>Come ha affermato un altro studioso dell&#8217;Olocausto, <strong>Raz Segal<\/strong>,<\/p>\n<blockquote>\n<p class=\"p6\">&#8220;Nessuna giustizia \u00e8 possibile&#8230; senza una resa dei conti veritiera di come siamo arrivati a questo punto&#8221;.<\/p>\n<\/blockquote>\n<p class=\"p6\">L&#8217;Occidente deve riconoscere il proprio ruolo mostruoso nel portare la Palestina verso questo precipizio.<\/p>\n<p>&nbsp;<\/p>\n<hr \/>\n<div class=\"col-6 col-sm-4 col-md-3 col-lg-2 mb-3\">\n<div class=\"image-new-container round-image-container\">\n<div class=\"image\"><img decoding=\"async\" class=\"alignleft\" src=\"https:\/\/media.wsimag.com\/attachments\/9f04822290e9bc4383cc6fafc952a5510f047350\/store\/fill\/180\/180\/b14ec08d9fda271745d304055abd7036beffbab8753b5d7f84af4dbb40b5\/Danilo-DAngelo.jpg\" alt=\"Danilo D'Angelo\" width=\"130\" height=\"130\" data-src=\"https:\/\/media.wsimag.com\/attachments\/9f04822290e9bc4383cc6fafc952a5510f047350\/store\/fill\/180\/180\/b14ec08d9fda271745d304055abd7036beffbab8753b5d7f84af4dbb40b5\/Danilo-DAngelo.jpg\" data-srcset=\"\/\/media.wsimag.com\/attachments\/9e11ff2f23aa7313fd2e71e52ee0167e3fc6dedb\/store\/fill\/524\/524\/b14ec08d9fda271745d304055abd7036beffbab8753b5d7f84af4dbb40b5\/Danilo-DAngelo.jpg 524w,\/\/media.wsimag.com\/attachments\/c3d8b55a720b7f1524964b44c7a8ac01f7ea94b1\/store\/fill\/360\/360\/b14ec08d9fda271745d304055abd7036beffbab8753b5d7f84af4dbb40b5\/Danilo-DAngelo.jpg 360w,\/\/media.wsimag.com\/attachments\/491c5879caca203c1057bc8012f2e8ab9b997915\/store\/fill\/262\/262\/b14ec08d9fda271745d304055abd7036beffbab8753b5d7f84af4dbb40b5\/Danilo-DAngelo.jpg 262w,\/\/media.wsimag.com\/attachments\/9f04822290e9bc4383cc6fafc952a5510f047350\/store\/fill\/180\/180\/b14ec08d9fda271745d304055abd7036beffbab8753b5d7f84af4dbb40b5\/Danilo-DAngelo.jpg 180w,\/\/media.wsimag.com\/attachments\/25cf686471c1d47ddca118d1245444d8f2e98795\/store\/fill\/130\/130\/b14ec08d9fda271745d304055abd7036beffbab8753b5d7f84af4dbb40b5\/Danilo-DAngelo.jpg 130w\" data-sizes=\"(min-width:1800px) 262px, (min-width:1550px) 220px, (min-width:1300px) 180px, (min-width:992px) 130px, (min-width:768px) 150px, (min-width:576px) 150px, 258px\" data-ll-status=\"loaded\" \/><\/div>\n<\/div>\n<\/div>\n<div class=\"text-center text-sm-left col-sm-8 col-md-9 col-lg-10\">\n<div class=\"font-28 mb-2\"><a class=\"first-highlight-color\" href=\"https:\/\/wsimag.com\/it\/authors\/872-danilo-dangelo\" target=\"_blank\" rel=\"noopener\">Danilo D\u2019Angelo<\/a><\/div>\n<div><\/div>\n<div class=\"font-15 tall-line-height mb-2\">Danilo D\u2019Angelo di professione architetto. Ha insegnato per alcuni anni. Dirige la Naveen Nursery and Primary School a Varanasi India. Membro della segreteria dell\u2019associazione Centro di Gravit\u00e0.<\/div>\n<\/div>\n","protected":false},"excerpt":{"rendered":"<p>di Danilo D&#8217;Angelo La fine del pensiero critico Ho gi\u00e0 scritto altre volte dell\u2019importanza della comunicazione e dell\u2019attendibilit\u00e0 della stessa, in un epoca in cui la semplicit\u00e0 di accesso all\u2019informazione non ha rispondenza con la veridicit\u00e0 della stessa n\u00e9 con la neutralit\u00e0 della fonte che la riporta. Mi pare di poter dire che oggi assistiamo [&hellip;]<\/p>\n","protected":false},"author":2,"featured_media":75710,"comment_status":"closed","ping_status":"closed","sticky":false,"template":"","format":"standard","meta":{"footnotes":""},"categories":[5166,903],"tags":[2517,851,931,5657,5658,5659],"class_list":["post-75596","post","type-post","status-publish","format-standard","has-post-thumbnail","hentry","category-cultura-e-scienza","category-rassegna","tag-danilo-dangelo","tag-evidenza","tag-joe-biden","tag-nissim-mannathukkaren","tag-omer-bartov","tag-raz-segal"],"_links":{"self":[{"href":"https:\/\/www.liberopensare.com\/en\/wp-json\/wp\/v2\/posts\/75596","targetHints":{"allow":["GET"]}}],"collection":[{"href":"https:\/\/www.liberopensare.com\/en\/wp-json\/wp\/v2\/posts"}],"about":[{"href":"https:\/\/www.liberopensare.com\/en\/wp-json\/wp\/v2\/types\/post"}],"author":[{"embeddable":true,"href":"https:\/\/www.liberopensare.com\/en\/wp-json\/wp\/v2\/users\/2"}],"replies":[{"embeddable":true,"href":"https:\/\/www.liberopensare.com\/en\/wp-json\/wp\/v2\/comments?post=75596"}],"version-history":[{"count":0,"href":"https:\/\/www.liberopensare.com\/en\/wp-json\/wp\/v2\/posts\/75596\/revisions"}],"wp:featuredmedia":[{"embeddable":true,"href":"https:\/\/www.liberopensare.com\/en\/wp-json\/wp\/v2\/media\/75710"}],"wp:attachment":[{"href":"https:\/\/www.liberopensare.com\/en\/wp-json\/wp\/v2\/media?parent=75596"}],"wp:term":[{"taxonomy":"category","embeddable":true,"href":"https:\/\/www.liberopensare.com\/en\/wp-json\/wp\/v2\/categories?post=75596"},{"taxonomy":"post_tag","embeddable":true,"href":"https:\/\/www.liberopensare.com\/en\/wp-json\/wp\/v2\/tags?post=75596"}],"curies":[{"name":"wp","href":"https:\/\/api.w.org\/{rel}","templated":true}]}}