{"id":76663,"date":"2024-02-26T09:31:50","date_gmt":"2024-02-26T08:31:50","guid":{"rendered":"https:\/\/www.liberopensare.com\/?p=76663"},"modified":"2024-02-27T08:59:16","modified_gmt":"2024-02-27T07:59:16","slug":"il-rapporto-tra-il-natale-e-la-pasqua-secondo-il-ritmo-dei-33-anni","status":"publish","type":"post","link":"https:\/\/www.liberopensare.com\/en\/il-rapporto-tra-il-natale-e-la-pasqua-secondo-il-ritmo-dei-33-anni\/","title":{"rendered":"Il rapporto tra il Natale e la Pasqua secondo il Ritmo dei 33 anni"},"content":{"rendered":"<pre><em>di Adriana Koulias<\/em><\/pre>\n<p>Mentre ci avviciniamo alla Pasqua e alle molte benedizioni di quest&#8217;anno, voglio condividere ancora una volta con voi queste parole di <strong>Rudolf Steiner<\/strong>:<\/p>\n<blockquote><p>Le connessioni che raggiungono intervalli di trentatr\u00e9 anni sono essenziali per la comprensione dei ritmi temporali dell&#8217;evoluzione storica, e deve arrivare un momento in cui le persone, nel tempo sacro che inizia con la vigilia di Natale, diranno a se stesse: &#8220;Ci\u00f2 che faccio ora continuer\u00e0 a essere elaborato, ma si presenter\u00e0 come fatto o azione esterna (non in senso personale ma storico) solo dopo trentatr\u00e9 anni. Inoltre, posso comprendere ci\u00f2 che sta accadendo ora negli eventi del mondo esterno solo guardando indietro attraverso i trentatr\u00e9 anni di tempo necessari per il suo compimento&#8221; (Rudolf Steiner, Dornach\u00a0 22 Aprile 1924 O.O.233a).<\/p><\/blockquote>\n<p>e<\/p>\n<blockquote><p>Perch\u00e9 nell&#8217;evoluzione storica le responsabilit\u00e0 dell&#8217;umanit\u00e0 sono tali che una generazione pu\u00f2 esprimere come impulso natalizio solo quelle forze che la generazione successiva sperimenter\u00e0 come impulso pasquale. Se potessimo realizzarlo con coscienza, miei cari amici, una generazione penserebbe al suo successore nel modo seguente: nella stella di Natale vi insegno a ricevere nella vostra anima come verit\u00e0 quella che sorger\u00e0 come stella di Pasqua dopo trentatr\u00e9 anni&#8221; (ibidem).<\/p><\/blockquote>\n<p><strong>Cosa significa questo per noi che abbiamo appena celebrato il 100\u00b0 anniversario della Conferenza di Natale?<\/strong><\/p>\n<figure id=\"attachment_75316\" aria-describedby=\"caption-attachment-75316\" style=\"width: 419px\" class=\"wp-caption alignleft\"><img fetchpriority=\"high\" decoding=\"async\" class=\"wp-image-75316\" src=\"https:\/\/www.liberopensare.com\/wp-content\/uploads\/2023\/12\/hartmann-215x300.jpeg\" alt=\"\" width=\"419\" height=\"585\" srcset=\"https:\/\/www.liberopensare.com\/wp-content\/uploads\/2023\/12\/hartmann-215x300.jpeg 215w, https:\/\/www.liberopensare.com\/wp-content\/uploads\/2023\/12\/hartmann-9x12.jpeg 9w, https:\/\/www.liberopensare.com\/wp-content\/uploads\/2023\/12\/hartmann.jpeg 735w\" sizes=\"(max-width: 419px) 100vw, 419px\" \/><figcaption id=\"caption-attachment-75316\" class=\"wp-caption-text\"><a href=\"https:\/\/edizioniartemis.it\/product\/la-profezia-di-michele\/ref\/3\/\" target=\"_blank\" rel=\"noopener\"><strong>ACQUISTALO QUI<\/strong><\/a><\/figcaption><\/figure>\n<p>Ogni Natale germoglia qualcosa per il futuro. Ci\u00f2 che facciamo durante le 12 notti sante, cari amici, costruisce per noi l&#8217;anno successivo, ma se guardiamo all&#8217;anno come a un corpo, possiamo vedere come esso diventi la &#8220;testa&#8221; nel periodo natalizio. In altre parole, i dodici mesi dell&#8217;anno in cui andiamo in giro per il mondo a compiere azioni, diventano a Natale, durante le 12 notti sante, una sostanza trasformata che vive nel nostro pensiero, proprio come il corpo umano si reincarna come testa nella prossima vita.<br \/>\nQuesto \u00e8 un fatto oggettivo che pu\u00f2 essere confermato nel mondo fisico dal fatto che il corpo fisico che \u00e8 collegato ai 12 segni dello zodiaco diventa nella vita successiva la testa umana con 12 nervi cranici e questi nervi sono di nuovo collegati all&#8217;intero corpo fisico. Il macrocosmo umano diventa un microcosmo ogni Natale e dal lavoro spirituale che facciamo attraverso il nostro pensiero durante le 12 notti sante, nasce l&#8217;unificazione del nostro pensiero microcosmico con la Volont\u00e0 cosmica e da questo si crea il corpo dell&#8217;anno successivo.<\/p>\n<p>Ma ogni Natale, ci dice <strong>Rudolf Steiner<\/strong>, creiamo anche un seme che diventer\u00e0 un&#8217;azione fruttuosa solo durante la Pasqua di 33 anni dopo. Questo perch\u00e9 il tempo che intercorre tra Natale e Pasqua \u00e8 un'&#8221;immagine&#8221; dei 33 anni in cui Cristo visse sulla terra. Cos\u00ec ogni Natale l&#8217;impulso di Cristo insemina l&#8217;anima umana e 33 anni dopo questo seme si realizza attraverso il lavoro di una generazione diversa.<\/p>\n<p><strong>Arriviamo quindi alla Conferenza di Natale del 1923-24. Ci\u00f2 che fu seminato durante le 12 notti sante di quel Natale fu un Rinnovamento dei Misteri, da cui nacquero la Meditazione della Pietra di Fondazione, le Conferenze sul Karma e la Prima Classe della Scuola di Michele.<\/strong><\/p>\n<p>L&#8217;anno successivo, durante la Pasqua del 1924, <strong>Rudolf Steiner<\/strong> ci dice:<\/p>\n<blockquote><p>&#8216;L&#8217;antroposofia abita gi\u00e0 nel cuore degli uomini. Questi uomini devono solo aprire il loro cuore ad essa nel modo giusto. Allora sperimenteremo in piena luce solare, non nel modo istintivo di un tempo, il nostro ritorno a quella Saggezza che viveva nei Misteri e li illuminava.<br \/>\nQueste sono le cose, miei cari amici, che ho voluto portare davanti a voi in questo periodo pasquale. Perch\u00e9 riempirsi di ci\u00f2 che, come un soffio sacro, pu\u00f2 infiammare il cuore di tutti coloro che aderiscono all&#8217;antroposofia e pu\u00f2 portarci con s\u00e9 nel mondo spirituale, \u00e8 un impulso che si associa strettamente all&#8217;impulso natalizio dato a Dornach. Questo impulso non deve rimanere qualcosa di pensabile; non pu\u00f2 fermarsi all&#8217;intellettualit\u00e0; deve essere un impulso che viene dal cuore, non secco o insipido &#8211; non sentimentale, ma in accordo con la sua intera natura deve essere molto solenne.<br \/>\nCos\u00ec come le fiamme di Efeso servirono ad Aristotele per incendiare di nuovo il suo cuore e, dopo essere salite nell&#8217;etere esterno, gli riportarono i segreti che allora era in grado di cogliere nel loro significato primordiale&#8230; Poich\u00e9 il fuoco di Efeso ha potuto essere usato in questo modo, a noi spetta, e presto saremo in grado di portare a termine la richiesta (lo dico in tutta umilt\u00e0), di usare ci\u00f2 che, come scopo e finalit\u00e0 dell&#8217;antroposofia, \u00e8 stato portato nell&#8217;etere insieme alle fiamme del Goetheanum per l&#8217;ulteriore realizzazione di questo scopo&#8221; (ibidem).<\/p><\/blockquote>\n<figure id=\"attachment_75060\" aria-describedby=\"caption-attachment-75060\" style=\"width: 452px\" class=\"wp-caption alignright\"><img decoding=\"async\" class=\"wp-image-75060\" src=\"https:\/\/www.liberopensare.com\/wp-content\/uploads\/2023\/11\/tomberg_isbn-215x300.jpeg\" alt=\"\" width=\"452\" height=\"631\" srcset=\"https:\/\/www.liberopensare.com\/wp-content\/uploads\/2023\/11\/tomberg_isbn-215x300.jpeg 215w, https:\/\/www.liberopensare.com\/wp-content\/uploads\/2023\/11\/tomberg_isbn-732x1024.jpeg 732w, https:\/\/www.liberopensare.com\/wp-content\/uploads\/2023\/11\/tomberg_isbn-768x1074.jpeg 768w, https:\/\/www.liberopensare.com\/wp-content\/uploads\/2023\/11\/tomberg_isbn-1099x1536.jpeg 1099w, https:\/\/www.liberopensare.com\/wp-content\/uploads\/2023\/11\/tomberg_isbn-9x12.jpeg 9w, https:\/\/www.liberopensare.com\/wp-content\/uploads\/2023\/11\/tomberg_isbn-1320x1846.jpeg 1320w, https:\/\/www.liberopensare.com\/wp-content\/uploads\/2023\/11\/tomberg_isbn.jpeg 1419w\" sizes=\"(max-width: 452px) 100vw, 452px\" \/><figcaption id=\"caption-attachment-75060\" class=\"wp-caption-text\"><a href=\"https:\/\/edizioniartemis.it\/product\/la-meditazione-sulla-pietra-di-fondazione\/ref\/3\/\" target=\"_blank\" rel=\"noopener\"><strong>ACQUISTALO QUI<\/strong><\/a><\/figcaption><\/figure>\n<p>Il Cristo \u00e8 entrato nell&#8217;essere umano Ges\u00f9 per gradi, prima la testa, poi il cuore, poi gli arti, cio\u00e8 astrale, eterico e fisico. Ogni volta lo vediamo segnato da un evento, le Nozze di Cana, la Trasfigurazione e infine il Mistero del Golgota.<br \/>\nOgni Pasqua c&#8217;\u00e8 l&#8217;opportunit\u00e0 che ci\u00f2 che \u00e8 vissuto nel pensiero un Natale diventi un fatto 33 anni dopo.<br \/>\nTra il Natale 1923-24 e la Pasqua 2022, abbiamo un ritmo 3X33. Durante le 12 notti sante della Conferenza di Natale del 1923-4 ci\u00f2 che \u00e8 stato seminato \u00e8 entrato nella vita del pensiero che ha visto il suo primo frutto nella Pasqua del 1956.<br \/>\n<strong>Rudolf Steiner<\/strong> disse ai partecipanti alla Conferenza di Natale che il suo impulso non doveva rimanere nel pensiero&#8230;<br \/>\nDurante i 33 anni tra il 1923 e il 1956, l&#8217;impulso della Conferenza di Natale, l&#8217;impulso del Cristo, entr\u00f2 nella testa umana ed essenzialmente nel corpo astrale, cosicch\u00e9 gli antroposofi dovettero trasformare il vino in acqua, la materia in spirito, cio\u00e8 abbandonare la parentela di sangue e diventare &#8220;parenti&#8221; spirituali &#8211; le conferenze sul karma furono tenute appositamente per questo &#8211; per trovare il Cristo nel corpo eterico dell&#8217;altro. Questa \u00e8 un&#8217;immagine delle Nozze di Cana di coloro che non erano consanguinei.<br \/>\nIl Natale successivo del 1956-7 avrebbe dovuto seminare la vita dei sentimenti in modo che l&#8217;impulso cristico dato durante la Conferenza di Natale cominciasse a entrare nel cuore o nel corpo eterico nei 33 anni successivi e a Pasqua del 1989 giungesse a compimento. Ci\u00f2 significa che a quel punto ci\u00f2 che aveva illuminato le menti ora riscaldava il cuore e gli antroposofi avrebbero dovuto iniziare a sperimentare il Cristo nel mondo eterico come Cristo-Sole, attraverso il pensiero del cuore; questo era il compito delle Lezioni della Prima Classe per portare il discepolo al Cristo che si trova alla fine delle 19 Lezioni.<br \/>\nDurante il Natale 1989-90 la Conferenza di Natale \u00e8 stata seminata nella vita della volont\u00e0 e nel corpo fisico affinch\u00e9 nella Pasqua del 2022 si verificasse un&#8217;esperienza del Mistero del Golgotha in modo tale che una copia del fant\u00f2ma del Cristo potesse entrare nelle ossa stesse degli antroposofi; la Meditazione della Pietra di Fondazione \u00e8 stata data espressamente per questo scopo e per questo motivo ha avuto bisogno di 3X33 anni affinch\u00e9 il Cristo fosse sperimentato direttamente nel corpo fisico. Ecco perch\u00e9 la Pietra di Fondazione inizia con la Volont\u00e0 e termina con la Parola del Cristo &#8211; perch\u00e9 la volont\u00e0 del Cristo \u00e8 la Sua parola.<\/p>\n<p>Antroposofia e Michele erano intrinsecamente connessi in questo mistero, poich\u00e9 gli impulsi che hanno permesso la Conferenza di Natale provenivano dal Goetheanum eterico &#8211; lo spirito buono &#8211; che era il corpo eterico di Antroposofia stessa, il cuore eterico della societ\u00e0, che forniva un recipiente fisico affinch\u00e9 la Rivelazione del Cristo da parte di Michele avvenisse nell&#8217;anima umana e nell&#8217;anima del mondo.<\/p>\n<p><strong>Questo ciclo di 3X33 anni si \u00e8 concluso con la Pasqua del 2022.<\/strong><br \/>\n<strong>\u00c8 una coincidenza che la guerra in Ucraina sia iniziata solo 2 mesi prima? Quando ci\u00f2 che era germogliato nel 1923 doveva giungere a compimento nella volont\u00e0 umana?<\/strong><\/p>\n<p>Nel Natale del 2022-23 ricorreva l&#8217;anniversario commemorativo della morte fisica del Primo Goetheanum e durante le 12 Notti Sante abbiamo unito le nostre volont\u00e0 con il Quinto Vangelo, nel Goetheanum eterico e abbiamo camminato in questo modo fino all&#8217;anno 2023, come preparazione alla Conferenza di Natale e come ricapitolazione dei 33X3 anni, che erano un&#8217;immagine dei tre anni della vita di Cristo sulla terra.<br \/>\nQuest&#8217;anno, con il centenario della Conferenza di Natale, \u00e8 iniziato un nuovo ciclo. Un rinnovamento dell&#8217;impulso della Conferenza di Natale.<\/p>\n<p><strong>Rudolf Steiner<\/strong> ci dice pi\u00f9 volte di guardare agli eventi mondiali per confermare i fatti oggettivi.<\/p>\n<blockquote><p>Se non acquisiamo la facolt\u00e0 di percepire la verit\u00e0 in questo mondo fisico, non saremo mai in grado di svilupparla nel mondo spirituale. La capacit\u00e0 di orientarsi nel mondo spirituale deve essere sviluppata qui, nel mondo fisico. \u00c8 a questo scopo che siamo collocati nel mondo fisico, dove dobbiamo cercare un accordo tra l&#8217;idea e la realt\u00e0 oggettiva, in modo tale che questo diventi naturale per noi, che diventi un&#8217;abitudine e una facolt\u00e0 che poi porteremo con noi nel mondo spirituale&#8221; (Rudolf Steiner, Dornach 28 Agosto 1916 O.O.170).<\/p><\/blockquote>\n<p>Questo Natale del 2023-24 \u00e8 stato quindi un Natale molto importante, perch\u00e9 non solo \u00e8 stato il centenario della Conferenza di Natale, ma, come posso testimoniare attraverso la mia esperienza personale, \u00e8 stato un rinnovamento, cio\u00e8 \u00e8 stato piantato il seme come inizio di un nuovo ciclo in una forma pi\u00f9 elevata che si realizzer\u00e0 nella Pasqua del 2121-2122.<\/p>\n<figure id=\"attachment_76244\" aria-describedby=\"caption-attachment-76244\" style=\"width: 413px\" class=\"wp-caption alignleft\"><img decoding=\"async\" class=\"wp-image-76244\" src=\"https:\/\/www.liberopensare.com\/wp-content\/uploads\/2024\/02\/altra-campana-israele-palestina-fulvio-grimaldi-libro-199x300.jpeg\" alt=\"\" width=\"413\" height=\"623\" srcset=\"https:\/\/www.liberopensare.com\/wp-content\/uploads\/2024\/02\/altra-campana-israele-palestina-fulvio-grimaldi-libro-199x300.jpeg 199w, https:\/\/www.liberopensare.com\/wp-content\/uploads\/2024\/02\/altra-campana-israele-palestina-fulvio-grimaldi-libro-8x12.jpeg 8w, https:\/\/www.liberopensare.com\/wp-content\/uploads\/2024\/02\/altra-campana-israele-palestina-fulvio-grimaldi-libro.jpeg 445w\" sizes=\"(max-width: 413px) 100vw, 413px\" \/><figcaption id=\"caption-attachment-76244\" class=\"wp-caption-text\"><a href=\"https:\/\/www.ilgiardinodeilibri.it\/libri\/__altra-campana-israele-palestina-fulvio-grimaldi-libro.php?id=216410&amp;pn=4507\" target=\"_blank\" rel=\"noopener\"><strong>ACQUISTALO QUI<\/strong><\/a><\/figcaption><\/figure>\n<p><strong>\u00c8 quindi una coincidenza che una guerra in Palestina sia scoppiata due mesi prima, dall&#8217;Avvento 2023 al Natale 2023-4 e fino a Pasqua?<\/strong><br \/>\nProprio nel momento in cui il rinnovamento della vita cristica doveva essere celebrato nelle anime degli antroposofi, la morte e la distruzione si sono verificate e continuano a verificarsi proprio nel luogo in cui il Cristo, in Ges\u00f9, ha camminato, insegnato ed \u00e8 morto.<\/p>\n<p>Dalla guerra d&#8217;Ucraina alla guerra di Palestina &#8211; due capisaldi, la Russia del futuro e il passato di Israele\/Palestina.<\/p>\n<p>Questi due eventi sulla Terra erano intrinsecamente collegati alla fine di un ciclo e all&#8217;inizio di un nuovo ciclo di 33 anni. Si potrebbe dire che questa \u00e8 una conferma oggettiva nel mondo reale per i pensieri di cui sopra.<\/p>\n<p>Vi lascio liberi di decidere da soli.<\/p>\n<p><strong>La guerra in Ucraina \u00e8 avvenuta per la sovranit\u00e0 dell&#8217;Anima popolare russa e per il suo futuro. La guerra in Palestina \u00e8 stata combattuta per la sovranit\u00e0 delle anime popolari che significano il passato.<\/strong><br \/>\nTuttavia, le due guerre mostrano con estrema chiarezza quanto Lucifero e Ahriman stiano cercando di distruggere con audacia e terrore l&#8217;impulso cristico nel passato e nel futuro, in particolare per quanto riguarda ci\u00f2 che accadr\u00e0 nel 2030-33.<\/p>\n<p><strong>Infatti, nel 2030 vivremo il 2000\u00b0 anniversario del Battesimo di Ges\u00f9 da parte di Giovanni Battista (quando l&#8217;Io di Cristo entr\u00f2 in un&#8217;anima umana) e nel 2033 non solo il 2000\u00b0 anniversario del Mistero del Golgota, ma anche il 100\u00b0 anniversario dell&#8217;alba della manifestazione di Cristo nel mondo eterico nel 1933.<\/strong><\/p>\n<p>Che cosa \u00e8 stato seminato in questo Natale? Il pensiero che nel 1923 \u00e8 entrato nella volont\u00e0 dovr\u00e0 ora elevarsi a immaginazione collettiva se si vuole salvare l&#8217;umanit\u00e0 da Ahriman.<\/p>\n<figure id=\"attachment_76652\" aria-describedby=\"caption-attachment-76652\" style=\"width: 454px\" class=\"wp-caption alignright\"><img loading=\"lazy\" decoding=\"async\" class=\"wp-image-76652\" src=\"https:\/\/www.liberopensare.com\/wp-content\/uploads\/2024\/02\/FDL-COVER-JPG-211x300.jpg\" alt=\"\" width=\"454\" height=\"645\" \/><figcaption id=\"caption-attachment-76652\" class=\"wp-caption-text\"><a href=\"http:\/\/www.harmakisedizioni.org\/?product=la-filosofia-della-liberta-rudolf-steiner-paperback&amp;wpam_id=92\" target=\"_blank\" rel=\"noopener\"><strong>ACQUISTALO QUI<\/strong><\/a><\/figcaption><\/figure>\n<p><strong>Ritengo infatti che il 2030 vedr\u00e0 anche la nascita di Ahriman in un essere umano attraverso il quale operer\u00e0 nel mondo e la sua opera si intensificher\u00e0 fino al 2033.<\/strong><br \/>\nCi\u00f2 che \u00e8 stato seminato in quest&#8217;ultimo Natale ora si muove verso l&#8217;alto, come una ricapitolazione superiore del pensiero in immaginazioni attraverso il rinnovato potere della volont\u00e0 umana in cui vive Cristo!<br \/>\nQueste sono le grandi immaginazioni che gli antroposofi sperimentarono quando si trovavano intorno a Michele nel XIII secolo. Queste grandi immaginazioni si trovavano un tempo raffigurate sul soffitto del primo Goetheanum e nelle sue forme e quando bruci\u00f2 la Meditazione della Pietra di Fondazione fu il nuovo Goetheanum interiore, nel quale le ritroviamo attraverso i mantra delle Lezioni della Prima Classe della Scuola di Scienza dello Spirito. Perch\u00e9 la Scuola di Scienza dello Spirito \u00e8 l&#8217;essenza della Scuola di Michele nei mondi spirituali.<\/p>\n<p>Miei cari amici, questo fa dei mantra della Prima Classe le immaginazioni fondanti che hanno dato vita all&#8217;Antroposofia stessa.<br \/>\n\u00c8 una coincidenza che quest&#8217;ultimo anno abbia visto un attacco alle Lezioni della Classe e alla Scuola di Michele?<br \/>\nCi\u00f2 che \u00e8 entrato nella vita pensante dal Natale 1923-24, alla Pasqua 1956-57 \u00e8 entrato nel sentimento dalla Pasqua 1956-7 alla Pasqua 1989-90 e poi di nuovo nella volont\u00e0 dal 1989-90 al 2022-23 e ora \u00e8 iniziato un nuovo ciclo dal 2023-24 al 2122 che \u00e8 il Pensiero e si unir\u00e0 attraverso il sentimento alla volont\u00e0 per elevarsi all&#8217;immaginazione, collettivamente come un evento di Pentecoste.<br \/>\nA Natale, durante le 12 Notti Sante, abbiamo sperimentato, attraverso il centenario della Conferenza di Natale, un rinnovamento del percorso verso un&#8217;esperienza immaginativa del Cristo nel corpo eterico degli altri nella vita sociale e del Cristo nel corpo eterico della Terra, nel mondo. Abbiamo quindi unito il nostro Pensiero microcosmico con la Volont\u00e0 macrocosmica e da questo abbiamo creato il corpo del prossimo anno che riassume tutta l&#8217;Antroposofia.<br \/>\nIl cammino del Natale verso la prossima Pasqua ci porta al Cristo risorto in modo immaginativo &#8211; la morte del pensiero diventa la vita dell&#8217;immaginazione che percepisce il Cristo eterico nell&#8217;anima e nell&#8217;anima del mondo. Cristo che ha portato il Sole sulla Terra. Questa Pasqua, la vicinanza della sfera del Sole e del cerchio dei 12 Bodhisattva la rende un evento epocale!<\/p>\n<p>Una vera e propria celebrazione che ci porter\u00e0 fino a Michele, quando saremo giunti a comprendere l&#8217;ultimo discorso di <strong>Rudolf Steiner<\/strong>.<br \/>\nVi lascio a contemplare questi pensieri e a giungere alle vostre conclusioni.<\/p>\n<p><em>Tradotto dall\u2019inglese da Piero Cammerinesi per LiberoPensare<\/em><\/p>\n<p>&nbsp;<\/p>\n<hr \/>\n<p><img loading=\"lazy\" decoding=\"async\" class=\"wp-image-74142 alignleft\" src=\"https:\/\/liberopensare.com\/wp-content\/uploads\/2023\/10\/adkou-300x300.jpeg\" sizes=\"(max-width: 197px) 100vw, 197px\" srcset=\"https:\/\/liberopensare.com\/wp-content\/uploads\/2023\/10\/adkou-300x300.jpeg 300w, https:\/\/liberopensare.com\/wp-content\/uploads\/2023\/10\/adkou-150x150.jpeg 150w, https:\/\/liberopensare.com\/wp-content\/uploads\/2023\/10\/adkou-12x12.jpeg 12w, https:\/\/liberopensare.com\/wp-content\/uploads\/2023\/10\/adkou.jpeg 454w\" alt=\"\" width=\"197\" height=\"197\" \/>Adriana Koulias \u00e8 nata nel 1960 a Rio de Janeiro, in Brasile. All\u2019et\u00e0 di nove anni la sua famiglia \u00e8 emigrata in Australia.<br \/>\nNel 1989 Adriana ha iniziato a studiare Antroposofia, Filosofia e Storia e ha intrapreso una carriera artistica, vendendo opere a varie gallerie d\u2019arte e partecipando a diverse mostre miste. Autrice di diversi romanzi tra cui tradotti in italiano:\u00a0<em>Il segreto della sesta chiave, Il tempio del Graal, I custodi del Graal.<br \/>\n<\/em>Oggi Adriana tiene regolarmente conferenze su storia, filosofia e scienze esoteriche. Ha due figli e vive a Sydney.<\/p>","protected":false},"excerpt":{"rendered":"<p>di Adriana Koulias Mentre ci avviciniamo alla Pasqua e alle molte benedizioni di quest&#8217;anno, voglio condividere ancora una volta con voi queste parole di Rudolf Steiner: Le connessioni che raggiungono intervalli di trentatr\u00e9 anni sono essenziali per la comprensione dei ritmi temporali dell&#8217;evoluzione storica, e deve arrivare un momento in cui le persone, nel tempo [&hellip;]<\/p>\n","protected":false},"author":2,"featured_media":76673,"comment_status":"closed","ping_status":"closed","sticky":false,"template":"","format":"standard","meta":{"footnotes":""},"categories":[903,5162],"tags":[1483,851,63],"class_list":["post-76663","post","type-post","status-publish","format-standard","has-post-thumbnail","hentry","category-rassegna","category-spiritualita","tag-adriana-koulias","tag-evidenza","tag-rudolf-steiner"],"_links":{"self":[{"href":"https:\/\/www.liberopensare.com\/en\/wp-json\/wp\/v2\/posts\/76663","targetHints":{"allow":["GET"]}}],"collection":[{"href":"https:\/\/www.liberopensare.com\/en\/wp-json\/wp\/v2\/posts"}],"about":[{"href":"https:\/\/www.liberopensare.com\/en\/wp-json\/wp\/v2\/types\/post"}],"author":[{"embeddable":true,"href":"https:\/\/www.liberopensare.com\/en\/wp-json\/wp\/v2\/users\/2"}],"replies":[{"embeddable":true,"href":"https:\/\/www.liberopensare.com\/en\/wp-json\/wp\/v2\/comments?post=76663"}],"version-history":[{"count":0,"href":"https:\/\/www.liberopensare.com\/en\/wp-json\/wp\/v2\/posts\/76663\/revisions"}],"wp:featuredmedia":[{"embeddable":true,"href":"https:\/\/www.liberopensare.com\/en\/wp-json\/wp\/v2\/media\/76673"}],"wp:attachment":[{"href":"https:\/\/www.liberopensare.com\/en\/wp-json\/wp\/v2\/media?parent=76663"}],"wp:term":[{"taxonomy":"category","embeddable":true,"href":"https:\/\/www.liberopensare.com\/en\/wp-json\/wp\/v2\/categories?post=76663"},{"taxonomy":"post_tag","embeddable":true,"href":"https:\/\/www.liberopensare.com\/en\/wp-json\/wp\/v2\/tags?post=76663"}],"curies":[{"name":"wp","href":"https:\/\/api.w.org\/{rel}","templated":true}]}}