{"id":76772,"date":"2024-03-04T11:45:04","date_gmt":"2024-03-04T10:45:04","guid":{"rendered":"https:\/\/www.liberopensare.com\/?p=76772"},"modified":"2024-03-04T12:02:05","modified_gmt":"2024-03-04T11:02:05","slug":"cronache-della-pandemenza-il-sonno-della-ragione","status":"publish","type":"post","link":"https:\/\/www.liberopensare.com\/en\/cronache-della-pandemenza-il-sonno-della-ragione\/","title":{"rendered":"Cronache della Pandemenza &#8211; Il Sonno della Ragione\u00a0"},"content":{"rendered":"<pre><em>di Piero Cammerinesi<\/em><\/pre>\n<p><span data-contrast=\"none\">La stampa dell&#8217;Occidente collettivo ha &#8211; <em>obtorto collo<\/em> &#8211; pubblicato, la settimana scorsa, la notizia dell&#8217;audio di una conversazione di ben di 38 minuti tra quattro ufficiali dell&#8217;aeronautica tedesca, tra cui il comandante della <em>Bundeswehr<\/em>, <strong>Ingo Gerhartz<\/strong>, che discutevano i dettagli operativi e di puntamento dei missili <em>Taurus<\/em> da inviare all&#8217;Ucraina, compreso il loro possibile utilizzo contro il ponte di Crimea. <\/span><span data-ccp-props=\"{&quot;134233117&quot;:false,&quot;134233118&quot;:false,&quot;201341983&quot;:0,&quot;335551550&quot;:1,&quot;335551620&quot;:1,&quot;335557856&quot;:16777215,&quot;335559738&quot;:0,&quot;335559739&quot;:300,&quot;335559740&quot;:240}\">\u00a0<\/span><\/p>\n<figure id=\"attachment_76560\" aria-describedby=\"caption-attachment-76560\" style=\"width: 299px\" class=\"wp-caption alignleft\"><img fetchpriority=\"high\" decoding=\"async\" class=\"wp-image-76560\" src=\"https:\/\/www.liberopensare.com\/wp-content\/uploads\/2024\/02\/guerra-delle-parole-roberto-pecchioli-libro-205x300.jpeg\" alt=\"\" width=\"299\" height=\"437\" srcset=\"https:\/\/www.liberopensare.com\/wp-content\/uploads\/2024\/02\/guerra-delle-parole-roberto-pecchioli-libro-205x300.jpeg 205w, https:\/\/www.liberopensare.com\/wp-content\/uploads\/2024\/02\/guerra-delle-parole-roberto-pecchioli-libro-8x12.jpeg 8w, https:\/\/www.liberopensare.com\/wp-content\/uploads\/2024\/02\/guerra-delle-parole-roberto-pecchioli-libro.jpeg 460w\" sizes=\"(max-width: 299px) 100vw, 299px\" \/><figcaption id=\"caption-attachment-76560\" class=\"wp-caption-text\"><a href=\"https:\/\/www.ilgiardinodeilibri.it\/libri\/__guerra-delle-parole-roberto-pecchioli-libro.php?id=217212&amp;pn=4507\" target=\"_blank\" rel=\"noopener\"><strong>ACQUISTALO QUI<\/strong><\/a><\/figcaption><\/figure>\n<p><span data-contrast=\"none\">Come se non bastasse &#8211; visto che il cancelliere <strong>Olaf Scholz<\/strong> si \u00e8 rifiutato sinora di inviare i <em>Taurus<\/em>, che sono missili a lungo raggio, all&#8217;Ucraina &#8211; parlavano apertamente di <strong>come negare il coinvolgimento tedesco<\/strong> in un attacco del genere, per evitare di allargare il conflitto.<\/span><span data-ccp-props=\"{&quot;134233117&quot;:false,&quot;134233118&quot;:false,&quot;201341983&quot;:0,&quot;335551550&quot;:1,&quot;335551620&quot;:1,&quot;335557856&quot;:16777215,&quot;335559738&quot;:0,&quot;335559739&quot;:300,&quot;335559740&quot;:240}\">\u00a0<\/span><\/p>\n<p><span data-contrast=\"none\">Dopo che <strong>Scholz<\/strong> ha definito la fuga di notizie una\u00a0<\/span><i><span data-contrast=\"none\">&#8220;questione molto seria&#8221;<\/span><\/i><span data-contrast=\"none\">\u00a0e ha detto che si sta indagando\u00a0<\/span><i><span data-contrast=\"none\">&#8220;approfonditamente&#8221;,<\/span><\/i><span data-contrast=\"none\"> il Ministero della Difesa tedesco ha dovuto confermare l&#8217;autenticit\u00e0 della registrazione.<\/span><span data-ccp-props=\"{&quot;134233117&quot;:false,&quot;134233118&quot;:false,&quot;201341983&quot;:0,&quot;335551550&quot;:1,&quot;335551620&quot;:1,&quot;335557856&quot;:16777215,&quot;335559738&quot;:0,&quot;335559739&quot;:300,&quot;335559740&quot;:240}\">\u00a0<\/span><\/p>\n<p><span data-contrast=\"none\">Ma adesso viene il bello.<\/span><span data-ccp-props=\"{&quot;134233117&quot;:false,&quot;134233118&quot;:false,&quot;201341983&quot;:0,&quot;335551550&quot;:1,&quot;335551620&quot;:1,&quot;335557856&quot;:16777215,&quot;335559738&quot;:0,&quot;335559739&quot;:300,&quot;335559740&quot;:240}\">\u00a0<\/span><\/p>\n<p><span data-contrast=\"none\">Infatti, il ministro della Difesa tedesco <strong>Boris Pistorius<\/strong>, in un\u00a0<\/span><span data-contrast=\"none\">briefing con la stampa<\/span><span data-contrast=\"none\"> ieri a Berlino, invece di chiedere scusa e punire gli ufficiali coinvolti in un palese piano di aggressione verso un altro Paese &#8211; con cui la Germania non \u00e8 in guerra, ricordiamolo &#8211; ha pensato bene di affermare che&#8230; \u00e8 tutta colpa di <strong>Putin<\/strong>.<\/span><span data-ccp-props=\"{&quot;134233117&quot;:false,&quot;134233118&quot;:false,&quot;201341983&quot;:0,&quot;335551550&quot;:1,&quot;335551620&quot;:1,&quot;335557856&quot;:16777215,&quot;335559738&quot;:0,&quot;335559739&quot;:300,&quot;335559740&quot;:240}\">\u00a0<\/span><\/p>\n<p><span data-contrast=\"none\"><strong>Pistorius<\/strong>, infatti, si \u00e8 rivolto\u00a0alla fonte della fuga di notizie piuttosto che al contenuto della conversazione, attribuendo la responsabilit\u00e0 dell&#8217;incidente al Presidente russo <strong>Vladimir Putin<\/strong> ed arrivando a definire<\/span><span data-contrast=\"none\"><em> &#8220;disinformazione&#8221;<\/em> la pubblicazione dei commenti dei suoi stessi ufficiali.<\/span><span data-ccp-props=\"{&quot;134233117&quot;:false,&quot;134233118&quot;:false,&quot;201341983&quot;:0,&quot;335551550&quot;:1,&quot;335551620&quot;:1,&quot;335557856&quot;:16777215,&quot;335559738&quot;:0,&quot;335559739&quot;:300,&quot;335559740&quot;:240}\">\u00a0<\/span><\/p>\n<p><strong>L&#8217;informazione per Pistorius diventa &#8220;disinformazione&#8221;, mentre la sua disinformazione diventa l&#8217;informazione, quella vera. <\/strong><\/p>\n<p><strong>Assange<\/strong> <strong>docet!<\/strong><\/p>\n<p><span data-contrast=\"none\">&#8220;\u00c8\u00a0<\/span><i><span data-contrast=\"none\">parte di una guerra di informazione che Putin sta conducendo. Non c&#8217;\u00e8 assolutamente alcun dubbio su questo. \u00c8 un attacco ibrido che mira alla disinformazione&#8221;<\/span><\/i><span data-ccp-props=\"{&quot;134233117&quot;:false,&quot;134233118&quot;:false,&quot;201341983&quot;:0,&quot;335551550&quot;:1,&quot;335551620&quot;:1,&quot;335557856&quot;:16777215,&quot;335559738&quot;:0,&quot;335559739&quot;:300,&quot;335559740&quot;:240}\">\u00a0<\/span><\/p>\n<p>afferma <strong>Pistorius<\/strong>.<\/p>\n<p>&nbsp;<\/p>\n<figure id=\"attachment_76778\" aria-describedby=\"caption-attachment-76778\" style=\"width: 844px\" class=\"wp-caption aligncenter\"><img decoding=\"async\" class=\"wp-image-76778\" src=\"https:\/\/www.liberopensare.com\/wp-content\/uploads\/2024\/03\/65e4e69985f54056567b7d48-300x169.jpeg\" alt=\"\" width=\"844\" height=\"475\" srcset=\"https:\/\/www.liberopensare.com\/wp-content\/uploads\/2024\/03\/65e4e69985f54056567b7d48-300x169.jpeg 300w, https:\/\/www.liberopensare.com\/wp-content\/uploads\/2024\/03\/65e4e69985f54056567b7d48-18x10.jpeg 18w, https:\/\/www.liberopensare.com\/wp-content\/uploads\/2024\/03\/65e4e69985f54056567b7d48.jpeg 540w\" sizes=\"(max-width: 844px) 100vw, 844px\" \/><figcaption id=\"caption-attachment-76778\" class=\"wp-caption-text\">l ministro della Difesa tedesco Boris Pistorius durante un incontro con la stampa domenica a Berlino. \u00a9 Getty Images \/ Michael Kappeler<\/figcaption><\/figure>\n<p>&nbsp;<\/p>\n<p><strong>Come dire che, avendo scoperto un piano per uccidermi, nel momento in cui portassi le prove alla polizia, il criminale affermasse che sono io a\u00a0rovinargli la reputazione!\u00a0<\/strong><\/p>\n<p aria-level=\"1\"><strong>Come ben sappiamo, il sonno della Ragione genera mostri&#8230;\u00a0<\/strong><\/p>\n<p style=\"text-align: center;\" aria-level=\"1\">***<\/p>\n<p aria-level=\"1\"><span data-contrast=\"none\">Ma non \u00e8 finita; mentre i tedeschi danno prova di essere tra i finalisti del campionato per il migliore tradimento della Ragione &#8211; con buona pace di <strong>Kant, Hegel, Schiller, Goethe<\/strong> che si rigirano nelle tombe &#8211; c&#8217;\u00e8 chi fa anche di meglio, come Israele, che incolpa i palestinesi per gli oltre 100 morti ammazzati e gli oltre 750 feriti tra i civili affamati che aspettavano di ricevere gli aiuti alimentari nell&#8217;enclave palestinese assediata di Gaza.<\/span><span data-ccp-props=\"{&quot;134233117&quot;:false,&quot;134233118&quot;:false,&quot;134245418&quot;:true,&quot;134245529&quot;:true,&quot;201341983&quot;:0,&quot;335551550&quot;:1,&quot;335551620&quot;:1,&quot;335557856&quot;:16777215,&quot;335559738&quot;:0,&quot;335559739&quot;:225,&quot;335559740&quot;:240}\">\u00a0<\/span><\/p>\n<p><span data-contrast=\"none\">L&#8217;Israel Defense Forces (IDF) ha dichiarato, infatti, che le sue truppe avrebbero aperto il fuoco <strong>solo per proteggersi dalla folla affamata.<\/strong><\/span><strong>\u00a0<\/strong><\/p>\n<p>&nbsp;<\/p>\n<figure id=\"attachment_76776\" aria-describedby=\"caption-attachment-76776\" style=\"width: 850px\" class=\"wp-caption aligncenter\"><img decoding=\"async\" class=\"wp-image-76776\" src=\"https:\/\/www.liberopensare.com\/wp-content\/uploads\/2024\/03\/65e4faa185f5405d6758aec2-300x169.jpeg\" alt=\"\" width=\"850\" height=\"479\" srcset=\"https:\/\/www.liberopensare.com\/wp-content\/uploads\/2024\/03\/65e4faa185f5405d6758aec2-300x169.jpeg 300w, https:\/\/www.liberopensare.com\/wp-content\/uploads\/2024\/03\/65e4faa185f5405d6758aec2-18x10.jpeg 18w, https:\/\/www.liberopensare.com\/wp-content\/uploads\/2024\/03\/65e4faa185f5405d6758aec2.jpeg 540w\" sizes=\"(max-width: 850px) 100vw, 850px\" \/><figcaption id=\"caption-attachment-76776\" class=\"wp-caption-text\">Una schermata catturata da un video mostra le forze israeliane che prendono di mira i palestinesi e circondano i camion degli aiuti umanitari a Gaza City, 29 febbraio 2024\u00a0\u00a9\u00a0Stringer \/ Anadolu via Getty Images<\/figcaption><\/figure>\n<p>&nbsp;<\/p>\n<p><span data-contrast=\"none\">Ebbene, nonostante si vedano chiaramente dai filmati <\/span><span data-contrast=\"none\">le forze israeliane che prendono di mira i palestinesi,<\/span><span data-contrast=\"none\"> l&#8217;<em>IDF<\/em> sostiene che la maggior parte dei civili uccisi quando le truppe hanno aperto il fuoco \u00e8 morta a causa del fuggi fuggi e non a causa di colpi d&#8217;arma da fuoco.<\/span><span data-ccp-props=\"{&quot;134233117&quot;:false,&quot;134233118&quot;:false,&quot;201341983&quot;:0,&quot;335551550&quot;:1,&quot;335551620&quot;:1,&quot;335557856&quot;:16777215,&quot;335559738&quot;:0,&quot;335559739&quot;:300,&quot;335559740&quot;:240}\">\u00a0<\/span><\/p>\n<figure id=\"attachment_76244\" aria-describedby=\"caption-attachment-76244\" style=\"width: 331px\" class=\"wp-caption alignright\"><img loading=\"lazy\" decoding=\"async\" class=\"wp-image-76244\" src=\"https:\/\/www.liberopensare.com\/wp-content\/uploads\/2024\/02\/altra-campana-israele-palestina-fulvio-grimaldi-libro-199x300.jpeg\" alt=\"\" width=\"331\" height=\"499\" srcset=\"https:\/\/www.liberopensare.com\/wp-content\/uploads\/2024\/02\/altra-campana-israele-palestina-fulvio-grimaldi-libro-199x300.jpeg 199w, https:\/\/www.liberopensare.com\/wp-content\/uploads\/2024\/02\/altra-campana-israele-palestina-fulvio-grimaldi-libro-8x12.jpeg 8w, https:\/\/www.liberopensare.com\/wp-content\/uploads\/2024\/02\/altra-campana-israele-palestina-fulvio-grimaldi-libro.jpeg 445w\" sizes=\"(max-width: 331px) 100vw, 331px\" \/><figcaption id=\"caption-attachment-76244\" class=\"wp-caption-text\"><a href=\"https:\/\/www.ilgiardinodeilibri.it\/libri\/__altra-campana-israele-palestina-fulvio-grimaldi-libro.php?id=216410&amp;pn=4507\" target=\"_blank\" rel=\"noopener\"><strong>ACQUISTALO QUI<\/strong><\/a><\/figcaption><\/figure>\n<p><i><span data-contrast=\"none\">&#8220;L&#8217;IDF ha concluso una revisione iniziale dello <strong>sfortunato incidente<\/strong> in cui civili di Gaza sono stati calpestati a morte e feriti mentre caricavano il convoglio di aiuti&#8221;<\/span><\/i><span data-contrast=\"none\">, <\/span><span data-ccp-props=\"{&quot;134233117&quot;:false,&quot;134233118&quot;:false,&quot;201341983&quot;:0,&quot;335551550&quot;:1,&quot;335551620&quot;:1,&quot;335557856&quot;:16777215,&quot;335559738&quot;:0,&quot;335559739&quot;:300,&quot;335559740&quot;:240}\">\u00a0<\/span><\/p>\n<p><span data-contrast=\"none\">ha detto domenica il portavoce militare <strong>Daniel Hagari<\/strong> in un comunicato.\u00a0<\/span><span data-ccp-props=\"{&quot;134233117&quot;:false,&quot;134233118&quot;:false,&quot;201341983&quot;:0,&quot;335551550&quot;:1,&quot;335551620&quot;:1,&quot;335557856&quot;:16777215,&quot;335559738&quot;:0,&quot;335559739&quot;:300,&quot;335559740&quot;:240}\">\u00a0<\/span><\/p>\n<p><i><span data-contrast=\"none\">&#8220;Il nostro esame iniziale ha confermato che nessun attacco \u00e8 stato effettuato dall&#8217;IDF verso il convoglio di aiuti&#8221;.<\/span><\/i><span data-ccp-props=\"{&quot;134233117&quot;:false,&quot;134233118&quot;:false,&quot;201341983&quot;:0,&quot;335551550&quot;:1,&quot;335551620&quot;:1,&quot;335557856&quot;:16777215,&quot;335559738&quot;:0,&quot;335559739&quot;:300,&quot;335559740&quot;:240}\">\u00a0<\/span><\/p>\n<p><span data-contrast=\"none\"><strong>Hagari<\/strong> ha ribadito che le truppe stavano facilitando una consegna di aiuti e hanno sparato colpi di avvertimento quando i civili si sono precipitati verso il convoglio umanitario alla vista dei camion. <\/span><span data-ccp-props=\"{&quot;134233117&quot;:false,&quot;134233118&quot;:false,&quot;201341983&quot;:0,&quot;335551550&quot;:1,&quot;335551620&quot;:1,&quot;335557856&quot;:16777215,&quot;335559738&quot;:0,&quot;335559739&quot;:300,&quot;335559740&quot;:240}\">\u00a0<\/span><\/p>\n<p><strong>Come dire che se qualcuno mi spara \u00e8 colpa mia che avevo fame e sono pure scappato quando mi hanno sparato addosso!\u00a0<\/strong><\/p>\n<p><span data-contrast=\"none\">E poi, vivaddio, non dovevano precipitarsi sul cibo, non \u00e8 educato e neanche darsi alla fuga cos\u00ec selvaggiamente; in fondo perch\u00e9 aver paura?\u00a0 Sono solo <\/span><strong>30.000 le persone massacrate a Gaza dall&#8217;inizio della guerra mentre 570.000 (stima ONU) quelle che stanno morendo di fame.<\/strong> <span data-ccp-props=\"{&quot;134233117&quot;:false,&quot;134233118&quot;:false,&quot;201341983&quot;:0,&quot;335551550&quot;:1,&quot;335551620&quot;:1,&quot;335557856&quot;:16777215,&quot;335559685&quot;:0,&quot;335559737&quot;:0,&quot;335559738&quot;:0,&quot;335559739&quot;:300,&quot;335559740&quot;:240}\">\u00a0<\/span><\/p>\n<p><strong>La cosa pi\u00f9 tragica \u00e8 che questo sonno della Ragione ormai viene considerato normale.\u00a0<\/strong><\/p>\n<p>&nbsp;<\/p>\n<p><em>Immagine di copertina: Francisco Goya, \u201cIl sabba delle streghe\u201d, Madrid , Museo del Prado<\/em><\/p>","protected":false},"excerpt":{"rendered":"<p>di Piero Cammerinesi La stampa dell&#8217;Occidente collettivo ha &#8211; obtorto collo &#8211; pubblicato, la settimana scorsa, la notizia dell&#8217;audio di una conversazione di ben di 38 minuti tra quattro ufficiali dell&#8217;aeronautica tedesca, tra cui il comandante della Bundeswehr, Ingo Gerhartz, che discutevano i dettagli operativi e di puntamento dei missili Taurus da inviare all&#8217;Ucraina, compreso [&hellip;]<\/p>\n","protected":false},"author":2,"featured_media":76784,"comment_status":"closed","ping_status":"closed","sticky":false,"template":"","format":"standard","meta":{"footnotes":""},"categories":[13,5229],"tags":[5044,5824,5825,851,175,5823,212,4602,1875,5015,928],"class_list":["post-76772","post","type-post","status-publish","format-standard","has-post-thumbnail","hentry","category-articoli-news","category-geopolitica","tag-assange","tag-boris-pistorius","tag-daniel-hagari","tag-evidenza","tag-hegel","tag-ingo-gerhartz","tag-johann-wolfgang-von-goethe","tag-kant","tag-olaf-scholz","tag-schiller","tag-vladimir-putin"],"_links":{"self":[{"href":"https:\/\/www.liberopensare.com\/en\/wp-json\/wp\/v2\/posts\/76772","targetHints":{"allow":["GET"]}}],"collection":[{"href":"https:\/\/www.liberopensare.com\/en\/wp-json\/wp\/v2\/posts"}],"about":[{"href":"https:\/\/www.liberopensare.com\/en\/wp-json\/wp\/v2\/types\/post"}],"author":[{"embeddable":true,"href":"https:\/\/www.liberopensare.com\/en\/wp-json\/wp\/v2\/users\/2"}],"replies":[{"embeddable":true,"href":"https:\/\/www.liberopensare.com\/en\/wp-json\/wp\/v2\/comments?post=76772"}],"version-history":[{"count":0,"href":"https:\/\/www.liberopensare.com\/en\/wp-json\/wp\/v2\/posts\/76772\/revisions"}],"wp:featuredmedia":[{"embeddable":true,"href":"https:\/\/www.liberopensare.com\/en\/wp-json\/wp\/v2\/media\/76784"}],"wp:attachment":[{"href":"https:\/\/www.liberopensare.com\/en\/wp-json\/wp\/v2\/media?parent=76772"}],"wp:term":[{"taxonomy":"category","embeddable":true,"href":"https:\/\/www.liberopensare.com\/en\/wp-json\/wp\/v2\/categories?post=76772"},{"taxonomy":"post_tag","embeddable":true,"href":"https:\/\/www.liberopensare.com\/en\/wp-json\/wp\/v2\/tags?post=76772"}],"curies":[{"name":"wp","href":"https:\/\/api.w.org\/{rel}","templated":true}]}}