{"id":78089,"date":"2024-06-05T10:06:56","date_gmt":"2024-06-05T08:06:56","guid":{"rendered":"https:\/\/www.liberopensare.com\/?p=78089"},"modified":"2024-06-06T11:04:46","modified_gmt":"2024-06-06T09:04:46","slug":"la-crisi-globale-e-il-potere-del-pensiero","status":"publish","type":"post","link":"https:\/\/www.liberopensare.com\/en\/la-crisi-globale-e-il-potere-del-pensiero\/","title":{"rendered":"La Crisi Globale e il Potere del Pensiero"},"content":{"rendered":"<div class=\"title\">\n<pre data-dl-uid=\"0\" data-dl-original=\"true\" data-dl-translated=\"true\"><em>di Julian Rose<\/em><\/pre>\n<\/div>\n<div class=\"content\">\n<p data-dl-uid=\"48\" data-dl-original=\"true\" data-dl-translated=\"true\">\n<p data-dl-uid=\"48\" data-dl-original=\"true\" data-dl-translated=\"true\"><strong data-dl-uid=\"49\" data-dl-original=\"true\" data-dl-translated=\"true\"><em data-dl-uid=\"50\" data-dl-original=\"true\" data-dl-translated=\"true\"><span data-dl-uid=\"51\" data-dl-original=\"true\" data-dl-translated=\"true\">Stiamo appena iniziando a riconoscere lo straordinario potere che esiste nel campo dei pensieri che proiettiamo:<span class=\"Apple-converted-space\" data-dl-uid=\"52\" data-dl-original=\"true\" data-dl-translated=\"true\">\u00a0il\u00a0<\/span>potere di fare del bene e il potere di fare del male.<\/span><\/em><\/strong><\/p>\n<p data-dl-uid=\"53\" data-dl-original=\"true\" data-dl-translated=\"true\"><span data-dl-uid=\"54\" data-dl-original=\"true\" data-dl-translated=\"true\">Dobbiamo essere consapevoli che molteplici flussi interconnessi di energia invisibile trasportano le nostre onde di pensiero da un capo all&#8217;altro del mondo, contribuendo alla salute o alla malattia psichica complessiva di tutte le forme di vita senzienti.<\/span><\/p>\n<p data-dl-uid=\"55\" data-dl-original=\"true\" data-dl-translated=\"true\"><span data-dl-uid=\"56\" data-dl-original=\"true\" data-dl-translated=\"true\">I &#8220;produttori di pensiero&#8221; della spinta al dominio a tutto spettro e al controllo centrale nell&#8217;ambito di un Nuovo Ordine Mondiale\/Great Reset, sono pienamente consapevoli del potere a loro disposizione attraverso la proiezione organizzata di modelli di pensiero.<\/span><\/p>\n<p data-dl-uid=\"57\" data-dl-original=\"true\" data-dl-translated=\"true\"><span data-dl-uid=\"58\" data-dl-original=\"true\" data-dl-translated=\"true\">Tuttavia, aumentando i nostri livelli di consapevolezza psichica possiamo neutralizzare e infine superare questo attacco occulto &#8211; e sempre pi\u00f9 palese &#8211; al nostro benessere mentale.<\/span><\/p>\n<figure id=\"attachment_76848\" aria-describedby=\"caption-attachment-76848\" style=\"width: 386px\" class=\"wp-caption alignleft\"><img fetchpriority=\"high\" decoding=\"async\" class=\"wp-image-76848\" src=\"https:\/\/www.liberopensare.com\/wp-content\/uploads\/2024\/03\/ioautocosciente-scaled-1-203x300.jpeg\" alt=\"\" width=\"386\" height=\"570\" srcset=\"https:\/\/www.liberopensare.com\/wp-content\/uploads\/2024\/03\/ioautocosciente-scaled-1-203x300.jpeg 203w, https:\/\/www.liberopensare.com\/wp-content\/uploads\/2024\/03\/ioautocosciente-scaled-1-692x1024.jpeg 692w, https:\/\/www.liberopensare.com\/wp-content\/uploads\/2024\/03\/ioautocosciente-scaled-1-768x1136.jpeg 768w, https:\/\/www.liberopensare.com\/wp-content\/uploads\/2024\/03\/ioautocosciente-scaled-1-1038x1536.jpeg 1038w, https:\/\/www.liberopensare.com\/wp-content\/uploads\/2024\/03\/ioautocosciente-scaled-1-1384x2048.jpeg 1384w, https:\/\/www.liberopensare.com\/wp-content\/uploads\/2024\/03\/ioautocosciente-scaled-1-8x12.jpeg 8w, https:\/\/www.liberopensare.com\/wp-content\/uploads\/2024\/03\/ioautocosciente-scaled-1-1320x1953.jpeg 1320w, https:\/\/www.liberopensare.com\/wp-content\/uploads\/2024\/03\/ioautocosciente-scaled-1.jpeg 1730w\" sizes=\"(max-width: 386px) 100vw, 386px\" \/><figcaption id=\"caption-attachment-76848\" class=\"wp-caption-text\"><a href=\"https:\/\/edizioniartemis.it\/product\/lio-autocosciente-e-il-suo-percorso\/ref\/3\/\" target=\"_blank\" rel=\"noopener\">ACQUISTALO QUI<\/a><\/figcaption><\/figure>\n<p data-dl-uid=\"59\" data-dl-original=\"true\" data-dl-translated=\"true\"><span data-dl-uid=\"60\" data-dl-original=\"true\" data-dl-translated=\"true\">Il riconoscimento chiave che accompagna la consapevolezza olistica rivela che nella manifestazione della vita\u00a0<\/span><span data-dl-uid=\"61\" data-dl-original=\"true\" data-dl-translated=\"true\">non c&#8217;\u00e8 nulla che non sia collegato a tutto il resto<span class=\"Apple-converted-space\" data-dl-uid=\"62\" data-dl-original=\"true\" data-dl-translated=\"true\">.<\/span><\/span><\/p>\n<p data-dl-uid=\"63\" data-dl-original=\"true\" data-dl-translated=\"true\"><span data-dl-uid=\"64\" data-dl-original=\"true\" data-dl-translated=\"true\">Anche se inizialmente \u00e8 un dato difficile da assimilare, \u00e8 una verit\u00e0 inconfutabile<span class=\"Apple-converted-space\" data-dl-uid=\"65\" data-dl-original=\"true\" data-dl-translated=\"true\">.<\/span><\/span><\/p>\n<p data-dl-uid=\"66\" data-dl-original=\"true\" data-dl-translated=\"true\"><span data-dl-uid=\"67\" data-dl-original=\"true\" data-dl-translated=\"true\">Se cercate di scoprire qualcosa che non rientra in questo paradigma, sicuramente non avrete successo.<\/span><\/p>\n<p data-dl-uid=\"68\" data-dl-original=\"true\" data-dl-translated=\"true\"><span data-dl-uid=\"69\" data-dl-original=\"true\" data-dl-translated=\"true\">Questo perch\u00e9, in termini universali, la &#8220;creazione&#8221; comporta un processo di diversificazione in espansione a partire da un evento causale centrale. Come quando si lascia cadere un sasso in uno specchio d&#8217;acqua, le increspature che ne derivano si espandono sempre pi\u00f9 verso l&#8217;esterno.<\/span><\/p>\n<p data-dl-uid=\"70\" data-dl-original=\"true\" data-dl-translated=\"true\"><span data-dl-uid=\"71\" data-dl-original=\"true\" data-dl-translated=\"true\">Noi esseri umani siamo una parte molto recente di questo processo di diversificazione della vita in espansione. Abbiamo solo un milione di anni in un processo di evoluzione planetaria di miliardi di anni.<\/span><\/p>\n<p data-dl-uid=\"79\" data-dl-original=\"true\" data-dl-translated=\"true\"><span data-dl-uid=\"80\" data-dl-original=\"true\" data-dl-translated=\"true\">Essendo i nuovi arrivati in termini di evoluzione della specie e della flora e fauna planetaria, abbiamo molto da imparare su chi siamo e su come ci inseriamo nello straordinario caleidoscopio della vita<span class=\"Apple-converted-space\" data-dl-uid=\"81\" data-dl-original=\"true\" data-dl-translated=\"true\">.<\/span><\/span><\/p>\n<p data-dl-uid=\"82\" data-dl-original=\"true\" data-dl-translated=\"true\"><span data-dl-uid=\"83\" data-dl-original=\"true\" data-dl-translated=\"true\">\u00c8 per questo motivo che tendiamo a trovarci a brancolare nella confusione in un&#8217;epoca in cui un numero molteplice di crisi sembra attraversare la vita planetaria pi\u00f9 o meno simultaneamente<span class=\"Apple-converted-space\" data-dl-uid=\"84\" data-dl-original=\"true\" data-dl-translated=\"true\">.<\/span><\/span><\/p>\n<p data-dl-uid=\"85\" data-dl-original=\"true\" data-dl-translated=\"true\"><span data-dl-uid=\"86\" data-dl-original=\"true\" data-dl-translated=\"true\">In una valutazione olistica\/quantistica di ci\u00f2 che \u00e8 &#8220;causa&#8221; e ci\u00f2 che \u00e8 &#8220;effetto&#8221; in tempi di crisi, \u00e8 importante essere consapevoli che lo stato di salute dell&#8217;uomo si riflette nello stato di salute del pianeta (Gaia) e che lo stato di salute del pianeta si riflette nello stato di salute dell&#8217;uomo<span class=\"Apple-converted-space\" data-dl-uid=\"87\" data-dl-original=\"true\" data-dl-translated=\"true\">.<\/span><\/span><\/p>\n<p data-dl-uid=\"88\" data-dl-original=\"true\" data-dl-translated=\"true\"><strong data-dl-uid=\"89\" data-dl-original=\"true\" data-dl-translated=\"true\"><span data-dl-uid=\"90\" data-dl-original=\"true\" data-dl-translated=\"true\">Tutto \u00e8 collegato e d \u00e8 immancabilmente un&#8217;arma a doppio taglio<span class=\"Apple-converted-space\" data-dl-uid=\"91\" data-dl-original=\"true\" data-dl-translated=\"true\">.<\/span><\/span><\/strong><\/p>\n<p data-dl-uid=\"92\" data-dl-original=\"true\" data-dl-translated=\"true\"><span data-dl-uid=\"93\" data-dl-original=\"true\" data-dl-translated=\"true\">Ad esempio, nella Teoria del Caos si ipotizza che una farfalla che sbatte le ali in Central Park a New York influenzi il tempo a Londra<span class=\"Apple-converted-space\" data-dl-uid=\"94\" data-dl-original=\"true\" data-dl-translated=\"true\">.<\/span><\/span><\/p>\n<p data-dl-uid=\"95\" data-dl-original=\"true\" data-dl-translated=\"true\"><span data-dl-uid=\"96\" data-dl-original=\"true\" data-dl-translated=\"true\">Sebbene ci\u00f2 sia deliberatamente all&#8217;estremo della credibilit\u00e0, la fisica dell&#8217;interconnessione<span class=\"Apple-converted-space\" data-dl-uid=\"97\" data-dl-original=\"true\" data-dl-translated=\"true\">\u00a0dimostra\u00a0<\/span>che non si tratta semplicemente di un&#8217;illusione onirica.<\/span><\/p>\n<p data-dl-uid=\"98\" data-dl-original=\"true\" data-dl-translated=\"true\"><span data-dl-uid=\"99\" data-dl-original=\"true\" data-dl-translated=\"true\"><strong data-dl-uid=\"100\" data-dl-original=\"true\" data-dl-translated=\"true\">Ogni nostra azione, compresi i nostri pensieri, ha delle ripercussioni.<\/strong>\u00a0<strong data-dl-uid=\"101\" data-dl-original=\"true\" data-dl-translated=\"true\">Ripercussioni su noi stessi, sugli altri, sull&#8217;ambiente naturale e sull&#8217;universo<span class=\"Apple-converted-space\" data-dl-uid=\"102\" data-dl-original=\"true\" data-dl-translated=\"true\">.<\/span><\/strong><\/span><\/p>\n<p data-dl-uid=\"103\" data-dl-original=\"true\" data-dl-translated=\"true\"><span data-dl-uid=\"104\" data-dl-original=\"true\" data-dl-translated=\"true\">Eppure, nelle nostre conversazioni parliamo di cose che accadono &#8220;nel mondo esterno&#8221; come se fossero del tutto separate ed estranee a noi<span class=\"Apple-converted-space\" data-dl-uid=\"105\" data-dl-original=\"true\" data-dl-translated=\"true\">.<\/span><\/span><\/p>\n<p data-dl-uid=\"106\" data-dl-original=\"true\" data-dl-translated=\"true\"><strong data-dl-uid=\"107\" data-dl-original=\"true\" data-dl-translated=\"true\"><span data-dl-uid=\"108\" data-dl-original=\"true\" data-dl-translated=\"true\">Ma quando avveleniamo il suolo, l&#8217;acqua e l&#8217;aria del nostro pianeta con sostanze chimiche tossiche, radiazioni EMF, chemtrails, esplosivi bellici e rifiuti scartati e non biologicamente rinnovabili, la nostra terra vivente (Gaia) reagisce proprio come faremmo noi<span class=\"Apple-converted-space\" data-dl-uid=\"109\" data-dl-original=\"true\" data-dl-translated=\"true\">.<\/span><\/span><\/strong><\/p>\n<figure id=\"attachment_75456\" aria-describedby=\"caption-attachment-75456\" style=\"width: 417px\" class=\"wp-caption alignright\"><img decoding=\"async\" class=\"wp-image-75456\" src=\"https:\/\/www.liberopensare.com\/wp-content\/uploads\/2023\/12\/lievegoed-1-210x300.jpeg\" alt=\"\" width=\"417\" height=\"595\" srcset=\"https:\/\/www.liberopensare.com\/wp-content\/uploads\/2023\/12\/lievegoed-1-210x300.jpeg 210w, https:\/\/www.liberopensare.com\/wp-content\/uploads\/2023\/12\/lievegoed-1-8x12.jpeg 8w, https:\/\/www.liberopensare.com\/wp-content\/uploads\/2023\/12\/lievegoed-1.jpeg 716w\" sizes=\"(max-width: 417px) 100vw, 417px\" \/><figcaption id=\"caption-attachment-75456\" class=\"wp-caption-text\"><a href=\"https:\/\/edizioniartemis.it\/product\/della-salvazione-dellanima\/ref\/3\/\" target=\"_blank\" rel=\"noopener\"><strong>ACQUISTALO QUI<\/strong><\/a><\/figcaption><\/figure>\n<p data-dl-uid=\"112\" data-dl-original=\"true\" data-dl-translated=\"true\"><span data-dl-uid=\"113\" data-dl-original=\"true\" data-dl-translated=\"true\">La donna cede alla malattia, sviluppa la febbre e<span class=\"Apple-converted-space\" data-dl-uid=\"114\" data-dl-original=\"true\" data-dl-translated=\"true\">,\u00a0<\/span>sudando e congelando, cerca di espellere i veleni che bloccano le arterie e di ripristinare la salute dei suoi sistemi biologici<span class=\"Apple-converted-space\" data-dl-uid=\"115\" data-dl-original=\"true\" data-dl-translated=\"true\">.<\/span><\/span><\/p>\n<p data-dl-uid=\"116\" data-dl-original=\"true\" data-dl-translated=\"true\"><span data-dl-uid=\"117\" data-dl-original=\"true\" data-dl-translated=\"true\">Il dottor <strong>Emoto<\/strong>, utilizzando speciali tecniche fotografiche, ha mostrato come i cristalli d&#8217;acqua assumano disegni diversi quando la persona che tiene in mano il bicchiere pieno d&#8217;acqua esprime pensieri ed emozioni diverse: bellezza cristallina quando \u00e8 positiva e una sfocatura rettangolare e scura quando \u00e8 negativa.<\/span><\/p>\n<p data-dl-uid=\"118\" data-dl-original=\"true\" data-dl-translated=\"true\"><strong data-dl-uid=\"119\" data-dl-original=\"true\" data-dl-translated=\"true\"><span data-dl-uid=\"120\" data-dl-original=\"true\" data-dl-translated=\"true\">Tutto \u00e8 collegato a tutto e tutto risponde a sua volta.<\/span><\/strong><\/p>\n<p data-dl-uid=\"121\" data-dl-original=\"true\" data-dl-translated=\"true\"><span data-dl-uid=\"122\" data-dl-original=\"true\" data-dl-translated=\"true\">Lo stesso processo avviene, ad esempio, nei medicinali omeopatici. Un elemento altamente diluito di qualsiasi forma di malattia manifestata dal paziente viene ingerito e scatena una risposta del sistema immunitario che aiuta a contrastare la diffusione della malattia<span class=\"Apple-converted-space\" data-dl-uid=\"123\" data-dl-original=\"true\" data-dl-translated=\"true\">.<\/span><\/span><\/p>\n<p data-dl-uid=\"124\" data-dl-original=\"true\" data-dl-translated=\"true\"><span data-dl-uid=\"125\" data-dl-original=\"true\" data-dl-translated=\"true\">Sembra miracoloso, ma \u00e8 del tutto logico al livello quantistico dell&#8217;esistenza<span class=\"Apple-converted-space\" data-dl-uid=\"126\" data-dl-original=\"true\" data-dl-translated=\"true\">.<\/span><\/span><\/p>\n<p data-dl-uid=\"127\" data-dl-original=\"true\" data-dl-translated=\"true\"><span data-dl-uid=\"128\" data-dl-original=\"true\" data-dl-translated=\"true\"><strong>Gli esseri umani sono dotati della capacit\u00e0 di dirigere la forza del pensiero.<\/strong> Tutti noi, una volta o l&#8217;altra, abbiamo<span class=\"Apple-converted-space\" data-dl-uid=\"129\" data-dl-original=\"true\" data-dl-translated=\"true\">\u00a0avuto\u00a0<\/span>l&#8217;esperienza di inviare a qualcuno bisognoso &#8220;pensieri positivi&#8221; o di farceli inviare<span class=\"Apple-converted-space\" data-dl-uid=\"130\" data-dl-original=\"true\" data-dl-translated=\"true\">.<\/span><\/span><\/p>\n<p data-dl-uid=\"131\" data-dl-original=\"true\" data-dl-translated=\"true\"><span data-dl-uid=\"132\" data-dl-original=\"true\" data-dl-translated=\"true\">Il trasferimento di energia \u00e8 molto sottile e, in termini elettrici, non supera il valore di un watt<span class=\"Apple-converted-space\" data-dl-uid=\"133\" data-dl-original=\"true\" data-dl-translated=\"true\">.<\/span><\/span><\/p>\n<p data-dl-uid=\"134\" data-dl-original=\"true\" data-dl-translated=\"true\"><span data-dl-uid=\"135\" data-dl-original=\"true\" data-dl-translated=\"true\">Ma la vibrazione del pensiero porta con s\u00e9 una dinamica cristallina (utilizzando l&#8217;immagine dell&#8217;acqua di <strong>Emoto<\/strong>) e viene captata da cellule nervose energetiche simili nel ricevente. Se non viene indebitamente inibita, pu\u00f2 contribuire a provocare una guarigione.<\/span><\/p>\n<p data-dl-uid=\"136\" data-dl-original=\"true\" data-dl-translated=\"true\"><span data-dl-uid=\"137\" data-dl-original=\"true\" data-dl-translated=\"true\">Ma all&#8217;estremo opposto esiste una versione oscuramente sfruttata dello stesso principio. <strong>Tutte queste pratiche possono essere utilizzate sia per aiutare che per ostacolare lo sviluppo umano.<span class=\"Apple-converted-space\" data-dl-uid=\"138\" data-dl-original=\"true\" data-dl-translated=\"true\">\u00a0Dalla\u00a0<\/span>guarigione del pensiero alla stregoneria.<\/strong><\/span><\/p>\n<p data-dl-uid=\"139\" data-dl-original=\"true\" data-dl-translated=\"true\"><span data-dl-uid=\"140\" data-dl-original=\"true\" data-dl-translated=\"true\">La condizione psichica dell&#8217;umanit\u00e0 nel suo complesso pu\u00f2 essere destabilizzata dal potere diretto di &#8220;armi di pensiero&#8221; di concezione militare, soprattutto se organizzate in schemi che agiscono a livello subconscio<span class=\"Apple-converted-space\" data-dl-uid=\"141\" data-dl-original=\"true\" data-dl-translated=\"true\">.<\/span><\/span><\/p>\n<p data-dl-uid=\"142\" data-dl-original=\"true\" data-dl-translated=\"true\"><span data-dl-uid=\"143\" data-dl-original=\"true\" data-dl-translated=\"true\">Cos\u00ec, mentre la propaganda dei mass media e gli esercizi di indottrinamento ci martellano sulla superficie della vita, siamo anche i destinatari di proiettili di pensiero invisibili e inascoltabili a livello subliminale.<\/span><\/p>\n<p data-dl-uid=\"144\" data-dl-original=\"true\" data-dl-translated=\"true\"><span data-dl-uid=\"145\" data-dl-original=\"true\" data-dl-translated=\"true\">Queste tecniche sono state ormai armate a un livello inimmaginabile fino a pochi decenni fa. Ma se l&#8217;intelligenza artificiale e le frequenze dei campi elettromagnetici sono gli strumenti di un&#8217;era cibernetica digitale, il principio del trasferimento organico del pensiero rimane la linea di fondo. La base su cui si pu\u00f2 costruire in modo positivo o negativo.<\/span><\/p>\n<figure id=\"attachment_75286\" aria-describedby=\"caption-attachment-75286\" style=\"width: 403px\" class=\"wp-caption alignleft\"><img decoding=\"async\" class=\"wp-image-75286\" src=\"https:\/\/www.liberopensare.com\/wp-content\/uploads\/2023\/12\/vonGleich_isbn-215x300.jpeg\" alt=\"\" width=\"403\" height=\"562\" srcset=\"https:\/\/www.liberopensare.com\/wp-content\/uploads\/2023\/12\/vonGleich_isbn-215x300.jpeg 215w, https:\/\/www.liberopensare.com\/wp-content\/uploads\/2023\/12\/vonGleich_isbn-733x1024.jpeg 733w, https:\/\/www.liberopensare.com\/wp-content\/uploads\/2023\/12\/vonGleich_isbn-768x1073.jpeg 768w, https:\/\/www.liberopensare.com\/wp-content\/uploads\/2023\/12\/vonGleich_isbn-1099x1536.jpeg 1099w, https:\/\/www.liberopensare.com\/wp-content\/uploads\/2023\/12\/vonGleich_isbn-9x12.jpeg 9w, https:\/\/www.liberopensare.com\/wp-content\/uploads\/2023\/12\/vonGleich_isbn-1320x1844.jpeg 1320w, https:\/\/www.liberopensare.com\/wp-content\/uploads\/2023\/12\/vonGleich_isbn.jpeg 1420w\" sizes=\"(max-width: 403px) 100vw, 403px\" \/><figcaption id=\"caption-attachment-75286\" class=\"wp-caption-text\"><a href=\"https:\/\/edizioniartemis.it\/product\/la-trasmutazione-del-male\/ref\/3\/\" target=\"_blank\" rel=\"noopener\"><strong>ACQUISTALO QUI<\/strong><\/a><\/figcaption><\/figure>\n<p data-dl-uid=\"146\" data-dl-original=\"true\" data-dl-translated=\"true\"><span data-dl-uid=\"147\" data-dl-original=\"true\" data-dl-translated=\"true\">Non c&#8217;\u00e8 bisogno di entrare nel dettaglio dell&#8217;onnipresente bombardamento negativo della sorveglianza del pensiero, della programmazione mentale e dell&#8217;inceppamento degli operatori dei servizi segreti che attualmente tentano di bloccare l&#8217;ascesa della mente, dei pensieri e delle azioni superiori della parte migliore dell&#8217;umanit\u00e0.<\/span><\/p>\n<p data-dl-uid=\"148\" data-dl-original=\"true\" data-dl-translated=\"true\"><span data-dl-uid=\"149\" data-dl-original=\"true\" data-dl-translated=\"true\">Esiste una pletora di informazioni ben articolate su questa guerra feroce alle vere aspirazioni e alla naturale ricchezza dell&#8217;essere umano\u00a0<span class=\"Apple-converted-space\" data-dl-uid=\"150\" data-dl-original=\"true\" data-dl-translated=\"true\">.<\/span><\/span><\/p>\n<p data-dl-uid=\"151\" data-dl-original=\"true\" data-dl-translated=\"true\"><span data-dl-uid=\"152\" data-dl-original=\"true\" data-dl-translated=\"true\">Ma avverto i miei lettori di essere consapevoli del fatto che in questi giorni, a parte il vostro cellulare ficcanaso,<span class=\"Apple-converted-space\" data-dl-uid=\"153\" data-dl-original=\"true\" data-dl-translated=\"true\">\u00a0il vostro\u00a0<\/span>apparentemente innocuo televisore sta leggendo le vostre emozioni di risposta al programma che state guardando e indirizza tali informazioni al sistema di controllo centrale per essere utilizzate per qualsiasi scopo ritenuto opportuno.<\/span><\/p>\n<p data-dl-uid=\"154\" data-dl-original=\"true\" data-dl-translated=\"true\"><span data-dl-uid=\"155\" data-dl-original=\"true\" data-dl-translated=\"true\">Il mio consiglio inequivocabile: gettate il televisore, se non l&#8217;avete ancora fatto, e fate lo stesso con il cellulare. Ho rinunciato a entrambi pi\u00f9 di 20 anni fa e non mi sono mai guardato indietro.<\/span><\/p>\n<p data-dl-uid=\"156\" data-dl-original=\"true\" data-dl-translated=\"true\"><span data-dl-uid=\"157\" data-dl-original=\"true\" data-dl-translated=\"true\">Ci rimane questo piccolo periodo di tempo per cambiare il nostro modo di vedere e di fare le cose, in modo da creare uno scudo in grado di contrastare l&#8217;arsenale negativo dello Stato profondo e di ottenere il potere di respingere tutti questi attacchi satanici alle nostre qualit\u00e0 pi\u00f9 profonde donate da Dio.<\/span><\/p>\n<p data-dl-uid=\"158\" data-dl-original=\"true\" data-dl-translated=\"true\"><span data-dl-uid=\"159\" data-dl-original=\"true\" data-dl-translated=\"true\">Naturalmente siamo colpiti a pi\u00f9 livelli contemporaneamente. Ma \u00e8 a livello del cuore, della mente e dell&#8217;anima che viene perpetrato il danno maggiore. \u00c8 quindi a livello del cuore, della mente e dell&#8217;anima che dobbiamo costruire la nostra massima forza e i nostri livelli di resistenza inespugnabile all&#8217;assalto<span class=\"Apple-converted-space\" data-dl-uid=\"160\" data-dl-original=\"true\" data-dl-translated=\"true\">.<\/span><\/span><\/p>\n<p data-dl-uid=\"164\" data-dl-original=\"true\" data-dl-translated=\"true\"><span data-dl-uid=\"165\" data-dl-original=\"true\" data-dl-translated=\"true\">Il nostro &#8220;nemico&#8221; non ha emozioni come le conosciamo noi. Gli psicopatici non hanno alcuna empatia per la razza umana, per l&#8217;umanit\u00e0. Ecco perch\u00e9, ad esempio, a Gaza si assiste a omicidi a sangue freddo su scala cos\u00ec devastante<span class=\"Apple-converted-space\" data-dl-uid=\"166\" data-dl-original=\"true\" data-dl-translated=\"true\">.<\/span><\/span><\/p>\n<p data-dl-uid=\"167\" data-dl-original=\"true\" data-dl-translated=\"true\"><span data-dl-uid=\"168\" data-dl-original=\"true\" data-dl-translated=\"true\">Questi criminali sono gi\u00e0 in parte robotici. La Quarta Rivoluzione Industriale\/Great Reset intende sostituire l&#8217;umanit\u00e0 senziente con una razza sterile di &#8220;designer&#8221;. Ci\u00f2 che definiscono &#8220;Fare meglio di Dio&#8221;: Il progetto transumano. Vogliono che la loro razza abbia il pieno controllo di tutta la vita sulla Terra e oltre.<\/span><\/p>\n<p data-dl-uid=\"169\" data-dl-original=\"true\" data-dl-translated=\"true\"><span data-dl-uid=\"170\" data-dl-original=\"true\" data-dl-translated=\"true\">Quando ci troviamo di fronte ai demoni, abbiamo solo una carta per uscire di prigione. La nostra anima profonda e duratura. Quella che si ricollega al nucleo supremo della nostra esistenza, di tutta l&#8217;esistenza<span class=\"Apple-converted-space\" data-dl-uid=\"171\" data-dl-original=\"true\" data-dl-translated=\"true\">.<\/span><\/span><\/p>\n<p data-dl-uid=\"172\" data-dl-original=\"true\" data-dl-translated=\"true\"><span data-dl-uid=\"173\" data-dl-original=\"true\" data-dl-translated=\"true\">\u00c8 qui che conserviamo la nostra arma pi\u00f9 potente per combattere il male puro. \u00c8 da qui che provengono le vibrazioni che rendono cristalline ed espansive le acque fangose e scure. Qui e nel cuore<span class=\"Apple-converted-space\" data-dl-uid=\"174\" data-dl-original=\"true\" data-dl-translated=\"true\">.<\/span><\/span><\/p>\n<p data-dl-uid=\"175\" data-dl-original=\"true\" data-dl-translated=\"true\"><span data-dl-uid=\"176\" data-dl-original=\"true\" data-dl-translated=\"true\">\u00c8 da qui che dirigiamo i nostri pensieri positivi e immaginiamo il mondo che andremo a costruire<span class=\"Apple-converted-space\" data-dl-uid=\"177\" data-dl-original=\"true\" data-dl-translated=\"true\">.<\/span><\/span><\/p>\n<p data-dl-uid=\"178\" data-dl-original=\"true\" data-dl-translated=\"true\"><span data-dl-uid=\"179\" data-dl-original=\"true\" data-dl-translated=\"true\">\u00c8 da qui che partono le azioni necessarie per rimuovere i falsi leader dai loro troni oscuri. Azioni vitali, imperative per realizzare i cambiamenti che devono avvenire a livello locale, qui e ora<span class=\"Apple-converted-space\" data-dl-uid=\"180\" data-dl-original=\"true\" data-dl-translated=\"true\">.<\/span><\/span><\/p>\n<p data-dl-uid=\"181\" data-dl-original=\"true\" data-dl-translated=\"true\"><strong data-dl-uid=\"182\" data-dl-original=\"true\" data-dl-translated=\"true\"><span data-dl-uid=\"183\" data-dl-original=\"true\" data-dl-translated=\"true\">Le azioni specificamente dirette a sconfiggere la fonte di distruzione sono rivolte a tutte le forme di vita senzienti, non solo agli esseri umani.<\/span><\/strong><\/p>\n<p data-dl-uid=\"184\" data-dl-original=\"true\" data-dl-translated=\"true\"><span data-dl-uid=\"185\" data-dl-original=\"true\" data-dl-translated=\"true\">Nessuna finta <em>&#8220;New Age&#8221;<\/em> spirituale che si nasconde in una narcisistica foglia di loto di presunta autoconservazione.<\/span><\/p>\n<p data-dl-uid=\"186\" data-dl-original=\"true\" data-dl-translated=\"true\"><span data-dl-uid=\"187\" data-dl-original=\"true\" data-dl-translated=\"true\">Se si mette in moto questo centro di potere, ci trasformiamo in guerrieri spirituali inarrestabili. E questo segna la fine della dimensione demoniaca che ha dirottato questo pianeta per troppo tempo.<\/span><\/p>\n<p data-dl-uid=\"188\" data-dl-original=\"true\" data-dl-translated=\"true\"><span data-dl-uid=\"189\" data-dl-original=\"true\" data-dl-translated=\"true\">Questa trasformazione non \u00e8 cos\u00ec difficile. Molti sarebbero gi\u00e0 l\u00ec, ma si sono persi sotto strati su strati di spazzatura generata dallo Stato profondo, dal governo e dalle aziende\u00a0<span class=\"Apple-converted-space\" data-dl-uid=\"190\" data-dl-original=\"true\" data-dl-translated=\"true\">.<\/span><\/span><\/p>\n<p data-dl-uid=\"191\" data-dl-original=\"true\" data-dl-translated=\"true\"><span data-dl-uid=\"192\" data-dl-original=\"true\" data-dl-translated=\"true\">Finta religione, finto cibo, finto &#8220;riscaldamento&#8221;, finto &#8220;verde&#8221;, finta politica, finti media e finta sessualit\u00e0, tanto per cominciare &#8211; e\u00a0<i data-dl-uid=\"193\" data-dl-original=\"true\" data-dl-translated=\"true\">tutto\u00a0<\/i>per deviare la nostra intenzione vitale di essere chi siamo veramente &#8211; e sollevarci in rivolta<span class=\"Apple-converted-space\" data-dl-uid=\"194\" data-dl-original=\"true\" data-dl-translated=\"true\">.<\/span><\/span><\/p>\n<p data-dl-uid=\"195\" data-dl-original=\"true\" data-dl-translated=\"true\"><span data-dl-uid=\"196\" data-dl-original=\"true\" data-dl-translated=\"true\">In questo <em>continuum<\/em> non esiste il buio assoluto, e nemmeno la luce assoluta. Ad entrambe le estremit\u00e0 dello spettro c&#8217;\u00e8 un seme dello stato opposto.<\/span><\/p>\n<p data-dl-uid=\"197\" data-dl-original=\"true\" data-dl-translated=\"true\"><span data-dl-uid=\"198\" data-dl-original=\"true\" data-dl-translated=\"true\">\u00c8 questo seme che, una volta risvegliato, ha la capacit\u00e0 di far oscillare il pendolo nella direzione opposta.<\/span><\/p>\n<p data-dl-uid=\"199\" data-dl-original=\"true\" data-dl-translated=\"true\"><span data-dl-uid=\"200\" data-dl-original=\"true\" data-dl-translated=\"true\">\u00c8 alimentando quotidianamente pensieri e azioni positive che stimoleremo la luce a diventare la dinamica dominante dell&#8217;universo.<\/span><\/p>\n<p data-dl-uid=\"201\" data-dl-original=\"true\" data-dl-translated=\"true\"><span data-dl-uid=\"202\" data-dl-original=\"true\" data-dl-translated=\"true\">Essere in un luogo di tenebre non \u00e8 mai definitivo, c&#8217;\u00e8 sempre a portata di mano una strada che riporta alla luce infinita<span class=\"Apple-converted-space\" data-dl-uid=\"203\" data-dl-original=\"true\" data-dl-translated=\"true\">.<\/span><\/span><\/p>\n<p data-dl-uid=\"204\" data-dl-original=\"true\" data-dl-translated=\"true\"><span data-dl-uid=\"205\" data-dl-original=\"true\" data-dl-translated=\"true\">Ora tocca a noi unirci per prepararci a una vita pi\u00f9 nobile. Nella determinazione condivisa di ottenere una vittoria a lungo attesa per la vera espressione delle nostre anime cristalline sulle distorsioni oscure e caotiche dei nostri oppressori senz&#8217;anima<span class=\"Apple-converted-space\" data-dl-uid=\"206\" data-dl-original=\"true\" data-dl-translated=\"true\">.<\/span><\/span><\/p>\n<p data-dl-uid=\"207\" data-dl-original=\"true\" data-dl-translated=\"true\"><span data-dl-uid=\"208\" data-dl-original=\"true\" data-dl-translated=\"true\">Se non vi state gi\u00e0 muovendo con determinazione su questa strada, iniziate oggi stesso e continuate fino a quando il lavoro non sar\u00e0 terminato!<\/span><\/p>\n<p data-dl-uid=\"207\" data-dl-original=\"true\" data-dl-translated=\"true\"><em>Tradotto dall&#8217;inglese da Piero Cammerinesi per LiberoPensare<\/em><\/p>\n<p data-dl-uid=\"207\" data-dl-original=\"true\" data-dl-translated=\"true\"><em><a href=\"https:\/\/www.globalresearch.ca\/thought-power-cause-effect-global-crisis\/5858901\" target=\"_blank\" rel=\"noopener\">Fonte<\/a><\/em><\/p>\n<hr \/>\n<p><img loading=\"lazy\" decoding=\"async\" class=\"wp-image-73954 alignleft\" src=\"https:\/\/liberopensare.com\/wp-content\/uploads\/2023\/10\/Screenshot-2023-10-01-at-11.14.55-300x268.png\" sizes=\"(max-width: 171px) 100vw, 171px\" srcset=\"https:\/\/liberopensare.com\/wp-content\/uploads\/2023\/10\/Screenshot-2023-10-01-at-11.14.55-300x268.png 300w, https:\/\/liberopensare.com\/wp-content\/uploads\/2023\/10\/Screenshot-2023-10-01-at-11.14.55-13x12.png 13w, https:\/\/liberopensare.com\/wp-content\/uploads\/2023\/10\/Screenshot-2023-10-01-at-11.14.55.png 444w\" alt=\"\" width=\"171\" height=\"153\" \/>Julian Rose \u00e8 uno dei primi pionieri e praticanti dell\u2019agricoltura biologica del Regno Unito; un imprenditore e leader di progetti per la creazione di comunit\u00e0 autosufficienti basate sulla domanda e sull\u2019offerta locale; un insegnante di approcci di vita olistici e l\u2019autore di quattro libri, uno dei quali, \u201c<em>Soluzioni creative per un mondo in crisi\u201d<\/em>, traccia linee guida dettagliate per la trasformazione della societ\u00e0 in comunit\u00e0 attente, costruite sulla consapevolezza ecologica e spirituale, sulla giustizia e sulla cooperazione. Per ulteriori informazioni, consultare il sito web di Julian\u00a0<a href=\"http:\/\/www.julianrose.info\/\" target=\"_blank\" rel=\"noopener\"><em>www.julianrose.info<\/em><\/a>.<\/p>\n<\/div>","protected":false},"excerpt":{"rendered":"<p>di Julian Rose Stiamo appena iniziando a riconoscere lo straordinario potere che esiste nel campo dei pensieri che proiettiamo:\u00a0il\u00a0potere di fare del bene e il potere di fare del male. Dobbiamo essere consapevoli che molteplici flussi interconnessi di energia invisibile trasportano le nostre onde di pensiero da un capo all&#8217;altro del mondo, contribuendo alla salute [&hellip;]<\/p>\n","protected":false},"author":2,"featured_media":78103,"comment_status":"closed","ping_status":"closed","sticky":false,"template":"","format":"standard","meta":{"footnotes":""},"categories":[903,5165],"tags":[5993,851,1308],"class_list":["post-78089","post","type-post","status-publish","format-standard","has-post-thumbnail","hentry","category-rassegna","category-attualita","tag-emoto","tag-evidenza","tag-julian-rose"],"_links":{"self":[{"href":"https:\/\/www.liberopensare.com\/en\/wp-json\/wp\/v2\/posts\/78089","targetHints":{"allow":["GET"]}}],"collection":[{"href":"https:\/\/www.liberopensare.com\/en\/wp-json\/wp\/v2\/posts"}],"about":[{"href":"https:\/\/www.liberopensare.com\/en\/wp-json\/wp\/v2\/types\/post"}],"author":[{"embeddable":true,"href":"https:\/\/www.liberopensare.com\/en\/wp-json\/wp\/v2\/users\/2"}],"replies":[{"embeddable":true,"href":"https:\/\/www.liberopensare.com\/en\/wp-json\/wp\/v2\/comments?post=78089"}],"version-history":[{"count":0,"href":"https:\/\/www.liberopensare.com\/en\/wp-json\/wp\/v2\/posts\/78089\/revisions"}],"wp:featuredmedia":[{"embeddable":true,"href":"https:\/\/www.liberopensare.com\/en\/wp-json\/wp\/v2\/media\/78103"}],"wp:attachment":[{"href":"https:\/\/www.liberopensare.com\/en\/wp-json\/wp\/v2\/media?parent=78089"}],"wp:term":[{"taxonomy":"category","embeddable":true,"href":"https:\/\/www.liberopensare.com\/en\/wp-json\/wp\/v2\/categories?post=78089"},{"taxonomy":"post_tag","embeddable":true,"href":"https:\/\/www.liberopensare.com\/en\/wp-json\/wp\/v2\/tags?post=78089"}],"curies":[{"name":"wp","href":"https:\/\/api.w.org\/{rel}","templated":true}]}}