{"id":79166,"date":"2024-08-08T11:11:13","date_gmt":"2024-08-08T09:11:13","guid":{"rendered":"https:\/\/www.liberopensare.com\/?p=79166"},"modified":"2024-08-09T07:49:20","modified_gmt":"2024-08-09T05:49:20","slug":"guerra-civile-prossima-ventura","status":"publish","type":"post","link":"https:\/\/www.liberopensare.com\/en\/guerra-civile-prossima-ventura\/","title":{"rendered":"Guerra civile prossima ventura"},"content":{"rendered":"<div class=\"content-inner\" dir=\"auto\">\n<div class=\"text-content clearfix with-meta\" dir=\"auto\">\n<pre><em>di Andrea Zhok<\/em><\/pre>\n<p>Quello che sta accadendo in Inghilterra \u00e8 l&#8217;ennesimo campanello d&#8217;allarme &#8211; che, temo, rimarr\u00e0 inascoltato &#8211; intorno al c<strong>arattere strutturalmente fallimentare del modello liberal-globalista<\/strong>, dominante negli ultimi quattro decenni.<\/p>\n<p>I fatti che si riescono con qualche fatica a ricostruire sono i seguenti. Una settimana fa a Southport, Merseyside, durante una festa rivolta ai bambini, <strong>Axel Rudakubana<\/strong>, un ragazzo diciassettenne, nato a Cardiff da genitori ruandesi, ha attaccato gli astanti a colpi di coltello, uccidendo tre bambine (6, 7 e 9 anni). Altre 9 persone, tra cui due adulti, sono state ferite; sei sono in gravi condizioni.<\/p>\n<p>Le ragioni dell&#8217;attacco non sono chiare, ma si sospetta la malattia mentale. Il soggetto aveva una diagnosi di <em>ASD (autism spectrum disorder)<\/em>, diagnosi che stante quel che \u00e8 successo non sembra molto calzante, ma che comunque richiama qualche problema di carattere psichiatrico.<\/p>\n<figure id=\"attachment_75267\" aria-describedby=\"caption-attachment-75267\" style=\"width: 407px\" class=\"wp-caption alignleft\"><img fetchpriority=\"high\" decoding=\"async\" class=\"wp-image-75267\" src=\"https:\/\/www.liberopensare.com\/wp-content\/uploads\/2023\/12\/Kaspar-214x300.png\" alt=\"\" width=\"407\" height=\"571\" srcset=\"https:\/\/www.liberopensare.com\/wp-content\/uploads\/2023\/12\/Kaspar-214x300.png 214w, https:\/\/www.liberopensare.com\/wp-content\/uploads\/2023\/12\/Kaspar-9x12.png 9w, https:\/\/www.liberopensare.com\/wp-content\/uploads\/2023\/12\/Kaspar.png 600w\" sizes=\"(max-width: 407px) 100vw, 407px\" \/><figcaption id=\"caption-attachment-75267\" class=\"wp-caption-text\"><a href=\"https:\/\/edizioniartemis.it\/product\/kaspar-hauser-il-delitto-deuropa\/ref\/3\/\" target=\"_blank\" rel=\"noopener\"><strong>ACQUISTALO QUI<\/strong><\/a><\/figcaption><\/figure>\n<p>Sulla scorta della tragedia, immediatamente, parti della popolazione locale sono insorte prendendo di mira &#8220;gli immigrati&#8221;, categoria abbastanza indeterminata da definire per estendersi a tutti i soggetti in qualche modo identificabili come &#8220;etnicamente eccentrici&#8221;, inclusi anche gli islamici.<br \/>\nQuesti ultimi hanno messo a loro volta in moto pattuglie di difesa, che hanno iniziato a prendere di mira negozi, pub e &#8220;inglesi bianchi&#8221;.<\/p>\n<p>In brevissimo tempo gli scontri si sono propagati ad altre aree del paese: Manchester, London, Sunderland, Hartlepool, Aldershot, Belfast, ecc.<\/p>\n<p>Ci\u00f2 che si evince, con una certa angoscia, dai filmati, \u00e8 che gli scontri hanno preso una piega schiettamente etnico-razziale, in cui per essere aggrediti da una di queste bande contrapposte basta essere &#8220;del colore sbagliato&#8221;.<\/p>\n<p>La reazione del governo \u00e8 stata caratteristica: si sono accusati dei disordini i soliti &#8220;gruppi di estrema destra&#8221; e le &#8220;<em>fake news<\/em>&#8220;, come se questa &#8211; quand&#8217;anche vera &#8211; fosse una spiegazione.<\/p>\n<p>Il problema, ovviamente, \u00e8 che, come sempre accade in queste situazioni, l&#8217;evento scatenante \u00e8 sempre solo un&#8217;occasione, una scintilla occasionale, la cui eventuale irrazionalit\u00e0 non rappresenta un semplice &#8220;errore&#8221;.<\/p>\n<p>Le autorit\u00e0, ad esempio, hanno puntato il dito su alcune <em>fake news<\/em> che dipingevano l&#8217;omicida come islamico, mentre la famiglia non lo sarebbe. Ma \u00e8 ovvio che l&#8217;eventuale notizia falsa ha potuto fare da accelerante solo perch\u00e9 una fiamma covava da tempo. (Va da s\u00e9, che anche se la famiglia fosse stata davvero di origine islamica, questo, razionalmente parlando, non avrebbe significato nulla, ma chiaramente la questione qui non ha pi\u00f9 a che fare con imputazioni che potrebbero reggere in un tribunale: qui il fenomeno \u00e8 sociale e acefalo).<\/p>\n<p>Sul tema delle <em>fake news<\/em> va anche notato che una delle ragioni per cui esse attecchiscono cos\u00ec facilmente \u00e8 l&#8217;inaffidabilit\u00e0 sistematica delle news ufficiali. Ad esempio, inizialmente non si riusciva in nessun modo a sapere quali fossero le caratteristiche etniche dell&#8217;aggressore, che veniva presentato come un &#8220;giovane gallese&#8221;. Come accade oramai sistematicamente, l&#8217;omissione era intenzionale, perch\u00e9 &#8211; questa \u00e8 l&#8217;idea &#8211; al lettore l&#8217;aspetto etnico non deve interessare, essendo giuridicamente irrilevante e potenzialmente fuorviante. Ma nel momento in cui il pubblico capisce che le informazioni ufficiali non sono pi\u00f9 notizie, ma lezioni paternalistiche, finisce per accettare pi\u00f9 volentieri informazioni &#8220;clandestine&#8221;.<\/p>\n<p>Stesso discorso si pu\u00f2 fare per le solite accuse a molla all&#8217;Estrema Destra, come se si trattasse di un morbo, un virus, un fungo che accidentalmente cresce in certe aree e che andrebbe solo debellato con l&#8217;adeguato fungicida. Ma anche laddove a promuovere disordini cos\u00ec estesi ci siano gruppi politicamente organizzati di estrema destra, la domanda reale \u00e8 sempre: perch\u00e9 sono nati, perch\u00e9 crescono, perch\u00e9 hanno seguito?<\/p>\n<\/div>\n<\/div>\n<div><strong>Ed \u00e8 qui che l&#8217;inadeguatezza culturale delle odierne classi dirigenti, sostanzialmente ovunque in occidente, si rende visibile.<\/strong><br \/>\n<strong>L&#8217;attitudine ad esaminare i fatti sociali in termini di dinamiche strutturali e culturali di lungo periodo \u00e8 pressoch\u00e9 assente.<\/strong><\/p>\n<figure id=\"attachment_76848\" aria-describedby=\"caption-attachment-76848\" style=\"width: 414px\" class=\"wp-caption alignright\"><img decoding=\"async\" class=\"wp-image-76848\" src=\"https:\/\/www.liberopensare.com\/wp-content\/uploads\/2024\/03\/ioautocosciente-scaled-1-203x300.jpeg\" alt=\"\" width=\"414\" height=\"611\" srcset=\"https:\/\/www.liberopensare.com\/wp-content\/uploads\/2024\/03\/ioautocosciente-scaled-1-203x300.jpeg 203w, https:\/\/www.liberopensare.com\/wp-content\/uploads\/2024\/03\/ioautocosciente-scaled-1-768x1136.jpeg 768w, https:\/\/www.liberopensare.com\/wp-content\/uploads\/2024\/03\/ioautocosciente-scaled-1-8x12.jpeg 8w\" sizes=\"(max-width: 414px) 100vw, 414px\" \/><figcaption id=\"caption-attachment-76848\" class=\"wp-caption-text\"><a href=\"https:\/\/edizioniartemis.it\/product\/lio-autocosciente-e-il-suo-percorso\/ref\/3\/\" target=\"_blank\" rel=\"noopener\"><strong>ACQUISTALO QUI<\/strong><\/a><\/figcaption><\/figure>\n<p>Si ragiona in termini legalistici, come se la societ\u00e0 fosse un tribunale in cui si va a valutare solo la responsabilit\u00e0 personale per violazioni di legge dimostrabili. Ma ovviamente il livello a cui nascono le tensioni e gli scontri \u00e8 sempre solo in minima parte alla luce del sole, e solo un&#8217;esigua minoranza dei conflitti riescono ad essere identificati e condotti davanti ad una giuria.<br \/>\nDi fatto, quanto maggiore \u00e8 la conflittualit\u00e0 sociale, tanto pi\u00f9 grande sar\u00e0 la percentuale di conflitti che non risulta ufficialmente visibile. Capisco che il primo ministro <strong>Starmer<\/strong>, o chiunque altro fosse stato al posto suo, non possa in questo momento far altro che appellarsi all&#8217;ordine pubblico, agli arresti, ai processi, alle cariche della polizia, ma \u00e8 un errore drammatico pensare che sia a questo livello che tali problemi possono trovare una soluzione. Si tratti di problemi che montano nei decenni e ci mettono un minuto a prendere fuoco, magari per un fraintendimento.<\/p>\n<p>Sul piano strutturale il problema \u00e8 abbastanza semplice da descrivere: <strong>ampi movimenti migratori di persone su brevi periodi di tempo creano sempre tensioni, perch\u00e9 producono incertezza, insicurezza e competizione sul mercato del lavoro.<\/strong><br \/>\nSe poi queste persone presentano anche costumi o una cultura rilevantemente divergenti, le tensioni ne risultano ancora pi\u00f9 esacerbate.<br \/>\nSi tratta comunque di processi di carattere prevalentemente quantitativo. Le variabili decisive sono la quantit\u00e0 di persone per unit\u00e0 di tempo.<\/p>\n<p>Come diceva <strong>Polanyi<\/strong>, nei fenomeni sociali la variabile pi\u00f9 importante \u00e8 la loro velocit\u00e0. Il medesimo mutamento se avviene in dieci o in cinquanta anni, semplicemente non \u00e8 il medesimo fenomeno e non ha le medesime conseguenze. Non si tratta di predicare societ\u00e0 ermeticamente chiuse, che non sono mai esistite, ma di comprendere che l&#8217;alternativa non pu\u00f2 mai essere il &#8220;liberi tutti&#8221;.<br \/>\nQui alla rigidit\u00e0 ideologica conservatrice (che fu, e che ancora talvolta fa capolino) di una societ\u00e0 etnicamente e culturalmente &#8220;incontaminata&#8221; ha fatto da contraltare negli anni una rigidit\u00e0 ideologica opposta e simmetrica, in cui la &#8220;contaminazione&#8221;, il &#8220;multiculturalismo&#8221;, il <em>&#8220;melting pot&#8221;<\/em> sono diventati altrettanti slogan pubblicitari, vaghi, retorici e soprattutto ipocriti.<\/p>\n<p>Le argomentazioni del globalismo liberale hanno sempre mescolato disinvoltamente argomenti pseudo-utilitaristi (ci serve manodopera, chi ci pagher\u00e0 le pensioni, ecc.) con argomenti pseudo-umanitari (il dovere dell&#8217;accoglienza, l&#8217;amore per il diverso, il diritto d&#8217;asilo, ecc.).<br \/>\nL&#8217;importante \u00e8 sempre stato poter utilizzare una batteria argomentativa quando l&#8217;altra appariva momentaneamente implausibile.<\/p>\n<p>Ma di fatto i meccanismi profondi che hanno alimentato la retorica del <em>&#8220;melting pot&#8221;<\/em> qui sono di due soli tipi, un meccanismo crudamente economico e un meccanismo ideologico.<\/p>\n<p>Sul piano economico, la libert\u00e0 di movimento della forza lavoro consente al capitale di ottenere mano d&#8217;opera a buon prezzo senza dover pagare per la crescita e l&#8217;educazione di quelle braccia, che arrivano pronte dall&#8217;estero. Questo processo abbatte il potere contrattuale del lavoro meno qualificato, tenendo bassi i salari.<\/p>\n<p>Sul piano ideologico, la visione liberale ha proposto un modello di universalismo astratto in cui le componenti culturali, linguistiche, religiose, e di costume sono considerate fattori marginali e contingenti, che era non solo possibile, ma doveroso mettere da parte.<\/p>\n<\/div>\n<div>\n<p>&nbsp;<\/p>\n<p>La combinazione di queste pressioni nel lungo periodo hanno creato ferite sociali profonde, squilibri, tensioni, tipicamente pi\u00f9 percepite nelle fasce della popolazione meno abbiente. Spero di sbagliarmi, ma per alcuni paesi come Francia e Regno Unito non so se se ne potr\u00e0 uscire con qualcosa di meno che una sorta di guerra civile. Non ci resta che sperare che in altri paesi ci siano ancora in margini per un allentamento dei processi degenerativi.<\/p>\n<p>&nbsp;<\/p>\n<p>Una cosa, comunque, \u00e8 sicura. La retorica di chi dice che, siccome migrazioni ci sono sempre state, bisogna semplicemente &#8220;accogliere il cambiamento&#8221;, \u00e8 complicit\u00e0 nel degrado.<\/p>\n<p>&nbsp;<\/p>\n<hr \/>\n<p><img decoding=\"async\" class=\"wp-image-71156 alignleft\" src=\"https:\/\/liberopensare.com\/wp-content\/uploads\/2023\/04\/andrea_zhok-300x300.jpg\" sizes=\"(max-width: 127px) 100vw, 127px\" srcset=\"https:\/\/liberopensare.com\/wp-content\/uploads\/2023\/04\/andrea_zhok-300x300.jpg 300w, https:\/\/liberopensare.com\/wp-content\/uploads\/2023\/04\/andrea_zhok-150x150.jpg 150w, https:\/\/liberopensare.com\/wp-content\/uploads\/2023\/04\/andrea_zhok-12x12.jpg 12w, https:\/\/liberopensare.com\/wp-content\/uploads\/2023\/04\/andrea_zhok.jpg 461w\" alt=\"\" width=\"127\" height=\"127\" \/>Andrea Zhok, nato a Trieste nel 1967, ha studiato presso le Universit\u00e0 di Trieste, Milano, Vienna ed Essex.<br \/>\n\u00c8 dottore di ricerca dell\u2019Universit\u00e0 di Milano e Master of Philosophy dell\u2019Universit\u00e0 di Essex.<br \/>\n\u00c8 autore di numerose pubblicazioni, scientifiche e divulgative; tra le pubblicazioni monografiche: \u201cLo spirito del denaro e la liquidazione del mondo\u201d (Jaca Book 2006); \u201cEmergentismo\u201d (Ets 2011); \u201cCritica della ragione liberale\u201d (Meltemi 2020).<\/p>\n<\/div>","protected":false},"excerpt":{"rendered":"<p>di Andrea Zhok Quello che sta accadendo in Inghilterra \u00e8 l&#8217;ennesimo campanello d&#8217;allarme &#8211; che, temo, rimarr\u00e0 inascoltato &#8211; intorno al carattere strutturalmente fallimentare del modello liberal-globalista, dominante negli ultimi quattro decenni. I fatti che si riescono con qualche fatica a ricostruire sono i seguenti. Una settimana fa a Southport, Merseyside, durante una festa rivolta [&hellip;]<\/p>\n","protected":false},"author":2,"featured_media":79171,"comment_status":"closed","ping_status":"closed","sticky":false,"template":"","format":"standard","meta":{"footnotes":""},"categories":[903,5165],"tags":[1526,6155,851,6157,6156],"class_list":["post-79166","post","type-post","status-publish","format-standard","has-post-thumbnail","hentry","category-rassegna","category-attualita","tag-andrea-zhok","tag-axel-rudakubana","tag-evidenza","tag-polanyi","tag-starmer"],"_links":{"self":[{"href":"https:\/\/www.liberopensare.com\/en\/wp-json\/wp\/v2\/posts\/79166","targetHints":{"allow":["GET"]}}],"collection":[{"href":"https:\/\/www.liberopensare.com\/en\/wp-json\/wp\/v2\/posts"}],"about":[{"href":"https:\/\/www.liberopensare.com\/en\/wp-json\/wp\/v2\/types\/post"}],"author":[{"embeddable":true,"href":"https:\/\/www.liberopensare.com\/en\/wp-json\/wp\/v2\/users\/2"}],"replies":[{"embeddable":true,"href":"https:\/\/www.liberopensare.com\/en\/wp-json\/wp\/v2\/comments?post=79166"}],"version-history":[{"count":0,"href":"https:\/\/www.liberopensare.com\/en\/wp-json\/wp\/v2\/posts\/79166\/revisions"}],"wp:featuredmedia":[{"embeddable":true,"href":"https:\/\/www.liberopensare.com\/en\/wp-json\/wp\/v2\/media\/79171"}],"wp:attachment":[{"href":"https:\/\/www.liberopensare.com\/en\/wp-json\/wp\/v2\/media?parent=79166"}],"wp:term":[{"taxonomy":"category","embeddable":true,"href":"https:\/\/www.liberopensare.com\/en\/wp-json\/wp\/v2\/categories?post=79166"},{"taxonomy":"post_tag","embeddable":true,"href":"https:\/\/www.liberopensare.com\/en\/wp-json\/wp\/v2\/tags?post=79166"}],"curies":[{"name":"wp","href":"https:\/\/api.w.org\/{rel}","templated":true}]}}