{"id":79709,"date":"2024-09-05T10:32:21","date_gmt":"2024-09-05T08:32:21","guid":{"rendered":"https:\/\/www.liberopensare.com\/?p=79709"},"modified":"2024-09-06T11:42:12","modified_gmt":"2024-09-06T09:42:12","slug":"il-senso-delle-cose","status":"publish","type":"post","link":"https:\/\/www.liberopensare.com\/en\/il-senso-delle-cose\/","title":{"rendered":"Il Senso delle Cose"},"content":{"rendered":"<pre class=\"p2\"><em>di Lorenzo Merlo\u00a0<\/em><\/pre>\n<p class=\"p2\"><i>Non v\u2019\u00e8 cosa priva di senso quando da prede del nostro stesso giudizio, diveniamo maghi capaci di comprendere il mondo.<\/i><\/p>\n<p class=\"p2\">Vita natural durante, senza avvedercene, \u00e8 come se separassimo dall\u2019infinito alcuni elementi o dati. Indipendentemente da quali questi siano, essi sono sempre colti nel rispetto del filtro della nostra biografia. Solo in questo modo, in essi troviamo un senso, una ragione e anche una logica. Una triade che senza soluzione di continuit\u00e0 vive in noi e ci induce a definire la realt\u00e0 che in essa vediamo come <i>la realt\u00e0<\/i>. Anche quella che misconosciamo, affermata da altri a mezzo del medesimo identico processo.<\/p>\n<figure id=\"attachment_79623\" aria-describedby=\"caption-attachment-79623\" style=\"width: 424px\" class=\"wp-caption alignleft\"><img fetchpriority=\"high\" decoding=\"async\" class=\"wp-image-79623\" src=\"https:\/\/www.liberopensare.com\/wp-content\/uploads\/2024\/08\/manuale-terrestre-giovanni-vanni-frajese-libro-207x300.jpg\" alt=\"\" width=\"424\" height=\"614\" \/><figcaption id=\"caption-attachment-79623\" class=\"wp-caption-text\"><a href=\"https:\/\/www.ilgiardinodeilibri.it\/libri\/__manuale-terrestre-giovanni-vanni-frajese-libro.php?id=217189&amp;pn=4507\" target=\"_blank\" rel=\"noopener\">ACQUISTALO QUI CON IL 5% DI SCONTO<\/a><\/figcaption><\/figure>\n<p class=\"p2\"><em>\u201cSepariamo dall\u2019infinito\u201d<\/em> in quanto ognuno, in ogni momento ne coglie ed afferma una delle sue prospettive, evidentemente gi\u00e0 esistente nel grande volume quantico che tutto contiene. Dati o elementi che vengono all\u2019essere nella storia a causa della nostra presunta osservazione del mondo. Inconsapevoli di questa reciprocit\u00e0 e sospinti dal proprio diritto di ragione \u2013 anch\u2019esso figlio della nostra biografia e forte in modo direttamente proporzionale all\u2019importanza che diamo a noi stessi \u2013 procediamo a cavallo del nostro Aquilante con lo scudo crociato della verit\u00e0 da imporre. Le unit\u00e0 di intenti elevano questa modalit\u00e0 da individuale a sociale. L\u2019esportazione del Cristianesimo e della Democrazia di facciata ne sono due esempi.<\/p>\n<p class=\"p2\">Se quindi abbiamo a che fare con un infinito di cui non ci accorgiamo e di cui siamo espressione, abbiamo anche a vedere con l\u2019eternit\u00e0. Ma svolgendosi tutto nell\u2019oscuro sottoscala della coscienza, non possiamo tenerne conto. Se potessimo farlo, prenderemmo consapevolezza che l\u2019<i>eterno ritorno<\/i>, la circolarit\u00e0 del tempo e la sua durata variabile, non sono cibo per illusi, n\u00e9 parole ciarlatane, ma utili informazioni per evolvere spiritualmente e socialmente. Ovvero per generare relazioni emancipate dall\u2019unit\u00e0 di misura individuale e ideologica o acritica.<\/p>\n<p class=\"p2\">Reazione e riflessione sono gli estremi opposti adatti a rappresentare, almeno in parte, la presenza o l\u2019assenza di consapevolezza \u2013 e di condizioni per esprimerla \u2013 che il nostro io, non \u00e8 che un attimo quantico di eternit\u00e0, entro il quale pretendiamo di ordinare il mondo o ci disponiamo a constatare verit\u00e0 ultra-storiche.<\/p>\n<p class=\"p2\">In funzione del gradiente di consapevolezze utili all\u2019evoluzione, le relazioni pressoch\u00e9 permanenti con parole e immagini, generano ascolto o reazione. Il primo allude al disinteresse alla difesa di s\u00e9 quando corrisponde ad un\u2019idea differente dalla nostra e, a quello di unirsi alla forza altrui, quando invece essa coincide. Il secondo ne \u00e8 l\u2019opposto. Infatti, la reazione \u00e8 il disegno di una chiusura a protezione\/affermazione di s\u00e9, che si esprime nella fuga o nell\u2019attacco.<\/p>\n<p class=\"p2\">In caso di ascolto si alza il rischio di riconoscere il senso, cio\u00e8 la verit\u00e0, presente nell\u2019affermazione altrui, qualunque essa sia. L\u2019ascolto, sospende l\u2019identificazione con il proprio giudizio, evita che questo ci trascini lontano dal significato con quanto siamo entrati in relazione.<\/p>\n<p class=\"p2\">L\u2019ascolto appoggia sull\u2019accredito dell\u2019interlocutore. In ci\u00f2 risiede il potenziale di avvicinamento e comprensione dell\u2019universo che abita l\u2019altro, ovvero di riconoscere il punto di mira con il quale sta traguardando il mondo. La reazione \u00e8 il sintomo della grave patologia dell\u2019identificazione di s\u00e9 con il proprio giudizio. Una malattia spiritualmente arida che ci rende inetti a vedere il senso delle cose, la realt\u00e0, il filo rosso della biografia del prossimo.<\/p>\n<p>&nbsp;<\/p>\n<hr \/>\n<p><img decoding=\"async\" class=\"wp-image-67830 alignleft\" src=\"https:\/\/liberopensare.com\/wp-content\/uploads\/2022\/12\/1lorenzo-284x300.jpeg\" sizes=\"(max-width: 119px) 100vw, 119px\" srcset=\"https:\/\/liberopensare.com\/wp-content\/uploads\/2022\/12\/1lorenzo-284x300.jpeg 284w, https:\/\/liberopensare.com\/wp-content\/uploads\/2022\/12\/1lorenzo-11x12.jpeg 11w, https:\/\/liberopensare.com\/wp-content\/uploads\/2022\/12\/1lorenzo.jpeg 409w\" alt=\"\" width=\"119\" height=\"125\" \/><\/p>\n<p><em>Lorenzo Merlo, diplomato ISEF, Guida alpina emerita e maestro di alpinismo, insegnante di diverse attivit\u00e0 motorie, co-ideatore e responsabile di \u201cVictory Project Scuolanatura\u201d, proposta operativa di reclutamento delle potenzialit\u00e0 individuali.<\/em><\/p>\n<p><em>Giornalista pubblicista, scrittore e fotografo. Collabora con blog e testate online con articoli che trattano di ambiente, comunicazione, sicurezza, geopolitica, argomenti evolutivi e di critica sociale.<\/em><\/p>","protected":false},"excerpt":{"rendered":"<p>di Lorenzo Merlo\u00a0 Non v\u2019\u00e8 cosa priva di senso quando da prede del nostro stesso giudizio, diveniamo maghi capaci di comprendere il mondo. Vita natural durante, senza avvedercene, \u00e8 come se separassimo dall\u2019infinito alcuni elementi o dati. Indipendentemente da quali questi siano, essi sono sempre colti nel rispetto del filtro della nostra biografia. Solo in [&hellip;]<\/p>\n","protected":false},"author":2,"featured_media":79717,"comment_status":"closed","ping_status":"closed","sticky":false,"template":"","format":"standard","meta":{"footnotes":""},"categories":[5166,903],"tags":[851,2723],"class_list":["post-79709","post","type-post","status-publish","format-standard","has-post-thumbnail","hentry","category-cultura-e-scienza","category-rassegna","tag-evidenza","tag-lorenzo-merlo"],"_links":{"self":[{"href":"https:\/\/www.liberopensare.com\/en\/wp-json\/wp\/v2\/posts\/79709","targetHints":{"allow":["GET"]}}],"collection":[{"href":"https:\/\/www.liberopensare.com\/en\/wp-json\/wp\/v2\/posts"}],"about":[{"href":"https:\/\/www.liberopensare.com\/en\/wp-json\/wp\/v2\/types\/post"}],"author":[{"embeddable":true,"href":"https:\/\/www.liberopensare.com\/en\/wp-json\/wp\/v2\/users\/2"}],"replies":[{"embeddable":true,"href":"https:\/\/www.liberopensare.com\/en\/wp-json\/wp\/v2\/comments?post=79709"}],"version-history":[{"count":0,"href":"https:\/\/www.liberopensare.com\/en\/wp-json\/wp\/v2\/posts\/79709\/revisions"}],"wp:featuredmedia":[{"embeddable":true,"href":"https:\/\/www.liberopensare.com\/en\/wp-json\/wp\/v2\/media\/79717"}],"wp:attachment":[{"href":"https:\/\/www.liberopensare.com\/en\/wp-json\/wp\/v2\/media?parent=79709"}],"wp:term":[{"taxonomy":"category","embeddable":true,"href":"https:\/\/www.liberopensare.com\/en\/wp-json\/wp\/v2\/categories?post=79709"},{"taxonomy":"post_tag","embeddable":true,"href":"https:\/\/www.liberopensare.com\/en\/wp-json\/wp\/v2\/tags?post=79709"}],"curies":[{"name":"wp","href":"https:\/\/api.w.org\/{rel}","templated":true}]}}