{"id":79718,"date":"2024-09-06T11:41:26","date_gmt":"2024-09-06T09:41:26","guid":{"rendered":"https:\/\/www.liberopensare.com\/?p=79718"},"modified":"2024-09-07T10:00:16","modified_gmt":"2024-09-07T08:00:16","slug":"lettera-aperta-allo-spirito-del-popolo-italiano","status":"publish","type":"post","link":"https:\/\/www.liberopensare.com\/en\/lettera-aperta-allo-spirito-del-popolo-italiano\/","title":{"rendered":"Lettera aperta allo Spirito del Popolo italiano"},"content":{"rendered":"<header class=\"entry-header clearfix\">\n<pre class=\"entry-title\"><em>di Guido Grossi<\/em><\/pre>\n<\/header>\n<div class=\"entry-content clearfix\">\n<figure class=\"entry-thumbnail\">Inviata a:<\/figure>\n<div class=\"pf-content\">\n<p>&nbsp;<\/p>\n<p><em>Al Presidente della Repubblica protocollo.centrale@pec.quirinale.it<\/em><br \/>\n<em>Al Presidente del Senato amministrazione@pec.senato.it<\/em><br \/>\n<em>Al Presidente della Camera dei deputati camera_protcentrale@certcamera.it<\/em><br \/>\n<em>Al Presidente del Consiglio dei ministri presidente@pec.governo.it<\/em><br \/>\n<em>Al Presidente della Corte costituzionale segreteria.generale@pec.cortecostituzionale.it<\/em><br \/>\n<em>Al Consiglio Superiore della magistratura affgen.csm@giustiziacert.it<\/em><br \/>\n<em>Al Presidente della Corte dei conti urp@corteconticert.it<\/em><br \/>\n<em>Al Consiglio Nazionale dell\u2019Economia e del Lavoro protocollo@postacert.cnel.it<\/em><br \/>\n<em>Al Governatore della Banca d\u2019Italia bancaditalia@pec.bancaditalia.it<\/em><br \/>\n<em>Ai Presidenti delle Regioni:\u2028Abruzzo presidenza@pec.regione.abruzzo.it<\/em><br \/>\n<em>Basilicata presidente.giunta@cert.regione.basilicata.it<\/em><br \/>\n<em>Calabria presidente@pec.regione.calabria.it<\/em><br \/>\n<em>Campania urp@pec.regione.campania.it<\/em><br \/>\n<em>Emilia Romagna segreteriapresidente@postacert.regione.emilia-romagna.it<\/em><br \/>\n<em>Friuli Venezia Giulia presidente@regione.fvg.it<\/em><br \/>\n<em>Lazio protocollo@pec.regione.lazio.it<\/em><br \/>\n<em>Liguria protocollo@pec.regione.liguria.it<\/em><br \/>\n<em>Lombardia presidenza@pec.regione.lombardia.it<\/em><br \/>\n<em>Marche protocollo@pec.regione.marche.it<\/em><br \/>\n<em>Molise protocollo@pec.regione.molise.it<\/em><br \/>\n<em>Piemonte protocollo@pec.regione.piemonte.it<\/em><br \/>\n<em>Puglia capogabinetto.presidente.regione@pec.rupar.puglia.it<\/em><br \/>\n<em>Sardegna presidenza@pec.regione.sardegna.it<\/em><br \/>\n<em>Sicilia presidente@certmail.regione.sicilia.it<\/em><br \/>\n<em>Toscana regionetoscana@postacert.toscana.it<\/em><br \/>\n<em>Trentino Alto Adige consiglio@pec.consiglio.regione.taa.it<\/em><br \/>\n<em>Umbria regione.giunta@postacert.umbria.it<\/em><br \/>\n<em>Valle d\u2019Aosta gabinetto_presidenza@pec.regione.vda.it<\/em><br \/>\n<em>Veneto protocollo.generale@pec.regione.veneto.it<\/em><\/p>\n<p><em>Ai Sindaci anci@pec.anci.it<\/em><br \/>\n<em>Ad ogni altro membro della classe politica che pensa di rappresentarmi<\/em><br \/>\n<em>Alla Rai raicom@postacertificata.rai.it<\/em><br \/>\n<em>A Sky skytg24.redazione@skytv.it<\/em><br \/>\n<em>A Mediaset redazione.tg5@mediaset.it<\/em><br \/>\n<em>A La Sette segreteria@lasette.it skytg24.redazione@skytv.it<\/em><br \/>\n<em>A La Repubblica rubrica.lettere@repubblica.it<\/em><br \/>\n<em>Al Corriere della Sera lettere@corriere.it<\/em><br \/>\n<em>Al Sole Ventiquattrore letterealsole@ilsole24ore.com<\/em><br \/>\n<em>Alla Stampa lettere@lastampa.it<\/em><\/p>\n<p><em>A Byoblu virginia.camerieri@byoblu.com<\/em><\/p>\n<p><em>Alla Case del Sole info@casadelsole.tv<\/em><\/p>\n<p><em>A La Verit\u00e0 redazione@laverita.info<\/em><br \/>\n<em>Al Foglio lettere@ilfoglio.it<\/em><br \/>\n<em>Al Fatto Quotidiano redazioneweb@ilfattoquotidiano.it<\/em><\/p>\n<p><em>Allo Spirito del Popolo italiano etere@pec.it<\/em><\/p>\n<p>Con preghiera di inoltro ai vostri colleghi, fratelli e sorelle.<\/p>\n<p>&nbsp;<\/p>\n<p>Cari tutti,<\/p>\n<p>\u00e8 il Sovrano che vi scrive e, scrivendo, riflette.<br \/>\nL\u2019Italia ha profondamente bisogno di un nostro reciproco impegno volto a ricostruire un dialogo aperto e sincero. Il mondo intero lo aspetta e ne trarrebbe immenso beneficio. I Mondi Superiori lo vogliono.<br \/>\nVi pongo quattro domande, serissime, per sollecitare l\u2019attenzione generale su aspetti di importanza cruciale. La Coscienza del popolo italiano \u00e8 infatti a un bivio: o inizia ora con uno scatto di reni a risalire, assumendosi la piena responsabilit\u00e0 che il pianeta intero ci attribuisce nel ruolo storico di mediatori, portatori di umanit\u00e0 e cultura, oppure sprofonder\u00e0 irrimediabilmente negli abissi della vergogna e dell\u2019oblio.<br \/>\nScrivo anche a me stesso, per destarmi nella triste constatazione di quanto sia diventato arduo aspettarsi qualcosa di buono dalle persone che occupano le Istituzioni. Non ve ne faccio una colpa perch\u00e9 le \u201cEntit\u00e0 istituzionali\u201d di cui siete parte vivono ormai di vita propria e fagocitano le vostre volont\u00e0, aiutate potentemente da un sistema mediatico non pi\u00f9 libero, abilissimo ad incantare. Meccanismi potenti, al di sopra delle nazioni, condizionano oramai irrimediabilmente le istituzioni, tutte.<br \/>\nDovremmo reinventarle, perch\u00e9 queste che abbiamo non sono all\u2019altezza dei tempi critici che stiamo vivendo.<br \/>\nFaccio comunque appello alla Vostra Coscienza, pur consapevole dello sforzo titanico necessario non tanto a risvegliarla, quanto a riuscire, una volta attivata, ad ascoltarla e a rimanere dove siete.<br \/>\nC\u2019\u00e8 sempre una scelta.<br \/>\nOgnuno ha una scelta.<br \/>\nVi invito caldamente ad ascoltarla, comunque.<br \/>\nAd ogni modo, sto anche maturando una consapevolezza importante: in certi momenti della Storia, quando i riferimenti e le regole saltano, \u00e8 solo il Sovrano che ha la possibilit\u00e0 e il dovere, etico e sacro, di prendere nelle sue mani il destino di una nazione. Si scuota dunque la Coscienza del Sovrano che \u00e8 in ognuno di noi, si desti dal sonno della ragione e dalla rete di menzogne e illusioni in cui \u00e8 caduta da troppo tempo, ascolti le domande, ci si immerga con coraggio e rifletta su di esse. Con profondit\u00e0.<\/p>\n<figure id=\"attachment_16961\" class=\"wp-caption alignright\" style=\"width: 370px;\" aria-describedby=\"caption-attachment-16961\"><img fetchpriority=\"high\" decoding=\"async\" class=\"wp-image-16961\" src=\"https:\/\/www.sovranitapopolare.org\/wp-content\/uploads\/2024\/09\/Il-Sovrano.jpg\" alt=\"\" width=\"370\" height=\"478\" \/><figcaption id=\"caption-attachment-16961\" class=\"wp-caption-text\">Il Sovrano con la famiglia<\/figcaption><\/figure>\n<p>&nbsp;<\/p>\n<p><strong>Domanda numero uno<\/strong><\/p>\n<p>Ma davvero volete trascinare il Paese in una Guerra senza speranza?<br \/>\nSenza neanche il pudore di dichiararlo!<br \/>\nPeraltro, contro una nazione che ci adorerebbe, per tradizione e vicinanza culturale vecchia di secoli, ma che, ci\u00f2 nonostante, sarebbe costretta a malincuore a ripulire con bombe atomiche il nostro territorio disseminato di basi militari NATO, zeppe di armi nucleari. Armi USA, di un paese che non ci pensa neanche ad esporsi in prima persona, perch\u00e9 riesce a mandare avanti noi europei, agnelli sacrificali obbedienti, stupidi e ciechi.<br \/>\nCoperte da segreto,\u00a0<a href=\"https:\/\/www.sovranitapopolare.org\/2023\/10\/02\/basta-bombe-usa\/\" target=\"_blank\" rel=\"noopener\">le armi nucleari americane in Italia:<\/a>\u00a0non so dire se ufficialmente ci siano o meno. Qualcuno di voi, gentilmente, pu\u00f2 condividere un\u2019informazione conclusiva a riguardo?<br \/>\nChe senso ha nascondersi dietro il segreto di Pulcinella (come, ad esempio, le clausole del Trattato di Parigi) o dietro l\u2019illusione che mandare armi in Ucraina non sia gi\u00e0 di per s\u00e9 un atto di guerra; o ancora dietro l\u2019evidente menzogna che la Russia non reagir\u00e0 in maniera asimmetrica (esattamente come ha pi\u00f9 volte avvertito) se spedirete a Kiev missili in grado di colpire il territorio russo.<br \/>\nSegreti, illusioni e menzogne non ci salveranno quando i missili ipersonici russi, che nessun sistema di difesa al mondo \u00e8 in grado di intercettare e fermare, consegneranno al suolo italico il loro carico di morte.<br \/>\nCom\u2019\u00e8 possibile che non avvertiate pi\u00f9 nei vostri cuori il tab\u00f9 della guerra? \u00c8 dunque cos\u00ec corta la memoria di un popolo?<br \/>\nL\u2019Italia \u201cripudia la Guerra\u201d! Permettetemi di riportare alla vostra memoria distratta l\u2019articolo 11 della Costituzione, sulla quale avete pure giurato, lo ricordate?<br \/>\nNoi Italiani ci siamo solennemente impegnati a \u201cripudiare la guerra\u201d. Concetto cristallino, forte, inequivocabile. Siete forse spergiuri, o solo tremendamente confusi?<br \/>\n\u00c8 stupefacente osservare quanto facilmente riusciate a ignorare nei fatti la nostra Legge Fondamentale; il Patto Sociale sul quale dovrebbe poggiare ogni azione della nostra comunit\u00e0 nazionale.<br \/>\nAncor pi\u00f9, il semplice buon senso! L\u2019Amor di Pace! Non avvertite neanche un briciolo di Responsabilit\u00e0 nei confronti delle generazioni a venire?<br \/>\nCome potete convivere con la consapevolezza che le nostre armi e il supporto che offrite a Nethanyahu\u00a0vengono usate per uccidere senza piet\u00e0, da quasi un interminabile anno, migliaia, e migliaia, e ancora migliaia di bambini e donne innocenti?<br \/>\nCosa siete diventati? Quali demoni vi posseggono da rendervi cos\u00ec ciechi e insensibili?<br \/>\nPopolo italiano, Tu, Sovrano, Tu che certamente non condividi queste scelte scellerate, ricorda l\u2019impegno e rifiutati di obbedire, qualora dovessi essere chiamato, ingiustamente, a combattere \u2013 in qualsiasi forma \u2013 una guerra non Tua. Non diventare mai complice.<br \/>\nForse, e dico forse, per l\u2019immediato futuro scamperemo il pericolo, ma solo grazie a particolari coincidenze della storia che sembra richiedano un aggiustamento nei piani delle oligarchie che governano il mondo.<br \/>\nMa \u00e8 proprio questo dipendere da volont\u00e0 (e capricci) altrui che ci squalifica, ci mortifica e ci lascia in definitiva in balia degli eventi. Di certo, poco propizi.<\/p>\n<p>&nbsp;<\/p>\n<p><strong>Domanda numero due<\/strong><\/p>\n<p>Ha ancora senso fare riferimento alla Costituzione della Repubblica italiana, oppure sarebbe meglio, per pulizia mentale, dichiararla morta e sepolta?<\/p>\n<figure id=\"attachment_79155\" aria-describedby=\"caption-attachment-79155\" style=\"width: 440px\" class=\"wp-caption alignleft\"><img decoding=\"async\" class=\"wp-image-79155\" src=\"https:\/\/www.liberopensare.com\/wp-content\/uploads\/2024\/08\/altra-storia-italia-lamberto-rimondini-volume-2-libro-214x300.jpg\" alt=\"\" width=\"440\" height=\"617\" srcset=\"https:\/\/www.liberopensare.com\/wp-content\/uploads\/2024\/08\/altra-storia-italia-lamberto-rimondini-volume-2-libro-214x300.jpg 214w, https:\/\/www.liberopensare.com\/wp-content\/uploads\/2024\/08\/altra-storia-italia-lamberto-rimondini-volume-2-libro-9x12.jpg 9w, https:\/\/www.liberopensare.com\/wp-content\/uploads\/2024\/08\/altra-storia-italia-lamberto-rimondini-volume-2-libro.jpg 479w\" sizes=\"(max-width: 440px) 100vw, 440px\" \/><figcaption id=\"caption-attachment-79155\" class=\"wp-caption-text\"><a href=\"https:\/\/www.ilgiardinodeilibri.it\/libri\/__altra-storia-italia-lamberto-rimondini-volume-2-libro.php?id=212379&amp;pn=4507\" target=\"_blank\" rel=\"noopener\"><strong>ACQUISTALO QUI CON IL 5% DI SCONTO<\/strong><\/a><\/figcaption><\/figure>\n<p>Vi prego, non fate finta di scandalizzarvi! \u00c8 sufficiente un briciolo di conoscenza dei principi giuridici, della realt\u00e0 politica e un\u2019ombra di onest\u00e0 intellettuale per prendere atto, con infinita tristezza, che nessuno, dico nessuno, dei suoi Principi Fondamentali \u00e8 minimamente rispettato. Leggeteli, e constate di persona.<br \/>\nE quando i Principi e le Fondamenta sono ammalorati, \u00e8 inevitabile che tutto il castello di carta di infinite leggi illeggibili e di altrettanti regolamenti indecifrabili perda sistematicamente ogni pretesa di \u201clegittimit\u00e0\u201d. Leggi illegittime, illeggibili, che per\u00f2 voi sfornate e firmate con sconcertante assiduit\u00e0, senza batter ciglio. Ah! Fosse obbligatorio per tutti un corso approfondito di studi giuridici!<br \/>\nLo sappiamo, e facciamo finta di nulla. Conviviamo con l\u2019assurdo, rispettando forme esteriori (quando e se le rispettiamo), tipo elezioni, votazioni, promulgazioni, nomine, giudizi, condanne, persecuzioni, e per\u00f2 ignoriamo bellamente la sostanza che grida vendetta al cospetto\u2026 della Coscienza assopita.<br \/>\n<a href=\"https:\/\/www.cortecostituzionale.it\/documenti\/download\/pdf\/Costituzione_della_Repubblica_italiana.pdf\" target=\"_blank\" rel=\"noopener\">La Costituzione \u00e8 morta<\/a>. Lo annuncio con dolore, io, proprio io, Popolo Sovrano, che ne dovrei essere il massimo beneficiario. Prendetene atto, vi prego, voi che sedete nelle istituzioni e domandatevi, in cuor vostro, quale sia il senso del vostro essere istituzionale.<br \/>\nSe legittimo o illegittimo.<br \/>\nQuale \u00e8 il senso del vostro giuramento su una Costituzione i cui principi sono ignorati, calpestati e offesi da ognuno degli atti che concepite e firmate? Eppure, senza quel giuramento non occupereste quelle comode poltrone.<br \/>\nMa Tu, Sovrano, ricorda: i Princ\u00ecpi vengono prima di ogni altra norma: rispettali. Pace, Verit\u00e0, Giustizia, Libert\u00e0, Responsabilit\u00e0, Amore. Rispetta quelli, e sarai in pace con Te stesso, perch\u00e9 sono scritti nei cuori di ognuno di noi, prima ancora che nelle Costituzioni!<\/p>\n<figure id=\"attachment_78011\" aria-describedby=\"caption-attachment-78011\" style=\"width: 445px\" class=\"wp-caption alignright\"><img decoding=\"async\" class=\"wp-image-78011\" src=\"https:\/\/www.liberopensare.com\/wp-content\/uploads\/2024\/05\/guerre-illegali-nato-daniele-ganser-libro-204x300.jpeg\" alt=\"\" width=\"445\" height=\"654\" srcset=\"https:\/\/www.liberopensare.com\/wp-content\/uploads\/2024\/05\/guerre-illegali-nato-daniele-ganser-libro-204x300.jpeg 204w, https:\/\/www.liberopensare.com\/wp-content\/uploads\/2024\/05\/guerre-illegali-nato-daniele-ganser-libro-8x12.jpeg 8w\" sizes=\"(max-width: 445px) 100vw, 445px\" \/><figcaption id=\"caption-attachment-78011\" class=\"wp-caption-text\"><a href=\"https:\/\/www.ilgiardinodeilibri.it\/libri\/__guerre-illegali-nato-daniele-ganser-libro.php?id=209433&amp;pn=4507\" target=\"_blank\" rel=\"noopener\"><strong>ACQUISTALO QUI CON IL 5% DI SCONTO<\/strong><\/a><\/figcaption><\/figure>\n<p><strong>Domanda numero tre<\/strong><br \/>\nPerch\u00e9 fate finta che i soldi siano finiti?<br \/>\nFingete ancora di non sapere che la Banca Centrale europea pu\u00f2 creare \u2013 e crea! \u2013 soldi dal nulla, senza costi e senza limiti fisici.<br \/>\nPer norma dei trattati la BCE ha il divieto \u2013 stupido e ingiustificabile \u2013 perfino di prestare soldi a Stati ed enti pubblici, ma inonda sfacciatamente e dannosamente, con migliaia e migliaia di miliardi, un sistema finanziario internazionale parassita, immorale, insostenibile, che va ben oltre i confini dell\u2019Unione europea e sta decidendo di sacrificarlo sano, sano, questo continente vecchio e rimbambito, sull\u2019altare del suo folle epilogo.<br \/>\nImponete rigore agli Stati con regole bizantine quali i parametri di Maastricht, prive di ogni logica economica e di buon senso, danneggiando enormemente il benessere delle popolazioni e l\u2019economia reale, e con altra mano tollerate il gonfiarsi della bolla speculativa pi\u00f9 grande della storia dell\u2019umanit\u00e0, che mentre fagocita risorse infinite da tutta la Terra, distribuisce prebende e potere a pochissime persone al mondo, che non esitano a usarlo contro di noi.<br \/>\nQuale \u00e8 il senso di tutto questo?<br \/>\nLe vostre scelte sono oramai immensamente al di fuori di ogni pretesa di legittimit\u00e0; offendono il senso dello Stato e della comunit\u00e0; hanno perso il senso del reale.<br \/>\nNon vedete, infatti, che tutto sta crollando?<br \/>\nL\u2019impero sta crollando: si odono scricchiolii sinistri mescolati al rombo dei cannoni.<br \/>\nA chi state obbedendo ciecamente e ingenuamente? In cosa sperate?<br \/>\nNoi italiani siamo un popolo laborioso, creativo e parsimonioso. Riposiamo su un materasso di ricchezza accumulata nei secoli che il mondo ci invidia (e ha deciso di impossessarsene) eppure, ci comportiamo da straccioni.<br \/>\nNon ha senso finanziare il debito pubblico ricorrendo alla speculazione internazionale, il cui fine, chiarissimo, \u00e8 quello di impossessarsi delle nostre ricchezze. Infinitamente pi\u00f9 utile e semplice sarebbe un semplicissimo accordo con me, Popolo Sovrano, possessore di una ricchezza finanziaria superiore ai cinquemila miliardi e quindi pi\u00f9 che sufficiente a far sparire ogni spread, l\u2019intero debito pubblico, se proprio lo volessimo, e ne avanzerebbe per sbriciolare ogni ombra di disoccupazione, precariato, povert\u00e0 e qualsiasi altro problema economico si possa immaginare.<br \/>\nNon serve una laurea in economia e finanza. Basta aprire gli occhi.<br \/>\nLe vostre scelte offendono l\u2019intelligenza del Sovrano.<br \/>\nMa davvero pensate che la narrazione mediatica, avvelenata da conflitti d\u2019interesse insanabili, controllata da interessi in contrasto con i nostri, possa fare da foglia di fico davanti a tanta sciocchezza?<br \/>\nIn cuor suo, ognuno sa.<br \/>\nTu, dico Tu, Sovrano, prendi piuttosto in mano la Tua vita e ricorda: prima che te li portino via, puoi scegliere di usare i tuoi risparmi in maniera infinitamente pi\u00f9 intelligente di quanto non possano e non vogliano fare i mille servi sciocchi del sistema ai quali, in maniera incosciente, li stai ancora affidando. Smettila di lamentarti e spendili. Sogna, e investi nei tuoi sogni.<br \/>\nProgetta, e finanzia i tuoi progetti! Guardati intorno e sostieni i progetti dei tuoi fratelli se ne condividi il senso ed il sogno, e scoprirai che tutti gli apparenti problemi che Ti angosciano si scioglieranno come neve al sole.<br \/>\nCrediamo erroneamente che quei problemi siano causati solo dalla politica e che solo la politica possa quindi porvi rimedio. Ci lamentiamo dei politici ma non vediamo la nostra complicit\u00e0! In realt\u00e0, siamo Noi stessi che li stiamo gonfiando a dismisura con la nostra paura, con l\u2019indebita attenzione a cose che non meritano attenzione, con inutili lamentele e pericolose illusioni.<br \/>\nSvegliamoci e ricordiamo che la nostra Sovranit\u00e0 ci appartiene solo se e quando scegliamo di esercitarla, assumendoci piena responsabilit\u00e0 delle mille scelte quotidiane.<\/p>\n<figure id=\"attachment_16962\" class=\"wp-caption alignleft\" style=\"width: 290px;\" aria-describedby=\"caption-attachment-16962\"><img loading=\"lazy\" decoding=\"async\" class=\"wp-image-16962\" src=\"https:\/\/www.sovranitapopolare.org\/wp-content\/uploads\/2024\/09\/Il-Sovrano-ok.jpg\" alt=\"\" width=\"290\" height=\"385\" \/><figcaption id=\"caption-attachment-16962\" class=\"wp-caption-text\">Ritratto del Sovrano<\/figcaption><\/figure>\n<p><strong>Domanda delle domande<\/strong><\/p>\n<p>Se voi che occupate le pi\u00f9 alte cariche dello Stato calpestate nei fatti la Costituzione su cui avete giurato; se sistematicamente ignorate i principi pi\u00f9 sacri ed elementari dell\u2019ordinamento giuridico, nazionale ed internazionale; perch\u00e9 allora Noi Popolo, vero ed unico Sovrano, dovremmo invece obbedire alle vostre leggi secondarie, divenute oramai illeggibili, ingiuste e illegittime?<br \/>\nC\u2019\u00e8 sempre una scelta.<br \/>\nVoi avete una scelta.<br \/>\nNoi abbiamo una scelta.<br \/>\nPer amore di questo Paese; con gratitudine per i doni che abbiamo ricevuto dal Cielo e che stiamo invece calpestando; per la gioia del mondo intero che vuole rinascere e anela a un buon esempio; per la gloria dei Mondi Superiori in questo tempo di rivelazione, non sarebbe forse magnifico tornare a collaborare?<br \/>\nO dobbiamo prendere strade diverse?<br \/>\n\u00c8 tempo di scelte.<\/p>\n<p>&nbsp;<\/p>\n<p>&nbsp;<\/p>\n<p><strong>Firmato,<\/strong><br \/>\nanche in nome e per conto delle moltitudini di italiani di cui interpreto dubbi e preoccupazioni crescenti; che hanno infinita difficolt\u00e0 a trovare canali di comunicazione con tutti voi, proprio ora che ce ne sarebbe immenso bisogno; che osservano sgomenti lo sgretolarsi del tessuto istituzionale contemporaneamente allo stravolgersi delle relazioni internazionali; che stanno scoprendo con disincanto quanto illusoria possa essere la democrazia.<br \/>\nMa, in fondo, anche in nome vostro, di voi che sedete nelle Istituzioni, per non dimenticare che siete Popolo prima di essere rappresentanti, e che dunque condividiamo lo stesso destino.<br \/>\nIl Cielo infonda in tutti noi una sacra voglia di riscatto, per scegliere di esercitare ora la Sovranit\u00e0 che ci appartiene, e ci dia la forza di farlo con pazienza, amore e senso pieno di responsabilit\u00e0 che i Tempi richiedono.<\/p>\n<p><em><a href=\"https:\/\/www.sovranitapopolare.org\/2024\/09\/04\/il-sovrano\/\" target=\"_blank\" rel=\"noopener\">Fonte<\/a><\/em><\/p>\n<p><em>Nell&#8217;immagine di copertina: Michelangelo. Illustra la costruzione delle mura per difendere la citt\u00e0. Firenze Palazzo Pitti<br \/>\n<\/em><\/p>\n<p>&nbsp;<\/p>\n<div class=\"n2-ss-layer n2-ow n-uc-RFs0rOiD983G\" data-pm=\"normal\" data-sstype=\"layer\">\n<div class=\"n2-ss-item-content n2-ss-text n2-ow-all\">\n<div class=\"\" data-hide-mobilelandscape=\"1\" data-hide-mobileportrait=\"1\" data-hide-tabletlandscape=\"1\" data-hide-tabletportrait=\"1\">\n<hr \/>\n<p class=\"n2-font-ec17e86d610939b42c27733fce7e39d0-paragraph\"><img loading=\"lazy\" decoding=\"async\" class=\"size-medium wp-image-79736 alignleft\" src=\"https:\/\/www.liberopensare.com\/wp-content\/uploads\/2024\/09\/GUIDO-GROSSI-277x300.png\" alt=\"\" width=\"277\" height=\"300\" srcset=\"https:\/\/www.liberopensare.com\/wp-content\/uploads\/2024\/09\/GUIDO-GROSSI-277x300.png 277w, https:\/\/www.liberopensare.com\/wp-content\/uploads\/2024\/09\/GUIDO-GROSSI-11x12.png 11w, https:\/\/www.liberopensare.com\/wp-content\/uploads\/2024\/09\/GUIDO-GROSSI.png 501w\" sizes=\"(max-width: 277px) 100vw, 277px\" \/>Esperto di finanza, studioso, curioso di tutto, divulgatore. Dal 1981 in Banca Nazionale del Lavoro fino a dirigente responsabile della struttura centrale dei Mercati Finanziari. Ne esco nel 2007 in maniera turbolenta e denunciando alle massime\u00a0autorit\u00e0, inascoltato, l\u2019abuso da parte delle banche sugli strumenti derivati.<br \/>\nDue anni di isolamento in campagna, l\u2019avvio di un\u2019attivit\u00e0 agrituristica nella magica Umbria durata fino al 2016, incontri fecondi e svariate letture mi hanno restituito una dimensione dimenticata. Presidente di Sovranit\u00e0 Popolare Aps, societ\u00e0 editrice dell\u2019omonima rivista indipendente (https:\/\/www.sovranitapopolare.org). Coautore del Piano di Salvezza Nazionale, proposta in grado\u00a0di rilanciare l\u2019economia nazionale (https:\/\/pianodisalvezzanazionale.it\/). Fondatore (deluso) di Barterfly, circuito di economia complementare (https:\/\/barterflyfoundation.org\/). L\u2019unico libro che ho scritto, <i>L\u2019eredit\u00e0 di Michele<\/i>, l\u2019ho pubblicato direttamente sul mio blog.<\/p>\n<\/div>\n<\/div>\n<\/div>\n<\/div>\n<\/div>","protected":false},"excerpt":{"rendered":"<p>di Guido Grossi Inviata a: &nbsp; Al Presidente della Repubblica protocollo.centrale@pec.quirinale.it Al Presidente del Senato amministrazione@pec.senato.it Al Presidente della Camera dei deputati camera_protcentrale@certcamera.it Al Presidente del Consiglio dei ministri presidente@pec.governo.it Al Presidente della Corte costituzionale segreteria.generale@pec.cortecostituzionale.it Al Consiglio Superiore della magistratura affgen.csm@giustiziacert.it Al Presidente della Corte dei conti urp@corteconticert.it Al Consiglio Nazionale dell\u2019Economia e del [&hellip;]<\/p>\n","protected":false},"author":2,"featured_media":79731,"comment_status":"closed","ping_status":"closed","sticky":false,"template":"","format":"standard","meta":{"footnotes":""},"categories":[5166,903],"tags":[851,6229],"class_list":["post-79718","post","type-post","status-publish","format-standard","has-post-thumbnail","hentry","category-cultura-e-scienza","category-rassegna","tag-evidenza","tag-guido-grossi"],"_links":{"self":[{"href":"https:\/\/www.liberopensare.com\/en\/wp-json\/wp\/v2\/posts\/79718","targetHints":{"allow":["GET"]}}],"collection":[{"href":"https:\/\/www.liberopensare.com\/en\/wp-json\/wp\/v2\/posts"}],"about":[{"href":"https:\/\/www.liberopensare.com\/en\/wp-json\/wp\/v2\/types\/post"}],"author":[{"embeddable":true,"href":"https:\/\/www.liberopensare.com\/en\/wp-json\/wp\/v2\/users\/2"}],"replies":[{"embeddable":true,"href":"https:\/\/www.liberopensare.com\/en\/wp-json\/wp\/v2\/comments?post=79718"}],"version-history":[{"count":0,"href":"https:\/\/www.liberopensare.com\/en\/wp-json\/wp\/v2\/posts\/79718\/revisions"}],"wp:featuredmedia":[{"embeddable":true,"href":"https:\/\/www.liberopensare.com\/en\/wp-json\/wp\/v2\/media\/79731"}],"wp:attachment":[{"href":"https:\/\/www.liberopensare.com\/en\/wp-json\/wp\/v2\/media?parent=79718"}],"wp:term":[{"taxonomy":"category","embeddable":true,"href":"https:\/\/www.liberopensare.com\/en\/wp-json\/wp\/v2\/categories?post=79718"},{"taxonomy":"post_tag","embeddable":true,"href":"https:\/\/www.liberopensare.com\/en\/wp-json\/wp\/v2\/tags?post=79718"}],"curies":[{"name":"wp","href":"https:\/\/api.w.org\/{rel}","templated":true}]}}