{"id":80143,"date":"2024-10-01T17:23:14","date_gmt":"2024-10-01T15:23:14","guid":{"rendered":"https:\/\/www.liberopensare.com\/?p=80143"},"modified":"2024-10-03T08:45:09","modified_gmt":"2024-10-03T06:45:09","slug":"julian-assange-al-consiglio-deuropa-sono-colpevole-di-giornalismo","status":"publish","type":"post","link":"https:\/\/www.liberopensare.com\/en\/julian-assange-al-consiglio-deuropa-sono-colpevole-di-giornalismo\/","title":{"rendered":"Julian Assange al Consiglio d&#8217;Europa: sono Colpevole di Giornalismo"},"content":{"rendered":"<header id=\"articleHeader\" class=\"sc-qvufca-5 hZFQIi\">\n<div class=\"sc-qvufca-1 hsJCLD\">\n<div class=\"sc-qvufca-0 jVrJjY\">\n<pre class=\"sc-1xt8011-0 sc-qvufca-2 azcVx bJjAgi\" data-dl-uid=\"30\" data-dl-original=\"true\" data-dl-translated=\"true\"><em>di Alan Jones<\/em><\/pre>\n<p data-dl-uid=\"121\" data-dl-original=\"true\" data-dl-translated=\"true\">Il fondatore di <em>WikiLeaks<\/em>\u00a0<strong>Julian Assange\u00a0<\/strong>ha parlato in pubblico per la prima volta da quando \u00e8 stato rilasciato dal carcere dopo aver raggiunto un accordo con gli Stati Uniti.<\/p>\n<p data-dl-uid=\"124\" data-dl-original=\"true\" data-dl-translated=\"true\">Si \u00e8 recato dall&#8217;Australia a Strasburgo per parlare a una commissione per i diritti umani (Pace) del\u00a0<a href=\"https:\/\/www.independent.co.uk\/topic\/council-of-europe\" data-dl-uid=\"125\" data-dl-original=\"true\" data-dl-translated=\"true\" target=\"_blank\" rel=\"noopener\">Consiglio d&#8217;Europa<\/a>, che in un rapporto aveva dichiarato che era un prigioniero politico.<\/p>\n<p data-dl-uid=\"126\" data-dl-original=\"true\" data-dl-translated=\"true\">Ha descritto la sua cella nella\u00a0prigione di Belmarsh, dove \u00e8 stato detenuto per diversi anni mentre lottava contro l&#8217;estradizione negli Stati Uniti, come una vera &#8220;galera&#8221;.<\/p>\n<div class=\"sc-1qz44j0-11 hrDjjf sc-1qz44j0-12 kygRKZ\">\n<div class=\"sc-1qz44j0-0 kvSKnI\">\n<div id=\"article-published-date\" class=\"sc-1qz44j0-1 sc-1qz44j0-2 fKGvbc eUdsoy\"><\/div>\n<\/div>\n<div class=\"sc-1lupl4a-0 gXmaLB sc-1qz44j0-10 hfnwMY social-share\">\n<div class=\"sc-17csmlp-0 ciKMBl\">\n<div><iframe title=\"LIVE: Julian Assange speaks at the Council of Europe | REUTERS\" src=\"https:\/\/www.youtube.com\/embed\/idphGmY3QRM\" width=\"918\" height=\"516\" frameborder=\"0\" allowfullscreen=\"allowfullscreen\"><\/iframe><\/div>\n<\/div>\n<\/div>\n<\/div>\n<\/div>\n<\/div>\n<\/header>\n<div class=\"sc-1fcmxs3-1 sc-1i4xxi7-1 dyGKzS eFgmkR\">\n<div class=\"sc-fwko30-1 blOrrc main-wrapper\">\n<div id=\"main\" class=\"sc-jbiisr-0 izpdPv sc-jbiisr-2 hUjkAJ\">\n<div class=\"sc-1230l3a-0 qAogd newsletter-component sc-12cegbh-0 hkevui\" data-newsletter-key=\"receiveIndyBreakingNews\">\n<div class=\"sc-1ykbqwm-0 ffESMm sc-1ykbqwm-1 kVMOFF\"><\/div>\n<div class=\"sc-tuvb20-0 gTNegf\">\n<div class=\"sc-f4xtp-3 idnUYL sc-f4xtp-8 csMdko\">\n<div class=\"news-letter-title\" hidden=\"\">\n<h3 class=\"sc-f4xtp-4 kScMpm\" data-nosnippet=\"\" data-dl-uid=\"117\" data-dl-original=\"true\" data-dl-translated=\"true\">Per ricevere gratuitamente le notizie in tempo reale direttamente nella tua casella di posta elettronica, iscriviti alle nostre e-mail sulle ultime notizie.<\/h3>\n<\/div>\n<div class=\"sc-f4xtp-7 jkZyrw\"><\/div>\n<\/div>\n<\/div>\n<\/div>\n<p data-dl-uid=\"128\" data-dl-original=\"true\" data-dl-translated=\"true\"><strong>Assange<\/strong> si \u00e8 scusato per il suo discorso &#8220;esitante&#8221;, dicendo che sta ancora cercando di adattarsi dopo che anni di isolamento gli hanno fatto &#8220;pagare un prezzo alto&#8221;.<\/p>\n<p data-dl-uid=\"129\" data-dl-original=\"true\" data-dl-translated=\"true\">L&#8217;azione legale contro <strong>Assange<\/strong> \u00e8 iniziata nel 2010 dopo la pubblicazione di centinaia di migliaia di documenti trapelati sulle guerre in Afghanistan e Iraq<\/p>\n<figure id=\"attachment_80147\" aria-describedby=\"caption-attachment-80147\" style=\"width: 416px\" class=\"wp-caption alignleft\"><img fetchpriority=\"high\" decoding=\"async\" class=\"wp-image-80147\" src=\"https:\/\/www.liberopensare.com\/wp-content\/uploads\/2024\/10\/julian-assange-niente-come-sembra-germana-leoni-libro-208x300.jpg\" alt=\"\" width=\"416\" height=\"600\" srcset=\"https:\/\/www.liberopensare.com\/wp-content\/uploads\/2024\/10\/julian-assange-niente-come-sembra-germana-leoni-libro-208x300.jpg 208w, https:\/\/www.liberopensare.com\/wp-content\/uploads\/2024\/10\/julian-assange-niente-come-sembra-germana-leoni-libro-8x12.jpg 8w, https:\/\/www.liberopensare.com\/wp-content\/uploads\/2024\/10\/julian-assange-niente-come-sembra-germana-leoni-libro.jpg 467w\" sizes=\"(max-width: 416px) 100vw, 416px\" \/><figcaption id=\"caption-attachment-80147\" class=\"wp-caption-text\"><a href=\"https:\/\/www.ilgiardinodeilibri.it\/libri\/__julian-assange-niente-come-sembra-germana-leoni-libro.php?id=194137&amp;pn=4507\" target=\"_blank\" rel=\"noopener\"><strong>ACQUISTALO QUI CON IL 5% DI SCONTO<\/strong><\/a><\/figcaption><\/figure>\n<p data-dl-uid=\"203\" data-dl-original=\"true\" data-dl-translated=\"true\"><strong>Assange<\/strong>, accompagnato dalla moglie\u00a0<strong>Stella<\/strong>\u00a0e dall&#8217;editore di <em>WikiLeaks<\/em> <strong>Kristinn Hrafnssson<\/strong>, ha dichiarato:<\/p>\n<blockquote>\n<p data-dl-uid=\"203\" data-dl-original=\"true\" data-dl-translated=\"true\">&#8220;La giustizia per me \u00e8 ora preclusa, poich\u00e9 il governo degli Stati Uniti ha insistito per iscritto nel suo accordo di patteggiamento sul fatto che non posso presentare una causa alla Corte europea dei diritti dell&#8217;uomo o anche una richiesta di Freedom of Information Act su ci\u00f2 che mi ha fatto in seguito alla sua richiesta di estradizione&#8221;.<\/p>\n<p data-dl-uid=\"205\" data-dl-original=\"true\" data-dl-translated=\"true\"><strong>&#8220;Voglio essere assolutamente chiaro: oggi non sono libero perch\u00e9 il sistema ha funzionato.<\/strong><\/p>\n<p data-dl-uid=\"214\" data-dl-original=\"true\" data-dl-translated=\"true\"><strong>&#8220;Oggi sono libero (dopo anni di carcere) perch\u00e9 mi sono dichiarato colpevole di giornalismo.<\/strong><\/p>\n<\/blockquote>\n<blockquote>\n<p data-dl-uid=\"215\" data-dl-original=\"true\" data-dl-translated=\"true\">&#8220;Mi sono dichiarato colpevole di aver cercato informazioni da una fonte.<\/p>\n<p data-dl-uid=\"216\" data-dl-original=\"true\" data-dl-translated=\"true\">&#8220;Mi sono dichiarato colpevole di aver ottenuto informazioni da una fonte e mi sono dichiarato colpevole di aver informato il pubblico su quali fossero queste informazioni. Non mi sono dichiarato colpevole di nient&#8217;altro. Il giornalismo non \u00e8 un crimine&#8221;.<\/p>\n<\/blockquote>\n<figure class=\"sc-1wzq3bw-0 sc-1wzq3bw-2 iKYdHn fwyRXf\"><\/figure>\n<blockquote>\n<p data-dl-uid=\"220\" data-dl-original=\"true\" data-dl-translated=\"true\">&#8220;Spero che la mia testimonianza di oggi possa servire a mettere in luce la debolezza, i punti deboli delle tutele esistenti, e ad aiutare coloro i cui casi sono meno visibili, ma che sono altrettanto vulnerabili&#8221;.<\/p>\n<\/blockquote>\n<div class=\"sc-1pfx6hk-0 lgUbTS sc-w27hnf-0 bxLhaU\">\n<div id=\"content\" data-mpu=\"true\" data-is-video=\"false\" data-tile-name=\"content\" data-ad-unit-path=\"\/71347885\/_main_independent\/in_news\/in_uk\/video\/content\" data-size-key=\"SINGLE_MPU\" data-refresh-check=\"false\" data-refresh-ms=\"13000\" data-initialised=\"true\" data-google-query-id=\"CJyC1Ky37YgDFXr0EQgdjSwhbA\">\n<div id=\"google_ads_iframe_\/71347885\/_main_independent\/in_news\/in_uk\/video\/content_0__container__\"><\/div>\n<\/div>\n<\/div>\n<p data-dl-uid=\"230\" data-dl-original=\"true\" data-dl-translated=\"true\"><strong>Assange<\/strong> ha detto che si sta ancora adattando alla liberazione e che deve fare i conti con cose come il suono &#8220;inquietante&#8221; delle auto elettriche.<\/p>\n<p data-dl-uid=\"231\" data-dl-original=\"true\" data-dl-translated=\"true\">Ha detto che la libert\u00e0 di espressione \u00e8 a un &#8220;bivio oscuro&#8221;.<\/p>\n<blockquote>\n<p data-dl-uid=\"232\" data-dl-original=\"true\" data-dl-translated=\"true\">&#8220;La criminalizzazione delle attivit\u00e0 di raccolta di notizie \u00e8 una minaccia per il giornalismo investigativo ovunque. Sono stato formalmente condannato da una potenza straniera per aver chiesto, ricevuto e pubblicato informazioni veritiere su quella potenza mentre mi trovavo in Europa&#8221;.<\/p>\n<\/blockquote>\n<div class=\"sc-w27hnf-3 iOJCvF teads\">\n<div class=\"sc-1y9ieyw-0 joBdHo\">\n<div class=\"sc-1pfx6hk-0 lgUbTS\">\n<div id=\"thirdparty02\" data-mpu=\"true\" data-is-video=\"false\" data-tile-name=\"thirdparty02\" data-ad-unit-path=\"\/71347885\/_partner_independent\/in_news\/in_uk\/video\/thirdparty02\" data-size-key=\"THIRD_PARTY_ARTICLE_BODY\" data-refresh-check=\"false\" data-refresh-ms=\"150000\" data-initialised=\"true\" data-google-query-id=\"CIuaz5227YgDFe-T_QcdkZQM7g\">\n<div id=\"google_ads_iframe_\/71347885\/_partner_independent\/in_news\/in_uk\/video\/thirdparty02_0__container__\"><\/div>\n<\/div>\n<\/div>\n<\/div>\n<\/div>\n<blockquote>\n<p data-dl-uid=\"280\" data-dl-original=\"true\" data-dl-translated=\"true\">&#8220;La questione fondamentale \u00e8 semplice: i giornalisti non dovrebbero essere perseguiti per aver fatto il loro lavoro. Il giornalismo non \u00e8 un crimine&#8221;.<\/p>\n<\/blockquote>\n<figure id=\"attachment_78398\" aria-describedby=\"caption-attachment-78398\" style=\"width: 429px\" class=\"wp-caption alignright\"><img decoding=\"async\" class=\"wp-image-78398\" src=\"https:\/\/www.liberopensare.com\/wp-content\/uploads\/2024\/06\/wikileaks-198x300.jpg\" alt=\"\" width=\"429\" height=\"650\" srcset=\"https:\/\/www.liberopensare.com\/wp-content\/uploads\/2024\/06\/wikileaks-198x300.jpg 198w, https:\/\/www.liberopensare.com\/wp-content\/uploads\/2024\/06\/wikileaks-8x12.jpg 8w, https:\/\/www.liberopensare.com\/wp-content\/uploads\/2024\/06\/wikileaks.jpg 444w\" sizes=\"(max-width: 429px) 100vw, 429px\" \/><figcaption id=\"caption-attachment-78398\" class=\"wp-caption-text\"><a href=\"https:\/\/www.ilgiardinodeilibri.it\/libri\/__wikileaks.php?id=73439&amp;pn=4507\" target=\"_blank\" rel=\"noopener\"><strong>ACQUISTALO QUI CON IL 5% DI SCONTO<\/strong><\/a><\/figcaption><\/figure>\n<p data-dl-uid=\"281\" data-dl-original=\"true\" data-dl-translated=\"true\"><strong>Assange<\/strong> ha dichiarato alla commissione di essere un prigioniero politico:<\/p>\n<blockquote>\n<p data-dl-uid=\"281\" data-dl-original=\"true\" data-dl-translated=\"true\">&#8220;La base politica per gli atti punitivi del governo statunitense contro di me era la pubblicazione della verit\u00e0 su ci\u00f2 che il governo statunitense aveva fatto. Poi, in senso giuridico formale, una volta che gli Stati Uniti hanno proceduto con la loro punizione legale, hanno usato l&#8217;Espionage Act, un classico reato politico&#8221;.<\/p>\n<\/blockquote>\n<figure class=\"sc-1wzq3bw-0 sc-1wzq3bw-2 iKYdHn fwyRXf\">\n<div>\n<p data-dl-uid=\"331\" data-dl-original=\"true\" data-dl-translated=\"true\">\n<p data-dl-uid=\"331\" data-dl-original=\"true\" data-dl-translated=\"true\"><em>Vorrei ringraziare tutte le persone che hanno lottato per la mia liberazione e che hanno capito, soprattutto, che la mia liberazione era legata alla loro liberazione.<\/em><\/p>\n<\/div>\n<\/figure>\n<p data-dl-uid=\"337\" data-dl-original=\"true\" data-dl-translated=\"true\">In una sessione di domande e risposte con i membri della commissione, <strong>Assange<\/strong> ha affermato che il trattato di estradizione tra Regno Unito e Regno Unito \u00e8 unilaterale, aggiungendo:<\/p>\n<blockquote>\n<p data-dl-uid=\"337\" data-dl-original=\"true\" data-dl-translated=\"true\">&#8220;Nove volte pi\u00f9 persone vengono estradate negli Stati Uniti dal Regno Unito che non il contrario. La protezione per i cittadini statunitensi che vengono estradati nel Regno Unito \u00e8 pi\u00f9 forte&#8221;.<\/p>\n<\/blockquote>\n<p data-dl-uid=\"339\" data-dl-original=\"true\" data-dl-translated=\"true\">Al termine della sessione di 90 minuti, <strong>Assange<\/strong> ha ricevuto una <em>standing ovation<\/em> dai membri della commissione.<\/p>\n<p data-dl-uid=\"344\" data-dl-original=\"true\" data-dl-translated=\"true\">Ha concluso il suo intervento dicendo:<\/p>\n<blockquote>\n<p data-dl-uid=\"344\" data-dl-original=\"true\" data-dl-translated=\"true\">&#8220;Nel 2010 vivevo a Parigi. Sono andato nel Regno Unito e non sono pi\u00f9 tornato, fino ad ora. \u00c8 bello essere tornati. \u00c8 bello essere tra persone che, come diciamo noi&#8230; \u00e8 bello essere tra amici&#8221;.<\/p>\n<\/blockquote>\n<blockquote>\n<p data-dl-uid=\"367\" data-dl-original=\"true\" data-dl-translated=\"true\">Vorrei ringraziare tutte le persone che hanno lottato per la mia liberazione e che hanno capito, cosa importante, che la mia liberazione era legata alla loro liberazione, e che quando uno di noi cade nelle crepe, presto quelle crepe si allargheranno e porteranno gi\u00f9 il resto di noi. Continuate a lottare&#8221;.<\/p>\n<\/blockquote>\n<p data-dl-uid=\"372\" data-dl-original=\"true\" data-dl-translated=\"true\"><em>Tradotto dall&#8217;inglese da Piero Cammerinesi per LiberoPensare<\/em><\/p>\n<p data-dl-uid=\"372\" data-dl-original=\"true\" data-dl-translated=\"true\"><em><a href=\"https:\/\/www.independent.co.uk\/news\/uk\/julian-assange-belmarsh-prison-council-of-europe-wikileaks-stella-b2621782.html\" target=\"_blank\" rel=\"noopener\">Fonte<\/a><\/em><\/p>\n<\/div>\n<\/div>\n<\/div>","protected":false},"excerpt":{"rendered":"<p>di Alan Jones Il fondatore di WikiLeaks\u00a0Julian Assange\u00a0ha parlato in pubblico per la prima volta da quando \u00e8 stato rilasciato dal carcere dopo aver raggiunto un accordo con gli Stati Uniti. Si \u00e8 recato dall&#8217;Australia a Strasburgo per parlare a una commissione per i diritti umani (Pace) del\u00a0Consiglio d&#8217;Europa, che in un rapporto aveva dichiarato [&hellip;]<\/p>\n","protected":false},"author":2,"featured_media":80150,"comment_status":"closed","ping_status":"closed","sticky":false,"template":"","format":"standard","meta":{"footnotes":""},"categories":[903,5165],"tags":[851,300,6303],"class_list":["post-80143","post","type-post","status-publish","format-standard","has-post-thumbnail","hentry","category-rassegna","category-attualita","tag-evidenza","tag-julian-assange","tag-kristinn-hrafnssson"],"_links":{"self":[{"href":"https:\/\/www.liberopensare.com\/en\/wp-json\/wp\/v2\/posts\/80143","targetHints":{"allow":["GET"]}}],"collection":[{"href":"https:\/\/www.liberopensare.com\/en\/wp-json\/wp\/v2\/posts"}],"about":[{"href":"https:\/\/www.liberopensare.com\/en\/wp-json\/wp\/v2\/types\/post"}],"author":[{"embeddable":true,"href":"https:\/\/www.liberopensare.com\/en\/wp-json\/wp\/v2\/users\/2"}],"replies":[{"embeddable":true,"href":"https:\/\/www.liberopensare.com\/en\/wp-json\/wp\/v2\/comments?post=80143"}],"version-history":[{"count":0,"href":"https:\/\/www.liberopensare.com\/en\/wp-json\/wp\/v2\/posts\/80143\/revisions"}],"wp:featuredmedia":[{"embeddable":true,"href":"https:\/\/www.liberopensare.com\/en\/wp-json\/wp\/v2\/media\/80150"}],"wp:attachment":[{"href":"https:\/\/www.liberopensare.com\/en\/wp-json\/wp\/v2\/media?parent=80143"}],"wp:term":[{"taxonomy":"category","embeddable":true,"href":"https:\/\/www.liberopensare.com\/en\/wp-json\/wp\/v2\/categories?post=80143"},{"taxonomy":"post_tag","embeddable":true,"href":"https:\/\/www.liberopensare.com\/en\/wp-json\/wp\/v2\/tags?post=80143"}],"curies":[{"name":"wp","href":"https:\/\/api.w.org\/{rel}","templated":true}]}}