{"id":80780,"date":"2024-11-22T09:59:23","date_gmt":"2024-11-22T08:59:23","guid":{"rendered":"https:\/\/www.liberopensare.com\/?p=80780"},"modified":"2025-07-01T13:14:49","modified_gmt":"2025-07-01T11:14:49","slug":"900-il-secolo-breve-e-i-maestri-manifesti","status":"publish","type":"post","link":"https:\/\/www.liberopensare.com\/en\/900-il-secolo-breve-e-i-maestri-manifesti\/","title":{"rendered":"&#8216;900, il &#8220;Secolo Breve&#8221; e i Maestri manifesti"},"content":{"rendered":"<pre><em>di Piero Cammerinesi<\/em><\/pre>\n<h2>Secolo breve?<\/h2>\n<p><em>&#8220;Secolo breve&#8221;<\/em> \u00e8 una fortunata definizione tratta dall&#8217;omonimo libro dello storico <strong>Eric Hobsbawm,<\/strong> che descrive un approfondito panorama della storia del secolo scorso. Un secolo tra i pi\u00f9 violenti della storia dell&#8217;umanit\u00e0, con due guerre mondiali, rivoluzioni sanguinose, stravolgimenti sociali e decine di conflitti locali.<\/p>\n<p>Secolo definito <em>breve<\/em> perch\u00e9 l&#8217;inizio viene individuato da <strong>Hobsbawm<\/strong> nel 1914, con lo scoppio della prima guerra mondiale e la fine nel 1991, con il crollo dell&#8217;Unione Sovietica. Breve altres\u00ec per l&#8217;estrema velocit\u00e0 impressa nel &#8216;900 alla trasformazione della vita dell&#8217;umanit\u00e0 dai mutamenti tecnologici, sociali e ideologici.<\/p>\n<figure id=\"attachment_80969\" aria-describedby=\"caption-attachment-80969\" style=\"width: 432px\" class=\"wp-caption alignleft\"><img fetchpriority=\"high\" decoding=\"async\" class=\"wp-image-80969\" src=\"https:\/\/www.liberopensare.com\/wp-content\/uploads\/2024\/11\/il-secolo-breve-196x300.jpg\" alt=\"\" width=\"432\" height=\"661\" srcset=\"https:\/\/www.liberopensare.com\/wp-content\/uploads\/2024\/11\/il-secolo-breve-196x300.jpg 196w, https:\/\/www.liberopensare.com\/wp-content\/uploads\/2024\/11\/il-secolo-breve-8x12.jpg 8w, https:\/\/www.liberopensare.com\/wp-content\/uploads\/2024\/11\/il-secolo-breve.jpg 327w\" sizes=\"(max-width: 432px) 100vw, 432px\" \/><figcaption id=\"caption-attachment-80969\" class=\"wp-caption-text\"><a href=\"https:\/\/www.ilgiardinodeilibri.it\/libri\/__il-secolo-breve-1914-1991.php?id=97049&amp;pn=4507\" target=\"_blank\" rel=\"noopener\"><strong>ACQUISTALO QUI<\/strong><\/a><\/figcaption><\/figure>\n<p><strong>Hobsbawm<\/strong> divide questo periodo in tre parti: che chiama <strong>et\u00e0 della catastrofe<\/strong> (1914 &#8211; 1945), con la prima e seconda guerra mondiale ed il crollo degli imperi; <strong>et\u00e0 dell&#8217;oro<\/strong> (1946 &#8211; 1973), con la fine del colonialismo, le innovazioni in campo tecnico, scientifico, economico, e l&#8217;imporsi del liberismo; e <strong>la frana<\/strong> (1973 &#8211; 1991), con il dissolvimento dell&#8217;Unione Sovietica, la conseguente caduta del muro di Berlino, l&#8217;apparente fine della guerra fredda e delle ideologie totalitarie.<\/p>\n<p>Quest&#8217;ultimo periodo, secondo l&#8217;Autore, si caratterizza altres\u00ec per la crisi profonda delle basi stesse del periodo dell&#8217;et\u00e0 dell&#8217;oro, con il sistema economico mondiale che si avvia verso un condizione di instabilit\u00e0 ed un ciclo depressivo che nessun tentativo di stabilizzazione riesce a compensare.<\/p>\n<p class=\"p1\">Certamente molto appropriata \u00e8 l&#8217;analisi che <strong>Hobsbawm<\/strong> fa delle tre trasformazioni epocali del mondo che nel nuovo millennio abbiamo ereditato dal <em>secolo breve, <\/em>vale a dire:<\/p>\n<p class=\"p1\">1) <strong>Il mondo nato dagli sconvolgimenti del secolo scorso non \u00e8 pi\u00f9 eurocentrico<\/strong> a causa del declino dell&#8217;Europa e delle grandi potenze che, all&#8217;inizio del XX secolo, erano di fatto tutte europee.<span class=\"Apple-converted-space\">\u00a0<\/span><\/p>\n<p class=\"p1\">2) <strong>La seconda trasformazione che abbiamo di fronte \u00e8 la globalizzazione<\/strong>; il mondo \u00e8 diventato un campo operativo unitario, qualcosa che non si era verificata mai nel passato.<\/p>\n<p class=\"p1\">3) <strong>La terza trasformazione \u00e8 rappresentata dalla disintegrazione dei vecchi modelli delle relazioni umane e sociali<\/strong> che ha causato la rottura dei legami tra le generazioni, vale a dire tra il passato e il presente.<\/p>\n<p>Quella di <strong>Hobsbawm <\/strong>\u00e8 una fotografia del secolo XX certamente stimolante e con alcune intuizioni decisamente brillanti ma essa &#8211; se si vuole cercare di intuire la <em>big picture<\/em> che non riguarda solo gli eventi del mondo esteriore &#8211; va integrata con la considerazione che, a fronte dei cataclismi sociali e bellici, il secolo scorso \u00e8 stato anche un secolo in cui si sono verificati degli eventi letteralmente <em>stra-ordinari<\/em> sul piano spirituale.<\/p>\n<p>A partire dal fatto che &#8211; come annunciato gi\u00e0 un ventennio prima da <strong>Rudolf Steiner &#8211; <\/strong>dall&#8217;anno 1933 il Cristo ha iniziato ad essere visibile sul piano eterico.<\/p>\n<figure id=\"attachment_77466\" aria-describedby=\"caption-attachment-77466\" style=\"width: 466px\" class=\"wp-caption alignright\"><img decoding=\"async\" class=\"wp-image-77466\" src=\"https:\/\/www.liberopensare.com\/wp-content\/uploads\/2024\/04\/steffen-210x300.jpeg\" alt=\"\" width=\"466\" height=\"665\" srcset=\"https:\/\/www.liberopensare.com\/wp-content\/uploads\/2024\/04\/steffen-210x300.jpeg 210w, https:\/\/www.liberopensare.com\/wp-content\/uploads\/2024\/04\/steffen-716x1024.jpeg 716w, https:\/\/www.liberopensare.com\/wp-content\/uploads\/2024\/04\/steffen-8x12.jpeg 8w\" sizes=\"(max-width: 466px) 100vw, 466px\" \/><figcaption id=\"caption-attachment-77466\" class=\"wp-caption-text\"><a href=\"https:\/\/edizioniartemis.it\/product\/in-memoria-di-rudolf-steiner\/ref\/3\/\" target=\"_blank\" rel=\"noopener\"><strong>ACQUISTALO QUI<\/strong><\/a><\/figcaption><\/figure>\n<p>Per questo motivo, da un punto di vista spirituale, trovo difficile condividere l&#8217;opinione che l&#8217;essenza del &#8216;900 sia concentrabile nel periodo 1914-1991.<\/p>\n<p>Questo pu\u00f2 essere sicuramente sostenibile da un punto di vista storico materialista che tiene conto esclusivamente degli <em>effetti esteriori<\/em> di certe realt\u00e0 ma ne trascura le <em>cause<\/em>. E le cause non sono <em>materiali<\/em> ma <em>spirituali<\/em>. Ove per <em>spirituale<\/em> non intendo qualcosa di fumosamente mistico ma qualcosa di non materiale come il <em>pensiero<\/em>.<\/p>\n<p>Come qualsiasi nostra scelta, qualsiasi atto di volont\u00e0, deriva da un pensiero, da una nostra rappresentazione che ci muove all&#8217;azione, cos\u00ec anche nella storia sono i pensieri di tutta l&#8217;umanit\u00e0 &#8211; ed in parte anche di altre entit\u00e0 collegate all&#8217;umanit\u00e0 &#8211; a produrre, poi, gli effetti che ci vengono incontro come eventi del mondo esteriore, in breve, come <em>Storia<\/em>.<\/p>\n<p>Pertanto non posso ignorare sia quanto si \u00e8 manifestato a partire dai <strong>primissimi anni del &#8216;900<\/strong> come attivit\u00e0 esoteriche da parte di numerose importanti personalit\u00e0, sia quanto si \u00e8 verificato alla<strong> fine del secolo, intorno al 1998<\/strong> che, rappresentando la tripla ripetizione del 666, fa pensare al preludio della manifestazione della Bestia a due corna sulla Terra a circa un secolo di distanza (1879) della discesa in massa di quelle forze demoniache ben descritte da <strong>Steiner<\/strong> ne <em>La caduta degli Spiriti delle Tenebre<\/em>.<\/p>\n<p>La prima<em> &#8220;caduta\u201d<\/em> dell\u2019elemento satanico risaliva, appunto, all\u2019anno 666, e la possiamo mettere in relazione con l\u2019<strong>Accademia di Gondishap\u00f9r<\/strong> e con la nascita dell\u2019Islam, mentre la seconda <em>&#8220;caduta&#8221;<\/em> &#8211; 666&#215;2 &#8211; prevista nel 1332, iniziava gi\u00e0 nel 1312, con l&#8217;annientamento dei <strong>Cavalieri Templari,<\/strong> il cui proposito era di istituire una <em>\u201cvisione solare\u201d<\/em> del Cristianesimo.<br \/>\nLa terza, il 1998, ci mette di fronte a quella che <strong>Steiner<\/strong> chiamava, appunto, <strong>la grande battaglia di fine secolo,<\/strong> alla quale erano chiamate a partecipare tulle le schiere micaelite per opporsi all&#8217;attacco del Demone Solare.<\/p>\n<p><strong>Il fatto che il &#8216;900 sia stato il secolo dei Maestri manifesti <\/strong>\u00e8 probabilmente collegato alla necessit\u00e0 di contrastare e compensare il Male che stava emergendo nella storia umana e che oggi si manifesta in modo che \u00e8 davvero difficile non riconoscere.<\/p>\n<h2>Maestri manifesti<\/h2>\n<figure id=\"attachment_75316\" aria-describedby=\"caption-attachment-75316\" style=\"width: 440px\" class=\"wp-caption alignleft\"><img decoding=\"async\" class=\"wp-image-75316\" src=\"https:\/\/www.liberopensare.com\/wp-content\/uploads\/2023\/12\/hartmann-215x300.jpeg\" alt=\"\" width=\"440\" height=\"614\" srcset=\"https:\/\/www.liberopensare.com\/wp-content\/uploads\/2023\/12\/hartmann-215x300.jpeg 215w, https:\/\/www.liberopensare.com\/wp-content\/uploads\/2023\/12\/hartmann-9x12.jpeg 9w, https:\/\/www.liberopensare.com\/wp-content\/uploads\/2023\/12\/hartmann.jpeg 735w\" sizes=\"(max-width: 440px) 100vw, 440px\" \/><figcaption id=\"caption-attachment-75316\" class=\"wp-caption-text\"><a href=\"https:\/\/edizioniartemis.it\/product\/la-profezia-di-michele\/ref\/3\/\" target=\"_blank\" rel=\"noopener\"><strong>ACQUISTALO QUI<\/strong><\/a><\/figcaption><\/figure>\n<p>Il XX secolo \u00e8 partito, infatti, con l&#8217;inizio dell&#8217;attivit\u00e0 pi\u00f9 squisitamente esoterica di <strong>Rudolf Steiner<\/strong> &#8211; attivit\u00e0 portata avanti indefessamente fino alla sua morte, avvenuta nell&#8217;aprile 1925 &#8211; ed ha visto la presenza contemporanea di guide spirituali di primissimo piano, sia in Oriente che in Occidente.<\/p>\n<p>Partiamo dall&#8217;Oriente con una serie di Maestri di altissimo livello, tra i quali spiccano<b> Sri Aurobindo<\/b> (1872 -1950), <b>Paramahansa Yog\u0101nanda<\/b> (1893-1952) <b>R\u0101ma\u1e47a Mah\u0101r\u1e63i<\/b>\u00a0 (1879-1950), che, come si pu\u00f2 notare, sono tutti attivi nella prima met\u00e0 del XX secolo.<\/p>\n<p>In Occidente, oltre a <strong>Rudolf Steiner<\/strong> (1861-1925), spiccano le personalit\u00e0 di<strong> Peter Deunov<\/strong> (1864-1944), <strong>Omraam Mikha\u00ebl\u00a0A\u00efvanhov<\/strong> (1900-1986), <strong>George Ivanovich Gurdjieff<\/strong> (1872-1949), anch&#8217;essi pienamente operativi nella prima met\u00e0 del secolo scorso.<\/p>\n<p>Per quanto riguarda l&#8217;Italia, abbiamo avuto &#8211; nel solco della scienza dello spirito fondata da <strong>Rudolf Steiner,<\/strong> tre personalit\u00e0 straordinarie: <strong>Giovanni Colazza <\/strong>(1877-1953)<strong>, Massimo Scaligero <\/strong>(1906-1980)<strong> e Bianca Maria Scabelloni <\/strong>(1923-1990).<\/p>\n<p>L&#8217;Italia ha rappresentato, infatti, una fioritura molto importante per la scienza dello spirito; basti pensare che fu lo stesso <strong>Steiner<\/strong> a rivelare a <strong>Colazza, <\/strong>nel corso del loro primo incontro a Roma nel 1911, che <strong>l&#8217;antroposofia sarebbe risorta in Italia<\/strong> dopo le difficolt\u00e0 che avrebbe vissuto nei Paesi dell&#8217;Europa Centrale e che puntualmente si presentarono drammaticamente dopo la scomparsa del Maestro..<\/p>\n<p>Mi narr\u00f2, infatti, <strong>Massimo Scaligero<\/strong> in uno degli incontri privati che ebbi il privilegio di avere con lui nell&#8217;arco di quasi nove anni, che<strong>\u00a0Colazza <\/strong>gli\u00a0 raccont\u00f2 che un giorno il suo Maestro, <strong>Rudolf Steiner,<\/strong> gli chiese ripetutamente se gli sarebbe rimasto fedele, aggiungendo che &#8211; cito &#8211; <em>&#8220;un giorno i veri antroposofi si potranno riunire comodamente sotto l&#8217;ombra di un melo&#8221;<\/em> albero che, com&#8217;\u00e8 noto, non vanta una chioma particolarmente ampia, e afferm\u00f2, inotre, che i<strong>l movimento antroposofico sarebbe risorto in Italia<\/strong>.<\/p>\n<p>E cos\u00ec fu, visto che <strong>Colazza<\/strong> cre\u00f2 a Roma un gruppo particolarmente attivo nella scienza dello spirito &#8211; il gruppo Novalis &#8211;\u00a0 che guid\u00f2 sino alla sua scomparsa, avvenuta nel 1953. Ma il lavoro non si ferm\u00f2 e, pur nello smarrimento generale per la perdita della guida, nell&#8217;incontro di gruppo successivo alla sua morte, <strong>Bianca Maria Scabelloni &#8211;<\/strong> per tutti <strong>Mimma<\/strong> &#8211; davanti al tavolo vuoto dove <strong>Colazza<\/strong> usava tenere le riunioni, si alz\u00f2 con decisione prendendo per un braccio <strong>Massimo<\/strong> e, letteralmente trascinandolo al tavolo, esclam\u00f2:<\/p>\n<blockquote><p>\u201c<em>Ora siediti a questo tavolo, perch\u00e9 il nostro lavoro deve continuare e tu sei quello che deve guidarci<\/em>\u201d.<\/p><\/blockquote>\n<figure id=\"attachment_76652\" aria-describedby=\"caption-attachment-76652\" style=\"width: 471px\" class=\"wp-caption alignright\"><img loading=\"lazy\" decoding=\"async\" class=\"wp-image-76652\" src=\"https:\/\/www.liberopensare.com\/wp-content\/uploads\/2024\/02\/FDL-COVER-JPG-211x300.jpg\" alt=\"\" width=\"471\" height=\"670\" \/><figcaption id=\"caption-attachment-76652\" class=\"wp-caption-text\"><a href=\"http:\/\/www.harmakisedizioni.org\/?product=la-filosofia-della-liberta-rudolf-steiner-paperback&amp;wpam_id=92\" target=\"_blank\" rel=\"noopener\"><strong>ACQUISTALO QUI<\/strong><\/a><\/figcaption><\/figure>\n<p>Era stato <strong>Julius Evola<\/strong> a presentare <strong>Scaligero<\/strong> a <strong>Colazza<\/strong> e di questo <strong>Evola<\/strong> si rammaric\u00f2 sempre &#8211; pur se tra il serio e il faceto &#8211; in quanto diceva che <strong>Colazza<\/strong> lo aveva portato via da lui.<\/p>\n<p>Da allora sino alla sua scomparsa, avvenuta nel 1980, <strong>Massimo Scaligero<\/strong> fu un bastione dell&#8217;<em>opus<\/em> scientifico-spirituale in Italia.<\/p>\n<p>Seguito da centinaia di persone collegate in gruppi di studio non solo a Roma ma in svariate localit\u00e0 del Bel Paese, prese in mano l&#8217;eredit\u00e0 di <strong>Colazza, <\/strong>il quale aveva scritto solo pochi articoli e alcune conferenze, donandosi completamente a tutti con un&#8217;attivit\u00e0 instancabile di incontri e conferenze a cui vanno aggiunti gli oltre 30 libri pubblicati, inizialmente in proprio e successivamente con vari editori.<\/p>\n<p class=\"p1\">Grazie al <strong>peculiare approccio assolutamente esperienziale<\/strong> <strong>dell&#8217;ascesi moderna<\/strong> che caratterizza il suo pensiero,<strong>\u00a0Scaligero<\/strong> fu uno dei pochi discepoli di <strong>Steiner<\/strong> &#8211; da lui chiamato <strong>il Maestro dei Nuovi Tempi<\/strong> &#8211; ad <strong>aver restituito alla<\/strong> <strong>disciplina interiore<\/strong> &#8211; pur enfatizzata nelle tre opere di <strong>Steiner<\/strong> <em>Iniziazione, Scienza Occulta<\/em> e <em>Teosofia &#8211; <\/em><strong>una posizione centrale <\/strong>nel contesto di <em>Anthropos Sophia<\/em>.<\/p>\n<p>Non i cicli o i libri, dunque, ma <strong>l&#8217;impervio percorso del ricercatore che, mediante i cinque esercizi, deve superare l&#8217;intellettualismo per incamminarsi sul sentiero del pensiero vivente.<\/strong><\/p>\n<p>Il suo esempio, la sua assoluta coerenza &#8211; di chi non <em>&#8220;predica bene e razzola male&#8221; &#8211;<\/em> come \u00e8 purtroppo assai frequente &#8211; ed il suo folgorante messaggio hanno illuminato per decenni il sentiero di un gran numero di ricercatori della conoscenza.<\/p>\n<p>Come si \u00e8 detto tocc\u00f2 poi, dopo la sua scomparsa, a sua cugina <strong>Mimma<\/strong>, di\u00a0 accompagnare molti di noi per altri dieci anni, sul sentiero da lui indicato; un decennio che si concluse con la sua scomparsa nel 1990.<\/p>\n<h2>Maestri invisibili<\/h2>\n<p>Come si \u00e8 visto, nel &#8216;900 sono stati in molti ad aver avuto la ventura di incontrare un Maestro in grado di indicare il percorso interiore ma, dalla fine del secolo in poi, questo <em>trend<\/em> sembra essersi esaurito e, quello che pi\u00f9 colpisce, ci\u00f2 sembra proprio avvenire in corrispondenza con uno dei momenti pi\u00f9 gravi che l&#8217;umanit\u00e0 abbia mai attraversato.<\/p>\n<p>Allora ci si chiede: <strong>come mai proprio adesso i Maestri non sono pi\u00f9 visibili?<\/strong><\/p>\n<figure id=\"attachment_80356\" aria-describedby=\"caption-attachment-80356\" style=\"width: 414px\" class=\"wp-caption alignleft\"><img loading=\"lazy\" decoding=\"async\" class=\"wp-image-80356\" src=\"https:\/\/www.liberopensare.com\/wp-content\/uploads\/2024\/10\/cover_ilcompitodell_arcangelomichele_front-184x300.webp\" alt=\"\" width=\"414\" height=\"675\" srcset=\"https:\/\/www.liberopensare.com\/wp-content\/uploads\/2024\/10\/cover_ilcompitodell_arcangelomichele_front-184x300.webp 184w, https:\/\/www.liberopensare.com\/wp-content\/uploads\/2024\/10\/cover_ilcompitodell_arcangelomichele_front-7x12.webp 7w, https:\/\/www.liberopensare.com\/wp-content\/uploads\/2024\/10\/cover_ilcompitodell_arcangelomichele_front.webp 511w\" sizes=\"(max-width: 414px) 100vw, 414px\" \/><figcaption id=\"caption-attachment-80356\" class=\"wp-caption-text\"><a href=\"https:\/\/agribioshop.it\/products\/il-compito-dellarcangelo-michele-e-pfeiffer?utm_source=liberopensare&amp;utm_medium=blog\" target=\"_blank\" rel=\"noopener\"><strong>ACQUISTALO QUI<\/strong><\/a><\/figcaption><\/figure>\n<p>Come ho avuto modo di osservare in un mio <a href=\"https:\/\/www.liberopensare.com\/en\/la-profezia-di-michele-nellultimo-discorso-di-rudolf-steiner\/\">recente articolo<\/a>, alla fine del XX secolo avremmo dovuto assistere alla <strong>culminazione dell&#8217;Antroposofia<\/strong> come contrappeso a quella che era stata definita da <strong>Rudolf Steiner<\/strong> <strong>la grande battaglia di fine secolo<\/strong> cui avrebbero dovuto prendere parte tutti i discepoli della <strong>Scuola di Michele<\/strong> per fronteggiare un attacco all&#8217;Umanit\u00e0 senza precedenti.<\/p>\n<p>Allo stesso modo avremmo dovuto assistere ad un <strong>ampio manifestarsi della veggenza<\/strong> ed anche degli <strong>incontri individuali con il Cristo nel mondo eterico<\/strong>.<\/p>\n<p>Tutto questo \u00e8 stato &#8211; come ho gi\u00e0 avuto modo di sottolineare &#8211; fortemente ostacolato a partire del 1933 con la manifestazione della Bestia a due corna; e questo ci porta a prevedere che vi saranno ulteriori forti sconvolgimenti e grandi pericoli globali almeno sino al 2033.<\/p>\n<p><strong>Un anno che non rappresenter\u00e0 solo il 100mo anniversario della comparsa del Demone solare, e l&#8217;inizio della manifestazione del Cristo in eterico, ma altres\u00ec il 2000mo anniversario del Mistero del Golgotha.<\/strong><\/p>\n<p>Una battaglia spacciata, a inizio XXI secolo, come <strong>\u201cguerra al terrorismo\u201d, <\/strong>che di fatto si sta manifestando come<strong>\u00a0guerra di tutti contro tutti.<\/strong><\/p>\n<p>Non ci sono dubbi che questa battaglia &#8211; che i Maestri ci hanno ripetutamente annunciato &#8211; sia in corso, ma \u00e8 importante riflettere sul fatto che non si vedano in azione figure di Maestri come quelle che abbiamo visto nel secolo scorso.<\/p>\n<p>Si tratta di una guerra che interessa sempre meno nazioni contro nazioni o popoli contro popoli, ma che si configura come una <strong>guerra contro l&#8217;Umanit\u00e0<\/strong> che coinvolge economia, societ\u00e0, tecnologia, cultura e salute e che continua ad erodere l&#8217;elemento pi\u00f9 importante dell&#8217;essere umano: <strong>la libert\u00e0. <\/strong>Nella definizione di <strong>Steiner:<\/strong><\/p>\n<blockquote><p>La libert\u00e0 \u00e8 l&#8217;elemento caratteristico della forma perfetta dell&#8217;attivit\u00e0 umana (Rudolf Steiner, Filosofia della Libert\u00e0)<\/p><\/blockquote>\n<figure id=\"attachment_78987\" aria-describedby=\"caption-attachment-78987\" style=\"width: 461px\" class=\"wp-caption alignright\"><img loading=\"lazy\" decoding=\"async\" class=\"wp-image-78987\" src=\"https:\/\/www.liberopensare.com\/wp-content\/uploads\/2024\/07\/storia-di-un-incontro-142970-1-1-198x300.webp\" alt=\"\" width=\"461\" height=\"698\" srcset=\"https:\/\/www.liberopensare.com\/wp-content\/uploads\/2024\/07\/storia-di-un-incontro-142970-1-1-198x300.webp 198w, https:\/\/www.liberopensare.com\/wp-content\/uploads\/2024\/07\/storia-di-un-incontro-142970-1-1-677x1024.webp 677w, https:\/\/www.liberopensare.com\/wp-content\/uploads\/2024\/07\/storia-di-un-incontro-142970-1-1-768x1162.webp 768w, https:\/\/www.liberopensare.com\/wp-content\/uploads\/2024\/07\/storia-di-un-incontro-142970-1-1-8x12.webp 8w, https:\/\/www.liberopensare.com\/wp-content\/uploads\/2024\/07\/storia-di-un-incontro-142970-1-1.webp 793w\" sizes=\"(max-width: 461px) 100vw, 461px\" \/><figcaption id=\"caption-attachment-78987\" class=\"wp-caption-text\"><a href=\"https:\/\/www.macrolibrarsi.it\/libri\/__storia-di-un-incontro-rudolf-steiner-e-friedrich-nietzsche-libro.php?pn=3867\" target=\"_blank\" rel=\"noopener\"><strong>ACQUISTALO QUI<\/strong><\/a><\/figcaption><\/figure>\n<p>Come si \u00e8 accennato, dunque, se da un punto di vista esteriore &#8211; degli <em>effetti<\/em> &#8211; si potrebbe &#8220;condensare&#8221; il &#8216;900 nel periodo 1914-1991, come suggerisce <strong>Eric Hobsbawm,<\/strong> da un punto di vista spirituale &#8211; mondo <em>causale<\/em> &#8211; il secolo scorso dovrebbe al contrario &#8220;espandersi&#8221; dal 1879 (Caduta degli Spiriti delle Tenebre) al 2001 (Inganno globale).<\/p>\n<p>Ora, visto che sappiamo dalla scienza del spirito che le Guide dell&#8217;umanit\u00e0 sono sempre presenti e gli iniziati sono incarnati in ogni epoca, l&#8217;unica spiegazione \u00e8 che <strong>nell&#8217;epoca micaelita l&#8217;uomo debba essere lasciato completamente libero<\/strong> in modo da trovare dentro di s\u00e9 la propria Guida.<\/p>\n<p>Ognuno \u00e8, allora, non solo il maestro di se stesso ma, grazie a questa autonomia, ha la possibilit\u00e0 di perseguire quell&#8217;obiettivo fondamentale di <em>Filosofia della Libert\u00e0<\/em> che vuole che l&#8217;uomo realizzi la propria moralit\u00e0 a partire dalla libert\u00e0 conquistata con il proprio pensiero in <strong>totale indipendenza da pensieri di altri<\/strong>, fossero pure le persone o le istituzioni pi\u00f9 affidabili e rispettabili.<\/p>\n<p>Il superamento del principio di autorit\u00e0 \u00e8 una delle mete dell&#8217;<strong>impulso di Michele<\/strong>, Entit\u00e0 che, come ci viene rivelato, <strong>non parla ma ci rivolge un<em> &#8220;saggio accennare&#8221;<\/em><\/strong>.<\/p>\n<p>\u00c8 allora evidente che, se questo \u00e8 lo <em>Zeitgeist<\/em> del nostro XXI secolo, nel quale i Maestri ci hanno lasciato completamente liberi di andare verso la Luce o verso la Tenebra, dobbiamo fare doppiamente i conti con <strong>la nostra responsabilit\u00e0<\/strong> in particolare in considerazione dei sempre pi\u00f9 drammatici eventi geopolitici.<\/p>\n<p>Se siamo soli &#8211; senza Guide esteriori &#8211; diventa allora ancora pi\u00f9 indispensabile comprendere &#8211; non ce lo dir\u00e0 nessuno &#8211; il senso della nostra presenza sulla Terra in questo particolare momento storico nonch\u00e9 cosa ci venga richiesto come allievi della <strong>Scuola di Michele <\/strong>per fare la nostra parte nella<strong> grande battaglia per l&#8217;Umanit\u00e0<\/strong>.<\/p>\n<p>&nbsp;<\/p>","protected":false},"excerpt":{"rendered":"<p>di Piero Cammerinesi Secolo breve? &#8220;Secolo breve&#8221; \u00e8 una fortunata definizione tratta dall&#8217;omonimo libro dello storico Eric Hobsbawm, che descrive un approfondito panorama della storia del secolo scorso. Un secolo tra i pi\u00f9 violenti della storia dell&#8217;umanit\u00e0, con due guerre mondiali, rivoluzioni sanguinose, stravolgimenti sociali e decine di conflitti locali. Secolo definito breve perch\u00e9 l&#8217;inizio [&hellip;]<\/p>\n","protected":false},"author":2,"featured_media":80973,"comment_status":"closed","ping_status":"closed","sticky":false,"template":"","format":"standard","meta":{"footnotes":""},"categories":[5162,13],"tags":[6392,851,2112,234],"class_list":["post-80780","post","type-post","status-publish","format-standard","has-post-thumbnail","hentry","category-spiritualita","category-articoli-news","tag-eric-hobsbawm","tag-evidenza","tag-fond","tag-piero-cammerinesi"],"_links":{"self":[{"href":"https:\/\/www.liberopensare.com\/en\/wp-json\/wp\/v2\/posts\/80780","targetHints":{"allow":["GET"]}}],"collection":[{"href":"https:\/\/www.liberopensare.com\/en\/wp-json\/wp\/v2\/posts"}],"about":[{"href":"https:\/\/www.liberopensare.com\/en\/wp-json\/wp\/v2\/types\/post"}],"author":[{"embeddable":true,"href":"https:\/\/www.liberopensare.com\/en\/wp-json\/wp\/v2\/users\/2"}],"replies":[{"embeddable":true,"href":"https:\/\/www.liberopensare.com\/en\/wp-json\/wp\/v2\/comments?post=80780"}],"version-history":[{"count":1,"href":"https:\/\/www.liberopensare.com\/en\/wp-json\/wp\/v2\/posts\/80780\/revisions"}],"predecessor-version":[{"id":83916,"href":"https:\/\/www.liberopensare.com\/en\/wp-json\/wp\/v2\/posts\/80780\/revisions\/83916"}],"wp:featuredmedia":[{"embeddable":true,"href":"https:\/\/www.liberopensare.com\/en\/wp-json\/wp\/v2\/media\/80973"}],"wp:attachment":[{"href":"https:\/\/www.liberopensare.com\/en\/wp-json\/wp\/v2\/media?parent=80780"}],"wp:term":[{"taxonomy":"category","embeddable":true,"href":"https:\/\/www.liberopensare.com\/en\/wp-json\/wp\/v2\/categories?post=80780"},{"taxonomy":"post_tag","embeddable":true,"href":"https:\/\/www.liberopensare.com\/en\/wp-json\/wp\/v2\/tags?post=80780"}],"curies":[{"name":"wp","href":"https:\/\/api.w.org\/{rel}","templated":true}]}}