{"id":80818,"date":"2024-11-16T10:51:27","date_gmt":"2024-11-16T09:51:27","guid":{"rendered":"https:\/\/www.liberopensare.com\/?p=80818"},"modified":"2024-11-18T09:19:43","modified_gmt":"2024-11-18T08:19:43","slug":"la-verita-del-potere-e-la-verita-dei-fatti","status":"publish","type":"post","link":"https:\/\/www.liberopensare.com\/en\/la-verita-del-potere-e-la-verita-dei-fatti\/","title":{"rendered":"La Verit\u00e0 del Potere e la Verit\u00e0 dei\u00a0Fatti"},"content":{"rendered":"<header class=\"entry-header\">\n<pre class=\"entry-title\"><em>di Federica D\u2019Alessio<\/em><\/pre>\n<\/header>\n<div class=\"entry-content\">L\u201911 novembre, il mio rapporto di lavoro con la rivista\u00a0<em>MicroMega<\/em>\u00a0si \u00e8 concluso, consensualmente.<br \/>\nEro arrivata in\u00a0<em>MicroMega<\/em>\u00a0due anni fa, per una collaborazione che inizialmente doveva essere di qualche mese in sostituzione di una collega, e che era stata poi convertita in un rapporto a tempo indeterminato. Il primo della mia vita.<br \/>\nIl terremoto che si \u00e8 abbattuto su di me in questo ultimo mese, con una serie di attacchi in batteria ricevuti dalla comunit\u00e0 filoisraeliana italiana, ha coinvolto in pieno \u2013 secondo una classica modalit\u00e0 intimidatoria e ritorsiva \u2013 anche l\u2019azienda per cui lavoravo; questo nonostante tutte le reazioni fossero state suscitate da post scritti sui miei profili social personali.<\/div>\n<div class=\"entry-content\">\n<figure id=\"attachment_80393\" aria-describedby=\"caption-attachment-80393\" style=\"width: 481px\" class=\"wp-caption alignleft\"><img fetchpriority=\"high\" decoding=\"async\" class=\"wp-image-80393\" src=\"https:\/\/www.liberopensare.com\/wp-content\/uploads\/2024\/10\/4733-300x300.webp\" alt=\"\" width=\"481\" height=\"481\" srcset=\"https:\/\/www.liberopensare.com\/wp-content\/uploads\/2024\/10\/4733-300x300.webp 300w, https:\/\/www.liberopensare.com\/wp-content\/uploads\/2024\/10\/4733-1024x1024.webp 1024w, https:\/\/www.liberopensare.com\/wp-content\/uploads\/2024\/10\/4733-150x150.webp 150w, https:\/\/www.liberopensare.com\/wp-content\/uploads\/2024\/10\/4733-768x768.webp 768w, https:\/\/www.liberopensare.com\/wp-content\/uploads\/2024\/10\/4733-12x12.webp 12w, https:\/\/www.liberopensare.com\/wp-content\/uploads\/2024\/10\/4733.webp 1080w\" sizes=\"(max-width: 481px) 100vw, 481px\" \/><figcaption id=\"caption-attachment-80393\" class=\"wp-caption-text\"><strong><a href=\"https:\/\/agribioshop.it\/products\/le-vere-basi-scientifico-spirituali-dell-alimentazione-e-kolisko-e-pfeiffer?utm_source=liberopensare&amp;utm_medium=blog\" target=\"_blank\" rel=\"noopener\">ACQUISTALO QUI CON IL 10% DI SCONTO<\/a><\/strong><\/figcaption><\/figure>\n<p>Post che la propaganda non ha gradito, giacch\u00e9 osavano mettere in discussione alcuni dei cardini narrativi attraverso i quali la comunit\u00e0 filoisraeliana in tutto il mondo giustifica la barbarie che Israele sta dispiegando da oltre un anno in Palestina. Hanno pensato bene di colpirmi dove sapevano di trovarmi pi\u00f9 vulnerabile, come sempre fanno: nei rapporti di lavoro.<\/p>\n<p>Per zittirmi si sono mobilitati i loro pi\u00f9 famosi esponenti sui media. Associazioni, giornali e pseudo-giornali, giornalisti e pseudo-giornalisti, leoni e leonesse da tastiera e via discorrendo hanno messo in campo la loro capacit\u00e0 d\u2019influenza e di pressione e hanno utilizzato i social, la stampa, le comunicazioni private per diffamare la mia persona, macchiare la mia immagine professionale e deteriorare il mio rapporto di lavoro. Volevano fare paura, a questo servono le comunicazioni intimidatorie.<\/p>\n<p>E sono efficaci: riescono a fare paura. In queste settimane ho avuto, sinceramente, paura.<br \/>\nHanno riversato sul mio conto una incessante quantit\u00e0 di menzogne, tanto sulle mie idee e posizioni, quanto sulle vicende che venivano via via prese a pretesto per colpirmi: i presunti stupri del 7 ottobre 2023; la vicenda della giovane iraniana denudatasi a Teheran e trasformata in un meme propagandistico alla velocit\u00e0 della luce; e infine, gli avvenimenti di Amsterdam, il cui racconto da parte dei media <em>mainstream<\/em> e delle principali istituzioni politiche europee ha segnato credo il punto di scollamento massimo, nelle formalmente democrazie occidentali, fra la realt\u00e0 come la rappresentano le \u00e9lite e quella che la gente comune esperisce.<\/p>\n<p>Tutto questo, come scrivo e dico da ormai oltre un anno, non \u00e8 semplicemente un modo violento di stare al mondo; \u00e8 <strong>parte di un sempre pi\u00f9 esplicito passaggio a nuovi regimi totalitari,<\/strong> anche nella nostra Europa; regimi che mirano ad asservire le popolazioni a nuove forme di suprematismo di classe e razziale, e che non riuscirebbero mai a instaurarsi senza colpire, come da manuale, innanzitutto la ricerca della verit\u00e0 e chi la porta avanti.<\/p>\n<figure id=\"attachment_80408\" aria-describedby=\"caption-attachment-80408\" style=\"width: 528px\" class=\"wp-caption alignright\"><img decoding=\"async\" class=\"wp-image-80408\" src=\"https:\/\/www.liberopensare.com\/wp-content\/uploads\/2024\/10\/5958-300x300.webp\" alt=\"\" width=\"528\" height=\"528\" srcset=\"https:\/\/www.liberopensare.com\/wp-content\/uploads\/2024\/10\/5958-300x300.webp 300w, https:\/\/www.liberopensare.com\/wp-content\/uploads\/2024\/10\/5958-1024x1024.webp 1024w, https:\/\/www.liberopensare.com\/wp-content\/uploads\/2024\/10\/5958-150x150.webp 150w, https:\/\/www.liberopensare.com\/wp-content\/uploads\/2024\/10\/5958-768x768.webp 768w, https:\/\/www.liberopensare.com\/wp-content\/uploads\/2024\/10\/5958-12x12.webp 12w, https:\/\/www.liberopensare.com\/wp-content\/uploads\/2024\/10\/5958.webp 1080w\" sizes=\"(max-width: 528px) 100vw, 528px\" \/><figcaption id=\"caption-attachment-80408\" class=\"wp-caption-text\"><a href=\"https:\/\/agribioshop.it\/products\/come-aiutare-ad-attraversare-la-soglia-terrena-ivo-bertaina?utm_source=liberopensare&amp;utm_medium=blog\" target=\"_blank\" rel=\"noopener\"><strong>ACQUISTALO QUI CON IL 10% DI SCONTO<\/strong><\/a><\/figcaption><\/figure>\n<p>La mia convinzione profonda, perci\u00f2, \u00e8 che la resistenza democratica a questi nuovi totalitarismi passi, cos\u00ec come \u00e8 sempre stato nei frangenti che hanno fatto la Storia, dall\u2019<strong>affermare testardamente la verit\u00e0 dei fatti su quella del potere.<\/strong> E dalla solidariet\u00e0, altrettanto testarda, contro chi subisce vili attacchi squadristici perch\u00e9 ci\u00f2 che fa non va gi\u00f9 ai detentori del potere.<br \/>\nPer me, in questo momento la priorit\u00e0 \u00e8 continuare a esprimere il mio pensiero, senza cedere al ricatto della violenza e della paura; praticare le libert\u00e0 politiche di cittadina garantite dalla Costituzione, mai cos\u00ec minacciate per tutti e tutte; e creare le condizioni per continuare a esercitare il mio mestiere in piena coscienza e dignit\u00e0. Anche a costo di doverci rinunciare, come gi\u00e0 fatto pi\u00f9 volte in passato, se tali condizioni non dovessero pi\u00f9 sussistere.<\/p>\n<p>Chiunque mi abbia accusata di antisemitismo, di \u201cnegazionismo\u201d dell\u2019Olocausto o dello stesso 7 ottobre nella sua gravit\u00e0 e orrore, e persino di fiancheggiare formazioni terroristiche, ovviamente non si \u00e8 premurato di leggere nulla degli articoli e neanche dei post che ho scritto nel corso degli anni, prima di muovere tali pesanti accuse; ne risponder\u00e0 davanti ai giudici.<br \/>\nRingrazio tutte le persone che mi sono state vicine in queste settimane, e in primis il sindacato Stampa Romana per la sua assistenza calorosa e solidale. Da un punto di vista professionale torno a essere una giornalista indipendente, dai tempi ponderati, esattamente come lo ero prima che cominciasse la mia imprevista avventura da redattrice.<\/p>\n<p>La mia unica amarezza \u00e8 la consapevolezza che indietro, veramente, non si torna. Due anni fa, quando entravo in\u00a0<em>MicroMega<\/em>, c\u2019era ancora mio padre con me, ad appoggiarmi nelle mie battaglie, nei traguardi e nelle peripezie. Oggi non c\u2019\u00e8 pi\u00f9. La mia famiglia mi \u00e8 vicina, mi sostiene con amore e solidariet\u00e0 ogni giorno; l\u2019abbraccio di Alessio, ovunque si trovi in questo momento \u2013 nei nostri pensieri innanzitutto \u2013, ci riscalda.<\/p>\n<p><em><a href=\"https:\/\/byebyeunclesam.wordpress.com\/2024\/11\/15\/la-verita-del-potere-e-la-verita-dei-fatti\/\" target=\"_blank\" rel=\"noopener\">Fonte<\/a><\/em><\/p>\n<\/div>","protected":false},"excerpt":{"rendered":"<p>di Federica D\u2019Alessio L\u201911 novembre, il mio rapporto di lavoro con la rivista\u00a0MicroMega\u00a0si \u00e8 concluso, consensualmente. Ero arrivata in\u00a0MicroMega\u00a0due anni fa, per una collaborazione che inizialmente doveva essere di qualche mese in sostituzione di una collega, e che era stata poi convertita in un rapporto a tempo indeterminato. Il primo della mia vita. Il terremoto [&hellip;]<\/p>\n","protected":false},"author":2,"featured_media":80821,"comment_status":"closed","ping_status":"closed","sticky":false,"template":"","format":"standard","meta":{"footnotes":""},"categories":[5165,903],"tags":[851,2396],"class_list":["post-80818","post","type-post","status-publish","format-standard","has-post-thumbnail","hentry","category-attualita","category-rassegna","tag-evidenza","tag-federica-dalessio"],"_links":{"self":[{"href":"https:\/\/www.liberopensare.com\/en\/wp-json\/wp\/v2\/posts\/80818","targetHints":{"allow":["GET"]}}],"collection":[{"href":"https:\/\/www.liberopensare.com\/en\/wp-json\/wp\/v2\/posts"}],"about":[{"href":"https:\/\/www.liberopensare.com\/en\/wp-json\/wp\/v2\/types\/post"}],"author":[{"embeddable":true,"href":"https:\/\/www.liberopensare.com\/en\/wp-json\/wp\/v2\/users\/2"}],"replies":[{"embeddable":true,"href":"https:\/\/www.liberopensare.com\/en\/wp-json\/wp\/v2\/comments?post=80818"}],"version-history":[{"count":0,"href":"https:\/\/www.liberopensare.com\/en\/wp-json\/wp\/v2\/posts\/80818\/revisions"}],"wp:featuredmedia":[{"embeddable":true,"href":"https:\/\/www.liberopensare.com\/en\/wp-json\/wp\/v2\/media\/80821"}],"wp:attachment":[{"href":"https:\/\/www.liberopensare.com\/en\/wp-json\/wp\/v2\/media?parent=80818"}],"wp:term":[{"taxonomy":"category","embeddable":true,"href":"https:\/\/www.liberopensare.com\/en\/wp-json\/wp\/v2\/categories?post=80818"},{"taxonomy":"post_tag","embeddable":true,"href":"https:\/\/www.liberopensare.com\/en\/wp-json\/wp\/v2\/tags?post=80818"}],"curies":[{"name":"wp","href":"https:\/\/api.w.org\/{rel}","templated":true}]}}