{"id":84347,"date":"2025-08-10T14:23:16","date_gmt":"2025-08-10T12:23:16","guid":{"rendered":"https:\/\/www.liberopensare.com\/?p=84347"},"modified":"2025-08-10T19:52:00","modified_gmt":"2025-08-10T17:52:00","slug":"il-piano-trump-netanyahu-gaza-riviera-ed-il-piano-madagascar-nazista-la-storia-si-ripete","status":"publish","type":"post","link":"https:\/\/www.liberopensare.com\/en\/il-piano-trump-netanyahu-gaza-riviera-ed-il-piano-madagascar-nazista-la-storia-si-ripete\/","title":{"rendered":"Il Piano Trump-Netanyahu &#8220;Gaza-Riviera&#8221; ed il &#8220;Piano Madagascar&#8221; nazista: la Storia si ripete"},"content":{"rendered":"<pre><em>di Piero Cammerinesi<\/em><\/pre>\n<pre><em>\r\n<strong>Coloro che non ricordano il passato sono condannati a ripeterlo<\/strong><\/em>\r\n<strong><em>George Santayana<\/em><\/strong><\/pre>\n<p>Chi ha una certa frequentazione della storia del secolo scorso avr\u00e0 certamente percepito un campanello d&#8217;allarme quando si \u00e8 diffusa la notizia della deportazione coatta della popolazione palestinese fuori da Gaza. Perch\u00e9 chi si \u00e8 occupato della <em>Shoah<\/em> dovrebbe pur ricordare che l&#8217;ultimo tentativo da parte dei nazisti di risolvere la cosiddetta <em>&#8220;questione ebraica&#8221;<\/em> prima di passare alla sistematica deportazione e liquidazione degli ebrei, fu proprio il <em>Piano Madagascar <\/em>che prevedeva la loro deportazione nell&#8217;isola africana.<\/p>\n<p>Ma quello che francamente rimane decisamente incomprensibile \u00e8 che i responsabili di questo folle e terrificante <em>Piano<\/em> <em>Gaza Riviera<\/em>\u00a0 possano non conoscere &#8211; o ignorare volutamente &#8211; un precedente storico tragicamente assimilabile a questo.<\/p>\n<p>Un vero e proprio elefante nel salotto.<\/p>\n<p>Pur non nutrendo una soverchia considerazione della cultura storica e della moralit\u00e0 del presidente USA <strong>Donald J. Trump<\/strong>, non possiamo ignorare che egli \u00e8 circondato da consiglieri gentili ed ebrei ben istruiti, ben informati e ben posizionati, come l&#8217;inviato speciale in Medio Oriente<strong> Steve Witkoff<\/strong>, il vice capo di gabinetto della Casa Bianca <strong>Stephen Miller<\/strong>,\u00a0 <strong>Howard Lutnick<\/strong> e il genero e consigliere <strong>Jared Kushner<\/strong>, solo per citarne alcuni.<\/p>\n<h2>Il Piano Madagascar<\/h2>\n<p>Come possono queste persone. &#8211; che purtroppo hanno in mano le leve del potere &#8211; ignorare l&#8217;eclatante parallelo storico tra gli obiettivi politici\u00a0 nei confronti dei palestinesi e il tristemente noto <em>Piano Madagascar<\/em> della Germania nazista per gli ebrei.<\/p>\n<p>Di che si trattava?<\/p>\n<figure id=\"attachment_82815\" aria-describedby=\"caption-attachment-82815\" style=\"width: 425px\" class=\"wp-caption alignleft\"><img fetchpriority=\"high\" decoding=\"async\" class=\"wp-image-82815\" src=\"https:\/\/www.liberopensare.com\/wp-content\/uploads\/2025\/04\/Screenshot-2025-04-01-alle-17.55.11-187x300.png\" alt=\"\" width=\"425\" height=\"682\" srcset=\"https:\/\/www.liberopensare.com\/wp-content\/uploads\/2025\/04\/Screenshot-2025-04-01-alle-17.55.11-187x300.png 187w, https:\/\/www.liberopensare.com\/wp-content\/uploads\/2025\/04\/Screenshot-2025-04-01-alle-17.55.11-7x12.png 7w, https:\/\/www.liberopensare.com\/wp-content\/uploads\/2025\/04\/Screenshot-2025-04-01-alle-17.55.11.png 572w\" sizes=\"(max-width: 425px) 100vw, 425px\" \/><figcaption id=\"caption-attachment-82815\" class=\"wp-caption-text\"><a href=\"https:\/\/agribioshop.it\/products\/andrea-franco-1900-2033-lantroposofia-il-nazionalsocialismo-e-lestinzione-delleuropa?utm_source=liberopensare&amp;utm_medium=blog\" target=\"_blank\" rel=\"noopener\"><span style=\"color: #800000;\"><strong>ACQUISTALO QUI<\/strong><\/span><\/a><\/figcaption><\/figure>\n<p>Ebbene, prima che venisse attuata la <em>\u201csoluzione finale\u201d<\/em> per gli ebrei in Germania e nei territori occupati, nel giugno 1940,\u00a0 dopo il crollo della Francia, fu elaborato un piano per deportarli in Madagascar, allora colonia francese.<\/p>\n<p>Si inizi\u00f2 a calcolare quante navi sarebbero state necessarie e in quanto tempo per deportare gli oltre tre milioni di ebrei che erano nelle mani di <strong>Hitler<\/strong>, e si indag\u00f2 se le organizzazioni ebraiche americane avrebbero contribuito a finanziare l&#8217;esodo. Gli sviluppi bellici successivi, con i primi rovesci per le armate tedesche, resero sempre meno praticabile il trasporto, cos\u00ec, che nel 1941, si studi\u00f2 la possibilit\u00e0 di deportarli &#8211; dopo la auspicata vittoria sull&#8217;Unione Sovietica &#8211; in Siberia a nord del Circolo Polare Artico.<\/p>\n<p>Ma <strong>Stalin<\/strong> ferm\u00f2 l&#8217;invasione tedesca ed il Madagascar torn\u00f2 a rappresentare una opzione anche perch\u00e9 era sempre stata la destinazione per gli ebrei favorita dagli antisemiti europei dalla fine del XIX secolo.<\/p>\n<p>Un piano simile era stato approvato nel 1937 dal principe <strong>Janusz Franciszek Radziwill<\/strong>, leader del Partito Conservatore Polacco, che aveva convinto il governo polacco ad inviare una delegazione in Madagascar per <em>\u201cesplorare la possibilit\u00e0 di inviarvi gli ebrei\u201d<\/em>.<\/p>\n<h2>Perch\u00e9 non la Palestina?<\/h2>\n<p>Va comunque sottolineato che il piano era stato concepito per il dopoguerra, che naturalmente si prevedeva vittorioso. Il prolungamento e l&#8217;ampliamento del conflitto ritardarono il <em>\u201cdopoguerra\u201d<\/em>, e spinsero a trovare soluzioni durante la guerra. Importante notare che il Madagascar aveva un vantaggio sulla Palestina come soluzione territoriale alternativa agli occhi dei sostenitori dell&#8217;esclusione degli ebrei dall&#8217;Europa. Il governo polacco considerava il Madagascar <em>\u201csupplementare\u201d<\/em> alla Palestina, mentre nel Terzo Reich era considerato un&#8217;alternativa alla Palestina.<\/p>\n<p>Nelle frange antisemite delle popolazioni europee &#8211; non c&#8217;era antisemitismo solo in Germania &#8211; gi\u00e0 nel 1937 si temeva che la Palestina potesse diventare un <em>\u201ccentro di potere ebraico\u201d<\/em> oltre al fatto che si riteneva avesse un territorio troppo esiguo per <em>&#8220;accogliere 15 milioni di ebrei\u201d.<\/em><\/p>\n<p>Sempre nel 1937 il pi\u00f9 importante quotidiano ebraico tedesco, il <em>C.V. Zeitung, <\/em>propose di pensare alla Transgiordania e alla Siria come alternativa al Madagascar per l&#8217;insediamento ebraico.<\/p>\n<p>Un anno dopo, nel 1938, anche il giornale nazionalsocialista <em>Der St\u00fcrmer<\/em> appoggi\u00f2 il piano Madagascar.<\/p>\n<p>Come si \u00e8 detto, la <em>\u201cquestione ebraica&#8221;<\/em>, ovvero la questione se gli ebrei potessero integrarsi nella societ\u00e0 nel suo insieme e, in caso contrario, cosa si dovesse fare di loro, era un argomento di discussione di primo piano, non solo in Germania ma nell&#8217;intera Europa.<\/p>\n<p><b>Cos\u00ec il Piano Madagascar fu l&#8217;ultimo tentativo serio, anche se decisamente di difficile realizzazione, di risolvere la \u201cquestione ebraica\u201d in modo non genocida.<\/b><\/p>\n<p><img decoding=\"async\" class=\" wp-image-84368 aligncenter\" src=\"https:\/\/www.liberopensare.com\/wp-content\/uploads\/2025\/08\/rjldqczgskstmha6nlch-300x225.jpg\" alt=\"\" width=\"1049\" height=\"787\" srcset=\"https:\/\/www.liberopensare.com\/wp-content\/uploads\/2025\/08\/rjldqczgskstmha6nlch-300x225.jpg 300w, https:\/\/www.liberopensare.com\/wp-content\/uploads\/2025\/08\/rjldqczgskstmha6nlch-16x12.jpg 16w, https:\/\/www.liberopensare.com\/wp-content\/uploads\/2025\/08\/rjldqczgskstmha6nlch.jpg 611w\" sizes=\"(max-width: 1049px) 100vw, 1049px\" \/><\/p>\n<p>&nbsp;<\/p>\n<p>Opportuno aggiungere che il progetto di un reinsediamento di massa degli ebrei in Madagascar, o in un altro territorio coloniale africano, attirava persone con ideologie molto diverse; non solo gli antisemiti e gli imperialisti liberali, ma anche alcuni <em>&#8220;territorialisti&#8221;<\/em> ebrei anti-sionisti che ritenevano che qualsiasi Stato ebraico dovesse essere istituito al di fuori della terra di Israele.<\/p>\n<p>Ma non ci fu solo il <em>&#8220;Piano Madagascar&#8221;<\/em>; nel 1939, <strong>Adolf Eichmann<\/strong> &#8211; definito dai suoi l&#8217;<em>\u201cesperto di ebrei\u201d<\/em> &#8211; elabor\u00f2 il pi\u00f9 modesto <em>\u201cPiano Nisko\u201d<\/em> per creare una <em>\u201criserva ebraica\u201d<\/em> a Lublino, nella Polonia occupata,\u00a0 dove gli ebrei polacchi, cechi e austriaci potessero vivere in una sorta di precariet\u00e0 permanente e apolide, non dissimile dalle riserve create per i nativi americani alla fine del XIX secolo negli Stati Uniti.<\/p>\n<figure id=\"attachment_81292\" aria-describedby=\"caption-attachment-81292\" style=\"width: 503px\" class=\"wp-caption alignright\"><img decoding=\"async\" class=\"wp-image-81292\" src=\"https:\/\/www.liberopensare.com\/wp-content\/uploads\/2025\/12\/negri_isbn-e1733414236988-212x300.jpg\" alt=\"\" width=\"503\" height=\"712\" srcset=\"https:\/\/www.liberopensare.com\/wp-content\/uploads\/2025\/12\/negri_isbn-e1733414236988-212x300.jpg 212w, https:\/\/www.liberopensare.com\/wp-content\/uploads\/2025\/12\/negri_isbn-e1733414236988-8x12.jpg 8w, https:\/\/www.liberopensare.com\/wp-content\/uploads\/2025\/12\/negri_isbn-e1733414236988.jpg 723w\" sizes=\"(max-width: 503px) 100vw, 503px\" \/><figcaption id=\"caption-attachment-81292\" class=\"wp-caption-text\"><a href=\"https:\/\/edizioniartemis.it\/product\/tempo-da-lupi\/ref\/3\/\" target=\"_blank\" rel=\"noopener\"><span style=\"color: #800000;\"><strong>ACQUISTALO QUI<\/strong><\/span><\/a><\/figcaption><\/figure>\n<p><strong>Come si vede anche qui, qualcosa di assolutamente analogo all&#8217;attuale progetto di deportazione dei palestinesi di Gaza.<\/strong><\/p>\n<p>Ma il <em>Piano Nisko<\/em> si rivel\u00f2 irrealizzabile ed <strong>Eichmann<\/strong> insieme a <strong>Franz Rademacher<\/strong>, capo del cosiddetto <em>\u201cUfficio ebraico\u201d<\/em> del Ministero degli Esteri, ripresero l&#8217;idea del Madagascar.<\/p>\n<p>Era evidente che l&#8217;antisemitismo in quanto tale (non solo sotto i nazisti) aveva come obiettivo quello di <em>\u201csegregare\u201d<\/em> gli ebrei; inizialmente sembravano la migrazione e l&#8217;espulsione, non l&#8217;omicidio di massa, i modi appropriati per \u201crimuovere\u201d gli ebrei dalla societ\u00e0. Ma con l&#8217;aumento vertiginoso del numero di <em>\u201cebrei da rimuovere\u201d<\/em> e con la guerra che elimin\u00f2 ogni residuo di inibizione morale, l&#8217;omicidio di massa pot\u00e9 facilmente essere spersonalizzato.<\/p>\n<p>Non che una attuazione riuscita del <em>Piano Madagascar<\/em> avrebbe portato a risultati molto diversi &#8211; come vediamo oggi a Gaza e come vedremmo se si dovesse proseguire nel piano di deportazione &#8211; vale a dire non al reinsediamento, dall&#8217;omicidio di massa.<\/p>\n<p>Va inoltre aggiunto che dall&#8217;analisi dei documenti emerge chiaramente che molte persone di diversi Paesi avevano lavorato su questo tema, a partire da <strong>Paul de Lagarde<\/strong> nel 1885, e che persino dopo la seconda guerra mondiale l&#8217;idea di un insediamento ebraico in Madagascar non era stata del tutto abbandonata.<\/p>\n<p>Scrive <strong>Peter Hayes<\/strong> nel suo <a href=\"https:\/\/books.google.nl\/books\/about\/Why_Explaining_the_Holocaust.html?id=-Et8DAAAQBAJ&amp;redir_esc=y\" target=\"_blank\" rel=\"noopener\">Why? Explaining the Holocaust<\/a><em> [Perch\u00e9? Spiegando l&#8217;olocausto&#8221;]<\/em><\/p>\n<blockquote><p>L&#8217;anno successivo il ministro degli Esteri polacco discusse l&#8217;idea con il suo omologo francese e cerc\u00f2 di affittare circa un milione di acri di terra sull&#8217;isola per sostenere l&#8217;emigrazione di 30.000 famiglie ebree all&#8217;anno nei cinque anni successivi, per un totale di 500.000-600.000 persone. Poco dopo, l&#8217;ambasciatore polacco negli Stati Uniti avvi\u00f2 trattative con un gruppo di ricchi ebrei americani per l&#8217;acquisto della colonia portoghese dell&#8217;Angola come \u201cpatria ebraica supplementare\u201d.<\/p><\/blockquote>\n<p><strong>Ora ci si potr\u00e0 inventare qualsiasi obiezione su questo parallelo storico ma la realt\u00e0 \u00e8 ben chiara: gli obiettivi alla base del <em>Piano Madagascar<\/em> e del <i>Piano Trump-Netanyahu Gaza-Riviera<\/i> sono gli stessi: la pulizia etnica.<\/strong><\/p>\n<p>Allo stesso modo dei piani nazisti di deportazione, l&#8217;inqualificabile piano di <strong>Trump<\/strong> e <strong>Netanyahu<\/strong> di trasformare Gaza, oggi trasformata in un campo di sterminio, in una \u201c<em>riviera<\/em>\u201d deportando altrove i palestinesi, denuncia una spietata violenza di massa e pulizia etnica.<\/p>\n<p><strong>La Storia ci ha insegnato come piani di <em>\u201creinsediamento\u201d<\/em> simili a questo messi in atto dalle potenze coloniali tra il 1850 e il 1950 abbiano portato al massacro di popolazioni indigene in tutta l&#8217;Europa occupata dai nazisti, tra i nativi del Nordamerica, in Africa e in Asia.<\/strong><\/p>\n<p>&nbsp;<\/p>\n<figure id=\"attachment_84371\" aria-describedby=\"caption-attachment-84371\" style=\"width: 1006px\" class=\"wp-caption alignnone\"><img loading=\"lazy\" decoding=\"async\" class=\"wp-image-84371\" src=\"https:\/\/www.liberopensare.com\/wp-content\/uploads\/2025\/08\/2025_04_10_gaza-riviera2-300x189.jpg\" alt=\"\" width=\"1006\" height=\"634\" srcset=\"https:\/\/www.liberopensare.com\/wp-content\/uploads\/2025\/08\/2025_04_10_gaza-riviera2-300x189.jpg 300w, https:\/\/www.liberopensare.com\/wp-content\/uploads\/2025\/08\/2025_04_10_gaza-riviera2-768x483.jpg 768w, https:\/\/www.liberopensare.com\/wp-content\/uploads\/2025\/08\/2025_04_10_gaza-riviera2-18x12.jpg 18w, https:\/\/www.liberopensare.com\/wp-content\/uploads\/2025\/08\/2025_04_10_gaza-riviera2.jpg 947w\" sizes=\"(max-width: 1006px) 100vw, 1006px\" \/><figcaption id=\"caption-attachment-84371\" class=\"wp-caption-text\">Il folle ed ignobile sogno di trasformare il campo di sterminio di Gaza in un territorio di vacanze per ricchi rappresenta un insulto all&#8217;intera umanit\u00e0<\/figcaption><\/figure>\n<p>Ci\u00f2 che <strong>Trump<\/strong> ignora nella sua abissale ignoranza storica e morale \u00e8 che le deportazioni di massa effettuate dai nazisti, vennero definite dalla Convenzione di Ginevra nel 1949 <em>\u201ccrimini di guerra\u201d<\/em> trattandosi di <em>\u201csfollamento forzato o coatto di una popolazione sotto occupazione militare\u201d.<\/em> Stessa conclusione per le Nazioni Unite: <em>\u201cqualsiasi sfollamento forzato di persone equivarrebbe a una pulizia etnica\u201d.<\/em><\/p>\n<p><strong>Francesca Albanese<\/strong>, relatrice speciale delle Nazioni Unite sui territori palestinesi occupati, ha definito la proposta di <strong>Trump<\/strong>\u00a0 <em>\u201cillegale, immorale e completamente irresponsabile\u201d.<\/em><\/p>\n<blockquote><p>\u201c\u00c8 un incitamento allo sfollamento forzato, che \u00e8 un crimine internazionale\u201d<\/p><\/blockquote>\n<figure id=\"attachment_84372\" aria-describedby=\"caption-attachment-84372\" style=\"width: 965px\" class=\"wp-caption alignnone\"><img loading=\"lazy\" decoding=\"async\" class=\"wp-image-84372\" src=\"https:\/\/www.liberopensare.com\/wp-content\/uploads\/2025\/08\/Francesca-Albanese-nuova-300x201.png\" alt=\"\" width=\"965\" height=\"646\" srcset=\"https:\/\/www.liberopensare.com\/wp-content\/uploads\/2025\/08\/Francesca-Albanese-nuova-300x201.png 300w, https:\/\/www.liberopensare.com\/wp-content\/uploads\/2025\/08\/Francesca-Albanese-nuova-18x12.png 18w, https:\/\/www.liberopensare.com\/wp-content\/uploads\/2025\/08\/Francesca-Albanese-nuova.png 678w\" sizes=\"(max-width: 965px) 100vw, 965px\" \/><figcaption id=\"caption-attachment-84372\" class=\"wp-caption-text\">Francesca Albanese<\/figcaption><\/figure>\n<p>Ci\u00f2 che rende il piano di <strong>Trump<\/strong> ancora pi\u00f9 preoccupante \u00e8 che fa eco alle richieste avanzate da tempo da molti politici israeliani di estrema destra e sembra godere di un ampio sostegno da parte dell&#8217;opinione pubblica israeliana (70%).<\/p>\n<p>Il primo ministro <strong>Benjamin Netanyahu<\/strong> ha pubblicamente celebrato i piani di reinsediamento di <strong>Trump<\/strong> e il suo ministro della Difesa, <strong>Israel Katz<\/strong>, ha ordinato all&#8217;IDF di avviare i preparativi per l&#8217;attuazione del piano.<\/p>\n<p>Nella misura in cui lo sforzo di privare i gazawi della loro terra e della loro sovranit\u00e0 \u201c<em>reinsediandoli<\/em>\u201d altrove \u00e8 stato concepito come una sorta di soluzione del XXI secolo alla <em>\u201cquestione palestinese\u201d<\/em>, esso emerge dalla stessa tradizione storica del <em>Piano Madagascar<\/em>.<\/p>\n<p><strong>Riconoscere questa eredit\u00e0 storica potrebbe aiutare tutte le parti, compresa l&#8217;amministrazione Trump, ad abbandonare tali progetti e a impegnarsi nuovamente nella creazione di uno Stato palestinese sovrano, che includa Gaza e la Cisgiordania.<\/strong><\/p>\n<figure id=\"attachment_75218\" aria-describedby=\"caption-attachment-75218\" style=\"width: 472px\" class=\"wp-caption alignleft\"><img loading=\"lazy\" decoding=\"async\" class=\"wp-image-75218\" src=\"https:\/\/www.liberopensare.com\/wp-content\/uploads\/2023\/12\/lievegoed-210x300.jpeg\" alt=\"\" width=\"472\" height=\"674\" srcset=\"https:\/\/www.liberopensare.com\/wp-content\/uploads\/2023\/12\/lievegoed-210x300.jpeg 210w, https:\/\/www.liberopensare.com\/wp-content\/uploads\/2023\/12\/lievegoed-8x12.jpeg 8w, https:\/\/www.liberopensare.com\/wp-content\/uploads\/2023\/12\/lievegoed.jpeg 716w\" sizes=\"(max-width: 472px) 100vw, 472px\" \/><figcaption id=\"caption-attachment-75218\" class=\"wp-caption-text\"><a href=\"https:\/\/edizioniartemis.it\/product\/della-salvazione-dellanima\/ref\/3\/\" target=\"_blank\" rel=\"noopener\"><span style=\"color: #800000;\"><strong>ACQUISTGALO QUI <\/strong><\/span><\/a><\/figcaption><\/figure>\n<p>Invece, a quanto pare, la direzione intrapresa ricalca esattamente quanto si \u00e8 detto prima a proposito del <em>Piano Madagascar<\/em> <em>et similia.<\/em> Infatti Stati Uniti ed Israele stanno portando avanti trattative con funzionari del Sudan, della Somalia e della regione separatista del Somaliland per trasferire forzosamente i gazawi in quei territori in quei Paesi. Tali colloqui sono stati riportati per la prima volta dall&#8217;<em>Associated Press (AP)<\/em> venerd\u00ec scorso e confermati in un articolo del <em>Financial Times<\/em>.<\/p>\n<p>L&#8217;AP ha riferito:<\/p>\n<blockquote><p><cite>Due funzionari sudanesi, che hanno parlato in condizione di anonimato per discutere una delicata questione diplomatica, hanno confermato che l&#8217;amministrazione Trump ha contattato il governo guidato dai militari per discutere dell&#8217;accoglienza dei palestinesi. Uno di loro ha detto che i contatti sono iniziati ancora prima dell&#8217;insediamento di Trump con offerte di assistenza militare.<\/cite><\/p><\/blockquote>\n<h2>Dove dovrebbero essere deportati dunque i gazawi?<\/h2>\n<p>In Paesi in condizioni gi\u00e0 drammatiche. La Somalia ha una situazione di povert\u00e0 diffusa, insicurezza alimentare e mancanza di accesso all&#8217;assistenza sanitaria e all&#8217;istruzione, mentre il Sudan ha vissuto decenni di guerra civile, massacri etnici, violenze sessuali e deportazioni di massa che hanno colpito milioni di persone.<\/p>\n<p>L&#8217;AP riferisce che<\/p>\n<blockquote><p>i contatti con il Sudan, la Somalia e la regione separatista della Somalia nota come Somaliland riflettono la determinazione degli Stati Uniti e di Israele a portare avanti il piano di Trump per la pulizia etnica di Gaza.<\/p><\/blockquote>\n<p>Un piano per la pulizia etnica e l&#8217;annessione di Gaza agli Stati Uniti che Trump aveva gi\u00e0 candidamente annunciato l&#8217;11 febbraio:<\/p>\n<blockquote><p>Gaza sar\u00e0 nostra. Non dobbiamo comprarla. Non c&#8217;\u00e8 niente da comprare. Gaza sar\u00e0 nostra&#8230; La prenderemo<\/p><\/blockquote>\n<h2>Cosa accadr\u00e0?<\/h2>\n<p>Sono in molti a chiederselo ma aumenta sempre pi\u00f9 la schiera di coloro che si stanno mobilitando per impedire questo orrore umanitario e crimine storico.<\/p>\n<p>Come si \u00e8 accennato il piano di <strong>Trump-<\/strong><strong>Netanyahu<\/strong> viola il trattato delle Nazioni Unite del 1970, peraltro ratificato dagli Stati Uniti, che stabilisce che<\/p>\n<blockquote><p>il territorio di uno Stato non pu\u00f2 essere oggetto di acquisizione da parte di un altro Stato a seguito della minaccia o dell&#8217;uso della forza.<\/p><\/blockquote>\n<p><strong>Michele Zaccheo<\/strong>, portavoce delle Nazioni Unite a Ginevra, ad esempio, ha commentato:<\/p>\n<blockquote><p><cite>Qualsiasi piano che possa portare o porti allo sfollamento forzato di persone o a qualsiasi tipo di pulizia etnica \u00e8 qualcosa a cui ovviamente ci opporremmo, in quanto contrario al diritto internazionale.<\/cite><\/p><\/blockquote>\n<p>Intanto il Piano va avanti; il ministro delle Finanze israeliano <strong>Smotrich<\/strong> ha dichiarato che il governo sta creando un&#8217;amministrazione per la migrazione &#8211; udite udite! &#8211; \u201cvolontaria\u201d dei palestinesi dalla Striscia di Gaza.<\/p>\n<blockquote><p>Stiamo istituendo un&#8217;amministrazione per la migrazione, ci stiamo preparando sotto la guida del primo ministro e del ministro della Difesa. Se ne trasferiamo 5.000 al giorno, ci vorr\u00e0 un anno. <em><cite>La logistica \u00e8 complessa perch\u00e9 \u00e8 necessario sapere chi va in quale paese. <strong>\u00c8 un potente cambiamento storico<\/strong>.<\/cite><\/em><\/p><\/blockquote>\n<p><strong>Dunque secondo Smotrich la migrazione sarebbe <em>&#8220;volontaria&#8221;<\/em> e la realizzazione del piano costituirebbe un <em>&#8220;potente cambiamento storico&#8221;.<\/em> La neolingua orwelliana ha raggiunto livelli inimmaginabili e la menzogna spacciata per verit\u00e0 \u00e8 ormai il vangelo della nuova normalit\u00e0.<\/strong><\/p>\n<figure id=\"attachment_82028\" aria-describedby=\"caption-attachment-82028\" style=\"width: 489px\" class=\"wp-caption alignright\"><img loading=\"lazy\" decoding=\"async\" class=\"wp-image-82028\" src=\"https:\/\/www.liberopensare.com\/wp-content\/uploads\/2025\/02\/j-accuse-452170-2-200x300.webp\" alt=\"\" width=\"489\" height=\"734\" srcset=\"https:\/\/www.liberopensare.com\/wp-content\/uploads\/2025\/02\/j-accuse-452170-2-200x300.webp 200w, https:\/\/www.liberopensare.com\/wp-content\/uploads\/2025\/02\/j-accuse-452170-2-768x1151.webp 768w, https:\/\/www.liberopensare.com\/wp-content\/uploads\/2025\/02\/j-accuse-452170-2-8x12.webp 8w, https:\/\/www.liberopensare.com\/wp-content\/uploads\/2025\/02\/j-accuse-452170-2.webp 801w\" sizes=\"(max-width: 489px) 100vw, 489px\" \/><figcaption id=\"caption-attachment-82028\" class=\"wp-caption-text\"><a href=\"https:\/\/www.macrolibrarsi.it\/libri\/__j-accuse-libro.php?pn=3867\" target=\"_blank\" rel=\"noopener\"><span style=\"color: #800000;\"><strong>ACQUISTALO QUI CON IL 5% DI SCONTO<\/strong><\/span><\/a><\/figcaption><\/figure>\n<p>Nel frattempo, in attesa di deportarli tutti, si cerca di sfoltire quotidianamente la popolazione di Gaza con il blocco quasi totale di cibo, acqua ed elettricit\u00e0, con l&#8217;obiettivo di affamarla a morte e di costringerla quindi a trasferirsi a causa della carestia.<\/p>\n<p>L&#8217;80% dei cittadini ha perso l&#8217;accesso alle fonti di cibo mentre il 90% della popolazione non ha acqua potabile.<\/p>\n<p>Un quarto dei panifici rimasti a Gaza \u00e8 stato costretto a chiudere a causa della carenza di forniture, e gli altri sono sul punto di chiudere.<\/p>\n<p>Vi sono attualmente 150.000 persone che soffrono di malattie croniche o ferite di guerra con una grave carenza di forniture mediche.<\/p>\n<p><strong>Olga Cherevko<\/strong>, portavoce dell&#8217;Ufficio delle Nazioni Unite per il coordinamento degli affari umanitari (OCHA), ha dichiarato ad <i>Al Jazeera<\/i>:<\/p>\n<blockquote><p>C&#8217;\u00e8 paura, allarme e preoccupazione per l&#8217;esaurimento delle scorte. La situazione idrica e igienico-sanitaria era gi\u00e0 disastrosa, con la maggior parte delle strutture distrutte durante i mesi di combattimenti. Il taglio dell&#8217;elettricit\u00e0 a Gaza da parte di Israele riduce l&#8217;accesso all&#8217;acqua potabile a circa 600.000 persone.<\/p><\/blockquote>\n<p>Come si vede le prese di posizione di condanna si intensificano quotidianamente: gioved\u00ec scorso la Commissione internazionale indipendente d&#8217;inchiesta <em>(COI)<\/em> delle Nazioni Unite sui territori palestinesi occupati ha accusato per la prima volta Israele di <strong>atti di genocidio contro i diritti riproduttivi dei palestinesi.<\/strong><\/p>\n<p>La commissione ha dichiarato:<\/p>\n<blockquote><p><cite>Le autorit\u00e0 israeliane hanno distrutto in parte la capacit\u00e0 riproduttiva dei palestinesi di Gaza come gruppo, anche imponendo misure volte a impedire le nascite, una delle categorie di atti genocidi previsti dallo Statuto di Roma e dalla Convenzione sul genocidio.<\/cite><\/p><\/blockquote>\n<p>Il rapporto spiega:<\/p>\n<blockquote><p>Le strutture sanitarie sessuali e riproduttive sono state sistematicamente distrutte in tutta Gaza, compresi gli ospedali maternit\u00e0 e i reparti maternit\u00e0 degli ospedali e la principale clinica di fertilit\u00e0 in vitro di Gaza.<\/p><\/blockquote>\n<p>Di fronte a tutto questo &#8211; che a volte si fa persino fatica a credere vero tanto \u00e8 il suo diabolico terrificante orrore &#8211; proviamo, per spregiudicatezza dialettica, ad ipotizzare che <strong>Trump<\/strong> fosse all&#8217;oscuro del <em>Piano Madagascar<\/em>, che abbia una conoscenza della storia comparabile con quella di un ragazzino della prima media e che i suoi consiglieri, non avessero avuto avuto l&#8217;occasione di informarlo <em>prima<\/em> dell&#8217;arrogante annuncio della sua <em>\u201cvisione fuori dagli schemi&#8221;<\/em> &#8211; come richiesto da <strong>Netanyahu<\/strong> &#8211; per Gaza.<\/p>\n<p>Se questa ipotesi \u00e8 poco credibile &#8211; ma proviamo per un momento a ritenere che il <em>tycoon<\/em> nella sua abissale ignoranza nulla fosse venuto a sapere di quanto avvenuto in Europa poco meno di un secolo fa &#8211; lo \u00e8 del tutto se prendiamo in esame la conoscenza storica degli eventi della <em>Shoah<\/em> da parte di <strong>Netanyahu.<\/strong><\/p>\n<p>&nbsp;<\/p>\n<figure id=\"attachment_81561\" aria-describedby=\"caption-attachment-81561\" style=\"width: 476px\" class=\"wp-caption alignleft\"><img loading=\"lazy\" decoding=\"async\" class=\"wp-image-81561\" src=\"https:\/\/www.liberopensare.com\/wp-content\/uploads\/2025\/01\/vongleich-214x300.jpg\" alt=\"\" width=\"476\" height=\"667\" srcset=\"https:\/\/www.liberopensare.com\/wp-content\/uploads\/2025\/01\/vongleich-214x300.jpg 214w, https:\/\/www.liberopensare.com\/wp-content\/uploads\/2025\/01\/vongleich-9x12.jpg 9w, https:\/\/www.liberopensare.com\/wp-content\/uploads\/2025\/01\/vongleich.jpg 731w\" sizes=\"(max-width: 476px) 100vw, 476px\" \/><figcaption id=\"caption-attachment-81561\" class=\"wp-caption-text\"><a href=\"https:\/\/edizioniartemis.it\/product\/la-trasmutazione-del-male\/ref\/3\/\" target=\"_blank\" rel=\"noopener\"><span style=\"color: #800000;\"><strong>ACQUISTALO QUI <\/strong><\/span><\/a><\/figcaption><\/figure>\n<p><strong>Esattamente come il <em>Piano Madagascar<\/em> voleva liberarsi degli ebrei in Europa per deportarsi altrove, il piano Trump\/Netanyahu vuole liberarsi dei palestinesi di Gaza &#8211; e prossimamente di quelli in Cisgiordania &#8211;\u00a0 mascherando la pulizia etnica come una missione umanitaria con l&#8217;impudente giustificazione di alleviare le sofferenze dei palestinesi di Gaza se dovessero rimanere.<\/strong><\/p>\n<p>Ed esattamente com il <em>Piano Madagascar<\/em>, il <i>piano Trump-Netanyahu Madagascar\/Riviera<\/i>\u00a0\u00e8 tanto ingannevole quanto illegale ed \u00e8 destinato a fallire per il semplice motivo che Israele non possiede Gaza e quindi non pu\u00f2 darla a <strong>Trump<\/strong> per il suo progetto di trasformare la Striscia di Gaza in una Riviera mediorientale per i ricchi.<\/p>\n<p>Anche se i palestinesi fossero espulsi da Gaza pensate che rinuncerebbero mai alle loro aspirazioni di una patria sovrana e indipendente dove hanno vissuto loro e i loro antenati?<\/p>\n<p>Certamente no ed una tale criminale deportazione aumenterebbe esponenzialmente lo stato di minaccia costante che afferra e soffoca la nazione israeliana.<\/p>\n<p>Senza contare il rischio di commettere un genocidio, come conseguenza inevitabile di un trasferimento coatto pianificato.<\/p>\n<h2>Quale potrebbe essere la soluzione?<\/h2>\n<p>L&#8217;unica soluzione razionale per fermare la guerra e riportare Israele dall&#8217;orlo della pulizia etnica e del genocidio \u00e8 quella di dare ascolto alle parole profetiche di <a href=\"https:\/\/en.wikipedia.org\/wiki\/Ami_Ayalon\" target=\"_blank\" rel=\"noopener\">Ami Ayalon<\/a>, ex capo dello <em>Shin Bet<\/em> (l&#8217;agenzia di sicurezza interna israeliana) ed ex comandante della Marina israeliana con vari ruoli governativi:<\/p>\n<blockquote><p><em><strong>L&#8217;unico modo per sconfiggere Hamas \u00e8 quello di creare un orizzonte politico per il popolo palestinese.<\/strong><\/em><\/p><\/blockquote>\n<p>Ami Ayalon dimostra che la guerra non porter\u00e0 la sicurezza a Israele, ma piuttosto porter\u00e0 altra guerra, seguita da altra guerra, seguita da altra guerra, all&#8217;infinito. Un orizzonte politico per i palestinesi significa una patria, uno Stato sovrano fondato sui principi della democrazia liberale. Non \u00e8 facile, ma non \u00e8 impossibile. Purtroppo, questo non \u00e8 all&#8217;orizzonte per <strong>Netanyahu<\/strong> e per i membri di estrema destra del suo governo e i suoi sostenitori che sostengono l&#8217;estinzione dei palestinesi dalla Palestina, per quanto frammentata, occupata, disfunzionale o inoccupabile possa essere.<\/p>\n<p>Il primo passo \u00e8 quello di abbandonare la follia di questo disumano progetto che emula il <em>Piano Madagascar<\/em> offrendo ai palestinesi un orizzonte politico autentico, praticabile e realizzabile: uno Stato proprio.<\/p>\n<p>Dovrebbe essere evidente a chiunque sia ancora in grado di avere un pensiero sano che qualsiasi azione che cerchi di rimuovere con la forza o di deportare i palestinesi da Gaza o dalla Cisgiordania non \u00e8 solo moralmente indifendibile, ma \u00e8 anche una ricetta per un conflitto e un&#8217;instabilit\u00e0 senza fine.<\/p>\n<p>La storia ha ripetutamente dimostrato che <strong>i tentativi di pulizia etnica, non importa come siano mascherati o razionalizzati, causano danni duraturi a tutte le parti coinvolte<\/strong>.<\/p>\n<p>Una autentica sicurezza e una convivenza pacifica per israeliani e palestinesi possono emergere solo dal riconoscimento reciproco dell&#8217;umanit\u00e0 &#8211; considerare l&#8217;altro una animale o un essere inferiore \u00e8 sempre stato alla base di ogni guerra &#8211; e dei diritti dell&#8217;altro e dal perseguimento di una soluzione politica autentica che rispetti le aspirazioni di entrambi i popoli.<\/p>\n<h2>Uno sguardo all&#8217;aspetto esoterico<\/h2>\n<div class=\"WaaZC\">\n<div class=\"RJPOee EIJn2\">\n<div class=\"rPeykc\" data-hveid=\"CAQQAQ\" data-ved=\"2ahUKEwj9yY7d4f2OAxU9T0EAHSBMBAoQo_EKegQIBBAB\">\n<p>&nbsp;<\/p>\n<p><span data-huuid=\"14288673641938774384\">In un mio <a href=\"https:\/\/www.liberopensare.com\/le-radici-spirituali-della-tragedia-palestinese\/\">precedente intervento<\/a> mi sono occupato della questione palestinese analizzando i retroscena occulti delle due popolazioni il cui <strong>odio reciproco sta oggi avvelenando il mondo<\/strong>.<\/span><\/p>\n<p>Avevo riportato una illuminante affermazione di <strong>Rudolf Steiner<\/strong> sul razzismo del popolo ebraico.<\/p>\n<blockquote>\n<p class=\"p1\">L\u2019ebraismo ha questo aspetto: tutto ci\u00f2 che \u00e8 con gli ebrei assume un carattere personale. Le persone devono invece arrivare a vedere lo spirituale nell\u2019altra persona.<span class=\"Apple-converted-space\">\u00a0\u00a0<\/span><b>Oggi tutto ci\u00f2 che \u00e8 ebraico \u00e8 ancora dominato dalla razza.<span class=\"Apple-converted-space\">\u00a0<\/span><\/b>Di regola si sposano prevalentemente tra loro; quindi vedono ancora l\u2019aspetto razziale, non quello spirituale. Ecco cosa bisognerebbe dire in risposta alla domanda:<span class=\"Apple-converted-space\">\u00a0<\/span>\u201cil popolo ebraico ha compiuto la sua missione nello sviluppo della conoscenza umana?\u201d \u201c<strong>S\u00ec l\u2019ha compiuta, perch\u00e9 un tempo doveva esserci un unico popolo che portava a un determinato monoteismo<\/strong>. Oggi, invece, [la missione]\u00a0<strong>deve essere la conoscenza spirituale stessa<\/strong>. Quindi questa missione \u00e8 stata compiuta. E\u00a0<strong>questa missione ebraica in quanto tale, come missione ebraica, non \u00e8 pi\u00f9 necessaria nell\u2019evoluzione, e l\u2019unica cosa giusta \u00e8 che gli ebrei si fondano con gli altri popoli mescolandosi con loro<\/strong>\u201d (Rudolf Steiner, La storia dell\u2019umanit\u00e0 e le concezioni del mondo dei popoli civili, XI conferenza, 8 Maggio 1924).<\/p>\n<\/blockquote>\n<figure id=\"attachment_80378\" aria-describedby=\"caption-attachment-80378\" style=\"width: 464px\" class=\"wp-caption alignright\"><img loading=\"lazy\" decoding=\"async\" class=\"wp-image-80378\" src=\"https:\/\/www.liberopensare.com\/wp-content\/uploads\/2024\/10\/4738-300x300.webp\" alt=\"\" width=\"464\" height=\"464\" srcset=\"https:\/\/www.liberopensare.com\/wp-content\/uploads\/2024\/10\/4738-300x300.webp 300w, https:\/\/www.liberopensare.com\/wp-content\/uploads\/2024\/10\/4738-1024x1024.webp 1024w, https:\/\/www.liberopensare.com\/wp-content\/uploads\/2024\/10\/4738-150x150.webp 150w, https:\/\/www.liberopensare.com\/wp-content\/uploads\/2024\/10\/4738-768x768.webp 768w, https:\/\/www.liberopensare.com\/wp-content\/uploads\/2024\/10\/4738-12x12.webp 12w, https:\/\/www.liberopensare.com\/wp-content\/uploads\/2024\/10\/4738.webp 1080w\" sizes=\"(max-width: 464px) 100vw, 464px\" \/><figcaption id=\"caption-attachment-80378\" class=\"wp-caption-text\"><a href=\"https:\/\/agribioshop.it\/products\/ricordi-di-una-vita-con-rudolf-steiner-anna-samweber?utm_source=liberopensare&amp;utm_medium=blog\" target=\"_blank\" rel=\"noopener\"><span style=\"color: #800000;\"><strong>ACQUISTALO QUI<\/strong><\/span><\/a><\/figcaption><\/figure>\n<p><span data-huuid=\"14288673641938774384\"><em>&#8220;Fondersi con altri popoli&#8221;<\/em> sarebbe dunque, secondo <strong>Steiner<\/strong>,\u00a0 la scelta giusta e consona ai tempi attuali mentre, come si vede, gli obiettivi perseguiti sono diametralmente opposti ancora oggi: dar vita ad uno Stato abitato <strong>esclusivamente da ebrei<\/strong> dove vige una <em>apartheid<\/em> rigida e intollerante.<\/span><\/p>\n<p>E questo era stato anticipato da <strong>Steiner<\/strong>\u00a0oltre un secolo fa in riferimento al <strong>movimento sionista<\/strong>, che gi\u00e0 allora iniziava a reclutare membri nel mondo:<\/p>\n<blockquote>\n<p class=\"p1\">Ho trovato discutibile fin dall\u2019inizio che gli ebrei, quando non sapevano cosa fare,\u00a0<b>abbiano fondato il movimento sionista<\/b>. <strong>Creare uno Stato ebraico significa reagire nel modo pi\u00f9 desolato, tornare alla reazione nel modo pi\u00f9 desolato, e quindi andare contro tutto ci\u00f2 che oggi \u00e8 necessario in questo campo. <\/strong>Vedete, un sionista molto rispettato, con cui ero amico, una volta mi spieg\u00f2 il suo sogno di andare in Palestina e fondarvi un regno ebraico.<span class=\"Apple-converted-space\">\u00a0\u00a0<\/span>Lui stesso era molto coinvolto nella fondazione di questo impero ebraico, ne \u00e8 ancora coinvolto oggi e ha anche una posizione molto rispettata in Palestina. Gli ho detto: \u201c<strong>Una cosa del genere non \u00e8 affatto in linea con i tempi di oggi, perch\u00e9 ci\u00f2 che \u00e8 in linea con i tempi di oggi \u00e8 ci\u00f2 a cui ogni persona pu\u00f2 aderire, senza distinzione di razza, popolo, classe e cos\u00ec via<\/strong>. Questa \u00e8 l\u2019unica cosa che si pu\u00f2 diffondere oggi, che tutti possono aderire senza distinzioni. Nessuno pu\u00f2 pretendere che io aderisca al movimento sionista! In questo modo si esclude una parte dell\u2019umanit\u00e0 intera! \u2013 Per questa semplice e ovvia ragione,\u00a0<strong>un movimento del genere non pu\u00f2 funzionare oggi<\/strong>. \u00c8 fondamentalmente la reazione pi\u00f9 selvaggia\u201d. Naturalmente, queste persone rispondono in modo strano: \u201cS\u00ec, nel corso del tempo si \u00e8 scoperto che la gente non vuole nulla che somigli ad un\u2019umanit\u00e0 in generale, ma chiede che tutto si sviluppi a partire dall\u2019elemento popolare\u201d. Questa conversazione che vi ho raccontato si \u00e8 svolta prima della grande guerra del 1914-1918 (Rudolf Steiner, La storia dell\u2019umanit\u00e0 e le concezioni del mondo dei popoli civili, XI conferenza, 8 Maggio 1924)..<\/p>\n<\/blockquote>\n<p><span data-huuid=\"14288673641938774384\">Ma c&#8217;\u00e8 dell&#8217;altro.\u00a0<\/span><\/p>\n<p><span data-huuid=\"14288673641938774384\"><strong>Rudolf Steiner<\/strong> affronta anche una questione molto delicata, vale a dire le conseguenze dell&#8217;<strong>odio che oppone, ma che al tempo stesso lega, un popolo ad un altro.<\/strong><\/span><\/p>\n<h2>Le conseguenze dell&#8217;odio tra i popoli<\/h2>\n<p><span data-huuid=\"14288673641938774384\"> Ebbene, il fondatore dell&#8217;Antroposofia sottolinea anzitutto come <\/span><span data-huuid=\"8785275766599849713\">le relazioni tra i popoli, sia positive che negative, abbiano un impatto significativo sul loro sviluppo karmico. <\/span><\/p>\n<p><span data-huuid=\"8785275766599848796\">L&#8217;odio, in particolare, \u00e8 qualcosa che ha conseguenze rilevanti in quanto crea un legame karmico negativo tra i popoli coinvolti. <\/span><\/p>\n<p><span data-huuid=\"8785275766599851975\">E cosa pu\u00f2 provocare questo legame karmico negativo?<\/span><\/p>\n<figure id=\"attachment_83250\" aria-describedby=\"caption-attachment-83250\" style=\"width: 471px\" class=\"wp-caption alignleft\"><img loading=\"lazy\" decoding=\"async\" class=\"wp-image-83250\" src=\"https:\/\/www.liberopensare.com\/wp-content\/uploads\/2025\/05\/valentini_isbn-209x300.jpg\" alt=\"\" width=\"471\" height=\"676\" srcset=\"https:\/\/www.liberopensare.com\/wp-content\/uploads\/2025\/05\/valentini_isbn-209x300.jpg 209w, https:\/\/www.liberopensare.com\/wp-content\/uploads\/2025\/05\/valentini_isbn-8x12.jpg 8w, https:\/\/www.liberopensare.com\/wp-content\/uploads\/2025\/05\/valentini_isbn.jpg 576w\" sizes=\"(max-width: 471px) 100vw, 471px\" \/><figcaption id=\"caption-attachment-83250\" class=\"wp-caption-text\"><a href=\"https:\/\/edizioniartemis.it\/product\/prega\/ref\/3\/\" target=\"_blank\" rel=\"noopener\"><span style=\"color: #800000;\"><strong>ACQUISTALO QUI<\/strong><\/span><\/a><\/figcaption><\/figure>\n<p><span data-huuid=\"14288673641938774384\">Addirittura il fatto che <strong>un popolo che nutre odio verso un altro popolo potrebbe, in una successiva incarnazione, voler reincarnarsi all&#8217;interno del popolo odiato. <\/strong><\/span><\/p>\n<p><span data-huuid=\"14288673641938772222\">Si tratterebbe di un processo karmico tendente all&#8217;apprendimento ed all&#8217;equilibrio, in quanto le esperienze negative fatte in una vita segnata dall&#8217;odio dovrebbero portare a una maggiore comprensione e crescita spirituale attraverso la successiva incarnazione all&#8217;interno del popolo odiato.<span class=\"pjBG2e\" data-cid=\"e402df4c-3205-4d03-8879-ac230721b077\"><span class=\"UV3uM\">\u00a0<\/span><\/span><\/span><\/p>\n<p><span data-huuid=\"16971208725377943013\">Si tratterebbe quindi di un&#8217;opportunit\u00e0 per imparare e crescere spiritualmente, superando gli schemi di pensiero e sentimento negativi.<span class=\"pjBG2e\" data-cid=\"1ca968ef-d114-4038-8bab-ed83d191ce4a\"><span class=\"UV3uM\">\u00a0<\/span><\/span><\/span><\/p>\n<p><span data-huuid=\"8785275766599851975\"> E se ipotizzassimo, a questo punto, dato anche il ripetersi, come abbiamo visto, di sentimenti ed azioni analoghe, che i nazisti di allora si siano reincarnati negli israeliani di oggi?<\/span><\/p>\n<p><span data-huuid=\"8785275766599851975\">Stessa concezione della propria eccezionalit\u00e0 e messianismo escatologico:<\/span><\/p>\n<p><span data-huuid=\"8785275766599851975\">1.Pura <em>razza ariana<\/em> gli uni e <em>popolo eletto<\/em> gli altri.<\/span><\/p>\n<p>2.<em>Reich millenario<\/em> gli uni, <em>avvento di Mashiach,<\/em> il Messia ebraico, gli altri.<\/p>\n<p><span data-huuid=\"8785275766599851975\">3.Entrambi non considerano <em>umano<\/em> il popolo odiato.<\/span><\/p>\n<p><span data-huuid=\"8785275766599851975\">4.Entrambi non provano la <em>minima piet\u00e0 o compassione<\/em> neppure per donne e bambini (non considerandoli umani). <\/span><\/p>\n<p><span data-huuid=\"8785275766599851975\">5.Entrambi vogliono <em>deportare il popolo odiato<\/em> fuori dai propri confini.<\/span><\/p>\n<p><span data-huuid=\"8785275766599851975\">Ecco che alla luce di queste similitudini si pu\u00f2 essere portati a ipotizzare che nella successiva incarnazione &#8211; nonostante le due incarnazioni siano assai vicine l&#8217;una all&#8217;altra &#8211; i nazisti che hanno nutrito un odio feroce nei confronti degli ebrei potrebbero trovarsi a vivere nel contesto del popolo ebraico, al fine di sperimentare le conseguenze del loro odio e di sviluppare empatia e comprensione.<span class=\"pjBG2e\" data-cid=\"a8ae4313-ac70-4f9b-84fb-55e8c251e1c2\"><span class=\"UV3uM\">\u00a0<\/span><\/span><\/span><\/p>\n<p>Il che, tuttavia, non sembra proprio il caso oggi, visto che, se ci\u00f2 fosse avvenuto, costoro, al contrario, sembrerebbero riprodurre esattamente gli stessi <em>pattern<\/em> messi in atto nella precedente incarnazione, causando cos\u00ec un ulteriore peggioramento karmico.<\/p>\n<p><span data-huuid=\"15888775134678927944\">In tal caso l&#8217;obiettivo non sarebbe stato minimamente raggiunto, in quanto<\/span><span data-huuid=\"15888775134678927944\"> proprio il superamento dell&#8217;odio &#8211; essendo questo un ostacolo al progresso spirituale, &#8211; attraverso l&#8217;esperienza dell&#8217;incarnazione all&#8217;interno del popolo odiato sarebbe un passo fondamentale verso l&#8217;evoluzione dell&#8217;umanit\u00e0,\u00a0 il cui <\/span><span class=\"\" data-huuid=\"16971208725377943577\">\u00a0karma collettivo conduce ad incarnazioni incrociate. <\/span><\/p>\n<\/div>\n<\/div>\n<\/div>\n<blockquote><p>Ogni odio fra i popoli \u00e8 al tempo stesso una lotta contro lo spirito. Proprio perch\u00e9 il nostro tempo tende talmente a lottare contro lo spirito, esso possiede anche tanto talento per l\u2019odio fra i popoli. Questo \u00e8 uno dei pi\u00f9 profondi segreti della nostra attuale cultura spirituale (Rudolf Steiner, Impulsi evolutivi interiori dell\u2019umanit\u00e0, O.O. 171).<\/p><\/blockquote>\n<p>Il compito che l&#8217;umanit\u00e0 si trova davanti \u00e8 pertanto estremamente serio ed implica un profondo impegno di lavoro interiore ed esteriore verso il superamento dell&#8217;odio, sia a livello individuale che di popolo.<\/p>\n<p>Se questo non avverr\u00e0, \u00e8 difficile pensare che questa civilt\u00e0 possa arrestare il suo declino.<\/p>\n","protected":false},"excerpt":{"rendered":"<p>di Piero Cammerinesi Coloro che non ricordano il passato sono condannati a ripeterlo George Santayana Chi ha una certa frequentazione della storia del secolo scorso avr\u00e0 certamente percepito un campanello d&#8217;allarme quando si \u00e8 diffusa la notizia della deportazione coatta della popolazione palestinese fuori da Gaza. Perch\u00e9 chi si \u00e8 occupato della Shoah dovrebbe pur [&hellip;]<\/p>\n","protected":false},"author":2,"featured_media":84367,"comment_status":"closed","ping_status":"closed","sticky":false,"template":"","format":"standard","meta":{"footnotes":""},"categories":[5229,13],"tags":[4898,1914,3644,851,5936,6963,6394,6134,6968,6376,6964,6969,6966,6962,234,6971,63,6965,1104,6967,6592,4201,6970],"class_list":["post-84347","post","type-post","status-publish","format-standard","has-post-thumbnail","hentry","category-geopolitica","category-articoli-news","tag-adolf-eichmann","tag-adoltf-hitler","tag-benjamin-netanyahu","tag-evidenza","tag-francesca-albanese","tag-franz-rademacher","tag-howard-lutnick","tag-israel-katz","tag-janusz-franciszek-radziwill","tag-jared-kushner","tag-michele-zaccheo","tag-neurath","tag-olga-cherevko","tag-paul-de-lagarde","tag-piero-cammerinesi","tag-rosenberg","tag-rudolf-steiner","tag-smotrich","tag-stalin","tag-stephen-miller","tag-steve-witkoff","tag-trump","tag-von-weizsacker"],"_links":{"self":[{"href":"https:\/\/www.liberopensare.com\/en\/wp-json\/wp\/v2\/posts\/84347","targetHints":{"allow":["GET"]}}],"collection":[{"href":"https:\/\/www.liberopensare.com\/en\/wp-json\/wp\/v2\/posts"}],"about":[{"href":"https:\/\/www.liberopensare.com\/en\/wp-json\/wp\/v2\/types\/post"}],"author":[{"embeddable":true,"href":"https:\/\/www.liberopensare.com\/en\/wp-json\/wp\/v2\/users\/2"}],"replies":[{"embeddable":true,"href":"https:\/\/www.liberopensare.com\/en\/wp-json\/wp\/v2\/comments?post=84347"}],"version-history":[{"count":5,"href":"https:\/\/www.liberopensare.com\/en\/wp-json\/wp\/v2\/posts\/84347\/revisions"}],"predecessor-version":[{"id":84386,"href":"https:\/\/www.liberopensare.com\/en\/wp-json\/wp\/v2\/posts\/84347\/revisions\/84386"}],"wp:featuredmedia":[{"embeddable":true,"href":"https:\/\/www.liberopensare.com\/en\/wp-json\/wp\/v2\/media\/84367"}],"wp:attachment":[{"href":"https:\/\/www.liberopensare.com\/en\/wp-json\/wp\/v2\/media?parent=84347"}],"wp:term":[{"taxonomy":"category","embeddable":true,"href":"https:\/\/www.liberopensare.com\/en\/wp-json\/wp\/v2\/categories?post=84347"},{"taxonomy":"post_tag","embeddable":true,"href":"https:\/\/www.liberopensare.com\/en\/wp-json\/wp\/v2\/tags?post=84347"}],"curies":[{"name":"wp","href":"https:\/\/api.w.org\/{rel}","templated":true}]}}