{"id":85833,"date":"2025-12-17T11:00:48","date_gmt":"2025-12-17T10:00:48","guid":{"rendered":"https:\/\/www.liberopensare.com\/?p=85833"},"modified":"2026-01-27T10:50:39","modified_gmt":"2026-01-27T09:50:39","slug":"come-comprendere-i-segni-dei-tempi-prima-parte","status":"publish","type":"post","link":"https:\/\/www.liberopensare.com\/en\/come-comprendere-i-segni-dei-tempi-prima-parte\/","title":{"rendered":"Come comprendere i Segni dei Tempi &#8211; Prima Parte"},"content":{"rendered":"<pre class=\"p1\"><em>di Piero Cammerinesi<\/em><\/pre>\n<p><em>Grazie alle indicazioni ed alle ricerche di <strong>Rudolf Steiner<\/strong> ci \u00e8 stata offerta l&#8217;opportunit\u00e0 di indagare i profondi enigmi della storia umana nonch\u00e9 di svelarne alcuni che, altrimenti, resterebbero nascosti.<\/em><\/p>\n<p><em>Tuttavia, la maggior parte delle persone utilizza le sue analisi ed i suoi risultati unicamente per il passato, ovvero sino al momento della sua scomparsa.<\/em><\/p>\n<p><em>Ora abbiamo due opzioni: continuare a compulsare e citare i cicli del fondatore della scienza dello spirito oppure utilizzare i suoi metodi e le sue indicazioni per continuare il lavoro di disvelamento e conoscenza della storia da lui iniziato, anche per il presente ed il futuro.<\/em><\/p>\n<p><em>Personalmente ho scelto questa seconda opzione, in quanto credo che il nostro compito di scienziati dello spirito sia quello di portare avanti l&#8217;opera del Maestro nel nostro tempo.<\/em><\/p>\n<p>&nbsp;<\/p>\n<p class=\"p1\"><b>1. NON VOLTARSI DALL&#8217;ALTRA PARTE<\/b><\/p>\n<p class=\"p1\">Iniziamo con il rilevare che <strong>Steiner<\/strong> definiva la storia &#8211; cos\u00ec come oggi viene studiata ed insegnata &#8211; una <em><span class=\"TextRun SCXW85920606 BCX0\" lang=\"IT-IT\" xml:lang=\"IT-IT\" data-contrast=\"auto\"><span class=\"NormalTextRun SpellingErrorV2Themed SCXW85920606 BCX0\">fable<\/span><span class=\"NormalTextRun SCXW85920606 BCX0\">&nbsp;<\/span><span class=\"FindHit SpellingErrorV2Themed SCXW85920606 BCX0\">con<\/span><span class=\"FindHit SpellingErrorV2Themed SCXW85920606 BCX0\">v<\/span><span class=\"FindHit SpellingErrorV2Themed SCXW85920606 BCX0\">e<\/span><span class=\"FindHit SpellingErrorV2Themed SCXW85920606 BCX0\">n<\/span><span class=\"FindHit SpellingErrorV2Themed SCXW85920606 BCX0\">u<\/span><span class=\"NormalTextRun SpellingErrorV2Themed SCXW85920606 BCX0\">e,<\/span><\/span><\/em><span class=\"TextRun SCXW85920606 BCX0\" lang=\"IT-IT\" xml:lang=\"IT-IT\" data-contrast=\"auto\"><span class=\"NormalTextRun SCXW85920606 BCX0\"> intesa solo come eventi che si susseguono uno dietro l&#8217;altro<\/span><span class=\"NormalTextRun SCXW85920606 BCX0\">.<\/span><\/span><span class=\"EOP SCXW85920606 BCX0\" data-ccp-props=\"{&quot;134233117&quot;:false,&quot;134233118&quot;:false,&quot;201341983&quot;:0,&quot;335551550&quot;:1,&quot;335551620&quot;:1,&quot;335559685&quot;:0,&quot;335559737&quot;:0,&quot;335559738&quot;:0,&quot;335559739&quot;:160,&quot;335559740&quot;:279}\">&nbsp;<\/span><span class=\"EOP SCXW21669912 BCX0\" data-ccp-props=\"{}\">&nbsp;<\/span><\/p>\n<p class=\"p1\">Sembrerebbe inappropriato <b>parlare anche a Natale di geopolitica&nbsp;<\/b>ma guardate cosa afferma<strong>&nbsp;Steiner<\/strong> in un ciclo di conferenze del 1917:<\/p>\n<blockquote>\n<p class=\"p1\"><i>In quest&#8217; epoca tanto grave \u00e8 opportuno non fermarsi a un infantilismo teosofico, ma raccogliere conoscenze serie che afferrino la realt\u00e0, anche qualora queste serie conoscenze mettessero alla prova l&#8217;assenza di pregiudizi nel nostro modo di sentire. Ed \u00e8 <\/i><span class=\"s2\"><b><i>un&nbsp;modo di sentire natalizio anche decidersi a prendere la vita sul serio<\/i><\/b><\/span><i>. Di questi tempi l&#8217;atmosfera di Natale non pu\u00f2 consistere solo nel piacere di immergersi in quello che chiamiamo &#8216;senso del Natale&#8217;, dell&#8217;Albero santo, ma deve consistere nel sentirsi connessi agli eventi gravi e anche sconvolgenti del tempo<\/i><i>&nbsp;(Rudolf Steiner, Il Karma della non Veridicit\u00e0, O.O. 173b).&nbsp;&nbsp;<\/i><\/p>\n<figure id=\"attachment_85911\" aria-describedby=\"caption-attachment-85911\" style=\"width: 353px\" class=\"wp-caption alignright\"><img fetchpriority=\"high\" decoding=\"async\" class=\"wp-image-85911\" src=\"https:\/\/www.liberopensare.com\/wp-content\/uploads\/2025\/12\/Tra-30-Anni-2-184x300.webp\" alt=\"\" width=\"353\" height=\"576\" srcset=\"https:\/\/www.liberopensare.com\/wp-content\/uploads\/2025\/12\/Tra-30-Anni-2-184x300.webp 184w, https:\/\/www.liberopensare.com\/wp-content\/uploads\/2025\/12\/Tra-30-Anni-2-7x12.webp 7w, https:\/\/www.liberopensare.com\/wp-content\/uploads\/2025\/12\/Tra-30-Anni-2.webp 398w\" sizes=\"(max-width: 353px) 100vw, 353px\" \/><figcaption id=\"caption-attachment-85911\" class=\"wp-caption-text\"><a href=\"https:\/\/agribioshop.it\/products\/75-deluxe-wooden-chicken-coop-backyard-nest-box-hen-house-rabbit-wood-hutch?utm_source=liberopensare&amp;utm_medium=blog\" target=\"_blank\" rel=\"noopener\"><span style=\"color: #800000;\"><strong>ACQUISTALO QUI<\/strong><\/span><\/a><\/figcaption><\/figure><\/blockquote>\n<p class=\"p1\">Di fronte a questa necessit\u00e0 storica, dunque, il nostro atteggiamento non pu\u00f2 essere quello di&nbsp;<span class=\"s3\"><b>voltarci dall\u2019altra parte&nbsp;rispetto agli accadimenti esteriori<\/b><\/span>&nbsp;o di non voler riconoscere nei sintomi storici le&nbsp;<b>direttive spirituali&nbsp;alla loro base<\/b> bens\u00ec quello di osservare gli accadimenti, di comprendere <strong>la paura<\/strong> che sta dilagando tra i popoli e di portare nel mondo <strong>la speranza<\/strong>.<\/p>\n<p class=\"p3\"><span class=\"s4\">Ecco perch\u00e9 a fronte della <\/span><b>svolta dei tempi <\/b><span class=\"s4\">che siamo vivendo,<\/span><b> \u00e8 tempo di svolte per ciascuno di noi.<\/b><\/p>\n<p class=\"p1\">Aggiunge <b>Steiner<\/b>:<\/p>\n<blockquote>\n<p class=\"p4\"><i>Nella maggior parte degli esseri umani, certamente non in tutti, ma nella maggior parte, riaffiora sempre l&#8217;opinione che essi anche in ci\u00f2 che chiamano antroposofia non vogliono trovare niente altro che<\/i><span class=\"s3\"><b><i>&nbsp;una specie di pi\u00f9 elevata predica per i pomeriggi domenicali,&nbsp;<\/i><\/b><\/span><i>buona soltanto per l&#8217;edificazione privata e personale del singolo, ma<\/i><span class=\"s3\"><i>&nbsp;<\/i><b><i>da tener ben lontano dai pi\u00f9 seri avvenimenti che si svolgono nei parlamenti&nbsp;<\/i><\/b><\/span><i>o in altre sedi, magari anche ai tavoli dei caff\u00e8.<\/i><span class=\"s3\"><b><i>&nbsp;Occorre invece convincersi che realmente tutta la vita deve essere compenetrata da idee che si possono prender soltanto dalla scienza dello spirito.<\/i><\/b><\/span><i>&nbsp;(ibid.)<\/i><\/p>\n<\/blockquote>\n<p class=\"p1\">Questa, a mio avviso, \u00e8 una <strong>indicazione fondamentale<\/strong> di non rinchiuderci semplicemente nella stanzetta a meditare o a leggere i cicli antroposofici ma di affrontare con interesse e spregiudicatezza le vicende del mondo esteriore.<\/p>\n<p class=\"p4\">Infatti,&nbsp;afferma&nbsp;<b>Steiner<\/b>:<\/p>\n<blockquote>\n<p class=\"p4\"><i>Nessuno \u00e8 veramente un antroposofo&nbsp;<\/i><span class=\"s3\"><b><i>se chiude gli occhi di fronte alle cose mostruose che stanno accadendo nel presente<\/i><\/b><\/span><i>, se preferisce farsi stordire da&nbsp;<\/i><span class=\"s3\"><b><i>tutti gli anestetici che certi governanti usano oggi&nbsp;<\/i><\/b><\/span><i>per non dover dire a che cosa stiano effettivamente mirando. Perci\u00f2 \u00e8 permesso dire quel che \u00e8 facile credere a livello sentimentale, mentre rimangono accuratamente dietro le quinte gli eventi occulti: ve li trattengono ancora, come \u00e8 sempre accaduto. Deve esserci chiaro, infatti, che&nbsp;<\/i><span class=\"s3\"><b><i>pu\u00f2 di nuovo sopraggiungere un periodo in cui la lotta diventer\u00e0 efferata, perch\u00e9 non si vuole avere la pace<\/i><\/b><\/span><i>, un periodo in cui la lotta forse diventer\u00e0 ancora pi\u00f9 efferata di quanto gi\u00e0 non sia, se da qualche parte non arriver\u00e0 qualcosa che lo impedisca&nbsp;(ibid.)<\/i>.<\/p>\n<\/blockquote>\n<p class=\"p5\"><b>Non voltarsi dall&#8217;altra parte, <\/b><span class=\"s4\">dunque,<\/span><b> ma mettersi in gioco, <\/b>se non vogliamo che sopravvenga<b>&nbsp;&#8220;<i>un periodo in cui la lotta forse diventer\u00e0 ancora pi\u00f9 efferata di quanto gi\u00e0 non sia&#8221;<\/i> .<\/b><\/p>\n<blockquote>\n<p class=\"p4\"><i>E se riflettiamo su questo pensiero e ne facciamo il contenuto della nostra vita, allora ognuno, nel posto in cui \u00e8, pu\u00f2 fare ci\u00f2 che appunto vorrebbe fare, rispondendo alla domanda:&nbsp;<\/i><span class=\"s3\"><b><i>&#8220;Che cosa pu\u00f2 fare il singolo?&#8221;<\/i><\/b><\/span><i>&nbsp;Infatti, se non si trovano sempre pi\u00f9 uomini che nutrono questi pensieri, allora, ecco allora in Europa si evoca appunto ci\u00f2 cui invece ci si dovrebbe proprio opporre, ci\u00f2 cui tutti in Europa dovrebbero opporsi.&nbsp;(ibid.)<\/i><\/p>\n<\/blockquote>\n<p class=\"p4\">E da cent&#8217;anni a questa parte, come si vede, <span class=\"s3\">le cose sono decisamente peggiorate.&nbsp;<\/span><\/p>\n<p>&nbsp;<\/p>\n<p class=\"p4\"><b>2. COME COMPRENDERE LA STORIA<\/b><\/p>\n<blockquote>\n<p class=\"p5\"><b>La storia <\/b>pu\u00f2 essere immaginata come <b>una corrente di cui si veda soltanto la superficie, ma, come viene insegnata nelle scuole, essa narra la non-realt\u00e0.&nbsp;<\/b><span class=\"s4\"><i>Per la scienza dello spirito la storia, normalmente intesa,&nbsp;<\/i><\/span><b><i>va trasformata in uno studio di sintomi<\/i><\/b><b>&nbsp;<\/b><span class=\"s4\"><i>(Rudolf Steiner, Lo studio dei sintomi storici, 1918, O.O.185)<\/i><\/span><span class=\"s5\"><b><i>.<\/i><\/b><\/span><span class=\"s4\"><b><i>&nbsp;<\/i><\/b>&nbsp;<\/span><\/p>\n<\/blockquote>\n<figure id=\"attachment_85845\" aria-describedby=\"caption-attachment-85845\" style=\"width: 360px\" class=\"wp-caption alignleft\"><img decoding=\"async\" class=\"wp-image-85845\" src=\"https:\/\/www.liberopensare.com\/wp-content\/uploads\/2025\/12\/Gondhishapur-1-300x300.webp\" alt=\"\" width=\"360\" height=\"360\" srcset=\"https:\/\/www.liberopensare.com\/wp-content\/uploads\/2025\/12\/Gondhishapur-1-300x300.webp 300w, https:\/\/www.liberopensare.com\/wp-content\/uploads\/2025\/12\/Gondhishapur-1-150x150.webp 150w, https:\/\/www.liberopensare.com\/wp-content\/uploads\/2025\/12\/Gondhishapur-1-768x768.webp 768w, https:\/\/www.liberopensare.com\/wp-content\/uploads\/2025\/12\/Gondhishapur-1-12x12.webp 12w, https:\/\/www.liberopensare.com\/wp-content\/uploads\/2025\/12\/Gondhishapur-1.webp 990w\" sizes=\"(max-width: 360px) 100vw, 360px\" \/><figcaption id=\"caption-attachment-85845\" class=\"wp-caption-text\"><a href=\"https:\/\/agribioshop.it\/products\/da-gondishapur-a-silicon-valley-paul-emberson?utm_source=liberopensare&amp;utm_medium=blog\" target=\"_blank\" rel=\"noopener\"><span style=\"color: #800000;\"><strong>ACQUISTALO QUI<\/strong><\/span><\/a><\/figcaption><\/figure>\n<p class=\"p4\">Vale a dire che ci\u00f2 che di solito viene chiamata storia e si studia a scuola non \u00e8 davvero importante nell&#8217;evoluzione dell&#8217;umanit\u00e0, ma rappresenta solo una serie di <strong>sintomi superficiali<\/strong>, mediante cui accostarsi alle vere origini degli eventi, nei quali si rivela la realt\u00e0 del divenire umano. Se la storia ordinaria considera gli avvenimenti nel loro valore assoluto, la scienza dello spirito li affronta come qualcosa in grado di svelarli, se li esaminiamo in modo giusto.<\/p>\n<p class=\"p4\">Per fare questo \u00e8 necessario, prima di tutto, badare&#8230;<\/p>\n<blockquote>\n<p class=\"p4\"><i>&#8230;alle&nbsp;<\/i><span class=\"s3\"><b><i>effettive trasformazioni avvenute nell&#8217;evoluzione dell&#8217;umanit\u00e0<\/i><\/b><\/span><i>, a quei&nbsp;<\/i><span class=\"s3\"><b><i>grandi punti di svolta<\/i><\/b><\/span><i>&nbsp;che la vita animica umana attraversa per passare da un determinato modo di essere ad un altro (ibid.).<\/i><\/p>\n<\/blockquote>\n<p class=\"p4\">La&nbsp;Scienza dello Spirito ci indica&nbsp;che&nbsp;<span class=\"s3\"><b>l&#8217;ultimo grande punto di svolta dell&#8217;evoluzione umana \u00e8 stato al principio del secolo XV<\/b><\/span>,&nbsp;con l&#8217;inizio del quinto periodo di civilt\u00e0&nbsp;postatlantica.<\/p>\n<p><strong><a class=\"fasc-button fasc-size-large fasc-type-flat\" style=\"background-color: #a1031b; color: #ffffff;\">Quinto Periodo di Civilt\u00e0\u200b&nbsp; 1413 &#8211; 3573<\/a><\/strong><\/p>\n<p class=\"p4\"><b>3. CONSEQUENZIALIT\u00c0 E PROBLEMI INSOLUBILI<\/b><\/p>\n<blockquote>\n<p class=\"p1\"><span class=\"s3\"><b><i>All&#8217;inizio di questa nuova et\u00e0 agisce l&#8217;anima cosciente, manifestandosi in sintomi storici.<\/i><\/b><\/span><i>&nbsp;Da un lato sono attivi gli&nbsp;<\/i><span class=\"s3\"><b><i>impulsi nazionali<\/i><\/b><\/span><i>, e dall&#8217;altro si ergono <strong>gli&nbsp;<\/strong><\/i><span class=\"s3\"><b><i>individui<\/i><\/b><\/span><i>, sino nel profondo delle confessioni religiose, individui che vogliono poggiare soltanto su s\u00e9 medesimi, perch\u00e9 l&#8217;anima cosciente vuole uscire dai suoi involucri&nbsp;(ibid.)<\/i>.<\/p>\n<\/blockquote>\n<p class=\"p1\">Inoltre nell&#8217;evoluzione agiscono leggi che dobbiamo imparare a conoscere per capirne il senso, per esempio quella secondo cui <span class=\"s3\"><b>nella storia un fatto successivo non \u00e8 necessariamente la conseguenza di uno precedente. <\/b>&nbsp;<\/span><\/p>\n<p class=\"p3\"><span class=\"s4\"><b>Steiner&nbsp;<\/b>parla, ad&nbsp;esempio,&nbsp;della&nbsp;<\/span><b>Guerra dei trent&#8217;anni&nbsp;(1618-1648)<\/b><span class=\"s4\">&nbsp;dove appare con chiarezza&nbsp;che&nbsp;<\/span><b>i problemi che l&#8217;avevano&nbsp;provocata&nbsp;erano rimasti esattamente gli stessi alla fine della guerra<\/b><span class=\"s4\">. Ecco perch\u00e9 non si pu\u00f2 parlare di causa ed effetto.&nbsp;<\/span><\/p>\n<blockquote>\n<p class=\"p4\"><i>Per molti problemi dell&#8217;epoca moderna si potrebbe dire la stessa cosa:&nbsp;<\/i><b><i>avvengono dei fatti che portano a&nbsp;<\/i><\/b><span class=\"s3\"><b><i>qualche cosa d&#8217;insolubile, a&nbsp;sempre nuovi conflitti, conducono in vicoli ciechi della vita<\/i><\/b><\/span><i>; \u00e8 importante tenerlo presente. Avvengono cio\u00e8 fatti che conducono a strade senza uscita, perch\u00e9 non tutti al mondo possono avere la stessa opinione. Tutto ci\u00f2 porta in vicoli ciechi, ed \u00e8 proprio un aspetto caratteristico dei sintomi storici moderni che gli uomini si creino situazioni tali da portare a problemi insolubili&nbsp;(ibid.)<\/i>.<\/p>\n<\/blockquote>\n<p class=\"p1\">Pensiamo ad esempio ai recenti&nbsp;<span class=\"s3\"><b>conflitti in Afghanistan e Iraq<\/b><\/span>&nbsp;iniziati per motivi totalmente diversi da quelli dichiarati e che hanno prodotto solo morte e distruzione lasciando inalterati i problemi iniziali.<\/p>\n<figure id=\"attachment_85847\" aria-describedby=\"caption-attachment-85847\" style=\"width: 350px\" class=\"wp-caption alignright\"><img decoding=\"async\" class=\"wp-image-85847\" src=\"https:\/\/www.liberopensare.com\/wp-content\/uploads\/2025\/12\/Gondishapur-2-300x300.webp\" alt=\"\" width=\"350\" height=\"350\" srcset=\"https:\/\/www.liberopensare.com\/wp-content\/uploads\/2025\/12\/Gondishapur-2-300x300.webp 300w, https:\/\/www.liberopensare.com\/wp-content\/uploads\/2025\/12\/Gondishapur-2-150x150.webp 150w, https:\/\/www.liberopensare.com\/wp-content\/uploads\/2025\/12\/Gondishapur-2-768x768.webp 768w, https:\/\/www.liberopensare.com\/wp-content\/uploads\/2025\/12\/Gondishapur-2-12x12.webp 12w, https:\/\/www.liberopensare.com\/wp-content\/uploads\/2025\/12\/Gondishapur-2.webp 990w\" sizes=\"(max-width: 350px) 100vw, 350px\" \/><figcaption id=\"caption-attachment-85847\" class=\"wp-caption-text\"><a href=\"https:\/\/agribioshop.it\/products\/da-gondishapur-a-silicon-valley-paul-emberson-1?utm_source=liberopensare&amp;utm_medium=blog\" target=\"_blank\" rel=\"noopener\"><span style=\"color: #800000;\"><strong>ACQUISTALO QUI<\/strong><\/span><\/a><\/figcaption><\/figure>\n<p class=\"p4\">Oltre ad alcuni aspetti&nbsp;caratteristici della moderna evoluzione&nbsp;umana vediamo dunque la caratteristica di cacciarsi sempre in <span class=\"s2\"><b>strade senza uscita<\/b><\/span>,&nbsp;dato che&nbsp;molte&nbsp;cose conducono in vicoli ciechi.<\/p>\n<p class=\"p4\">Un&#8217;altra caratteristica \u00e8 inoltre la tendenza ad <span class=\"s2\"><b>attutire l<\/b><\/span><span class=\"s2\"><b>e coscienze<\/b><\/span> delle persone per ci\u00f2 che proprio come coscienza deve esser sviluppato. La coscienza attutita permette a forze esterne di manipolare i popoli.<\/p>\n<p class=\"p4\">Scrive <b>Steiner<\/b> oltre un secolo fa:<\/p>\n<blockquote>\n<p class=\"p4\"><i>Una folla, un gruppo di persone possono essere afferrate da un certo <\/i><span class=\"s3\"><b><i>vortice<\/i><\/b><\/span><i>, se lo si crea nel modo &#8216;giusto&#8217;. Ho gi\u00e0 raccontato in altre occasioni di aver conosciuto oratori che, facendo leva su determinati istinti, padroneggiavano molto bene l&#8217;arte di non agire sulla pura intellettualit\u00e0, ma di&nbsp;<\/i><span class=\"s3\"><b><i>parlare per slogan, con immagini forti, ben delineate, a una coscienza &#8220;sfasata,&#8221;<\/i><\/b><\/span><i>&nbsp;a una coscienza che era diventata un po&#8217; delirante. Come ho detto, per agire sul singolo individuo serve pi\u00f9 forza, ma&nbsp;<\/i><span class=\"s2\"><b><i>per agire su una moltitudine di persone non occorre<\/i><\/b><\/span><b><i> <\/i><\/b><i>(Rudolf Steiner, Il Karma della non Veridicit\u00e0, O.O. 173b).&nbsp;<\/i><\/p>\n<\/blockquote>\n<p class=\"p4\">Pensiamo alle varie propagande di guerra, totalmente basate su falsit\u00e0, dalle armi di distruzione di massa di <b>Saddam Hussein<\/b> &#8211; rivelatesi inesistenti &#8211; per invadere l\u2019Iraq, alla presunta minaccia russa all\u2019Europa di oggi per preparare la guerra, sino al <span class=\"s2\"><b>terrore della morte (coscienza sfasata) inoculato a livello mondiale per imporre i vaccini<\/b><\/span>.<\/p>\n<blockquote><p>Esiste un modo con cui si pu\u00f2 pilotare la forza che risiede in un singolo uomo verso una precisa direzione. Questi pu\u00f2 essere convinto del proprio&nbsp;<strong>profondo amore per la pace<\/strong>, ma compie le sue azioni sotto effetto della suggestione. Egli \u00e8 tutt\u2019altro da quello che fa. S<strong>i pu\u00f2 fare la stessa cosa anche con i sentimenti d\u2019interi gruppi<\/strong>, se si hanno le conoscenze adatte. Bisogna solo scegliere i mezzi appropriati. Serve solo spingere in una determinata direzione, attraverso una specie d\u2019<strong>impostura in grande stile <\/strong><i>(Rudolf Steiner, Il Karma della non Veridicit\u00e0,&nbsp;O.O. 173b)<\/i>.<\/p><\/blockquote>\n<p>Quello che \u00e8 accaduto negli ultimi sei anni \u00e8 esattamente questo, una <strong>impostura globale<\/strong>. Pensate soltanto a come istituzioni, media ma anche singoli cittadini a parole predichino la pace e poi agiscano per la guerra.<\/p>\n<p>Anzi, assistiamo persino alla <strong>palese follia secondo la quale, per ottenere la pace sarebbe necessario armarsi.<\/strong><\/p>\n<p>Un po&#8217; come dire: odia se vuoi essere amato.<\/p>\n<blockquote><p>No, <strong>l\u2019ideale di una pace eterna non sar\u00e0 mai realizzato per mezzo di una sola goccia di sangue versata da uno strumento di guerra<\/strong>. Questo ideale si realizza in tutt\u2019altro modo. E chi dice di combattere per la pace e di dovere perci\u00f2 far la guerra, guerra fino all\u2019annientamento dell\u2019avversario,&nbsp;<strong>costui, chiunque sia, mente<\/strong>, anche se non se ne rende conto (Ibid.).<\/p><\/blockquote>\n<p>&nbsp;<\/p>\n<p class=\"p4\"><b>4.I SINTOMI STORICI&nbsp;E LA LEGGE DEI 33 ANNI<\/b><\/p>\n<p class=\"p4\">Ma proviamo a entrare nel merito degli eventi esteriori&nbsp;rispetto a ci\u00f2 che agisce&nbsp;<span class=\"s3\"><b>dietro le quinte dei sintomi storici.<\/b>&nbsp;<\/span><\/p>\n<figure id=\"attachment_85848\" aria-describedby=\"caption-attachment-85848\" style=\"width: 330px\" class=\"wp-caption alignleft\"><img loading=\"lazy\" decoding=\"async\" class=\"wp-image-85848\" src=\"https:\/\/www.liberopensare.com\/wp-content\/uploads\/2025\/12\/Gondishapur-3-300x300.webp\" alt=\"\" width=\"330\" height=\"330\" srcset=\"https:\/\/www.liberopensare.com\/wp-content\/uploads\/2025\/12\/Gondishapur-3-300x300.webp 300w, https:\/\/www.liberopensare.com\/wp-content\/uploads\/2025\/12\/Gondishapur-3-150x150.webp 150w, https:\/\/www.liberopensare.com\/wp-content\/uploads\/2025\/12\/Gondishapur-3-768x768.webp 768w, https:\/\/www.liberopensare.com\/wp-content\/uploads\/2025\/12\/Gondishapur-3-12x12.webp 12w, https:\/\/www.liberopensare.com\/wp-content\/uploads\/2025\/12\/Gondishapur-3.webp 990w\" sizes=\"(max-width: 330px) 100vw, 330px\" \/><figcaption id=\"caption-attachment-85848\" class=\"wp-caption-text\"><a href=\"https:\/\/agribioshop.it\/products\/da-gondishapur-a-silicon-valley-vol-3-paul-emberson?utm_source=liberopensare&amp;utm_medium=blog\" target=\"_blank\" rel=\"noopener\"><span style=\"color: #800000;\"><strong>ACQUISTALO QUI<\/strong><\/span><\/a><\/figcaption><\/figure>\n<p class=\"p4\">Sappiamo che&nbsp;intorno al&nbsp;<span class=\"s2\"><b>1840<\/b><\/span>&nbsp;era trascorso circa un quinto&nbsp;dell&#8217;<span class=\"s3\"><b>epoca dell&#8217;anima cosciente&nbsp;(1413-3573<\/b><\/span>).<\/p>\n<p class=\"p4\">E, secondo&nbsp;<b>Steiner<\/b>, per&nbsp;le potenze&nbsp;attive nell&#8217;evoluzione del mondo,&nbsp;quel&nbsp;periodo doveva&nbsp;vivere&nbsp;<span class=\"s3\"><b>una grossa&nbsp;crisi<\/b><\/span>.<\/p>\n<p class=\"p4\">Proprio in quegli anni fiorirono in particolare<b> le cosiddette <\/b><span class=\"s3\"><b>idee liberali.<\/b><\/span><b>&nbsp;<\/b><\/p>\n<p class=\"p4\">Due cose accaddero in quegli anni.<\/p>\n<p class=\"p4\">Ricordiamo che quel periodo storico fu caratterizzato da un grande fermento in Europa, con la&nbsp;<span class=\"s3\"><b>Rivoluzione del 1848<\/b><\/span>, che scosse le fondamenta degli stati in tutto il continente, dal proletariato che entr\u00f2 coscientemente nell&#8217;evoluzione storica e da significativi progressi della <span class=\"s3\"><b>Rivoluzione Industriale<\/b><\/span>.<\/p>\n<p class=\"p4\">In Italia,&nbsp;ci fu&nbsp;la&nbsp;<span class=\"s3\"><b>Prima Guerra d&#8217;Indipendenza&nbsp;<\/b><\/span>contro l&#8217;Impero Asburgico, in Inghilterra si&nbsp;era&nbsp;nel pieno dell&#8217;<span class=\"s3\"><b>Et\u00e0 Vittoriana<\/b><\/span>, un periodo di prosperit\u00e0 economica ma anche di forte disuguaglianza sociale.<\/p>\n<p class=\"p4\">Nel&nbsp;<span class=\"s3\"><b>1840 <\/b>inizi\u00f2 la<b> &#8220;Guerra dell&#8217;oppio&#8221;<\/b><\/span>&nbsp;tra Inghilterra e Cina che avr\u00e0 importanti conseguenze storiche.<\/p>\n<p class=\"p4\">Scrive&nbsp;<b>Steiner<\/b>:<\/p>\n<blockquote>\n<p class=\"p4\"><i>Sappiamo che l&#8217;uomo non apprende a leggere e a scrivere in un sol giorno.&nbsp;<\/i><i>Anche l&#8217;umanit\u00e0 ha quindi bisogno di un certo tempo per portare ad evoluzione una qualsiasi cosa.&nbsp;<\/i><span class=\"s4\"><i>Dunque,&nbsp;<\/i><\/span><b><i>allora&nbsp;l&#8217;umanit\u00e0 aveva tempo sin verso il 1880. Partendo dal 1845&nbsp;e aggiungendo 33 anni si arriva al 1878<\/i><\/b><i>,<\/i><span class=\"s4\"><i>&nbsp;e questo era all&#8217;incirca l&#8217;anno fino al quale fu lasciato tempo all&#8217;umanit\u00e0 per&nbsp;<\/i><\/span><b><i>penetrare la realt\u00e0 delle idee sbocciate nel decennio 1840\/50 <\/i><\/b><i>(Ibid.).<\/i><\/p>\n<\/blockquote>\n<p class=\"p5\"><b><a class=\"fasc-button fasc-size-large fasc-type-flat\" style=\"background-color: #a1031b; color: #ffffff;\">1845 (Rivolte e rivoluzioni) + 33 = 1878 (Reazione e fallimento di quegli ideali)<\/a>&nbsp;<\/b><b><\/b><\/p>\n<p class=\"p4\"><b>Steiner&nbsp;<\/b>afferma&nbsp;dunque&nbsp;che gli eventi&nbsp;del&nbsp;<span class=\"s3\"><b>decennio 1840-50<\/b><\/span>&nbsp;avrebbero dovuto portare a delle trasformazioni positive ma&nbsp;<span class=\"s3\"><b>cos\u00ec non fu<\/b><\/span>.<\/p>\n<p class=\"p4\">Infatti,&nbsp;l&#8217;organizzazione politica&nbsp;che si manifest\u00f2 alla fine dell&#8221;800, era totalmente diversa da quella&nbsp;pensata alla met\u00e0 del secolo&nbsp;XIX.<\/p>\n<p class=\"p4\">Sempre&nbsp;<b>Steiner<\/b>:<\/p>\n<blockquote>\n<p class=\"p4\"><i>Non esiste maggior antitesi fra le idee, magari astratte, ma pur luminose nella loro astrattezza, degli anni 1840-48 e le altre idee che, nel secolo XIX e in tutto il mondo civile, sono state chiamate \u00abalti ideali umani\u00bb, tali considerati fino ai giorni nostri e alla fine coinvolti nella catastrofe.&nbsp;&nbsp;<\/i><\/p>\n<p class=\"p4\"><i>Nell&#8217;epoca considerata, dal 1840 al 1880 circa, anche se astratte, le idee erano articolate in modo da tendere a valorizzare attivamente ogni singolo accanto ai suoi simili.&nbsp;&nbsp;<\/i><\/p>\n<p class=\"p4\"><i>Se,&nbsp;per&nbsp;ipotesi,&nbsp;fosse stato realizzato il contenuto di quelle idee,&nbsp;<\/i><span class=\"s3\"><b><i>si sarebbe potuto vedere l&#8217;inizio, sia pure soltanto un inizio, di una nuova tolleranza<\/i><\/b><\/span><i>, si sarebbe dovuto permettere l&#8217;estrinsecazione di ogni uomo accanto ai suoi simili, vale a dire appunto quanto oggi specialmente manca per quel che riguarda idee e sentimenti (Ibid.).&nbsp;<\/i><\/p>\n<p>&nbsp;<\/p><\/blockquote>\n<p><img loading=\"lazy\" decoding=\"async\" class=\"alignnone wp-image-86015\" src=\"https:\/\/www.liberopensare.com\/wp-content\/uploads\/2025\/12\/ChatGPT-Image-14-dic-2025-19_55_30-300x200.png\" alt=\"\" width=\"759\" height=\"506\" srcset=\"https:\/\/www.liberopensare.com\/wp-content\/uploads\/2025\/12\/ChatGPT-Image-14-dic-2025-19_55_30-300x200.png 300w, https:\/\/www.liberopensare.com\/wp-content\/uploads\/2025\/12\/ChatGPT-Image-14-dic-2025-19_55_30-18x12.png 18w, https:\/\/www.liberopensare.com\/wp-content\/uploads\/2025\/12\/ChatGPT-Image-14-dic-2025-19_55_30.png 700w\" sizes=\"(max-width: 759px) 100vw, 759px\" \/><\/p>\n<p class=\"p4\">Abbiamo qui a che fare con la&nbsp;<span class=\"s3\"><b>legge dei 33 anni<\/b><\/span>, secondo la quale&nbsp;<span class=\"s3\"><b>le&nbsp;azioni e gli sviluppi spirituali&nbsp;di&nbsp;un certo momento si concretizzano visibilmente nel corso della storia umana dopo un ciclo di 33 anni<\/b><\/span>, e l&#8217;individuo ha la possibilit\u00e0 di influenzare il &#8220;<i>seme<\/i>&#8221; spirituale entro questo lasso di&nbsp;tempo.<\/p>\n<p class=\"p4\">C&#8217;\u00e8 dunque la libert\u00e0 di influenzare, mediante azione spirituale e fino alla scadenza dei 33 anni anche un germe gi\u00e0 deposto, modificando cos\u00ec &#8211; in meglio o in peggio &#8211; la manifestazione di quel germe. Solo dopo la scadenza di quel periodo, il germe, inserito 33 anni prima nella terra spirituale,&nbsp;<span class=\"s3\"><b>si manifester\u00e0 irrevocabilmente<\/b><\/span>&nbsp;nella storia dell&#8217;umanit\u00e0.<\/p>\n<p class=\"p8\">E questa legge non vale solo per i macro-eventi&nbsp;storici&nbsp;ma,&nbsp;ad esempio,&nbsp;anche per le opere umane come un libro, se pur fondamentale come&nbsp;<i>&#8220;La Filosofia della Libert\u00e0&#8221;<\/i>. Si pensi, infatti che <b>Rudolf&nbsp;Steiner<\/b>&nbsp;lasci\u00f2 il piano fisico nel&nbsp;<span class=\"s3\"><b>1925<\/b><\/span>,&nbsp;poco pi\u00f9 di&nbsp;33 anni dopo la pubblicazione di quell\u2019opera&nbsp;(<span class=\"s3\"><b>1894<\/b><\/span>).<\/p>\n<p><span data-contrast=\"none\">Per essere ancora pi\u00f9 precisi, <strong>ogni Natale<\/strong>, secondo <strong>Steiner<\/strong>, noi deponiamo un seme che produrr\u00e0 risultati solo nella <strong>Pasqua di 33 anni dopo<\/strong>. <\/span><\/p>\n<p><span data-contrast=\"none\">Il senso di questo intervallo corrisponde evidentemente al tempo intercorrente tra Nascita e Resurrezione che ci rimanda alla vita del Cristo Ges\u00f9 sulla Terra. <\/span><\/p>\n<p>&nbsp;<\/p>\n<p class=\"p4\"><b>5.CONFRONTO TRA I PERIODO 1845-1878 E 1968-1998<\/b><\/p>\n<p class=\"p4\">Ora, dato che \u00e8 nostro compito utilizzare le indicazioni di <strong>Rudolf Steiner<\/strong> per comprendere il nostro presente &#8211; e non solo per alimentare la nostra golosit\u00e0 di rivelazioni spirituali &#8211;&nbsp; proviamo a fare un <span class=\"s3\"><b>parallelo <\/b>tra il periodo<b> 1845 <\/b>e<b> 1878 <\/b>e quello tra il<b> 1968 <\/b>ed il<b> 2001.<\/b>&nbsp;<\/span><\/p>\n<p class=\"p5\"><b><a class=\"fasc-button fasc-size-large fasc-type-flat\" style=\"background-color: #a1031b; color: #ffffff;\">1845 (Rivolte e rivoluzioni) + 33 = 1878 (Reazione e fallimento di quegli ideali)<\/a><\/b><\/p>\n<p class=\"p4\">Come nel secolo precedente, fu il decennio <strong>1840-50<\/strong>, anche il <span class=\"s3\"><b>&#8217;68<\/b><\/span> e dintorni del XX secolo, fu un periodo decisamente rappresentativo delle lotte spirituali contemporanee che hanno profondamente influenzato ci\u00f2 che sta accadendo oggi.<\/p>\n<p>Tra il <strong data-start=\"7\" data-end=\"25\">1965 e il 1970, <\/strong>infatti, si assistette ad una delle fasi pi\u00f9 intense di <strong data-start=\"71\" data-end=\"118\">mobilitazione politica, culturale e sociale<\/strong> del &#8216;900. Fu un periodo segnato da contestazione dell\u2019autorit\u00e0, richiesta di diritti e trasformazioni profonde dei costumi.<\/p>\n<p class=\"p4\">Pochi anni prima, nel&nbsp;<span class=\"s2\"><b>1961<\/b><\/span>,&nbsp;era stato eretto&nbsp;il&nbsp;<b>Muro di Berlino<\/b>&nbsp;nell&#8217;acuirsi&nbsp;della&nbsp;<b>Guerra Fredda<\/b>.&nbsp;&nbsp;C&#8217;era&nbsp;<b>John Fitzgerald Kennedy&nbsp;<\/b>alla Casa Bianca&nbsp;ed il&nbsp;<b>Concilio Vaticano II<\/b>&nbsp;a Roma, la guerra in&nbsp;<b>Vietnam<\/b>&nbsp;divampava&nbsp;ma&nbsp;i&nbsp;<span class=\"s3\"><b>\u201cventi del cambiamento\u201d<\/b><\/span> iniziavano a soffiare impetuosamente.<\/p>\n<p class=\"p4\">Verso la met\u00e0 degli anni \u201960 le nuove generazioni rappresentarono una istanza radicale di cambiamento, testimoniando valori di <b>libert\u00e0, uguaglianza, fratellanza, amore e pace<\/b>.<\/p>\n<p>Negli USA nacque il <strong data-start=\"537\" data-end=\"571\">Movimento per i diritti civili<\/strong>&nbsp; che port\u00f2 alla fine della segregazione razziale (<em data-start=\"659\" data-end=\"683\">Martin Luther King Jr.<\/em>, <em data-start=\"685\" data-end=\"696\">Malcolm X) e si ebbero vaste <\/em><strong data-start=\"699\" data-end=\"739\">proteste contro la guerra in Vietnam <\/strong>ed una crescente opposizione alla leva militare.<\/p>\n<p data-start=\"822\" data-end=\"854\">Con la nascita dei<strong data-start=\"822\" data-end=\"854\"> Black Power <\/strong>e<strong data-start=\"822\" data-end=\"854\"> Black Panthers si svilupp\u00f2 l&#8217;a<\/strong>utodeterminazione e le lotta al razzismo sistemico.<\/p>\n<p data-start=\"822\" data-end=\"854\">La controcultura<strong data-start=\"910\" data-end=\"934\"> hippie <\/strong>port\u00f2 i valori di pace, amore libero, rifiuto del consumismo.<\/p>\n<p data-start=\"1422\" data-end=\"1457\">In Italia inizi\u00f2 una lunga stagione di conflitto politico; <span style=\"font-family: -apple-system, BlinkMacSystemFont, 'Segoe UI', Roboto, 'Helvetica Neue', Arial, 'Noto Sans', sans-serif, 'Apple Color Emoji', 'Segoe UI Emoji', 'Segoe UI Symbol', 'Noto Color Emoji';\">ricordiamo la nascita del<\/span><strong style=\"font-family: -apple-system, BlinkMacSystemFont, 'Segoe UI', Roboto, 'Helvetica Neue', Arial, 'Noto Sans', sans-serif, 'Apple Color Emoji', 'Segoe UI Emoji', 'Segoe UI Symbol', 'Noto Color Emoji';\" data-start=\"1422\" data-end=\"1457\"> Movimento studentesco <\/strong><span style=\"font-family: -apple-system, BlinkMacSystemFont, 'Segoe UI', Roboto, 'Helvetica Neue', Arial, 'Noto Sans', sans-serif, 'Apple Color Emoji', 'Segoe UI Emoji', 'Segoe UI Symbol', 'Noto Color Emoji';\">e l&#8217;<\/span><strong style=\"font-family: -apple-system, BlinkMacSystemFont, 'Segoe UI', Roboto, 'Helvetica Neue', Arial, 'Noto Sans', sans-serif, 'Apple Color Emoji', 'Segoe UI Emoji', 'Segoe UI Symbol', 'Noto Color Emoji';\" data-start=\"1460\" data-end=\"1484\">Autunno caldo <\/strong><span style=\"font-family: -apple-system, BlinkMacSystemFont, 'Segoe UI', Roboto, 'Helvetica Neue', Arial, 'Noto Sans', sans-serif, 'Apple Color Emoji', 'Segoe UI Emoji', 'Segoe UI Symbol', 'Noto Color Emoji';\">con i grandi scioperi operai che chiedevano maggiori diritti sul lavoro, una democratizzazione dell\u2019universit\u00e0 e maggiore giustizia sociale.<\/span><\/p>\n<p data-start=\"1422\" data-end=\"1457\">In America latina si ebbe la <strong data-start=\"1719\" data-end=\"1741\">Rivoluzione cubana<\/strong> e la nascita di movimenti rivoluzionari, <strong>Che Guevara<\/strong> fu ucciso nel 1967, con conseguenti repressioni militari.<\/p>\n<p data-start=\"1422\" data-end=\"1457\"><span style=\"font-family: -apple-system, BlinkMacSystemFont, 'Segoe UI', Roboto, 'Helvetica Neue', Arial, 'Noto Sans', sans-serif, 'Apple Color Emoji', 'Segoe UI Emoji', 'Segoe UI Symbol', 'Noto Color Emoji';\">In Messico vi furono ampie p<\/span><span style=\"font-family: -apple-system, BlinkMacSystemFont, 'Segoe UI', Roboto, 'Helvetica Neue', Arial, 'Noto Sans', sans-serif, 'Apple Color Emoji', 'Segoe UI Emoji', 'Segoe UI Symbol', 'Noto Color Emoji';\">roteste studentesche represse nel <\/span>massacro di Tlatelolco (<strong style=\"font-family: -apple-system, BlinkMacSystemFont, 'Segoe UI', Roboto, 'Helvetica Neue', Arial, 'Noto Sans', sans-serif, 'Apple Color Emoji', 'Segoe UI Emoji', 'Segoe UI Symbol', 'Noto Color Emoji';\" data-start=\"1985\" data-end=\"2018\">1968<\/strong>)<\/p>\n<p data-start=\"1422\" data-end=\"1457\">In Vietnam ci fu la guerra di liberazione nazionale contro USA, in Cina, a partire dal <strong>1966<\/strong>, la <strong data-start=\"2110\" data-end=\"2135\">Rivoluzione culturale<\/strong> con mobilitazione di massa e pesanti violenze e persecuzioni<\/p>\n<p data-start=\"1422\" data-end=\"1457\">In Giappone proteste studentesche e di movimenti radicali che si opponevano alle basi militari americane.<\/p>\n<p data-start=\"786\" data-end=\"810\">Nel <strong>1968<\/strong> si ebbe la famosa&nbsp; Primavera di Praga in Cecoslovacchia con le riforme di <strong>Alexander<\/strong> <strong data-start=\"841\" data-end=\"851\">Dub\u010dek <\/strong>(socialismo dal volto umano)<\/p>\n<p data-start=\"979\" data-end=\"988\">Proteste, se pur meno vaste, anche il Polonia, Ungheria, Romania, DDR, Bulgaria e Jugoslavia.<\/p>\n<p><img loading=\"lazy\" decoding=\"async\" class=\"wp-image-86018 aligncenter\" src=\"https:\/\/www.liberopensare.com\/wp-content\/uploads\/2025\/12\/ChatGPT-Image-14-dic-2025-20_02_36-300x200.png\" alt=\"\" width=\"734\" height=\"489\" srcset=\"https:\/\/www.liberopensare.com\/wp-content\/uploads\/2025\/12\/ChatGPT-Image-14-dic-2025-20_02_36-300x200.png 300w, https:\/\/www.liberopensare.com\/wp-content\/uploads\/2025\/12\/ChatGPT-Image-14-dic-2025-20_02_36-18x12.png 18w, https:\/\/www.liberopensare.com\/wp-content\/uploads\/2025\/12\/ChatGPT-Image-14-dic-2025-20_02_36.png 700w\" sizes=\"(max-width: 734px) 100vw, 734px\" \/><\/p>\n<p class=\"p4\">Quell&#8217;impulso di rinnovamento dur\u00f2 un pugno di anni, pi\u00f9 o meno fino al&nbsp;<b>1975<\/b>.<\/p>\n<p class=\"p4\">Se circa un secolo prima, nel&nbsp;<span class=\"s2\"><b>1848-49,<\/b><\/span> le istanze di libert\u00e0 culturale e politica in Europa, peraltro duramente represse dai poteri della vecchia reazione, furono limitate al vecchio continente, negli anni <strong>\u201960<\/strong> del secolo scorso, <span class=\"s3\"><b>la spinta al cambiamento fu mondiale<\/b><\/span>.<\/p>\n<p class=\"p4\">Tuttavia, anche nel caso delle rivolte degli anni <strong>&#8217;60\/70<\/strong> del XX secolo, il potere fece in modo di soffocare le istanze pi\u00f9 pericolose per il sistema; dopo il festival di <b>Woodstock&nbsp;<\/b>e gli omicidi di&nbsp;<b>Manson&nbsp;<\/b>nell\u2019agosto&nbsp;del <strong>&#8217;69<\/strong>, il<b> massacro di 400 studenti a Citt\u00e0 del Messico<\/b> in ottobre e l&#8217;incremento della diffusione delle <strong>droghe pesanti<\/strong> &#8211; che solo molti anni dopo si \u00e8 rivelata un progetto inteso alla demotivazione dei giovani (O<span class=\"s3\">perazione <em><strong>Blue Moon<\/strong> <\/em>della <em>CIA<\/em>)<\/span>&nbsp;&#8211;&nbsp;si&nbsp;comprese presto&nbsp;che&nbsp;la spinta&nbsp;verso&nbsp;una&nbsp;nuova societ\u00e0&nbsp;si&nbsp;era gi\u00e0 esaurita.<\/p>\n<p class=\"p5\"><span class=\"s4\">Cosa emerge volendo fare un<\/span><b> parallelo tra questi due periodi storici?<\/b><\/p>\n<figure id=\"attachment_85928\" aria-describedby=\"caption-attachment-85928\" style=\"width: 388px\" class=\"wp-caption alignright\"><img loading=\"lazy\" decoding=\"async\" class=\"wp-image-85928\" src=\"https:\/\/www.liberopensare.com\/wp-content\/uploads\/2025\/12\/4749-300x300.webp\" alt=\"\" width=\"388\" height=\"388\" srcset=\"https:\/\/www.liberopensare.com\/wp-content\/uploads\/2025\/12\/4749-300x300.webp 300w, https:\/\/www.liberopensare.com\/wp-content\/uploads\/2025\/12\/4749-150x150.webp 150w, https:\/\/www.liberopensare.com\/wp-content\/uploads\/2025\/12\/4749-768x768.webp 768w, https:\/\/www.liberopensare.com\/wp-content\/uploads\/2025\/12\/4749-12x12.webp 12w, https:\/\/www.liberopensare.com\/wp-content\/uploads\/2025\/12\/4749.webp 990w\" sizes=\"(max-width: 388px) 100vw, 388px\" \/><figcaption id=\"caption-attachment-85928\" class=\"wp-caption-text\"><a href=\"https:\/\/agribioshop.it\/products\/a-proposito-dei-cloni-e-della-gerarchia-perduta-paul-emberson?utm_source=liberopensare&amp;utm_medium=blog\" target=\"_blank\" rel=\"noopener\"><span style=\"color: #800000;\"><strong>ACQUISTALO QUI<\/strong><\/span><\/a><\/figcaption><\/figure>\n<p class=\"p1\">Afferma&nbsp;<b>Steiner<\/b>:<\/p>\n<blockquote>\n<p class=\"p1\"><i>Ho indicato proprio il&nbsp;<\/i><span class=\"s3\"><b><i>1840 come l&#8217;anno in cui il materialismo ha raggiunto il&nbsp;suo&nbsp;apice.<\/i><\/b><\/span><i>&nbsp;\u00c8 bene cogliere queste cose nella loro evoluzione.&nbsp;(&#8230;)&nbsp;Ed esprimere un giudizio morale sulla cosa \u00e8 completamente sbagliato, perch\u00e9 si ricadrebbe nell&#8217;errore di giudicare i gruppi nello stesso modo in cui si giudicano i singoli individui. E questo non avrebbe fondamento (Rudolf Steiner,&nbsp;Il Karma della non Veridicit\u00e0&nbsp;O.O.&nbsp;174b).<\/i><\/p>\n<\/blockquote>\n<p class=\"p1\">Partendo dal primo intervallo &#8211; <strong>1845-1878<\/strong> &#8211; <b>Steiner&nbsp;<\/b>afferma, come si \u00e8 detto,&nbsp;che gli stimoli di cambiamento degli anni &#8217;40 del XIX secolo&nbsp;<span class=\"s3\"><b>avevano circa 33 anni per&nbsp;trasformarsi in eventi storici<\/b><\/span>, ma questo non avvenne e ci si trov\u00f2 nel decennio&nbsp;<span class=\"s3\"><b>1870-1880<\/b><\/span>&nbsp;senza possibilit\u00e0 di realizzarli.<\/p>\n<p class=\"p3\"><b>Era troppo tardi.<\/b><\/p>\n<p class=\"p1\">Ricordiamo, inoltre, che &#8211; con la vittoria delle&nbsp;<span class=\"s3\"><b>schiere di Michele<\/b><\/span>&nbsp;e la cacciata sulla Terra degli Spiriti delle tenebre&nbsp;&#8211; le entit\u00e0&nbsp;asuriche, gi\u00e0 attive nelle anime degli uomini dagli anni \u201940 del XIX secolo vennero&nbsp;<span class=\"s3\"><b>precipitate sulla Terra proprio intorno al 1880. <\/b>&nbsp;<\/span><\/p>\n<p class=\"p1\">Dunque,&nbsp;quello slancio abort\u00ec, mettendo le basi per il precipitare dell&#8217;umanit\u00e0 verso la&nbsp;<span class=\"s3\"><b>Grande&nbsp;Guerra del 14-18<\/b><\/span>&nbsp;e le successive.<\/p>\n<p class=\"p3\"><span class=\"s4\">E se ora passiamo ad esaminare quanto accaduto nei<\/span><b> 33 anni successivi&nbsp;alla spinta trasformativa degli anni &#8217;60 del &#8216;900&nbsp;<\/b><span class=\"s4\">cosa osserviamo<\/span><b>?<\/b><\/p>\n<p><b><a class=\"fasc-button fasc-size-large fasc-type-flat\" style=\"background-color: #a1031b; color: #ffffff;\">1968 (Proteste e rivolte giovaanili) + 33 = 2001 (Il grande inganno)<\/a>&nbsp;<\/b><\/p>\n<p class=\"p3\">Ebbene, arriviamo al periodo<b> 1998\/2001, <\/b>con il<b> pressoch\u00e9 completo fallimento degli ideali del &#8217;68.<\/b><span class=\"s4\"><b>&nbsp;<\/b>&nbsp;<\/span><\/p>\n<p>Non solo. Quel seme che avrebbe dovuto portare ad una societ\u00e0 pi\u00f9 giusta, equilibrata&nbsp; e pacifica, non essendo stato elaborato, ha portato ad un periodo di odio, conflitti e menzogne.<\/p>\n<p>&nbsp;<\/p>\n<p class=\"p11\"><b>6.1998, IL TERZO 666&nbsp;<\/b><\/p>\n<p class=\"p1\">Per intendere meglio il senso&nbsp;di questo periodo che ci riguarda direttamente, utilizziamo anche una seconda modalit\u00e0 &#8211; offertaci dalla scienza dello spirito, per comprendere i sintomi storici.<\/p>\n<p class=\"p1\">Dopo la <strong>Legge dei 33<\/strong> anni abbiamo, infatti, quella della ripetizione del <strong>666<\/strong>.<\/p>\n<blockquote><p>A chi guarda come l\u2019apocalista, gli avvenimenti mondiali paiono come un fluttuare continuo: <strong>in periodi di 666 anni la Bestia si solleva<\/strong> minacciando il cristianesimo nella sua ricerca verso la vera umanit\u00e0; Sorat si risolleva facendo valere la bestialit\u00e0 contro l\u2019umanit\u00e0 <i>(Rudolf Steiner, Conferenze e corso sull\u2019operare religioso-cristiano \u2013 Vol. V, Apocalisse e agire sacerdotale, O.O. 346).<\/i><\/p><\/blockquote>\n<p class=\"p1\">Ebbene, con il <strong>1998<\/strong> ci troviamo di fronte al <span class=\"s3\"><b>terzo 666.<\/b><\/span><\/p>\n<p class=\"p1\"><b><\/b>Il 1998 principia con una catena di eventi che prende le mosse dalla famosa <span class=\"s3\"><b>\u201cGuerra al terrorismo\u201d<\/b><\/span>, iniziata a partire dall\u2019<span class=\"s3\"><b>11 settembre&nbsp;2001<\/b><\/span>&nbsp;\u2013 dunque solo&nbsp;<span class=\"s3\"><b>tre anni dopo il 1998<\/b><\/span>&nbsp;\u2013 che possiamo considerare come un primissimo embrione della<span class=\"s3\"><b> \u201cGuerra di tutti contro tutti\u201d.<\/b><\/span><\/p>\n<p class=\"p1\"><span class=\"s3\">Ci troviamo difatti di fronte a scelte geopolitiche basate su di una teoria &#8211; del tutto inventata &#8211; profondamente razzista: il famoso <strong>Scontro di civilt\u00e0<\/strong>, la tesi enunciata da <strong>Samuel P. Huntington<\/strong>, secondo cui le identit\u00e0 culturali e religiose delle persone costituirebbero la principale fonte di conflitto nel periodo successivo alla guerra fredda.<\/span><\/p>\n<p class=\"p1\"><span class=\"s3\">Secondo la teoria di <strong>Huntington <\/strong>&#8211; presentata nel 1992 in una conferenza tenuta presso l&#8217;<em>American Enterprise Institute<\/em> &#8211; infatti, le guerre future non verrebbero combattute tra Paesi, ma tra culture.<\/span><\/p>\n<p class=\"p1\">Come si vede, una palese negazione dello spirito micaelita, in armonia con il quale nell&#8217;epoca dell&#8217;Anima Cosciente deve venir superato ogni particolarismo di razza, nazione e cultura.<\/p>\n<p class=\"p11\">Si noti,<em> en passant<\/em>, che sono solo 3 gli anni che, divisi per 3, danno come risultato 666, ovvero: <span class=\"s3\"><b>1998, 1999 e 2000<\/b><\/span>:<\/p>\n<p><b><a class=\"fasc-button fasc-size-large fasc-type-flat\" style=\"background-color: #a1031b; color: #ffffff;\">1998\/3 = 666&nbsp;<br \/>\n1999\/3 = 666,333<br \/>\n2000\/3 = 666,666<\/a><\/b><\/p>\n<p class=\"p3\">Ma fu lo stesso<b> Steiner <\/b>&#8211; quasi un secolo prima &#8211; a parlare esplicitamente&nbsp;del&nbsp;<b>1998 <\/b>in modo<b>&nbsp;estremamente&nbsp;profetico:<\/b><\/p>\n<blockquote>\n<p class=\"p1\"><i>Dopo il grande progresso di quel che si oppone alla spiritualizzazione della moderna civilt\u00e0, dopo che c\u2019\u00e8 stato il&nbsp;<\/i><span class=\"s3\"><b><i>secondo 666&nbsp;<\/i><\/b><\/span><i>nel segno di quel grande sconvolgimento in Europa apportato dalle crociate e che ha trovato la sua espressione esteriore nella comparsa e nel tramonto dell\u2019ordine templare, continua ad operare tutto quello che dal Genio solare s\u2019impegna a creare il vero cristianesimo. Ma continua ad operare anche quello che da parte di&nbsp;<\/i><span class=\"s3\"><b><i>Sorat<\/i><\/b><\/span><i>&nbsp;s\u2019impegna a combatterlo.&nbsp;<\/i><span class=\"s3\"><b><i>Abbiamo cos\u00ec l\u2019epoca del terzo 666: il 1998<\/i><\/b><\/span><i>. Arriviamo alla fine di questo secolo, quando&nbsp;<\/i><span class=\"s3\"><strong><i>S<\/i><\/strong><b><i>orat, nel modo pi\u00f9 forte, alzer\u00e0 di nuovo la sua testa dai flutti dell\u2019evoluzione<\/i><\/b><\/span><i>, quando sar\u00e0 l\u2019antagonista di quella visione del Cristo che gli uomini avranno con l\u2019apparizione del Cristo eterico, apparizione a cui si sono preparati gi\u00e0 nella prima met\u00e0 del ventesimo secolo. (Ibid.).<\/i><\/p>\n<\/blockquote>\n<p class=\"p11\">Dalle sue parole sembrerebbe, pertanto, che dal&nbsp;<span class=\"s3\"><b>1998<\/b>&nbsp;<\/span>siamo di fronte a quello che egli defin\u00ec come<b> l\u2019inizio della<\/b><span class=\"s3\"><b>&nbsp;grande battaglia di fine secolo.<\/b><\/span><\/p>\n<figure id=\"attachment_85850\" aria-describedby=\"caption-attachment-85850\" style=\"width: 397px\" class=\"wp-caption alignleft\"><img loading=\"lazy\" decoding=\"async\" class=\"wp-image-85850\" src=\"https:\/\/www.liberopensare.com\/wp-content\/uploads\/2025\/12\/Le-Macchine-300x300.webp\" alt=\"\" width=\"397\" height=\"397\" srcset=\"https:\/\/www.liberopensare.com\/wp-content\/uploads\/2025\/12\/Le-Macchine-300x300.webp 300w, https:\/\/www.liberopensare.com\/wp-content\/uploads\/2025\/12\/Le-Macchine-150x150.webp 150w, https:\/\/www.liberopensare.com\/wp-content\/uploads\/2025\/12\/Le-Macchine-768x768.webp 768w, https:\/\/www.liberopensare.com\/wp-content\/uploads\/2025\/12\/Le-Macchine-12x12.webp 12w, https:\/\/www.liberopensare.com\/wp-content\/uploads\/2025\/12\/Le-Macchine.webp 990w\" sizes=\"(max-width: 397px) 100vw, 397px\" \/><figcaption id=\"caption-attachment-85850\" class=\"wp-caption-text\"><a href=\"https:\/\/agribioshop.it\/products\/le-macchine-e-lo-spirito-umano-paul-emberson?utm_source=liberopensare&amp;utm_medium=blog\" target=\"_blank\" rel=\"noopener\"><span style=\"color: #800000;\"><strong>ACQUISTALO QUI<\/strong><\/span><\/a><\/figcaption><\/figure>\n<p class=\"p11\">Per inquadrare meglio la questione ricordiamo che Il <span class=\"s3\"><b>1998&nbsp;<\/b><\/span>fu&nbsp;<b>anno di&nbsp;<\/b><span class=\"s3\"><b>nascita di&nbsp;<\/b><b><i>Google<\/i><\/b><\/span>, il motore di ricerca globale che ci rimanda all\u2019immagine di quel&nbsp;<span class=\"s3\"><b>mostruoso ragno intelligente<\/b><\/span>&nbsp;che abbraccia tutta la Terra \u2013&nbsp;e&nbsp;del&nbsp;<span class=\"s3\"><b>Progetto Genoma Umano.&nbsp;<\/b><\/span><\/p>\n<p class=\"p11\">Sempre nel&nbsp;<span class=\"s3\"><b>1998<\/b><\/span>,&nbsp;<b>Kevin Warwick<\/b>, professore di cibernetica alla&nbsp;<i>Reading University<\/i>, si impiant\u00f2 un&nbsp;<em>chip<\/em>&nbsp;nella mano per&nbsp;avallare&nbsp;l\u2019idea transumanista che&nbsp;<span class=\"s3\"><b>fondere&nbsp;corpo e macchina<\/b><\/span> \u00e8 il passo successivo nell\u2019evoluzione dell\u2019umanit\u00e0, cosa che, peraltro, sappiamo essere inevitabile.&nbsp;<\/p>\n<p class=\"p11\">E ancora: solo due anni prima, nel <span class=\"s3\"><b>1996<\/b><\/span>, nasceva la&nbsp;<span class=\"s3\"><b>pecora Dolly<\/b><\/span>&nbsp;al&nbsp;<i>Roslin&nbsp;Institute<\/i>&nbsp;in Scozia, mentre&nbsp;il&nbsp;<span class=\"s3\"><b>primo clone umano ibrido<\/b><\/span>&nbsp;(creato dalla cellula di una gamba&nbsp;umana&nbsp;e dall\u2019ovulo&nbsp;di una mucca) \u00e8 stato creato nel novembre&nbsp;<span class=\"s3\"><b>1998&nbsp;<\/b><\/span>dall\u2019<i>American Cell Technologies.<\/i><\/p>\n<p>Prosegue <strong>Steiner<\/strong>:<\/p>\n<blockquote>\n<p class=\"p11\"><i>Nel corso dei&nbsp;<\/i><b><i>primi 666 anni<\/i><\/b><i>&nbsp;Sorat&nbsp;era ancora celato nello svolgimento evolutivo degli eventi. Non lo si vedeva in una figura esteriore, viveva dentro ai fatti dell\u2019arabismo; solo l\u2019iniziato era in grado di vederlo.&nbsp;Passati i&nbsp;<\/i><b><i>secondi 666 anni<\/i><\/b><i>, si \u00e8 gi\u00e0 mostrato nel pensare e nel sentire dei Templari torturati.&nbsp;<\/i><span class=\"s3\"><b><i>Ancor prima del termine di questo secolo egli si mostrer\u00e0 manifestandosi in numerosi uomini come quella entit\u00e0 da cui essi sono posseduti.&nbsp;<\/i><\/b><\/span><i>Si vedranno arrivare&nbsp;<\/i><span class=\"s3\"><b><i>uomini di cui non si potr\u00e0 credere che siano veri uomini<\/i><\/b><i>.<\/i><\/span><i>&nbsp;Anche esteriormente si svilupperanno in un modo particolare, esteriormente saranno&nbsp;<\/i><b><i>nature intensamente forti con tratti furiosi, con rabbia distruttiva nelle loro emozioni<\/i><\/b><i>. Avranno sembianze in cui esteriormente si vedr\u00e0 una sorta di sembianza animale.&nbsp;Gli uomini-Sorat&nbsp;saranno riconoscibili anche esteriormente, saranno quelli che non solo&nbsp;<\/i><b><i>si beffano nel modo pi\u00f9 spaventoso di quel che \u00e8 spirituale, ma lo combattono e lo infangano.<\/i><\/b><i>&nbsp;(Ibid).<\/i><\/p>\n<\/blockquote>\n<p class=\"p11\">Partendo dalla considerazione che l\u2019azione di&nbsp;<b>Sorat&nbsp;<\/b>tende a manifestarsi in una finestra di circa 50 anni&nbsp;&#8211; 25 anni prima e 25 anni dopo&nbsp;del&nbsp;666mo&nbsp;anno \u2013 la fine della terza finestra&nbsp;soratica&nbsp;viene confermata anche dalla conclusione dell\u2019esperimento globale del&nbsp;<span class=\"s3\"><b>Covid-19<\/b><\/span>&nbsp;culminato nel cosiddetto&nbsp;<span class=\"s3\"><b>vaccino mRNA<\/b><\/span>.<\/p>\n<p class=\"p11\">Osserviamo allora queste \u201cfinestre\u201d:<\/p>\n<p><b><a class=\"fasc-button fasc-size-large fasc-type-flat fasc-style-bold\" style=\"background-color: #a1031b; color: #ffffff;\">641 &#8211; 666 &#8211; 691 (Gondishapur)<br \/>\n1307 &#8211; 1332 &#8211; 1357 (Fine dei Templari)<br \/>\n1973 -1998 &#8211; 2023 (Inganno globale)<\/a><\/b><\/p>\n<p><b>&nbsp;<\/b><b><\/b>Nella&nbsp;<span class=\"s3\">terza comparsa di&nbsp;<b>Sorat<\/b><\/span>, nella finestra&nbsp;<span class=\"s3\"><b>1973-2023<\/b><\/span>, con centro nel&nbsp;<span class=\"s3\"><b>1998<\/b><\/span>, sono le <strong>menzogne<\/strong> ed i&nbsp;<span class=\"s3\"><b>pensieri falsi sul mondo materiale, sulla\u202ftecnologia e sul denaro, sul clima e sulla salute<\/b><\/span>&nbsp;a costituire l\u2019atmosfera della manifestazione del demone solare.<\/p>\n<p class=\"p11\">Interessante anche notare che questo primo trentennio del XXI secolo sembra ripetere le logiche del primo trentennio del secolo scorso, con <b>pandemie, crisi economiche, guerre e&nbsp;totalitarismi emergenti.<\/b><\/p>\n<p>&nbsp;<\/p>\n<p><img loading=\"lazy\" decoding=\"async\" class=\"alignnone wp-image-86044\" src=\"https:\/\/www.liberopensare.com\/wp-content\/uploads\/2025\/12\/866e22fe-cf8a-464d-b00f-2a67ffa5ed0d-300x200.png\" alt=\"\" width=\"908\" height=\"605\" srcset=\"https:\/\/www.liberopensare.com\/wp-content\/uploads\/2025\/12\/866e22fe-cf8a-464d-b00f-2a67ffa5ed0d-300x200.png 300w, https:\/\/www.liberopensare.com\/wp-content\/uploads\/2025\/12\/866e22fe-cf8a-464d-b00f-2a67ffa5ed0d-18x12.png 18w, https:\/\/www.liberopensare.com\/wp-content\/uploads\/2025\/12\/866e22fe-cf8a-464d-b00f-2a67ffa5ed0d.png 600w\" sizes=\"(max-width: 908px) 100vw, 908px\" \/><\/p>\n<p class=\"p11\">Ricordiamo, infatti:<\/p>\n<p class=\"p11\"><b>&#8211; Crisi economiche (<\/b><span class=\"s3\"><b>1929 e 2008<\/b><\/span><b>) <\/b><\/p>\n<p class=\"p11\"><b><\/b><span class=\"s7\"><b>&#8211; Totalitarismi (1900 e 2000: <\/b><\/span><span class=\"s1\"><b>fascismo,&nbsp;nazismo e comunismo allora e&nbsp;societ\u00e0 del controllo globale oggi<\/b><\/span><span class=\"s7\"><b>) <\/b><\/span><\/p>\n<p class=\"p11\"><b>&#8211; Pandemie (<\/b><span class=\"s3\"><b>1918 e 2019<\/b><\/span><b>).<\/b><\/p>\n<p><img loading=\"lazy\" decoding=\"async\" class=\"alignnone wp-image-86047\" src=\"https:\/\/www.liberopensare.com\/wp-content\/uploads\/2025\/12\/12eco-229x300.png\" alt=\"\" width=\"758\" height=\"993\" srcset=\"https:\/\/www.liberopensare.com\/wp-content\/uploads\/2025\/12\/12eco-229x300.png 229w, https:\/\/www.liberopensare.com\/wp-content\/uploads\/2025\/12\/12eco-9x12.png 9w, https:\/\/www.liberopensare.com\/wp-content\/uploads\/2025\/12\/12eco.png 600w\" sizes=\"(max-width: 758px) 100vw, 758px\" \/><\/p>\n<p class=\"p11\">Nella copertina dell\u2019<em>Economist<\/em> del 17 Giugno 2020, poco dopo l\u2019inizio dell\u2019impostura pandemica sono raffigurati i&nbsp; membri di una famiglia-tipo come spettatori della catastrofe prossima ventura.<\/p>\n<p class=\"p11\">Alle spalle di pap\u00e0, mamma e figliolo \u2013 gi\u00e0 attrezzati per la guerra chimica o convenzionale \u2013 vediamo nell\u2019ordine le immagini delle possibili catastrofi in arrivo: dalla <b>peste suina<\/b>&nbsp;alle&nbsp;<b>eruzioni vulcaniche<\/b>, dallo&nbsp;<b>scioglimento dei poli&nbsp;<\/b>al&nbsp;<b>meteorite killer<\/b>, dall\u2019<b>orologio dell\u2019Armageddon<\/b>&nbsp;ai&nbsp;<b>virus mortali<\/b>, dalla&nbsp;<b>guerra atomica&nbsp;<\/b>alle&nbsp;<b>tempeste solari<\/b>.<\/p>\n<p>Questo \u00e8 evidentemente il messaggio per immagini che le \u00e9lite &#8211; e le fratellanze oscure che le dirigono &#8211; intendono dare alle popolazioni mondiali per farle vivere nell&#8217;angoscia e nella paura onde controllarle e dominarle meglio.<\/p>\n<blockquote><p><em><span class=\"TextRun SCXW232791080 BCX0\" lang=\"IT-IT\" xml:lang=\"IT-IT\" data-contrast=\"none\"><span class=\"NormalTextRun SCXW232791080 BCX0\">All&#8217; interno di certe comunit\u00e0 bisogna imparare a spiegare le cose per immagini, a usare immagini, a usare paragoni, a usare metafore. \u00c8 un&#8217;<\/span><\/span><span class=\"TextRun MacChromeBold SCXW232791080 BCX0\" lang=\"IT-IT\" xml:lang=\"IT-IT\" data-contrast=\"none\"><span class=\"NormalTextRun SCXW232791080 BCX0\">arte particolare, che viene molto esercitata in <strong>oscure confraternite<\/strong><\/span><\/span><span class=\"TextRun SCXW232791080 BCX0\" lang=\"IT-IT\" xml:lang=\"IT-IT\" data-contrast=\"none\"><span class=\"NormalTextRun SCXW232791080 BCX0\">. Ma non \u00e8 affatto necessa<\/span><span class=\"NormalTextRun SCXW232791080 BCX0\">ri<\/span><span class=\"NormalTextRun SCXW232791080 BCX0\">o far parte prop<\/span><span class=\"NormalTextRun SCXW232791080 BCX0\">ri<\/span><span class=\"NormalTextRun SCXW232791080 BCX0\">o di un&#8217;oscura confraternita, per esercitare quest&#8217;arte. Si pu\u00f2 dipendere da confraternite oscure in un modo o nell&#8217;altro, maga<\/span><span class=\"NormalTextRun SCXW232791080 BCX0\">ri<\/span><span class=\"NormalTextRun SCXW232791080 BCX0\"><strong> senza nemmeno saperlo<\/strong>, e allora ci si pu\u00f2 avvalere di capacit\u00e0 del genere (Rudolf Steiner,&nbsp;Il Karma della non Veridicit\u00e0&nbsp;O.O.&nbsp;174b).<\/span><\/span><span class=\"EOP SCXW232791080 BCX0\" data-ccp-props=\"{}\">&nbsp;<\/span><\/em><\/p>\n<p>&nbsp;<\/p><\/blockquote>\n<ol>\n<li><em>Continua&#8230;<\/em><\/li>\n<\/ol>\n<p><em>17 Dicembre 2025<\/em><\/p>","protected":false},"excerpt":{"rendered":"<p>di Piero Cammerinesi Grazie alle indicazioni ed alle ricerche di Rudolf Steiner ci \u00e8 stata offerta l&#8217;opportunit\u00e0 di indagare i profondi enigmi della storia umana nonch\u00e9 di svelarne alcuni che, altrimenti, resterebbero nascosti. Tuttavia, la maggior parte delle persone utilizza le sue analisi ed i suoi risultati unicamente per il passato, ovvero sino al momento [&hellip;]<\/p>\n","protected":false},"author":2,"featured_media":86049,"comment_status":"closed","ping_status":"closed","sticky":false,"template":"","format":"standard","meta":{"footnotes":""},"categories":[13,5162],"tags":[7193,851,2112,234,63,1464,2803],"class_list":["post-85833","post","type-post","status-publish","format-standard","has-post-thumbnail","hentry","category-articoli-news","category-spiritualita","tag-alexander-dubcek","tag-evidenza","tag-fond","tag-piero-cammerinesi","tag-rudolf-steiner","tag-saddam-hussein","tag-samuel-p-huntington"],"_links":{"self":[{"href":"https:\/\/www.liberopensare.com\/en\/wp-json\/wp\/v2\/posts\/85833","targetHints":{"allow":["GET"]}}],"collection":[{"href":"https:\/\/www.liberopensare.com\/en\/wp-json\/wp\/v2\/posts"}],"about":[{"href":"https:\/\/www.liberopensare.com\/en\/wp-json\/wp\/v2\/types\/post"}],"author":[{"embeddable":true,"href":"https:\/\/www.liberopensare.com\/en\/wp-json\/wp\/v2\/users\/2"}],"replies":[{"embeddable":true,"href":"https:\/\/www.liberopensare.com\/en\/wp-json\/wp\/v2\/comments?post=85833"}],"version-history":[{"count":5,"href":"https:\/\/www.liberopensare.com\/en\/wp-json\/wp\/v2\/posts\/85833\/revisions"}],"predecessor-version":[{"id":86275,"href":"https:\/\/www.liberopensare.com\/en\/wp-json\/wp\/v2\/posts\/85833\/revisions\/86275"}],"wp:featuredmedia":[{"embeddable":true,"href":"https:\/\/www.liberopensare.com\/en\/wp-json\/wp\/v2\/media\/86049"}],"wp:attachment":[{"href":"https:\/\/www.liberopensare.com\/en\/wp-json\/wp\/v2\/media?parent=85833"}],"wp:term":[{"taxonomy":"category","embeddable":true,"href":"https:\/\/www.liberopensare.com\/en\/wp-json\/wp\/v2\/categories?post=85833"},{"taxonomy":"post_tag","embeddable":true,"href":"https:\/\/www.liberopensare.com\/en\/wp-json\/wp\/v2\/tags?post=85833"}],"curies":[{"name":"wp","href":"https:\/\/api.w.org\/{rel}","templated":true}]}}