{"id":89336,"date":"2026-09-06T10:57:57","date_gmt":"2026-09-06T08:57:57","guid":{"rendered":"https:\/\/www.liberopensare.com\/?p=89336"},"modified":"2026-09-06T11:10:02","modified_gmt":"2026-09-06T09:10:02","slug":"dallanarchia-allimpero-e-ritorno","status":"publish","type":"post","link":"https:\/\/www.liberopensare.com\/en\/dallanarchia-allimpero-e-ritorno\/","title":{"rendered":"Dall\u2019Anarchia all\u2019Impero e Ritorno"},"content":{"rendered":"<pre><em>di Alexander Dugin<\/em><\/pre>\n<p><i>In questo estratto dal libro<\/i><a href=\"https:\/\/arktos.com\/product\/julius-evola-political-traditionalism\/\" target=\"_blank\" rel=\"noopener\"><i> <\/i><b><i>Julius Evola: Tradizionalismo politico<\/i><\/b><\/a><i>, <strong>Alexander Dugin<\/strong> esamina il concetto di \u00abindividuo differenziato\u00bb di <strong>Evola<\/strong>, sostenendo che i suoi passaggi dall\u2019anarchismo di destra all\u2019imperialismo pagano riflettono risposte mutevoli al mondo esterno piuttosto che un cambiamento nella sua visione tradizionalista fondamentale.<\/i><\/p>\n<p style=\"text-align: center;\">* * *<\/p>\n<p>Nel suo libro <em>Cavalcare la Tigre<\/em>, il compianto <strong>Evola<\/strong> scrisse che, nelle condizioni di completo degrado del mondo del dopoguerra, all\u2019avvicinarsi del punto ciclico pi\u00f9 basso della storia umana, in una situazione in cui la stessa possibilit\u00e0 di una Rivoluzione Conservatrice era stata esclusa, agli \u00abindividui differenziati\u00bb, cio\u00e8 a coloro che interiormente appartengono al mondo della Tradizione, piuttosto che al mondo moderno desacralizzato, restava una sola opzione: il \u00abfronte delle catacombe\u00bb, un tentativo disperato di trasformare il veleno in medicina attraverso il rifiuto personale dell\u2019esistenza perversa che li circondava.<\/p>\n<figure id=\"attachment_89345\" aria-describedby=\"caption-attachment-89345\" style=\"width: 479px\" class=\"wp-caption alignleft\"><img fetchpriority=\"high\" decoding=\"async\" class=\"wp-image-89345\" src=\"https:\/\/www.liberopensare.com\/wp-content\/uploads\/2026\/09\/cavalcare-la-tigre.jpg\" alt=\"\" width=\"479\" height=\"685\" srcset=\"https:\/\/www.liberopensare.com\/wp-content\/uploads\/2026\/09\/cavalcare-la-tigre.jpg 200w, https:\/\/www.liberopensare.com\/wp-content\/uploads\/2026\/09\/cavalcare-la-tigre-8x12.jpg 8w\" sizes=\"(max-width: 479px) 100vw, 479px\" \/><figcaption id=\"caption-attachment-89345\" class=\"wp-caption-text\"><a href=\"https:\/\/www.ilgiardinodeilibri.it\/libri\/__cavalcare-la-tigre.php?id=20855&amp;pn=4507\" target=\"_blank\" rel=\"noopener\"><strong>ACQUISTALO QUI CON IL 5% DI SCONTO<\/strong><\/a><\/figcaption><\/figure>\n<p><strong>Evola<\/strong> trasse dalla sua vita attiva, intensa, tragica ed eroica la consapevolezza dell\u2019impossibilit\u00e0 di realizzare gli ideali tradizionalisti e conservatori-rivoluzionari nel mondo moderno: ovunque le forze antidemocratiche e anticomuniste riuscissero a prevalere, esse rimanevano in gran parte sorde al sacro e non compivano alcun serio tentativo di un autentico restaurazione della Tradizione. I veri tradizionalisti continuarono a rimanere ai margini per tutta la breve storia degli Stati della Terza Via.<\/p>\n<p>A seguito di numerose manipolazioni di vari concetti conservatori-rivoluzionari a livello ideologico, di partito, politico e persino culturale, divenne impossibile separare il grano dalla paglia, la verit\u00e0 dall\u2019imitazione.<\/p>\n<p>I valori \u00abdi destra\u00bb, che avrebbero dovuto essere vicini ai tradizionalisti, finirono per essere identificati con il capitalismo o con gli interessi della burocrazia statale, mentre tra i valori \u00abdi sinistra\u00bb, che avrebbero dovuto essere del tutto estranei ai tradizionalisti, emersero motivi di critica equa, accurata e profonda alla civilt\u00e0 moderna antitradizionale.<\/p>\n<p>Cos\u00ec, i rapporti tra \u00abdestra\u00bb e \u00absinistra\u00bb si sono spostati e sono diventati sfocati.<\/p>\n<p>Inoltre, le forze \u00absovversive\u00bb della contro-iniziazione \u2014 quella misteriosa organizzazione che, secondo i tradizionalisti, controlla i processi negativi della civilt\u00e0 \u2014 cercano di avvalersi del controllo intellettuale, finanziario e propagandistico per mettere al proprio servizio una vasta gamma di concetti, distorcendone il significato originale in base alle proprie esigenze.<\/p>\n<p>Pertanto, <strong>Evola<\/strong> giunse infine alla conclusione che <strong>l\u2019unico criterio di autenticit\u00e0 per una persona che intenda opporsi al mondo moderno \u00e8 la qualit\u00e0 della differenziazione interiore e un rifiuto organico di tutti i valori della civilt\u00e0 contemporanea, di tutti i suoi miti e slogan, di tutte le sue pseudo-santit\u00e0 e pseudo-leggi<\/strong>. L\u2019esito tragico dei tentativi falliti di Rivoluzione Conservatrice in Europa conferm\u00f2 ancora una volta la necessit\u00e0 della fase iniziale di \u00abnegazione totale\u00bb che lo stesso <strong>Evola<\/strong> aveva sperimentato nella pratica durante la sua giovinezza dadaista.<\/p>\n<p>Questa centralit\u00e0 del tipo puro di \u00abindividuo differenziato\u00bb, al di l\u00e0 dell\u2019appartenenza a partiti o gruppi, al di l\u00e0 della \u00abdestra\u00bb e della \u00absinistra\u00bb, si manifest\u00f2, in particolare, nel fatto che molti seguaci italiani di <strong>Evola<\/strong>, a partire dagli anni \u201960, scelsero la via dell\u2019anarchismo di destra. Questa interpretazione dei concetti di <strong>Evola<\/strong> non era affatto un eccesso n\u00e9 un allontanamento dal tradizionalismo ortodosso.<\/p>\n<p>Al contrario, la scomparsa degli ultimi residui della Tradizione dal campo della civilt\u00e0, la vittoria completa delle forze antisacre, cosmopolite e sovversive su tutto il pianeta, e la totalit\u00e0 della dittatura ideologica del sistema \u2014 tutto ci\u00f2 costrinse le persone fedeli alla logica della Rivoluzione Conservatrice, cio\u00e8 alla rivoluzione contro il mondo dell\u2019anti-Tradizione e per la salvaguardia del mondo della Tradizione, a radicalizzare l\u2019aspetto negativo e rivoluzionario delle loro dottrine, fino ad adottare una posizione anarchica estrema. Ma questo anarchismo degli individui differenziati differisce dall\u2019anarchismo ordinario in quanto percepisce la negazione totale come un superamento eroico: al di l\u00e0 dei limiti della negazione stessa non si trova un abisso, bens\u00ec l\u2019orizzonte del mondo positivo e splendente dello spirito, il mondo della Tradizione, il mondo dell\u2019Assoluto.<\/p>\n<figure id=\"attachment_89235\" aria-describedby=\"caption-attachment-89235\" style=\"width: 496px\" class=\"wp-caption alignright\"><img decoding=\"async\" class=\"wp-image-89235\" src=\"https:\/\/www.liberopensare.com\/wp-content\/uploads\/2026\/08\/JvH-214x300.jpg\" alt=\"\" width=\"496\" height=\"695\" srcset=\"https:\/\/www.liberopensare.com\/wp-content\/uploads\/2026\/08\/JvH-214x300.jpg 214w, https:\/\/www.liberopensare.com\/wp-content\/uploads\/2026\/08\/JvH-9x12.jpg 9w, https:\/\/www.liberopensare.com\/wp-content\/uploads\/2026\/08\/JvH.jpg 731w\" sizes=\"(max-width: 496px) 100vw, 496px\" \/><figcaption id=\"caption-attachment-89235\" class=\"wp-caption-text\"><a href=\"https:\/\/edizioniartemis.it\/prodotti\/rudolf-steiner-maestro-della-loggia-bianca\/ref\/3\/\" target=\"_blank\" rel=\"noopener\"><strong>NOVIT\u00c0! ACQUISTALO QUI IN PREVENDITA PER POCHI GIORNI CON IL 15% DI SCONTO!<\/strong><\/a><\/figcaption><\/figure>\n<p>Alcuni studiosi dell\u2019opera di <strong>Julius Evola<\/strong>, in particolare <strong>Philippe Baillet<\/strong>, traduttore dei suoi libri in francese e profondo conoscitore delle opere e della vita di <strong>Evola<\/strong>, ritenevano che l\u2019\u00abimperialismo pagano\u00bb, o pi\u00f9 precisamente la figura dell\u2019imperialista pagano, fosse in un certo senso l\u2019antitesi dell\u2019\u00abuomo differenziato\u00bb del libro <em>Cavalcare la tigre<\/em> il quale, a sua volta, \u00e8 molto pi\u00f9 vicino al primo periodo dadaista. <a href=\"https:\/\/alexanderdugin.substack.com\/p\/from-anarchy-to-empire-and-back-again?utm_source=post-email-title&amp;publication_id=2827487&amp;post_id=214277888&amp;utm_campaign=email-post-title&amp;isFreemail=true&amp;r=dx4y&amp;triedRedirect=true&amp;utm_medium=email#footnote-1\" target=\"_blank\" rel=\"noopener\"><sup>1<\/sup><\/a> Infatti, se ripercorriamo le tappe della vita del barone <strong>Evola<\/strong>, vedremo che la logica del percorso dall\u2019anarchico di destra all\u2019imperialista pagano e di nuovo all\u2019anarchico di destra non \u00e8 n\u00e9 un circolo vizioso del destino, n\u00e9 un segno di degrado, n\u00e9 una rinuncia rispetto al Tradizionalismo.<\/p>\n<p>In tutti i casi, abbiamo a che fare con lo stesso tipo di personalit\u00e0 umana: l\u2019\u00abuomo differenziato\u00bb. Questo tipo \u00e8 un punto di riferimento fondamentale e immutabile, una sorta di presenza \u00abnon umana\u00bb all\u2019interno di una personalit\u00e0 puramente umana, la presenza di una forza superiore e spontanea proveniente dall\u2019alto. Nella storia e nel corso del tempo, non \u00e8 questo tipo in s\u00e9 a cambiare, ma il mondo esterno ad esso, e questi cambiamenti esterni provocano reazioni corrispondenti, che variano a seconda delle circostanze.<\/p>\n<p>In un periodo in cui nella civilt\u00e0 sono evidenti processi antisacri, antitradizionali e antispirituali, quando tali processi iniziano a prevalere, l\u2019\u00abindividuo differenziato\u00bb sottolinea il proprio rifiuto del mondo esterno, la propria negazione, il proprio anarchismo, il proprio \u00abno\u00bb. E qui non stiamo parlando delle tendenze distruttive o creative di una natura o di un\u2019altra, ma di una reazione fondamentale e profonda che \u00e8 praticamente impossibile da imitare o calcolare. In questo caso, non importa se una persona proponga o meno valori alternativi: pu\u00f2 trovarsi in una situazione in cui non \u00e8 in grado di trovare forme intellettuali o culturali adeguate per esprimere i propri ideali interiori.<\/p>\n<p><strong>L\u2019unica cosa che conta \u00e8 che rifiuti organicamente il mondo desacralizzato e si rifiuti di obbedire alle sue leggi, di riconoscerne le priorit\u00e0 o di soccombere all\u2019ipnosi delle sue esortazioni e minacce.<\/strong><\/p>\n<p>Ma, a differenza dei nichilisti puri, a differenza degli anarchici di sinistra, al minimo segno di processi inversi di restaurazione spirituale nel mondo esterno, orientati al ritorno alla Tradizione, al ritorno al sacro, l\u2019\u00abuomo differenziato\u00bb scopre immediatamente il lato affermativo e creativo della sua natura interiore, rivela il suo grande \u00abs\u00ec\u00bb interiore, l\u2019\u00abeterno s\u00ec dell\u2019essere\u00bb (<em>ewige Ja des Seins<\/em>), come scriveva <strong>Nietzsche<\/strong>.<\/p>\n<p>In un momento simile, il mondo esterno, nel tentativo di far rivivere la propria sacralit\u00e0 perduta, suggerisce inevitabilmente all\u2019\u00abuomo differenziato\u00bb termini costruttivi per esprimere la sua posizione, che a volte possono risultare imprecisi o pragmatici, ma che in ogni caso riflettono un profondo impulso sacro \u2014 vivo, concreto e organico.<\/p>\n<p>Cos\u00ec, l\u2019\u00abuomo differenziato\u00bb diventa il creatore e il difensore dell\u2019impero quando le tendenze verso il ripristino dell\u2019ordine sacro \u2014 il cui simbolo supremo \u00e8 l\u2019impero sacro \u2014 spezzano l\u2019unidirezionalit\u00e0 dei processi di involuzione storica, degrado e decadenza civilizzativa, quando forze nuove e fresche si levano contro il \u00abtramonto dell\u2019Europa\u00bb.<\/p>\n<figure id=\"attachment_89350\" aria-describedby=\"caption-attachment-89350\" style=\"width: 474px\" class=\"wp-caption alignleft\"><img decoding=\"async\" class=\"wp-image-89350\" src=\"https:\/\/www.liberopensare.com\/wp-content\/uploads\/2026\/09\/coraggio-guarire-stefano-manera-libro-199x300.jpg\" alt=\"\" width=\"474\" height=\"715\" srcset=\"https:\/\/www.liberopensare.com\/wp-content\/uploads\/2026\/09\/coraggio-guarire-stefano-manera-libro-199x300.jpg 199w, https:\/\/www.liberopensare.com\/wp-content\/uploads\/2026\/09\/coraggio-guarire-stefano-manera-libro-8x12.jpg 8w, https:\/\/www.liberopensare.com\/wp-content\/uploads\/2026\/09\/coraggio-guarire-stefano-manera-libro.jpg 446w\" sizes=\"(max-width: 474px) 100vw, 474px\" \/><figcaption id=\"caption-attachment-89350\" class=\"wp-caption-text\"><a href=\"https:\/\/www.ilgiardinodeilibri.it\/libri\/__coraggio-guarire-stefano-manera-libro.php?id=230529&amp;pn=4507\" target=\"_blank\" rel=\"noopener\"><strong>ACQUISTALO QUI CON IL 5% DI SCONTO<\/strong><\/a><\/figcaption><\/figure>\n<p>Tenendo conto di tutto ci\u00f2, si pu\u00f2 affermare inequivocabilmente che i cambiamenti ideologici nella visione del mondo di <strong>Julius Evola<\/strong> non riflettono il suo percorso privato e individuale, ma il destino dell\u2019archetipo, il destino dell\u2019\u00abuomo differenziato\u00bb per eccellenza, la logica della tragica lotta del difensore della Tradizione nella nostra epoca oscura.<\/p>\n<p>Quando i tentativi di attuare una Rivoluzione Conservatrice a livello esterno falliscono, quando le forze antisacre ricominciano a dominare completamente, senza lasciare alcuna possibilit\u00e0 esterna di resistenza, allora i motivi anarchici tornano ad essere rilevanti, e la negazione si impone ancora una volta, ancora pi\u00f9 decisiva e assoluta, temperata dall\u2019esperienza delle speranze deluse.<\/p>\n<p>Ma anche questo \u00abno\u00bb non \u00e8 definitivo e irrevocabile.<\/p>\n<p>L\u2019\u00abindividuo differenziato\u00bb non pu\u00f2 cambiare la propria natura interiore e diventare un nichilista classico. Non appena si presenter\u00e0 la prima occasione per cambiare nuovamente la situazione esterna, una grande forza creativa si aprir\u00e0 al di l\u00e0 dell\u2019anarchismo: una forza immanente e concreta, globale e onnicomprensiva, per la creazione di un nuovo impero o per la restaurazione di uno antico, eterno, unico.<\/p>\n<p><a href=\"https:\/\/alexanderdugin.substack.com\/p\/from-anarchy-to-empire-and-back-again?utm_source=post-email-title&amp;publication_id=2827487&amp;post_id=214277888&amp;utm_campaign=email-post-title&amp;isFreemail=true&amp;r=dx4y&amp;triedRedirect=true&amp;utm_medium=email#footnote-anchor-1\" target=\"_blank\" rel=\"noopener\"><u>1 <\/u><\/a>Philippe Baillet, \u00abUn viatico per l\u2019uomo nobile quando non c\u2019\u00e8 pi\u00f9 nulla da amare\u00bb in Julius Evola, Chevaucher le tigre (Parigi: Guy Tr\u00e9daniel, 1982).<\/p>\n<p><b>Estratto dal libro: <i>Julius Evola: Tradizionalismo politico<\/i>.<\/b><\/p>\n<p>In questo volume di riferimento, <b>Alexander Dugin<\/b> presenta un ampio panorama della vita, delle opere e della controversa eredit\u00e0 del tradizionalista italiano <b>Julius Evola<\/b>. Frutto di quasi mezzo secolo di approfondimento delle opere di <strong>Evola<\/strong>, i saggi di <strong>Dugin<\/strong> intrecciano prospettive filosofiche, esoteriche e biografiche per mettere in luce le dimensioni chiave del progetto evoliano.<\/p>\n<p>Dai primi esperimenti dadaisti e dagli scritti filosofici di <strong>Evola<\/strong> alle sue esplorazioni del Tantra, dell\u2019alchimia e del Santo Graal; dal suo impegno nella Rivoluzione Conservatrice e nel fascismo alle sue riflessioni sull\u2019\u00abuomo differenziato\u00bb e sul \u00abcavalcare la tigre\u00bb \u2014 <strong>Dugin<\/strong> rilegge <strong>Evola<\/strong> come fenomenologo dell\u2019iniziazione e come precursore rivoluzionario della politica tradizionalista.<\/p>\n<p>Collocando la rilevanza di <strong>Evola<\/strong> all\u2019interno del tradizionalismo russo, della Quarta Teoria Politica e della crisi della postmodernit\u00e0, <strong>Dugin<\/strong> sostiene che <strong>Evola<\/strong> non \u00e8 affatto una figura del passato, ma una forza vitale nel presente.<\/p>\n<p><b><i>Julius Evola: Tradizionalismo politico<\/i><\/b> \u00e8 una lettura imprescindibile come introduzione all\u2019opera di <strong>Evola<\/strong>, una vetrina unica del pensiero di <strong>Dugin<\/strong> e un invito a risvegliare oggi il pensiero e l\u2019azione tradizionalisti.<\/p>\n<p><em>5 settembre 2026<\/em><\/p>\n<p><em>Traduzione dall\u2019inglese di Piero Cammerinesi per LiberoPensare<\/em><\/p>\n<p><a href=\"https:\/\/alexanderdugin.substack.com\/p\/from-anarchy-to-empire-and-back-again?utm_source=post-email-title&amp;publication_id=2827487&amp;post_id=214277888&amp;utm_campaign=email-post-title&amp;isFreemail=true&amp;r=dx4y&amp;triedRedirect=true&amp;utm_medium=email\" target=\"_blank\" rel=\"noopener\">Fonte<\/a><\/p>\n<hr \/>\n<p><u><img loading=\"lazy\" decoding=\"async\" class=\"wp-image-86756 alignleft\" src=\"https:\/\/www.liberopensare.com\/wp-content\/uploads\/2026\/02\/DEU-copia-225x300.jpg\" sizes=\"(max-width: 119px) 100vw, 119px\" srcset=\"https:\/\/www.liberopensare.com\/wp-content\/uploads\/2026\/02\/DEU-copia-225x300.jpg 225w, https:\/\/www.liberopensare.com\/wp-content\/uploads\/2026\/02\/DEU-copia-9x12.jpg 9w, https:\/\/www.liberopensare.com\/wp-content\/uploads\/2026\/02\/DEU-copia.jpg 335w\" alt=\"\" width=\"119\" height=\"159\" \/><\/u>Alexandr Dugin \u00e8 un filosofo politico, stratega e ideologo russo, noto per promuovere il neo-eurasianismo, un\u2019ideologia geopolitica che sostiene un potente impero eurasiatico guidato dalla Russia come contrappeso all\u2019Occidente. Egli invoca un mondo multipolare, la sovranit\u00e0 spirituale e i valori tradizionali, opponendosi al liberalismo e al dominio occidentale.<\/p>\n<p>Ha diretto il dipartimento di Sociologia delle relazioni internazionali presso l\u2019Universit\u00e0 statale di Mosca(2008-2014) e recentemente \u00e8 entrato a far parte della Scuola superiore di politica Ivan Ilyin nel 2023.<\/p>","protected":false},"excerpt":{"rendered":"<p>di Alexander Dugin In questo estratto dal libro Julius Evola: Tradizionalismo politico, Alexander Dugin esamina il concetto di \u00abindividuo differenziato\u00bb di Evola, sostenendo che i suoi passaggi dall\u2019anarchismo di destra all\u2019imperialismo pagano riflettono risposte mutevoli al mondo esterno piuttosto che un cambiamento nella sua visione tradizionalista fondamentale. * * * Nel suo libro Cavalcare la [&hellip;]<\/p>\n","protected":false},"author":2,"featured_media":89344,"comment_status":"closed","ping_status":"closed","sticky":false,"template":"","format":"standard","meta":{"footnotes":""},"categories":[903,5166],"tags":[1336,7696,1048,72,91,7695,7697,7694],"class_list":["post-89336","post","type-post","status-publish","format-standard","has-post-thumbnail","hentry","category-rassegna","category-cultura-e-scienza","tag-alexander-dugin","tag-anarchismo","tag-boxgranderassegna","tag-friedrich-nietzsche","tag-julius-evola","tag-philippe-baillet","tag-rivoluzione","tag-tradizione"],"_links":{"self":[{"href":"https:\/\/www.liberopensare.com\/en\/wp-json\/wp\/v2\/posts\/89336","targetHints":{"allow":["GET"]}}],"collection":[{"href":"https:\/\/www.liberopensare.com\/en\/wp-json\/wp\/v2\/posts"}],"about":[{"href":"https:\/\/www.liberopensare.com\/en\/wp-json\/wp\/v2\/types\/post"}],"author":[{"embeddable":true,"href":"https:\/\/www.liberopensare.com\/en\/wp-json\/wp\/v2\/users\/2"}],"replies":[{"embeddable":true,"href":"https:\/\/www.liberopensare.com\/en\/wp-json\/wp\/v2\/comments?post=89336"}],"version-history":[{"count":5,"href":"https:\/\/www.liberopensare.com\/en\/wp-json\/wp\/v2\/posts\/89336\/revisions"}],"predecessor-version":[{"id":89355,"href":"https:\/\/www.liberopensare.com\/en\/wp-json\/wp\/v2\/posts\/89336\/revisions\/89355"}],"wp:featuredmedia":[{"embeddable":true,"href":"https:\/\/www.liberopensare.com\/en\/wp-json\/wp\/v2\/media\/89344"}],"wp:attachment":[{"href":"https:\/\/www.liberopensare.com\/en\/wp-json\/wp\/v2\/media?parent=89336"}],"wp:term":[{"taxonomy":"category","embeddable":true,"href":"https:\/\/www.liberopensare.com\/en\/wp-json\/wp\/v2\/categories?post=89336"},{"taxonomy":"post_tag","embeddable":true,"href":"https:\/\/www.liberopensare.com\/en\/wp-json\/wp\/v2\/tags?post=89336"}],"curies":[{"name":"wp","href":"https:\/\/api.w.org\/{rel}","templated":true}]}}