{"id":9207,"date":"2020-01-16T11:25:05","date_gmt":"2020-01-16T10:25:05","guid":{"rendered":"https:\/\/www.liberopensare.com\/?p=9207"},"modified":"2023-11-14T20:29:19","modified_gmt":"2023-11-14T19:29:19","slug":"dalla-matrix-del-pensiero-unico-alle-comunita-spirituali","status":"publish","type":"post","link":"https:\/\/www.liberopensare.com\/en\/dalla-matrix-del-pensiero-unico-alle-comunita-spirituali\/","title":{"rendered":"Dalla Matrix del pensiero unico alle comunit\u00e0 spirituali"},"content":{"rendered":"<pre>di Piero Cammerinesi<\/pre>\n<p>Alle volte la decima arte, <strong>il cinema<\/strong>, pu\u00f2 aiutarci a capire dove sta andando il nostro mondo.<br \/>\nPu\u00f2 fornirci delle chiavi interpretative di notevole caratura o pu\u00f2 a volte anche <strong>anticipare<\/strong> degli eventi futuri le cui premesse sono comunque individuabili nel presente.<\/p>\n<p><strong>LA MATRIX<br \/>\n<\/strong><br \/>\nPrendiamo ad esempio il film dei fratelli Wachowski uscito nel 1999: <strong>Matrix<\/strong>.<br \/>\nNel film <strong>Matrix \u00e8 una neuro-simulazione interattiva<\/strong>.<br \/>\nIl protagonista, <strong>Neo<\/strong>, chiede di saperne di pi\u00f9 e deve scegliere se prendere la <strong>\u201cpillola blu\u201d o la &#8220;pillola rossa\u201d, <\/strong>un po\u2019 come <strong>la mela dell\u2019albero della conoscenza<\/strong>.<br \/>\nScegliendo la pillola blu continuerebbe a vivere da addormentato nel mondo illusorio, mentre scegliendo la pillola rossa ha dinanzi a s\u00e9 <strong>il sentiero del Risveglio<\/strong>.<br \/>\nPer inciso ci\u00f2 ci riporta a quel sentiero della trasformazione interiore che \u00e8 gi\u00e0 stato percorso da tutti i grandi maestri ed iniziati del passato e del presente che hanno scelto di squarciare <strong>il velo di Maja.<br \/>\n<\/strong>Dopo aver ingerito la pillola, Neo si desta e si rende conto che il suo vero corpo si trova in una tra tante enormi torri circolari che contengono miliardi di incubatrici con all\u2019interno esseri umani la cui energia viene utilizzata in un mondo distopico dominato dalle <strong>macchine create dagli uomini ma che alla fine li hanno sottomessi.<\/strong><br \/>\nEbbene, la nostra vita \u00e8 in certo modo una Matrix.<br \/>\nCosa rende la Matrix quello che realmente \u00e8, vale a dire un mondo irreale in cui la verit\u00e0 non \u00e8 mai presente &#8211; una vera e propria <strong>&#8220;simulazione onirica\u201d<\/strong>?<br \/>\n<strong>LA NARRATIVA<\/strong><br \/>\n<strong>La narrativa, i<\/strong><strong>l modo in cui la realt\u00e0 ci viene descritta, proposta, interpretata.<\/strong><br \/>\nBuona parte della sofferenza umana \u00e8 dovuta a <strong>narrative false credute vere<\/strong>, dalla sofferenza psicologica del singolo individuo alla sofferenza generale provocata da strutture di potere internazionali che esercitano la violenza e l&#8217;oppressione mediante la <strong>propaganda<\/strong>.<br \/>\nLa maggior parte delle vite delle persone \u00e8 dominata dalla narrativa politica, storica, scientifica, religiosa che ci viene proposta (e imposta) dall\u2019<strong><em>establishment.<\/em><\/strong><br \/>\n<strong><img fetchpriority=\"high\" decoding=\"async\" class=\"aligncenter wp-image-9237 size-full\" src=\"https:\/\/www.liberopensare.com\/wp-content\/uploads\/2020\/01\/2.jpeg\" alt=\"\" width=\"640\" height=\"354\" srcset=\"https:\/\/www.liberopensare.com\/wp-content\/uploads\/2020\/01\/2.jpeg 640w, https:\/\/www.liberopensare.com\/wp-content\/uploads\/2020\/01\/2-300x166.jpeg 300w\" sizes=\"(max-width: 640px) 100vw, 640px\" \/><\/strong><br \/>\n\u00c8 pertanto evidente che <strong>chi controlla la narrativa controlla le persone.<\/strong><br \/>\nSe studiamo la storia ci accorgiamo che tutti gli <strong>imperi<\/strong> nel corso della loro esistenza hanno imposto una narrativa sul perch\u00e9 <strong>\u00e8 giusto che debbano conquistare e dominare il mondo.<br \/>\n<\/strong>L&#8217;impero attuale degli Stati Uniti con il suo falso mantra <strong>&#8220;libert\u00e0 e democrazia&#8221;<\/strong> non fa eccezione.<br \/>\nLe azioni &#8211; ed i complotti &#8211; delle strutture di potere dell\u2019<em>establishment<\/em> sono fatte per proteggere il potere che gi\u00e0 hanno e per cercare di ottenerne di pi\u00f9.<br \/>\nE ci\u00f2 sempre attraverso il tentativo di <strong>controllare quanti pi\u00f9 esseri umani possibile.<\/strong><br \/>\nLe stesse <strong>alleanze internazionali<\/strong> hanno come obiettivo quello di unire le nazioni in un&#8217;unica struttura di potere, ed \u00e8 a questo che servono davvero, pensate per esempio all\u2019<strong>Unione Europea<\/strong>.<\/p>\n<p><img decoding=\"async\" class=\"wp-image-9238 size-full aligncenter\" src=\"https:\/\/www.liberopensare.com\/wp-content\/uploads\/2020\/01\/3_copy.png\" alt=\"\" width=\"300\" height=\"260\" \/><\/p>\n<p>La <strong>globalizzazione<\/strong>, il <strong>Nuovo ordine Mondiale<\/strong>, la creazioni di <strong>macro-aree mondiali <\/strong>non \u00e8 altro che questo.<br \/>\n<strong>E noi?<\/strong><br \/>\nDobbiamo sviluppare una <strong>nuova relazione con la narrativa<\/strong>; in realt\u00e0 la barriera tra noi e la libert\u00e0 \u00e8 sottile ma dobbiamo prenderne coscienza. Ognuno di noi \u00e8 sicuramente pi\u00f9 qualificato per riferire le notizie rispetto ai media <strong><em>mainstream<\/em><\/strong>.<br \/>\nNoi dobbiamo &#8211; con la nostra individuale ragione critica &#8211; <strong>sostituire la stampa e i <em>media<\/em>.<br \/>\n<\/strong>Ma nella maggior parte dei casi la nostra reazione, anche quando ci avvediamo della menzogna della narrativa ufficiale &#8211; come previsto e voluto da chi ci mantiene all\u2019interno della <strong>Matrix<\/strong> &#8211; \u00e8 una\u2026<strong>assenza di reazione.<\/strong><br \/>\n<strong>SPIONAGGIO GLOBALE<\/strong><br \/>\nDue anni fa, nel 2017, ad esempio <strong>Wikileaks<\/strong> ha messo in rete con l\u2019operazione <strong>Vault-7 <\/strong>quasi <strong>9.000 documenti della CIA<\/strong>.<br \/>\nNonostante <strong>Edward<\/strong> <strong>Snowden<\/strong> sia in esilio in Russia e <strong>Julian<\/strong> <strong>Assange<\/strong> sia tenuto illegalmente prigioniero a Londra, i file di Wikileaks mostrano uno <strong>scenario terrificante<\/strong> sull\u2019evoluzione dei sistemi di spionaggio informatico che le \u00e9lite portano avanti da decenni &#8211; e questa \u00e8 la cosa che pi\u00f9 colpisce &#8211; nella <strong>sostanziale indifferenza dei popoli.<br \/>\n<\/strong>Ci infuriamo se qualcuno ascolta una nostra telefonata o se un familiare legge un nostro messaggio su <em>WhatsApp<\/em> &#8211; magari a fin di bene &#8211; ma tolleriamo distrattamente che poteri disumani controllino &#8211; e questi certamente non a fin di bene &#8211; ogni nostro sussurro mentre sediamo davanti alla televisione o usiamo il nostro <em>smartphone<\/em>.<br \/>\nNon solo controllo totale dei nostri <em>smartphone<\/em> ma monitoraggio delle nostre parole ed attivit\u00e0 tramite i nostri apparecchi televisivi, senza parlare del progetto di controllare persino le autovetture che utilizziamo per spostarci.<br \/>\nIl tutto giustificato dall\u2019esigenza di combattere quel <strong>terrorismo<\/strong> che \u00e8 stato creato ad arte per giustificare a sua volta il controllo globale sotto la foglia di fico della <strong><em>National Security<\/em><\/strong>.<\/p>\n<blockquote>\n<p class=\"p3\"><em>A me non interessa essere spiato, tanto non ho niente da nascondere.<br \/>\n<\/em><em>Meglio essere spiato e tranquillo che rischiare un attentato.<br \/>\n<\/em><em>La sicurezza prima di tutto.<\/em><\/p>\n<\/blockquote>\n<p>Chi la pensa cos\u00ec &#8211; e non sono pochi &#8211; sta collaborando al <strong>progetto di una umanit\u00e0 totalmente asservita ai poteri oscuri delle \u00e9lite dominanti<\/strong> che &#8211; tramite la tecnologia e la realt\u00e0 virtuale &#8211; da anni perseguono instancabilmente questo obiettivo.<br \/>\nFar s\u00ec che l\u2019uomo <strong>scelga liberamente la sua schiavit\u00f9.<\/strong><br \/>\n<img decoding=\"async\" class=\"wp-image-9239 size-full aligncenter\" src=\"https:\/\/www.liberopensare.com\/wp-content\/uploads\/2020\/01\/4.jpeg\" alt=\"\" width=\"1618\" height=\"1080\" srcset=\"https:\/\/www.liberopensare.com\/wp-content\/uploads\/2020\/01\/4.jpeg 1618w, https:\/\/www.liberopensare.com\/wp-content\/uploads\/2020\/01\/4-300x200.jpeg 300w, https:\/\/www.liberopensare.com\/wp-content\/uploads\/2020\/01\/4-1024x684.jpeg 1024w, https:\/\/www.liberopensare.com\/wp-content\/uploads\/2020\/01\/4-768x513.jpeg 768w, https:\/\/www.liberopensare.com\/wp-content\/uploads\/2020\/01\/4-1536x1025.jpeg 1536w\" sizes=\"(max-width: 1618px) 100vw, 1618px\" \/><br \/>\nRiconoscimento facciale, <em>Facebook<\/em>, geolocalizzazione, gusti, opinioni etc<br \/>\n<strong>Come le rane<\/strong> non ci accorgiamo che l\u2019acqua diventa sempre pi\u00f9 calda, ma quando vorremo saltar fuori dalla pentola sar\u00e0 troppo tardi\u2026<br \/>\nE per quelli che potrebbero iniziare a sentire l\u2019acqua troppo calda \u00e8 stata escogitata l\u2019ultima trovata delle <em>governance<\/em> mondiali e dei loro <em>presstitutes<\/em> (stampa prostituita al potere) vale a dire la crociata contro le <strong><em>fake news<\/em><\/strong> o <strong>post-verit\u00e0<\/strong>, che via <em>web<\/em> rappresenterebbero una minaccia per le istituzioni.<br \/>\nPensate che il termine originale inglese, <strong><em>post-truth<\/em><\/strong> \u00e8 stato eletto <strong>parola dell\u2019anno 2016<\/strong> dall\u2019Oxford Dictionary!<br \/>\nQueste <strong><em>fake news<\/em><\/strong> irritano cos\u00ec tanto l\u2019<em>establishment<\/em> che da diverse parti si invoca addirittura una sorta di <strong>commissione di controllo sulle opinioni espresse in rete.<\/strong><br \/>\nUn <strong>Ministero della Verit\u00e0<\/strong>, insomma, di orwelliana memoria.<br \/>\nOra, considerando la costante e instancabile manipolazione che i mezzi d\u2019informazione esercitano da sempre sull\u2019opinione pubblica attraverso menzogne, falsificazioni dei fatti, mezze verit\u00e0 e fantasie, fa davvero sorridere che si identifichi nelle bufale &#8211; indubitabilmente presenti in rete &#8211; un rischio per la democrazia.<br \/>\n<strong>UN FUTURO DISTOPICO<\/strong><br \/>\nIl fatto \u00e8 che fino a poco tempo fa il fenomeno del cosiddetto \u2018<strong>complottismo<\/strong>\u2019 &#8211; preferisco il termine inglese <strong><em>Conspiracy Theory<\/em><\/strong> &#8211; era confinato ad una nicchia di persone che iniziavano a fiutare odore di marcio proveniente dai <em>media<\/em> e cercavano quindi &#8211; visti i mezzi messi a disposizione dalla rete &#8211; di capire meglio certe situazioni quando i conti proprio non tornavano.<br \/>\nGrazie alla rete il <strong><em>fact-checking<\/em><\/strong> ha permesso allora a milioni di utenti del <em>web<\/em> di smascherare le vere e proprie bufale queste per\u00f2 messe in onda dalle televisioni di mezzo mondo.<br \/>\nMa ad un certo punto, questo fenomeno del complottismo ha iniziato a diffondersi sempre di pi\u00f9, tracimando dalla rete ed entrando anche nei salotti buoni dei media <em>mainstream<\/em>.<br \/>\n<strong>Fenomeno naturalmente irriso, denigrato e oggi criminalizzato.<\/strong><br \/>\nCertamente grazie anche a tutte <strong>le reali bufale<\/strong> presenti sul <em>web<\/em>, inserite ad arte da falsi idioti o da idioti autentici.<br \/>\nMa ci viene detto implicitamente che <strong>i mezzi ufficiali d\u2019informazione<\/strong> <strong>non possono sbagliare per definizione<\/strong> e cos\u00ec oggi ci troviamo di fronte ad una prima <strong>spinta censoria<\/strong> mirata direttamente a ostacolare quella libert\u00e0 di pensiero e di espressione che oggi inizia a preoccupare l\u2019<em>establishment<\/em>.<br \/>\nIl quale \u00e8 oggi diventato molto pi\u00f9 raffinato rispetto al passato e non si sporca le mani con divieti palesi ma subdolamente e vigliaccamente interviene su <strong>motori di ricerca e <em>social media<\/em><\/strong>.<br \/>\nCon la censura mascherata sui <em>social<\/em> e sui motori di ricerca si sta anche avverando l\u2019incubo di un altro film, <strong>Minority Report,<\/strong> nel quale venivano arrestate persone non per crimini commessi ma per averne solo parlato o per averli semplicemente pensati.<br \/>\n<img loading=\"lazy\" decoding=\"async\" class=\"wp-image-9240 size-full aligncenter\" src=\"https:\/\/www.liberopensare.com\/wp-content\/uploads\/2020\/01\/5.jpeg\" alt=\"\" width=\"800\" height=\"464\" srcset=\"https:\/\/www.liberopensare.com\/wp-content\/uploads\/2020\/01\/5.jpeg 800w, https:\/\/www.liberopensare.com\/wp-content\/uploads\/2020\/01\/5-300x174.jpeg 300w, https:\/\/www.liberopensare.com\/wp-content\/uploads\/2020\/01\/5-768x445.jpeg 768w\" sizes=\"(max-width: 800px) 100vw, 800px\" \/><br \/>\nPer chi non lo avesse visto, il film <strong>Minority Report <\/strong>\u2013 regista <strong>Steven Spielberg<\/strong> &#8211; ambientato nel 2054, liberamente ispirato al racconto breve di Philip K.Dick, s\u2019impernia sul sistema del <strong>Precrimine<\/strong>, grazie al quale, per mezzo delle premonizioni di tre individui dotati di poteri extrasensoriali, la polizia riesce a impedire gli omicidi prima che essi avvengano, arrestando i potenziali \u201ccolpevoli\u201d.<br \/>\nIn tal modo non viene punito il fatto (che non avviene), bens\u00ec <strong>l\u2019intenzione<\/strong> di compierlo.<br \/>\nFantascienza?<br \/>\nForse&#8230;tuttavia tre mesi prima di iniziare le riprese, Spielberg convoc\u00f2 un gruppo di futurologi perch\u00e9 ipotizzassero un 2054 credibile. Tra di loro c\u2019erano esperti del MIT, del dipartimento di ricerca biomedica della difesa, nonch\u00e9 di software e di realt\u00e0 virtuale.<br \/>\nDunque sembra meno fantascienza di quello che si potrebbe immaginare\u2026<br \/>\n\u00c8 quel <strong>\u2018divieto di pensare liberamente\u2019 <\/strong>che ormai dagli USA si sta diffondendo in tutto l\u2019Occidente, concretizzando gli incubi di scrittori come <strong>Orwell<\/strong> o <strong>Huxley<\/strong> o lo stesso <strong>Philip K.Dick<\/strong>.<br \/>\nEsagero? Un aneddoto per tutti.<br \/>\nTre anni fa negli USA quattro persone furono arrestate per dei post sui <em>social media<\/em> definiti minacciosi dalla polizia che, di fronte alla difficolt\u00e0 di trovare un capo d\u2019accusa calzante, per bocca del capo della polizia di Detroit, James Craig, ha candidamente affermato:<\/p>\n<blockquote><p><em>So che questo \u00e8 un problema nuovo, ma <\/em><strong><em>voglio<\/em><\/strong><em> che queste persone siano accusate di un crimine.<\/em><\/p><\/blockquote>\n<p>Insomma, come dire, non so se c\u2019\u00e8 una legge per punirli, ma in qualche modo ne troveremo una.<\/p>\n<blockquote><p><em>Ho ordinato ai miei sottoposti di preparare mandati [d\u2019arresto] per questi quattro individui, e vedremo quale sar\u00e0 la sede migliore per perseguirli legalmente<\/em>, ha aggiunto.<\/p><\/blockquote>\n<p>\u00c8 evidente allora <strong>a che cosa servano le enormi quantit\u00e0 di dati <\/strong>che vengono raccolti e memorizzati nei super computer delle agenzie di spionaggio.<br \/>\nTutto quello che scriviamo, che diciamo, che pensiamo, addirittura potr\u00e0 essere usato contro di noi.<br \/>\n<strong>Una cronaca dell\u2019Akasha demoniaca.<\/strong><br \/>\nAltro che fantascienza.<br \/>\nOra, se l\u2019obiettivo delle \u00e9lite dominanti fosse raggiunto, il rapporto<strong> menzogna\/verit\u00e0<\/strong> dipenderebbe non dalla nostra personale indagine, ma da un algoritmo.<br \/>\n<strong>In sostanza da una macchina<\/strong>.<br \/>\n<strong>Ecco la Matrix.<\/strong><br \/>\nMorpheus chiede a Neo:<\/p>\n<blockquote><p><em>Tu credi nel destino, Neo?<\/em><br \/>\n<em>No.<\/em><br \/>\n<em>Perch\u00e9 no?<\/em><br \/>\n<em>Perch\u00e9 non mi piace l&#8217;idea di non poter gestire la mia vita.<\/em><\/p>\n<p><em>Capisco perfettamente ci\u00f2 che intendi. Adesso ti dico perch\u00e9 sei qui. Sei qui perch\u00e9 <strong>Intuisci qualcosa che non riesci a spiegarti<\/strong>. Senti solo che c&#8217;\u00e8. \u00c8 tutta la vita che hai la sensazione che ci sia qualcosa che non quadra, nel mondo. Non sai bene di che si tratta ma l&#8217;avverti. \u00c8 un chiodo fisso nel cervello. Da diventarci matto. \u00c8 questa sensazione che ti ha portato da me. Tu sai di cosa sto parlando.<\/em><\/p>\n<p><img loading=\"lazy\" decoding=\"async\" class=\"alignnone wp-image-9242 size-full\" src=\"https:\/\/www.liberopensare.com\/wp-content\/uploads\/2020\/01\/morpheus1.jpg\" alt=\"\" width=\"1280\" height=\"720\" srcset=\"https:\/\/www.liberopensare.com\/wp-content\/uploads\/2020\/01\/morpheus1.jpg 1280w, https:\/\/www.liberopensare.com\/wp-content\/uploads\/2020\/01\/morpheus1-300x169.jpg 300w, https:\/\/www.liberopensare.com\/wp-content\/uploads\/2020\/01\/morpheus1-1024x576.jpg 1024w, https:\/\/www.liberopensare.com\/wp-content\/uploads\/2020\/01\/morpheus1-768x432.jpg 768w\" sizes=\"(max-width: 1280px) 100vw, 1280px\" \/><\/p>\n<p><em>Di Matrix.<\/em><\/p>\n<p><em>Ti interessa sapere di che si tratta? Che cos&#8217;\u00e8? Matrix \u00e8 ovunque. \u00c8 intorno a noi. Anche adesso, nella stanza in cui siamo. \u00c8 quello che vedi quando ti affacci alla finestra, o quando accendi il televisore. L&#8217;avverti quando vai al lavoro, quando vai in chiesa, quando paghi le tasse. \u00c8 il mondo che ti \u00e8 stato messo davanti agli occhi per nasconderti la verit\u00e0.<\/em><\/p>\n<p><em>Quale verit\u00e0?<\/em><\/p>\n<p><em>Che tu sei uno schiavo, Neo. Come tutti gli altri, sei nato in catene, sei nato in una prigione che non ha sbarre, che non ha mura, che non ha odore. Una prigione per la tua mente. Nessuno di noi \u00e8 in grado, purtroppo, di descrivere Matrix agli altri. Dovrai scoprire con i tuoi occhi che cos\u2019\u00e8.<\/em><\/p><\/blockquote>\n<p><strong>L\u2019OTTAVA SFERA<\/strong><br \/>\nNel film <strong>Matrix<\/strong> c\u2019\u00e8 anche un livello ulteriore di interpretazione, quello esoterico.<br \/>\nMatrix \u00e8 evidentemente assimilabile alla <strong>Maja<\/strong>, al <strong><em>\u2018velo di Maja\u2019<\/em><\/strong> che ci occulta la vera realt\u00e0, vale a dire il mondo sovrasensibile.<br \/>\nTenere l\u2019uomo legato alla Matrix impedendogli di intuire la vera realt\u00e0 significa far deragliare la sua evoluzione.<br \/>\nQuesto \u00e8 il progetto di <strong>Arimane<\/strong> &#8211; il Satana dei cristiani &#8211; che intende rendere gli uomini perfetti, ma solo a livello fisico-sensibile.<br \/>\nArimane vuole afferrare l\u2019essere terrestre, minerale dell\u2019uomo, strappandolo dall\u2019evoluzione successiva e isolandolo, ma visto che la Terra, come pianeta ha davanti a se una fase di crescente spiritualizzazione, \u00e8 necessario strappare l\u2019uomo da questa dimensione per portarlo in un\u2019altra che viene chiamata l\u2019<strong>ottava sfera<\/strong>.<br \/>\nL\u2019<strong>ottava sfera<\/strong> \u00e8 \u2018pianeta a s\u00e9 stante\u2019, composto di materia terrestre, qualcosa di assolutamente contrario alla corretta evoluzione, che potrebbe essere separato dalla Terra per intraprendere un proprio percorso evolutivo.<\/p>\n<blockquote><p><em>Questa \u00e8 un\u2019iniziazione arimanica, solo che appartiene a una sfera del cosmo diversa dalla nostra. Ma si tratta di un\u2019iniziazione che ha in s\u00e9 il potere di strappare dalla Terra la civilt\u00e0 umana, di spazzar via dalla Terra tutto ci\u00f2 che si \u00e8 formato come civilt\u00e0 umana.<\/em><br \/>\n<em>(Rudolf Steiner O.O.197)<\/em><\/p><\/blockquote>\n<p><img loading=\"lazy\" decoding=\"async\" class=\"wp-image-9241 size-full aligncenter\" src=\"https:\/\/www.liberopensare.com\/wp-content\/uploads\/2020\/01\/6.jpg\" alt=\"\" width=\"577\" height=\"513\" srcset=\"https:\/\/www.liberopensare.com\/wp-content\/uploads\/2020\/01\/6.jpg 577w, https:\/\/www.liberopensare.com\/wp-content\/uploads\/2020\/01\/6-300x267.jpg 300w\" sizes=\"(max-width: 577px) 100vw, 577px\" \/><br \/>\nNel progetto di Arimane c\u2019\u00e8 quello che gi\u00e0 iniziamo a vedere oggi con il sorgere del <strong>transumanesimo<\/strong>, vale a dire la fusione dell\u2019elemento meccanico-materiale con lo spirituale.<br \/>\nNon va dimenticato che Arimane \u00e8 una entit\u00e0 che agisce nell\u2019elemento elettrico-magnetico, di cui la prima manifestazione globale \u00e8 rappresentata dal <strong>web<\/strong>.<br \/>\nA questo punto secondo Rudolf Steiner l\u2019umanit\u00e0 ha solo due strade; quella della <strong>regolare evoluzione spirituale<\/strong>, che passa per il riconoscimento della figura del Christo, o quella dell\u2019<strong>incapacit\u00e0 di pensare indipendentemente dal cervello fisico<\/strong>, il che produrr\u00e0 \u2013 cos\u00ec Steiner quasi cent\u2019anni fa \u2013 nel prossimo futuro:<\/p>\n<blockquote><p><em>\u2026una rete, tessuta da orribili ragni che nella loro organizzazione non s\u2019innalzano neppure al livello vegetale [dunque di carattere minerale, elettrico-magnetico], anche se si tratter\u00e0 di un tessuto di enorme saggezza. Ragni mostruosi che s\u2019intrecceranno l\u2019uno con l&#8217;altro, che nei loro movimenti esteriori imiteranno tutto quello che la gente, che non avr\u00e0 saputo trarre ispirazione da una nuova capacit\u00e0 immaginativa come quella della scienza spirituale, penser\u00e0 con il proprio intelletto oscurato.<br \/>\n<\/em><em>(Rudolf Steiner, O.O.204)<\/em><\/p><\/blockquote>\n<p>L\u2019<strong>ottava sfera<\/strong> o l\u2019Inferno, l\u2019Abisso, per usare definizioni pi\u00f9 comuni, \u00e8 un pianeta in formazione che coinvolger\u00e0 l&#8217;umanit\u00e0 rimasta ad un livello di evoluzione inferiore.<br \/>\nE anche qui c\u2019\u00e8 un film che ben descrive questo progetto distopico: <strong>Lucy<\/strong> di Luc Besson.<br \/>\nQuesto Arimane vuole per l\u2019umanit\u00e0; un essere che &#8211; come Lucy &#8211; creda di poter evolvere solo grazie a sostanze chimiche, che pensi che l\u2019evoluzione sia esclusivamente materiale, che consideri meta evolutiva utilizzare il 100% del proprio cervello fisico, che non lasci posto all\u2019amore nel proprio cuore, che cerchi di collegarsi fino a fondersi con la macchina, che si muova all\u2019interno di reti elettro-magnetiche dove si pu\u00f2 conoscere tutto ma in cui nulla della personalit\u00e0 dell\u2019anima dell\u2019uomo possa passare.<br \/>\n<strong>IL PENSIERO UNICO<\/strong><br \/>\nLa narrativa che viene imposta dai <em>media<\/em> tende sempre maggiormente a denigrare, irridere o addirittura <strong>proibire pensieri <\/strong>che non siano <strong><em>politically correct<\/em><\/strong>, tendendo a realizzare sulla Terra un <strong><em>global thinking<\/em><\/strong>, un <strong>pensiero unico, il vero obiettivo della globalizzazione mondiale.<\/strong><br \/>\nSe tali interventi tendono a paralizzare il <strong>pensare<\/strong>, l bombardamento di immagini di eventi sanguinosi e catastrofici sono intesi a depotenziare il <strong>sentire<\/strong> ed il <strong>volere<\/strong> delle masse, paralizzandole con progressive <strong>ondate di ansia, angoscia e paura <\/strong>ed inibendone le possibili reazioni.<br \/>\nCos\u00ec determinate forze &#8211; chiamatele <strong>fratellanze oscure<\/strong> o <strong>\u00e9lite mondialiste<\/strong> o <strong>piramidi di potere neo-oligarchiche<\/strong>, come preferite &#8211; lavorano per <strong>paralizzare pensare, sentire e volere<\/strong> in modo da creare <strong>l\u2019uomo nuovo<\/strong>, totalmente asservito alla <strong>realt\u00e0 virtuale<\/strong>, sul sentiero dell\u2019<strong>uomo-macchina<\/strong> che, grazie alla totale immersione nel mondo irreale delle immagini virtuali, dei <strong><em>chip<\/em><\/strong> impiantati sottopelle, dell\u2019incremento esponenziale delle <strong>ludopatie<\/strong> e dell\u2019<em>addiction<\/em> ai dispositivi digitali pu\u00f2 facilmente venir manipolato socialmente da chi esercita la <em>governance<\/em> mondiale.<br \/>\nQuesto \u00e8 il reale obiettivo del cosiddetto <a href=\"https:\/\/www.youtube.com\/watch?v=rdpwZMhvDEg&amp;feature=share&amp;fbclid=IwAR2JPkpyAWjhFhJp3OoQvtJmZrZAcNE8E-aCKFlUR3TgEJEgGhmfba80RRU\" target=\"_blank\" rel=\"noopener\"><span class=\"s3\"><strong>transumanesimo<\/strong><\/span><\/a>, oggi cos\u00ec tanto magnificato.<br \/>\n<img loading=\"lazy\" decoding=\"async\" class=\"wp-image-9243 size-full aligncenter\" src=\"https:\/\/www.liberopensare.com\/wp-content\/uploads\/2020\/01\/trans.jpg\" alt=\"\" width=\"845\" height=\"500\" srcset=\"https:\/\/www.liberopensare.com\/wp-content\/uploads\/2020\/01\/trans.jpg 845w, https:\/\/www.liberopensare.com\/wp-content\/uploads\/2020\/01\/trans-300x178.jpg 300w, https:\/\/www.liberopensare.com\/wp-content\/uploads\/2020\/01\/trans-768x454.jpg 768w\" sizes=\"(max-width: 845px) 100vw, 845px\" \/><br \/>\nD\u2019altra parte notare da un lato la sempre maggiore approssimazione e <strong>spudoratezza<\/strong> di certi attentati alla libert\u00e0 dei popoli e dall\u2019altro la studiata <strong>ricerca del massimo effetto possibile<\/strong> sull\u2019opinione pubblica grazie a una <strong>spettacolarizzazione della morte e della paura in diretta grazie a sapienti messinscena e a media compiacenti,<\/strong> in altri termini ad un giro di vite spaventoso da parte dell\u2019<em>establishment<\/em> con autentici <strong>divieti di opinione<\/strong> fa pensare che vi sia una grande paura dell\u2019<strong>ondata di risvegli<\/strong> che pu\u00f2 mettere in serio pericolo il potere della menzogna imperante.<br \/>\nPer questo assistiamo ad una <strong>velocizzazione inaudita<\/strong> degli eventi a cui iniziano ad opporsi anche fisicamente molti popoli, scendendo in piazza per contestare i poteri forti.<br \/>\nMa per uscire realmente e totalmente dalla <strong>Matrix<\/strong> &#8211; dalla <strong>falsa narrativa ufficiale<\/strong> &#8211; c\u2019\u00e8 bisogno di qualcosa di pi\u00f9 che il solo smascheramento della realt\u00e0 esteriore.<br \/>\nNel film la pillola rossa serve a disincantare il mondo illusorio che siamo portati a ritenere reale; ma tutto il mondo della materia \u00e8 <strong>Maya<\/strong>, \u00e8 irreale, non solo quello delle <strong><em>fake news<\/em><\/strong> del potere.<br \/>\n<strong>La Matrix ha necessit\u00e0 di essere costantemente alimentata dalla narrativa del pensiero unico.<br \/>\n<\/strong>Il <strong><em>Global Thinking<\/em><\/strong>, il pensiero unico della narrativa ufficiale &#8211; che <strong>viene anche esteso al passato<\/strong> &#8211; \u00e8 diventato sempre pi\u00f9 <strong>oggetto di fede, elemento dogmatico irrefutabile.<br \/>\n<\/strong>Ma mentre un tempo vi erano strumenti esteriori per punire i \u2018malpensanti\u2019 &#8211; (Inquisizione, Gulag, carceri, roghi etc) oggi molto pi\u00f9 furbescamente le <em>\u00e9lite<\/em> hanno fatto in modo <strong>che siano i servi a controllarsi e combattersi tra loro.<\/strong><br \/>\n<strong>Divide et impera.<\/strong><br \/>\nCos\u00ec pu\u00f2 avvenire che determinati pensieri, idee, interpretazioni che contrastano la narrativa della <strong>Matrix<\/strong> vengano rifiutati e criminalizzati dai \u2018benpensanti\u2019 che utilizzeranno alternativamente le etichette ormai interscambiabili della riprovazione assoluta: <strong>fascista, razzista, revisionista, antisemita, complottista etc etc.<\/strong><br \/>\n\u00c8 di questi giorni l\u2019annuncio di una <strong>\u201cmozione anti-odio\u201d<\/strong> contro i cosiddetti <strong><em>haters<\/em><\/strong> &#8211; naturalmente etichettati come tali dall\u2019<em>establishment<\/em> &#8211; una iniziativa che prosegue idealmente la <strong>crociata contro le<\/strong> <strong>fake news<\/strong>.<br \/>\nQuanto anticipato da <strong>Rudolf Steiner<\/strong> un secolo fa sta lentamente prendendo forma nelle nostre societ\u00e0 cosiddette democratiche.<\/p>\n<blockquote><p><em>Non sar\u00e0 trascorso molto tempo da che sul calendario sar\u00e0 passato l\u2019anno 2000, che si manifester\u00e0 \u2013 a partire dall\u2019America &#8211; un divieto, non diretto, ma comunque un divieto di ogni tipo di pensare, una legge che avr\u00e0 lo scopo di soffocare ogni pensiero individuale.<br \/>\n<\/em><em>(Rudolf Steiner, O.O.167)<\/em><\/p><\/blockquote>\n<p>Basti pensare ai <strong>nuovi dogmi oggi incontestabili<\/strong> se non si vuole essere esposti al pubblico ludibrio; <strong>dittatura dei mercati, indiscutibilit\u00e0 del liberismo, crescita illimitata, accoglienza indiscriminata dell\u2019immigrazione, ideologia gender, vaccinazioni coatte, innocuit\u00e0 del 5G, riscaldamento globale<\/strong> etc.<br \/>\nLe versioni <strong><em>politically correct<\/em><\/strong> diventano dei <strong>dogmi incontestabili <\/strong>e non vengono messe in discussione in alcun modo dai loro sostenitori i quali, invece di informarsi a 360\u00ba ed approfondire le questioni scientifiche o sociologiche legate a questi dogmi li abbracciano come una <a href=\"https:\/\/www.youtube.com\/watch?v=rdpwZMhvDEg&amp;feature=share&amp;fbclid=IwAR2JPkpyAWjhFhJp3OoQvtJmZrZAcNE8E-aCKFlUR3TgEJEgGhmfba80RRU\" target=\"_blank\" rel=\"noopener\"><span class=\"s5\"><strong>nuova religione<\/strong><\/span><\/a>.<br \/>\n<strong>CAMBIAMENTI CLIMATICI<\/strong><br \/>\nPensiamo ad esempio al dilemma del giorno: <strong>Greta s\u00ec \/ Greta no<\/strong>.<br \/>\nIl dibattito sui cambiamenti climatici ha purtroppo subito una polarizzazione da <strong>tifo calcistico<\/strong>.<br \/>\nDa un lato c&#8217;\u00e8 chi afferma che <strong>i gas &#8220;serra&#8221;<\/strong> siano aumentati in modo drammatico dall&#8217;inizio della rivoluzione industriale. Come sappiamo, i gas a effetto serra sono gas che intrappolano il calore nell&#8217;atmosfera.<br \/>\nQuesti gas sono prodotti sia da processi naturali che dall&#8217;attivit\u00e0 umana.<br \/>\nDa un lato vi \u00e8 chi collega l&#8217;aumento dei gas serra, in particolare l&#8217;<strong>anidride carbonica<\/strong> prodotta dalle tecnologie umane, al recente aumento delle temperature globali.<br \/>\n<img loading=\"lazy\" decoding=\"async\" class=\"wp-image-9244 size-full aligncenter\" src=\"https:\/\/www.liberopensare.com\/wp-content\/uploads\/2020\/01\/greta-thunberg-1.jpg\" alt=\"\" width=\"1100\" height=\"715\" srcset=\"https:\/\/www.liberopensare.com\/wp-content\/uploads\/2020\/01\/greta-thunberg-1.jpg 1100w, https:\/\/www.liberopensare.com\/wp-content\/uploads\/2020\/01\/greta-thunberg-1-300x195.jpg 300w, https:\/\/www.liberopensare.com\/wp-content\/uploads\/2020\/01\/greta-thunberg-1-1024x666.jpg 1024w, https:\/\/www.liberopensare.com\/wp-content\/uploads\/2020\/01\/greta-thunberg-1-768x499.jpg 768w\" sizes=\"(max-width: 1100px) 100vw, 1100px\" \/><br \/>\nDall\u2019altro ci sono i cosiddetti <a href=\"https:\/\/www.youtube.com\/watch?v=1YxmOpRAT4g\" target=\"_blank\" rel=\"noopener\"><span class=\"s3\"><strong>&#8220;scettici climatici\u201d<\/strong><\/span><\/a> che ammettono che vi \u00e8 un aumento calcolabile di anidride carbonica, ma che la scienza che collega questo aumento a un aumento anomalo delle temperature globali non \u00e8 rigorosa.<br \/>\n&#8211; La <strong>prima obiezione<\/strong> degli scettici \u00e8 che la maggior parte delle previsioni fatte per il miglioramento della temperatura sono <strong>viziate<\/strong> a causa dell&#8217;incapacit\u00e0 delle tecniche di modellizzazione computerizzata di <strong>produrre in modo affidabile modelli climatici realistici.<\/strong><br \/>\n<strong>&#8211; <\/strong>La <strong>seconda obiezione <\/strong>\u00e8 che anche se si verifica un aumento delle temperature globali, \u00e8 un <strong>errore attribuirlo esclusivamente alle attivit\u00e0 umane<\/strong>.<br \/>\nOggi dunque il dibattito polarizzato domina l&#8217;attuale comunit\u00e0 scientifica.<br \/>\nPotremmo domandarci tuttavia se le polarizzazioni che circondano la risposta al problema del cambiamento climatico provengono dalla fisica oppure se il fenomeno della contrapposizione abbia <strong>radici in un&#8217;altra dimensione come una sfida fondamentale nell&#8217;anima umana stessa.<br \/>\n<\/strong>Contrariamente all&#8217;attuale base empirica per la scienza, gli alchimisti e gli adepti <strong>Rosacroce<\/strong> che hanno studiato il mondo naturale in passato hanno capito che <strong>la vita della natura era una metafora della vita dell&#8217;anima umana<\/strong>.<br \/>\nIl loro punto di vista era che l&#8217;essere umano era il cosmo in piccolo e che i problemi in natura erano indissolubilmente legati a problemi nell&#8217;anima umana.<br \/>\n<strong>Come in alto cos\u00ec in basso, come sopra cos\u00ec sotto.<\/strong><br \/>\nVisto dalla prospettiva che i sintomi del cambiamento climatico sono rappresentativi di un problema dell\u2019anima umana, la tendenza a politicizzare il dibattito scientifico e l&#8217;uso improprio dei fatti per creare un clima di incertezza \u00e8 <strong>pi\u00f9 preoccupante del semplice livello fisico<\/strong>.<br \/>\nPotremmo ipotizzare che l&#8217;uso improprio dei fatti in entrambi gli schieramenti provenga da una mentalit\u00e0 rivolta al <strong>fondamentalismo come base per la coscienza umana a livello globale.<br \/>\n<\/strong>Questi fenomeni indicano la necessit\u00e0 di considerare una <strong>prospettiva pi\u00f9 elevata per il dibattito sui cambiamenti climatici.<\/strong><br \/>\nChiediamoci allora se le questioni scientifiche potrebbero cambiare se una prospettiva spirituale incentrata sul rapporto cosmologico tra gli esseri umani e la natura fosse la base per un approccio di ricerca?<br \/>\nIn questo senso, potremmo anche chiederci: <strong>se lo spirito in natura \u00e8 realmente legato allo spirito nell&#8217;essere umano qual \u00e8 la vera natura di quel legame?<\/strong><br \/>\nDa un punto di vista esoterico queste domande sul dibattito sul clima sono in realt\u00e0 alla radice di molti insegnamenti sul rinnovamento spirituale e sulla trasformazione dell&#8217;anima personale.<br \/>\n<strong>GRETA THUNBERG E LA EXTINCTION REBELLION<\/strong><br \/>\nQualche parola su <strong>Greta Thunberg<\/strong> e il movimento <strong>Extinction Rebellion<\/strong>.<br \/>\nLa prima cosa da notare &#8211; e che qualche perplessit\u00e0 la suggerisce &#8211; \u00e8 che la nostra Greta \u00e8 <strong>appoggiata praticamente da tutti<\/strong>, dalla <em>\u00e9lite<\/em> degli affari riunita a Davos in Svizzera al Papa, dai leader dell\u2019Unione Europea ai politici inglesi, <em>Brexit<\/em> o non <em>Brexit<\/em>.<br \/>\n<img loading=\"lazy\" decoding=\"async\" class=\"aligncenter wp-image-9245 size-full\" src=\"https:\/\/www.liberopensare.com\/wp-content\/uploads\/2020\/01\/8.jpeg\" alt=\"\" width=\"1068\" height=\"712\" srcset=\"https:\/\/www.liberopensare.com\/wp-content\/uploads\/2020\/01\/8.jpeg 1068w, https:\/\/www.liberopensare.com\/wp-content\/uploads\/2020\/01\/8-300x200.jpeg 300w, https:\/\/www.liberopensare.com\/wp-content\/uploads\/2020\/01\/8-1024x683.jpeg 1024w, https:\/\/www.liberopensare.com\/wp-content\/uploads\/2020\/01\/8-768x512.jpeg 768w\" sizes=\"(max-width: 1068px) 100vw, 1068px\" \/><br \/>\nUn\u2019altro motivo di riflessione \u00e8 che <strong>giovanetti o giovanette sono state sempre utilizzati<\/strong> dalla propaganda occidentale per far penetrare determinate idee prima di tutto attraverso <strong>l\u2019emozione, il sentire<\/strong>.<br \/>\nDallo studente che \u2018ferma\u2019 la colonna di carri armati in <strong>Piazza Tienanmen<\/strong> nell\u201989 alla quindicenne <strong>Nayirah in lacrime all\u2019ONU <\/strong>che racconta la storia dei neonati strappati dalle incubatrici e gettati per terra dai soldati iracheni durante la guerra con il Kuwait &#8211; tutto rigorosamente falso &#8211; fino alla foto di <strong>Alan Kurdi, il bimbo affogato<\/strong> nel 2015 su una spiaggia turca.<br \/>\nSono immagini che vengono veicolate dai <em>media<\/em> per <strong>ottenere determinati scopi lavorando sull\u2019emozione <\/strong>che coinvolge il singolo e che \u00e8 funzionale ad amplificare <strong>emozioni collettive<\/strong>.<br \/>\nQuando <strong>Greta <\/strong>\u00e8 giunta a New York il 28 Agosto scorso in barca a vela indossava una giacca vento &#8211; lo slogan era presente anche sulla vela &#8211; con sopra scritto in maiuscolo <strong><em>UNITE BEHIND THE SCIENCE<\/em><\/strong> &#8211; uniti dietro la scienza.<br \/>\n<img loading=\"lazy\" decoding=\"async\" class=\"aligncenter wp-image-9246 size-full\" src=\"https:\/\/www.liberopensare.com\/wp-content\/uploads\/2020\/01\/unite_copy.jpg\" alt=\"\" width=\"400\" height=\"267\" srcset=\"https:\/\/www.liberopensare.com\/wp-content\/uploads\/2020\/01\/unite_copy.jpg 400w, https:\/\/www.liberopensare.com\/wp-content\/uploads\/2020\/01\/unite_copy-300x200.jpg 300w\" sizes=\"(max-width: 400px) 100vw, 400px\" \/><br \/>\nQuesto naturalmente &#8211; oltre al particolare che le prime due lettere dello slogan sono <strong>UN<\/strong> (Nazioni Unite in inglese) implica <em>de facto<\/em> che <strong>TUTTI<\/strong> gli scienziati siano unanimi sulla interpretazione del <strong>\u201cRiscaldamento Globale\u201d<\/strong> cosa che non potrebbe essere pi\u00f9 falsa.<br \/>\nImplica altres\u00ec che i fatti stabiliti dalla scienza siano <strong>SICURAMENTE<\/strong> certi, cosa anche questa che non potrebbe essere pi\u00f9 lontana dal vero; basti pensare a quante \u201cverit\u00e0 scientifiche\u201d sono state contraddette e rettificate nel corso degli ultimi decenni.<br \/>\n<strong>Tutti uniti <\/strong>naturalmente implica avere <strong>un unico pensiero<\/strong>, il <strong>pensiero unico<\/strong> dunque, <strong>un pensiero unico che ci viene &#8211; per giunta &#8211; indicato dalle Nazioni Unite<\/strong>, l\u2019organizzazione erede della famosa Lega delle Nazioni creata nel 1919 con l\u2019obiettivo di facilitare alle \u00e9lite anglo-americane il dominio del mondo.<br \/>\n<strong>IL RISCALDAMENTO GLOBALE<\/strong><br \/>\nMa da dove nasce questa crociata del cosiddetto Riscaldamento Globale?<br \/>\nTutti ricorderanno <strong>Al Gore <\/strong>che nei primi anni \u201990 inizi\u00f2 &#8211; e poi teorizz\u00f2 pi\u00f9 compiutamente nel 2013 &#8211; a spendersi per una riduzione mondiale delle emissioni CO2.<br \/>\nNel 2013 i due profeti di <strong>Extinction Rebellion<\/strong>, <strong>Gail Bradbrook<\/strong> e <strong>Roger Hallam<\/strong> riprendendo quasi con le stesse parole le linee-guida di Al Gore, puntavano a <strong>zero emissioni<\/strong> nel mondo occidentale entro il 2025.<br \/>\nMa <strong>chi c\u2019\u00e8 dietro ad Al Gore?<\/strong><br \/>\nSe indaghiamo chi gi\u00e0 sosteneva Al Gore ai tempi dell\u2019<strong>Earth Summit<\/strong> &#8211; il summit mondiale &#8211; tenutosi in Brasile, a Rio de Janeiro nel 1992 &#8211; troviamo <strong>Maurice Strong<\/strong> un diplomatico e magnate del petrolio canadese che fu anche sottosegretario generale dell\u2019ONU, con strettissimi legami con la famiglia <strong>Rockefeller<\/strong> che support\u00f2 la sua carriera nelle Nazioni Unite.<br \/>\nTroviamo poi <strong>Jacque Fresco<\/strong>, futurista e designer americano propugnatore di una <strong>societ\u00e0 tecnocratica<\/strong> e amico di quel <strong>Peter Joseph<\/strong> autore dei documentari <strong>Zeitgeist<\/strong>. Proprio nel secondo di questi documentari si illustra il <strong><em>Venus Project<\/em><\/strong> di Fresco.<br \/>\nPer la corrente della <strong>tecnocrazia<\/strong> la societ\u00e0 deve essere guidata da scienziati sulla base dell\u2019efficienza energetica e fisica; allo stesso modo nel <strong><em>Venus Project <\/em><\/strong>e nel <strong>Zeitgeist Movement <\/strong>non c\u2019\u00e8 posto per finanza o politica; solo coloro che hanno una competenza nella realt\u00e0 fisico-sensibile hanno diritto a guidare la societ\u00e0.<br \/>\nNaturalmente <strong>questa visione \u00e8 totalmente ed integralmente materialista ed anti-Cristiana.<br \/>\n<\/strong>In tale ambito nascono i concetti di <strong>sostenibilit\u00e0<\/strong> ed <strong>economia basata sulle risorse<\/strong>.<br \/>\nNonostante Strong abbia pi\u00f9 volte affermato di non credere in un governo mondiale, nei fatti questo cambio di passo nella <em>governance<\/em> mondiale non pu\u00f2 partire dal basso ma &#8211; e qui \u00e8 indicativa anche la sua alta considerazione del regime cinese &#8211; <strong>deve venire imposta dall\u2019alto<\/strong>.<br \/>\nAnche colui che ha lanciato <strong>Greta Thunberg<\/strong> sul palcoscenico mondiale, <strong>Ingmar Rentzhog<\/strong> fondatore del <em>magazine<\/em> <strong><em>We don\u2019t have Time<\/em><\/strong>, \u00e8 stato formato da <strong>Al Gore <\/strong>negli USA.<br \/>\nQuesta non \u00e8 sicuramente la sede per esaminare le due posizioni scientifiche antitetiche sul Riscaldamento globale.<img loading=\"lazy\" decoding=\"async\" class=\"aligncenter wp-image-9247 size-full\" src=\"https:\/\/www.liberopensare.com\/wp-content\/uploads\/2020\/01\/9.gif\" alt=\"\" width=\"681\" height=\"712\" \/><br \/>\nVorrei per\u00f2 notare che lo scioglimento dei ghiacciai che tutti oggi stanno portando ad esempio per il presunto riscaldamento globale si sta verificando nell\u2019Artico e non <strong>nell\u2019Antartide dove i ghiacciai sono in buona salute ed anzi in aumento.<br \/>\n<\/strong>Ma se la Terra \u00e8 \u201cmalata\u201d come fa ad esserlo solo nell\u2019emisfero boreale e non in quello australe, dove negli ultimi anni si \u00e8 registrata una grande espansione della superficie dei ghiacciai, decisamente superiore al passato.<br \/>\nSe un organismo &#8211; e <strong>la Terra \u00e8 in tutto e per tutto un organismo<\/strong> &#8211; ha la febbre ce l\u2019ha dappertutto non solo in una parte del corpo; potrebbe anche darsi che una parte sia ancora fredda e si stia scaldando ma qui abbiamo esattamente il contrario, vale a dire che una parte del pianeta si sta raffreddando con un progressivo aumento dei ghiacci\u2026<br \/>\nIn ogni caso il punto fondamentale non \u00e8 certo quello del riscaldamento globale su cui quasi tutti concordano; il nucleo della questione \u00e8 che <strong>non tutti concordano sul fatto che tale riscaldamento sia causato dalle emissioni di CO2.<\/strong><br \/>\n<strong>I CAMBIAMENTI DEL PASSATO<\/strong><br \/>\nNella storia del nostro pianeta vi sono stati <strong>molti periodi estremamente pi\u00f9 caldi ed estremamente pi\u00f9 freddi del presente<\/strong>, basti pensare al fatto che dove oggi ci sono ghiacciai perenni vi erano foreste lussureggianti.<br \/>\n<strong>Il clima \u00e8 sempre cambiato nel passato indipendentemente dalle azioni dell\u2019uomo.<\/strong><br \/>\nL\u2019attuale <strong>periodo di riscaldamento<\/strong> del pianeta che <strong>parte circa 200 anni fa<\/strong> \u00e8 stato preceduto da un periodo che gli scienziati chiamano la <strong>\u201cpiccola era glaciale\u201d <\/strong>iniziata intorno al <strong>1300<\/strong> dunque 700 anni fa.<br \/>\nAndando ancora indietro nel tempo abbiamo avuto un altro lungo periodo con temperature decisamente pi\u00f9 alte delle attuali; si tratta del periodo che i geologi chiamano <strong>\u201cPeriodo caldo Medievale\u201d<\/strong> e che va <strong>dal 1100 al 1300<\/strong>.<br \/>\n<img loading=\"lazy\" decoding=\"async\" class=\"aligncenter wp-image-9248 size-full\" src=\"https:\/\/www.liberopensare.com\/wp-content\/uploads\/2020\/01\/10.jpg\" alt=\"\" width=\"500\" height=\"361\" srcset=\"https:\/\/www.liberopensare.com\/wp-content\/uploads\/2020\/01\/10.jpg 500w, https:\/\/www.liberopensare.com\/wp-content\/uploads\/2020\/01\/10-300x217.jpg 300w\" sizes=\"(max-width: 500px) 100vw, 500px\" \/><br \/>\nAncora precedentemente, tra il <strong>7.000 e il 4.000 a.C<\/strong>. vi \u00e8 stato un lunghissimo periodo &#8211; durato oltre 3.000 anni &#8211; anch\u2019esso molto pi\u00f9 caldo di oggi chiamato dai geologi <strong>\u201cMassimo Olocene\u201d<\/strong>.<br \/>\nDa una osservazione che non sia esclusivamente materialista notiamo &#8211; con G\u00fcnther Wachsmuth &#8211; che:<\/p>\n<blockquote><p><em>Nell\u2019esatta met\u00e0 di un\u2019epoca calda, arriviamo all\u2019epoca, molto importante anche dal punto di vista della storia spirituale, che va dal 13\u00b0 al 15\u00b0 secolo. In conseguenza del vasto ritmo \u00abplatonico\u00bb del calore, tutto il periodo in cui il punto vernale attraversa i Pesci e nel quale l\u2019asse terrestre s\u2019inclina verso i Gemelli, deve corrispondere ad un maximum di calore. Durante tutto questo periodo che ci porta a 2.500 anni d.C., ci troveremo nella zona di maggior calore che, fino ad allora, andr\u00e0 accumulandosi. Per cinque o sei secoli, dovremo dunque aspettarci una predominanza dei processi di calore. I fatti hanno assolutamente confermato, nell\u2019andamento delle stagioni, che esse si riscaldano; e nonostante questi viventi processi siano sottoposti ad ogni tipo di variazione, di ritorni indietro e di diminuzioni, la tendenza generale segnala tuttavia che viviamo in una fase in cui il calore continua a predominare. Le osservazioni effettuate nelle Alpi e nelle regioni polari indicano, nonostante le normali variazioni per un organismo vivente, che la glaciazione arretra e che il calore aumenta. Il manto di calore della Terra sembra salire verso il Nord e questo fenomeno, secondo ci\u00f2 che abbiamo visto, dovrebbe mantenersi ancora per cinque secoli.<br \/>\n(G\u00fcnther Wachsmuth, L\u2019Evoluzione della Terra)<\/em><\/p><\/blockquote>\n<p>Ora se queste variazioni &#8211; scientificamente provate come si \u00e8 visto sopra &#8211; sono evidentemente naturali, <strong>cosa ci spinge a credere che non potrebbero ripetersi naturalmente oggi?<\/strong><br \/>\nUn ulteriore argomento riguarda l\u2019aumento attuale che si sostiene essere causato dalle emissioni di anidride carbonica.<br \/>\nOra, le temperature della Terra in realt\u00e0 &#8211; dopo essere <strong>cresciute sino al 1940<\/strong> &#8211; hanno iniziato a diminuire rimanendo <strong>basse sino al 1975<\/strong> e questo proprio mentre le emissioni di CO2 aumentavano rapidamente.<br \/>\nAbbiamo pertanto una situazione opposta; <strong>le emissioni aumentano e le temperature diminuiscono.<br \/>\n<\/strong>Inoltre le ricerche hanno indicato che nella storia del riscaldamento terrestre non \u00e8 stato l\u2019aumento di temperatura del pianeta conseguente all\u2019aumento di CO2 ma <strong>esattamente il contrario<\/strong>, vale a dire che <strong>con un ritardo di qualche centinaio di anni l\u2019incremento di CO2 ha seguito l\u2019aumento delle temperature<\/strong>.<br \/>\nDunque l\u2019aumento del CO2 &#8211; che poi \u00e8 l\u2019elemento che immettiamo nell\u2019atmosfera con la nostra respirazione &#8211; <strong>\u00e8 una conseguenza non la causa del riscaldamento atmosferico.<br \/>\n<\/strong>Ma a parte noi con la nostra respirazione chiediamoci da dove proviene l\u2019immissione di anidride carbonica nell\u2019atmosfera terrestre.<br \/>\nE qui facciamo delle scoperte interessanti.<br \/>\nAd esempio quella di notare che i vulcani <strong>producono pi\u00f9 CO2 ogni anno di tutte le fabbriche, auto, aerei e di qualsiasi altra sorgente umana di emissioni.<br \/>\n<\/strong>E ancora: <strong>animali e batteri <\/strong>producono annualmente pi\u00f9 di <strong>150 miliardi di tonnellate di CO2<\/strong>, contro solo <strong>6,5 miliardi di tonnellate emessi dall\u2019uomo<\/strong>.<br \/>\nMa non \u00e8 finita; emissioni ancora superiori provengono sia dalla <strong>putrefazione delle piante<\/strong> che sopratutto dagli <strong>oceani<\/strong> che assorbono anidride carbonica nei periodi freddi e la restituiscono nei periodi caldi, anche se con una certo ritardo. Data la loro vastit\u00e0 infatti ci mettono decenni o secoli per scaldarsi e raffreddarsi.<br \/>\nInfine, <em>last but not least<\/em>, alcune ricerche recenti (<strong>Dr. Piers Corbyn<\/strong> meteorologo inglese e il <strong>Prof. Eigil Friis-Christensen<\/strong> Direttore del Centro Spaziale Danese) e basata su rilievi che vanno indietro nel tempo per ben quattro secoli, hanno indicato come vi sia una <strong>strettissima correlazione tra l\u2019attivit\u00e0 solare, vale a dire i cicli di macchie solari e l\u2019andamento del clima.<\/strong><br \/>\n<strong><a href=\"http:\/\/fuoridimatrix.blogspot.com\/2019\/10\/nasa-cambiamenti-climatici-causati-da.html\" target=\"_blank\" rel=\"noopener\">Il modello<\/a><\/strong> dell\u2019astrofisico serbo <strong>Milutin Milankovitch<\/strong> dopo essere stato ignorato per quasi mezzo secolo, nel 1976, \u00e8 stato giudicato dalla rivista <strong>Science<\/strong><\/p>\n<blockquote><p>\u201c<em>accurato e corrispondente a vari periodi di cambiamento climatico verificatisi nel corso della storia\u201d.<\/em><\/p><\/blockquote>\n<p>Nel 1982, sei anni dopo, il National Research Council della <strong>National Academy of Sciences<\/strong> degli Stati Uniti adott\u00f2 la teoria di Milankovitch, dichiarando che:<\/p>\n<blockquote><p><em>Le variazioni orbitali restano il meccanismo pi\u00f9 accuratamente esaminato del cambiamento climatico su scale temporali di decine di migliaia di anni e sono di gran lunga il caso pi\u00f9 evidente di un effetto diretto del cambiamento dell&#8217;insolazione sulla bassa atmosfera della Terra.<\/em><\/p><\/blockquote>\n<p>In sintesi, dunque sembrerebbe<strong> che il maggiore fattore periodico che influenza il clima e gli schemi climatici sulla terra \u00e8 il sole.<br \/>\n<\/strong><strong>Questa \u00e8 un\u2019altra interessante prospettiva che ci riporta al collegamento tra la Terra e l\u2019intero Cosmo.<\/strong><br \/>\n<strong>DA DOVE NASCE IL MITO DEL RISCALDAMENTO GLOBALE<\/strong><br \/>\nIn realt\u00e0 il mantra del riscaldamento globale che si trasforma in una questione politica risale al governo <strong>Thatcher<\/strong>. La <em>Iron Lady<\/em> non fidandosi dei sindacati dei minatori e del Medioriente &#8211; si era all\u2019indomani della recessione innescata dai <em>blackout<\/em> petrolieri dei primi anni \u201870 &#8211; spinse per il <strong>nucleare<\/strong> e &#8211; rendendosi conto che le centrali atomiche non producono anidride carbonica come il petrolio e il carbone si present\u00f2 alla <em>Royal Society<\/em> assicurando <strong>ricchi finanziamenti<\/strong> per spingere questa idea del riscaldamento globale conseguente all\u2019emissione di CO2.<strong><img loading=\"lazy\" decoding=\"async\" class=\"aligncenter wp-image-9249 size-full\" src=\"https:\/\/www.liberopensare.com\/wp-content\/uploads\/2020\/01\/11_copy.jpg\" alt=\"\" width=\"349\" height=\"403\" srcset=\"https:\/\/www.liberopensare.com\/wp-content\/uploads\/2020\/01\/11_copy.jpg 349w, https:\/\/www.liberopensare.com\/wp-content\/uploads\/2020\/01\/11_copy-260x300.jpg 260w\" sizes=\"(max-width: 349px) 100vw, 349px\" \/><\/strong><br \/>\n<strong>Nacque allora con ricchi finanziamenti il Comitato Internazionale sul Cambiamento Climatico (IPCC)<\/strong> da cui iniziarono ad uscire <strong>previsioni di disastri climatici collegati al riscaldamento globale.<\/strong><br \/>\nA quel punto le vicende politiche degli anni \u201980 con la <strong>caduta del muro<\/strong> e la nascita dei <strong>movimenti \u2018verdi\u2019 ecologisti <\/strong>salda i due estremi: la destra della Thatcher e la sinistra dei movimenti ecologisti facendo s\u00ec che negli anni \u201990 l\u2019idea del riscaldamento globale, anche se contraddetta da svariate ricerche scientifiche ma pompata da finanziamenti &#8211; prima milionari e successivamente miliardari &#8211; si trasforma in qualcosa di indiscutibile, in una <strong>verit\u00e0 senza se e senza ma<\/strong>.<br \/>\nOggi <strong>solo gli USA investono ben 4 miliardi di dollari nella ricerca sul riscaldamento globale.<\/strong><br \/>\nE se uno scienziato solleva dei dubbi o produce delle ricerche che contraddicono l\u2019idea dominante oltre a <a href=\"https:\/\/www.youtube.com\/watch?time_continue=135&amp;v=YQshyqCLYHo&amp;feature=emb_logo\" target=\"_blank\" rel=\"noopener\"><strong>non ottenere fondi di alcun genere<\/strong><\/a> viene semplicemente <strong>ignorato dai <em>media<\/em> e ostracizzato dalla comunit\u00e0 scientifica, <\/strong>come ben illustrato da John Coleman, il creatore di <strong>Weather Channel<\/strong> in una famosa intervista alla <strong>CNN<\/strong> del 2014.<br \/>\nGiusto per citare gli eventi pi\u00f9 recenti, nonostante oltre 500 scienziati e studiosi esperti del clima abbiano trasmesso nel settembre scorso una <a href=\"http:\/\/www.atlanticoquotidiano.it\/quotidiano\/mentre-greta-sbrocca-allonu-ascoltiamo-gli-scienziati-in-500-dicono-che-la-nostra-casa-non-e-in-fiamme\/\" target=\"_blank\" rel=\"noopener\"><span class=\"s5\"><strong>\u201cDichiarazione europea sul clima\u201d<\/strong><\/span><\/a> nella quale si contestano su base scientifica i modelli di divulgazione generale sul clima, assistiamo oggi alla richiesta da parte di due personaggi politici &#8211; nonch\u00e9 da una petizione creata ad hoc, <a href=\"https:\/\/www.change.org\/p\/cambiamenti-climatici-nessuno-spazio-per-posizioni-antiscientifiche-nei-media-fnsisocial-odg-cnog?use_react=false\" target=\"_blank\" rel=\"noopener\"><span class=\"s5\"><strong>#StopClimateFake<\/strong><\/span><\/a> &#8211; dove viene richiesto letteralmente:<\/p>\n<blockquote><p><em>Non c\u2019\u00e8 in democrazia il diritto a dare spazio alle <\/em><strong><em>fake-news<\/em><\/strong><em>, si tratta solo di disinformazione che aiuta l&#8217;audience o le vendite.<br \/>\n<\/em><em>(\u2026) Chiediamo che si segua l\u2019esempio della BBC, del Guardian e di Le Monde, che hanno posto fine a questa distorsione, dopo aver preso atto dei troppi errori commessi nel parlare di cambiamenti climatici, e che <\/em><strong><em>non venga pi\u00f9 dato spazio a posizioni antiscientifiche<\/em><\/strong><em>, basate su opinioni di singoli e non supportate da ricerche validate dalla comunit\u00e0 scientifica.<\/em><\/p><\/blockquote>\n<p>Dunque ci risiamo; la <strong>Matrix<\/strong> <strong>del riscaldamento globale<\/strong> ha oggi un dominio assoluto aldil\u00e0 della ragione e della scienza; dubitarne produce sugli altri lo stesso effetto del dubbio sull\u2019Olocausto.<br \/>\nDiviene qualcosa di <strong>IMPENSABILE<\/strong>.<br \/>\nQuello che pi\u00f9 preme &#8211; al di l\u00e0 delle opposte fazioni &#8211; \u00e8 riflettere come <strong>dal piano scientifico<\/strong> l\u2019assunzione di questa presunta <strong>verit\u00e0 assoluta<\/strong> sia passata al <strong>piano politico<\/strong> e successivamente, rivestita di propaganda, sia passata al <strong>piano religioso diventando oggetto di fede<\/strong>.<br \/>\nCos\u00ec chi ha il coraggio di fare delle obiezioni viene semplicemente tacciato di <strong>eresia<\/strong> quando gli va bene.<br \/>\n<strong>IL PUNTO DI VISTA SPIRITUALE<\/strong><br \/>\nOra per\u00f2 per chi ha una visione pi\u00f9 ampia del problema &#8211; vale a dire non solo fisico-sensibile ma <strong>anche sovrasensibile<\/strong> le cose assumono un diverso aspetto.<br \/>\nCome si \u00e8 visto pi\u00f9 sopra, se molti scienziati sostengono che il riscaldamento globale sia dovuto all\u2019<strong>azione solare<\/strong> e non abbia nulla a che fare con gli esseri umani, \u00e8 anche vero che un numero crescente di persone individua nel nostro stile di vita la causa principale.<br \/>\nAltri, basandosi sulle indicazioni fornite da Rudolf Steiner, indicano gli Esseri della Terza Gerarchia come le forze motrici dietro i cambiamenti di ozono, anidride carbonica e calore.<\/p>\n<blockquote><p><em>Se osserviamo in un determinato momento un punto della Terra e torniamo poi ad osservarlo dopo molto tempo, lo troveremo completamente cambiato; le forze che hanno prodotto quei cambiamenti si trovano nell\u2019ambiente dei morti. Cosi anche fra la morte e una nuova nascita gli uomini si trovano in connessione con la Terra. La coscienza soprasensibile vede in tutta l\u2019esistenza fisica la manifestazione di una spiritualit\u00e0 nascosta. <\/em><strong><em>Per l\u2019osservazione fisica sono la luce del sole, i cambiamenti di clima, ecc., che producono le modificazioni della Terra.<br \/>\nPer l\u2019osservazione soprasensibile, invece, \u00e8 la forza degli uomini morti, che agisce nel raggio di luce che dal sole cade sulla pianta<\/em><\/strong><em>.<br \/>\nA tale osservazione si manifesta come anime umane aleggino intorno alle piante, trasformino il suolo, ed altre cose simili. Dopo la morte l\u2019uomo non si occupa soltanto di s\u00e9 stesso e della preparazione alla nuova sua vita.<br \/>\nEgli ha il compito di lavorare spiritualmente per il mondo esteriore, cos\u00ec come durante il periodo fra nascita e morte ha il compito di lavorare fisicamente.<br \/>\n(R.Steiner La Scienza Occulta)<\/em><br \/>\n<em>\u201c<\/em><strong><em>\u00c8 l&#8217;uomo stesso che provoca i grandi cambiamenti nel volto della Terra<\/em><\/strong><em>, e anche la scena profondamente diversa in cui vive durante la sua incarnazione successiva. Ma svolge questo lavoro sotto la direzione e la guida degli Esseri superiori. Quindi \u00e8 vero dire, quando guardiamo ai mondi vegetali e animali in continua evoluzione, che <\/em><strong><em>questo cambiamento \u00e8 opera dei defunti<\/em><\/strong><em>. I defunti sono attivi nella trasformazione della flora e della fauna e persino nel cambiare la forma fisica della Terra solida. Anche nelle forze della natura dobbiamo vedere l&#8217;attivit\u00e0 degli esseri umani disincarnati; e sappiamo con che energia queste forze possono lavorare sulla faccia della Terra.<br \/>\n<\/em><em>(Rudolf Steiner 26 Agosto 1906)<\/em><\/p><\/blockquote>\n<p>Pertanto <strong>noi, come esseri umani, non possiamo essere separati dalla natura, come la materia non pu\u00f2 essere separata dallo spirito.<\/strong><br \/>\nCome esseri umani <strong>possiamo e dobbiamo pertanto cambiare la natura<\/strong>, ma solo se siamo disposti a <strong>cambiare noi stessi insieme ad essa<\/strong>, e <strong>solo se il cambiamento \u00e8 sia spirituale che fisico.<\/strong><br \/>\n<strong>Allora non dobbiamo curarci per nulla dei cambiamenti climatici e del riscaldamento globale?<\/strong><br \/>\n<strong>Assolutamente no.<\/strong><br \/>\n<strong><img loading=\"lazy\" decoding=\"async\" class=\"aligncenter wp-image-9250 size-full\" src=\"https:\/\/www.liberopensare.com\/wp-content\/uploads\/2020\/01\/12.jpeg\" alt=\"\" width=\"300\" height=\"172\" \/><\/strong><br \/>\n<strong>La scienza dello spirito<\/strong> propone un <strong>ambientalismo<\/strong> molto speciale nel quale gli impegni ecologici agiscono in un <strong>contesto cosmico di sviluppo evolutivo e trasmutazione planetaria<\/strong>.<br \/>\nLa trasformazione globale \u00e8 in corso ed \u00e8 inevitabile, e <strong>la Terra sperimenter\u00e0 cambiamenti climatici su scala molto pi\u00f9 vasta di quella che attualmente si prevede che possa derivare da livelli crescenti di anidride carbonica.<\/strong><br \/>\nCi\u00f2 tuttavia non porta a <strong>essere passivi <\/strong>sul cambiamento climatico legato al CO2.<br \/>\nAl contrario, \u00e8 <strong>necessario lavorare alacremente<\/strong> per garantire che i cambiamenti meccanicistici e unidimensionali determinati dalla concentrazione del carbonio non precludano le possibilit\u00e0 di processi di cambiamento pi\u00f9 autenticamente ecologici.<br \/>\nPertanto, qualunque sia il punto di vista su cui ci si concentra &#8211; anche quello relativo all\u2019effetto del sole &#8211; se lo si collega alla straordinaria interconnessione esistente tra gli esseri umani e l&#8217;universo rivelata dall&#8217;antroposofia, non si pu\u00f2 evitare di <strong>sentirci comunque responsabili <\/strong>di quanto sta accadendo e di agire di conseguenza.<br \/>\n<strong>MICHAEL<\/strong><br \/>\nNaturalmente non possiamo ignorare il fatto che la crescente consapevolezza mondiale delle conseguenze delle nostre azioni in termini delle devastazioni che stiamo provocando alla Madre Terra si sta verificando durante <strong>l&#8217;epoca di Michele<\/strong>.<br \/>\n<strong>L\u2019Arcangelo<\/strong> <strong>Michael, ci dice Steiner, opera tramite le conseguenze delle azioni, appoggiando ci\u00f2 che pu\u00f2 essere utile per il futuro del cosmo e rifiutando ci\u00f2 che non lo \u00e8.<\/strong><br \/>\nCome gi\u00e0 espresso in modo pi\u00f9 approfondito<strong> <a href=\"https:\/\/www.liberopensare.com\/articoli\/1558-la-comunita-micaelita\"><span class=\"s5\">in un precedente intervento<\/span><\/a><\/strong>, per contrastare il prendere piede, dall&#8217;ultimo terzo del secolo XIX, di una intelligenza priva di spiritualit\u00e0, a cavallo dell\u2019inizio del XIX secolo ebbe luogo un culto nel mondo sovrasensibile in potenti immaginazioni di vita spirituale. Ad esso presero parte tutti coloro che parteciparono alla <strong>Scuola di Michele<\/strong> &#8211; nata nel mondo spirituale all\u2019inizio del secolo XV.<br \/>\nTutti gli esseri &#8211; che vi hanno partecipato tra morte e nuova nascita &#8211; ne hanno inconsciamente portato con s\u00e9 i risultati nella successiva vita sulla Terra.<br \/>\nLe esperienze della Scuola di Michele si sono allora trasformate, nella nuova incarnazione, nell\u2019inclinazione ad abbracciare i contenuti della Scienza dello Spirito.<br \/>\nEd oggi queste persone che hanno partecipato a quella Scuola sovrasensibile sono qui sulla Terra a confrontarsi con i grandi problemi della nostra epoca, cercando un approccio nuovo e libero.<br \/>\nOra, considerando che l\u2019inquinamento industriale &#8211; sia esso o meno una concausa <strong>determinante<\/strong> del riscaldamento globale &#8211; \u00e8 comunque in qualche modo emanazione di quel <strong>drago che Michael ha vinto<\/strong> e che si \u00e8 rifugiato sulla Terra, non possiamo in alcun modo non tenerne conto, attivandoci sia sul piano interiore che esteriore per creare delle condizioni migliori per l\u2019ambiente sia fisico che sovrasensibile che circonda la Terra.<br \/>\nQuello che viene richiesto sul piano interiore \u00e8 evidentemente l\u2019impegno ascetico di una trasformazione di s\u00e9 tramite concentrazione, meditazione ed altre attivit\u00e0 interiori &#8211; <strong><em>Sii tu il cambiamento che vuoi vedere nel mondo<\/em><\/strong>, come affermava Gandhi &#8211; ma possibilmente in stretto collegamento con altre persone con cui condividere questa scelta.<br \/>\nQueste sono le comunit\u00e0 spirituali che dovranno sempre pi\u00f9 prendere il posto delle comunit\u00e0 cui in genere aderiamo istintivamente per via dei nostri gusti ludici o politici ad esempio.<img loading=\"lazy\" decoding=\"async\" class=\"aligncenter wp-image-9251 size-full\" src=\"https:\/\/www.liberopensare.com\/wp-content\/uploads\/2020\/01\/13a.jpg\" alt=\"\" width=\"300\" height=\"300\" srcset=\"https:\/\/www.liberopensare.com\/wp-content\/uploads\/2020\/01\/13a.jpg 300w, https:\/\/www.liberopensare.com\/wp-content\/uploads\/2020\/01\/13a-150x150.jpg 150w\" sizes=\"(max-width: 300px) 100vw, 300px\" \/><br \/>\nAnche per quanto riguarda il piano esteriore sar\u00e0 necessario in futuro <strong>passare dal global al local<\/strong>, partendo dalla creazione di <strong>comunit\u00e0<\/strong> omogenee che possano agire con il proprio esempio e le proprie scelte dal basso, non potendo evidentemente <strong>aspettarci nulla<\/strong> da chi ci ha imposto una <strong>Matrix<\/strong> attraverso la propaganda del pensiero unico al servizio del <strong>dio mercato<\/strong> e all\u2019insegna della <strong>menzogna sociale e politica<\/strong> e dell\u2019<strong>aggressivit\u00e0 militare<\/strong>.<br \/>\nRudolf Steiner afferma che quando parliamo o agiamo all\u2019interno di una comunit\u00e0 spirituale &#8211; nella quale la condizione necessaria \u00e8 che siamo realmente aperti all\u2019essere dell\u2019altro &#8211; in noi non agisce o parla la singola anima, ma <strong>lo spirito della comunit\u00e0<\/strong>.<br \/>\nE aggiunge che questo, che chiama <strong>il nuovo idealismo<\/strong> \u00e8 un punto essenziale: <strong>agire a partire dalle comunit\u00e0 \u00e8 il mistero del progresso dell&#8217;umanit\u00e0 futura<\/strong>.<br \/>\nLa comunit\u00e0 spirituale potr\u00e0 funzionare solo se i suoi membri svilupperanno nell&#8217;anima<strong> la tolleranza, la capacit\u00e0 di accettare anche opinioni e punti di vista con cui non concordiamo per nulla<\/strong> ma che rispettiamo come una <strong>legittima espressione dell&#8217;animo dell&#8217;altro.<br \/>\n<\/strong>In altri termini la capacit\u00e0 di accogliere l&#8217;opinione dell&#8217;altro <strong>esattamente come se fosse la nostra.<\/strong><br \/>\n<strong>CONCLUSIONI<\/strong><br \/>\nPer concludere, il nostro obiettivo deve essere quello di liberarci individualmente dalla <strong>Matrix<\/strong> in cui viviamo, smascherando la falsa narrativa che ci viene imposta, ritrovando il nostro pi\u00f9 profondo elemento di libert\u00e0 interiore e di impegno comunitario.<br \/>\n<img loading=\"lazy\" decoding=\"async\" class=\"aligncenter wp-image-9252 size-full\" src=\"https:\/\/www.liberopensare.com\/wp-content\/uploads\/2020\/01\/15a_copy.jpg\" alt=\"\" width=\"400\" height=\"169\" srcset=\"https:\/\/www.liberopensare.com\/wp-content\/uploads\/2020\/01\/15a_copy.jpg 400w, https:\/\/www.liberopensare.com\/wp-content\/uploads\/2020\/01\/15a_copy-300x127.jpg 300w\" sizes=\"(max-width: 400px) 100vw, 400px\" \/><br \/>\nLa comunit\u00e0 spirituale \u00e8 infatti una evoluzione delle comunit\u00e0 nelle quali abbiamo vissuto sino ad oggi, comunit\u00e0 in cui \u00e8 il minimo comune denominatore a fare da elemento aggregante: religione, politica, sport etc.<br \/>\nLa comunit\u00e0 spirituale \u00e8, al contrario, composta da uomini liberi che hanno deciso di dar vita ad una narrativa indipendente e in cui si tende ad sviluppare quella che Rudolf Steiner chiama <strong>Fantasia Morale<\/strong>.<\/p>\n<blockquote><p><em>Che io possa fare, vale a dire trasformare in realt\u00e0, ci\u00f2 che io voglio, ci\u00f2 che mi sono prefisso come idea della mia azione, \u00e8 cosa che dipende da circostanze esterne e dalla mia capacit\u00e0 tecnica. Essere libero significa poter determinare da s\u00e9, con la <\/em><strong><em>fantasia morale<\/em><\/strong><em>, le rappresentazioni che stanno a base dell&#8217;azione (i motivi). \u00c8 impossibile la libert\u00e0, se qualcosa al di fuori di me (un processo meccanico oppure un Dio, posto fuori del mondo e frutto di una pura illazione) determina le mie rappresentazioni morali. Io sono dunque libero solamente <\/em><strong><em>quando produco io stesso queste rappresentazioni<\/em><\/strong><em>, e non quando posso semplicemente dare esecuzione ai motivi che un altro essere ha posti in me. <\/em><strong><em>Un essere libero \u00e8 quello che pu\u00f2 volere ci\u00f2 che egli stesso ritiene giusto.<\/em><\/strong><em> Chi fa cosa diversa da ci\u00f2 che vuole, deve essere spinto a farla da motivi che non risiedono in lui. Chi fa cos\u00ec non agisce liberamente. Poter volere a proprio piacimento ci\u00f2 che si stima giusto o non giusto, significa dunque: poter a proprio piacimento essere libero o non libero.<br \/>\n(Rudolf Steiner, La Filosofia della Libert\u00e0)<\/em><\/p><\/blockquote>\n<p>Le componenti di questa &#8211; possibile e necessaria &#8211; rivoluzione pacifica sono dunque: il conseguimento della libert\u00e0 interiore dalla falsa narrativa (<strong>pensare<\/strong>), lo sviluppo dell\u2019empatia nella vita comunitaria (<strong>sentire<\/strong>), e l\u2019azione libera determinata dalla fantasia morale (<strong>volere<\/strong>).<\/p>\n","protected":false},"excerpt":{"rendered":"<p>di Piero Cammerinesi Alle volte la decima arte, il cinema, pu\u00f2 aiutarci a capire dove sta andando il nostro mondo. Pu\u00f2 fornirci delle chiavi interpretative di notevole caratura o pu\u00f2 a volte anche anticipare degli eventi futuri le cui premesse sono comunque individuabili nel presente. LA MATRIX Prendiamo ad esempio il film dei fratelli Wachowski [&hellip;]<\/p>\n","protected":false},"author":2,"featured_media":9235,"comment_status":"closed","ping_status":"closed","sticky":false,"template":"","format":"standard","meta":{"footnotes":""},"categories":[13,5229,5162],"tags":[2112,858],"class_list":["post-9207","post","type-post","status-publish","format-standard","has-post-thumbnail","hentry","category-articoli-news","category-geopolitica","category-spiritualita","tag-fond","tag-new"],"_links":{"self":[{"href":"https:\/\/www.liberopensare.com\/en\/wp-json\/wp\/v2\/posts\/9207","targetHints":{"allow":["GET"]}}],"collection":[{"href":"https:\/\/www.liberopensare.com\/en\/wp-json\/wp\/v2\/posts"}],"about":[{"href":"https:\/\/www.liberopensare.com\/en\/wp-json\/wp\/v2\/types\/post"}],"author":[{"embeddable":true,"href":"https:\/\/www.liberopensare.com\/en\/wp-json\/wp\/v2\/users\/2"}],"replies":[{"embeddable":true,"href":"https:\/\/www.liberopensare.com\/en\/wp-json\/wp\/v2\/comments?post=9207"}],"version-history":[{"count":0,"href":"https:\/\/www.liberopensare.com\/en\/wp-json\/wp\/v2\/posts\/9207\/revisions"}],"wp:featuredmedia":[{"embeddable":true,"href":"https:\/\/www.liberopensare.com\/en\/wp-json\/wp\/v2\/media\/9235"}],"wp:attachment":[{"href":"https:\/\/www.liberopensare.com\/en\/wp-json\/wp\/v2\/media?parent=9207"}],"wp:term":[{"taxonomy":"category","embeddable":true,"href":"https:\/\/www.liberopensare.com\/en\/wp-json\/wp\/v2\/categories?post=9207"},{"taxonomy":"post_tag","embeddable":true,"href":"https:\/\/www.liberopensare.com\/en\/wp-json\/wp\/v2\/tags?post=9207"}],"curies":[{"name":"wp","href":"https:\/\/api.w.org\/{rel}","templated":true}]}}