{"id":987,"date":"2014-06-20T21:45:27","date_gmt":"2014-06-20T19:45:27","guid":{"rendered":"https:\/\/www.liberopensare.com\/?p=987"},"modified":"2024-08-14T16:48:03","modified_gmt":"2024-08-14T14:48:03","slug":"come-reagire-di-fronte-al-male","status":"publish","type":"post","link":"https:\/\/www.liberopensare.com\/en\/come-reagire-di-fronte-al-male\/","title":{"rendered":"Come reagire di fronte al Male?"},"content":{"rendered":"<pre class=\"p1\"><em><img decoding=\"async\" class=\"floatleft alignright size-full wp-image-981\" style=\"margin: 5px; float: right;\" src=\"https:\/\/www.liberopensare.com\/wp-content\/uploads\/2014\/06\/14847371.jpg\" alt=\"14847371\" width=\"250\" height=\"157\" srcset=\"https:\/\/www.liberopensare.com\/wp-content\/uploads\/2014\/06\/14847371.jpg 436w, https:\/\/www.liberopensare.com\/wp-content\/uploads\/2014\/06\/14847371-300x188.jpg 300w\" sizes=\"(max-width: 250px) 100vw, 250px\" \/>di Piero Cammerinesi <\/em><\/pre>\n<pre class=\"p1\"><em>(corrispondente di Coscienzeinrete Magazine e Altrainformazione)<\/em><\/pre>\n<p class=\"p1\"><em>Cos&#8217;\u00e8 il male? Cosa rappresenta da un punto di vista umano e spirituale? Come reagire al male che vediamo intorno a noi e che subiamo da parte dei poteri oscuri che cercano di schiavizzare le coscienze?<\/em><\/p>\n<p class=\"p1\">\n<p><!--more--><\/p>\n<p class=\"p1\">Di fronte alla questione &#8211; cui la vita ci pone continuamente &#8211; dell\u2019esistenza del male e della nostra possibile reazione o non-reazione si aprono vari scenari, che vanno dalla percezione del male come fatto univoco, esistente solo sul piano terreno (il male \u00e8 male, non c\u2019\u00e8 del bene in esso, va comunque combattuto e contrastato) al male come fatto biunivoco (il male sul piano spirituale ed il male sul piano fisico sono differenti e, anche: il male sul piano fisico non \u00e8 che male necessario per sviluppare un bene pi\u00f9 alto).<\/p>\n<p class=\"p1\"><img decoding=\"async\" class=\"floatleft alignleft size-full wp-image-982\" style=\"margin: 5px; float: left;\" src=\"https:\/\/www.liberopensare.com\/wp-content\/uploads\/2014\/06\/lapidazione_400.jpg\" alt=\"lapidazione 400\" width=\"250\" height=\"152\" srcset=\"https:\/\/www.liberopensare.com\/wp-content\/uploads\/2014\/06\/lapidazione_400.jpg 398w, https:\/\/www.liberopensare.com\/wp-content\/uploads\/2014\/06\/lapidazione_400-300x182.jpg 300w\" sizes=\"(max-width: 250px) 100vw, 250px\" \/>La prima percezione si rivolge solo al piano terrestre ed al regno degli effetti e potremmo definirla \u2018<em>materialista<\/em>\u2019.<\/p>\n<p class=\"p1\">\u00c8 quella percezione del male che evoca vendetta &#8211; occhio per occhio &#8211; punizione, condanna, morte.<\/p>\n<p class=\"p1\">Non c\u2019\u00e8 riscatto a questa percezione del male.<\/p>\n<p class=\"p1\">\u00c8 il male pre-cristiano, il male che non pu\u00f2 venir redento.<\/p>\n<p class=\"p1\">Se il Christo non avesse ben illustrato con il suo disegnare simboli <span style=\"font-family: verdana, geneva; font-size: 13.63636302947998px;\">sulla sabbia\u00a0con un bastoncino in occasione della (mancata) lapidazione dell\u2019adultera, come il male s\u00ec, resti inscritto nell\u2019etere della terra e si trasformi in <em>karma<\/em>, ma, attraverso il potere dello Spirito quello stesso <em>karma<\/em> possa poi trasformarsi in potere di redenzione, potremmo vivere solo la prima delle due percezioni del male. <img decoding=\"async\" class=\"floatleft alignright size-full wp-image-983\" style=\"margin: 5px; float: right;\" src=\"https:\/\/www.liberopensare.com\/wp-content\/uploads\/2014\/06\/adultera.jpg\" alt=\"adultera\" width=\"250\" height=\"167\" srcset=\"https:\/\/www.liberopensare.com\/wp-content\/uploads\/2014\/06\/adultera.jpg 510w, https:\/\/www.liberopensare.com\/wp-content\/uploads\/2014\/06\/adultera-300x200.jpg 300w\" sizes=\"(max-width: 250px) 100vw, 250px\" \/>L\u2019azione del Christo ci rivela che il male che ho fatto all\u2019altro lo dovr\u00f2 compensare &#8211; lo\u00a0<em>vorr\u00f2<\/em>\u00a0compensare &#8211; ma il male che ho fatto a me stesso nel fare male all\u2019altro (ostacolando la mia evoluzione) quello potr\u00e0 tornare bene.<\/span><\/p>\n<p class=\"p1\">La seconda percezione del male si rivolge s\u00ec al piano terrestre, ma prevalentemente a quello spirituale &#8211; al regno degli effetti ma soprattutto a quello delle cause &#8211; e potremmo definirla \u2018<em>mistica<\/em>\u2019.<\/p>\n<p class=\"p1\">\u00c8 quella percezione del male che evoca l\u2019inevitabilit\u00e0 del male, del dolore, la necessit\u00e0 del destino, la \u2018compassione\u2019 del Buddha, ma <em>non<\/em> l\u2019amore del Christo.<\/p>\n<p class=\"p1\"><img loading=\"lazy\" decoding=\"async\" class=\"floatleft alignleft size-full wp-image-984\" style=\"margin: 5px; float: left;\" src=\"https:\/\/www.liberopensare.com\/wp-content\/uploads\/2014\/06\/DSC_0361.JPG\" alt=\"DSC 0361\" width=\"250\" height=\"176\" srcset=\"https:\/\/www.liberopensare.com\/wp-content\/uploads\/2014\/06\/DSC_0361.JPG 1600w, https:\/\/www.liberopensare.com\/wp-content\/uploads\/2014\/06\/DSC_0361-300x211.jpg 300w, https:\/\/www.liberopensare.com\/wp-content\/uploads\/2014\/06\/DSC_0361-768x541.jpg 768w, https:\/\/www.liberopensare.com\/wp-content\/uploads\/2014\/06\/DSC_0361-1024x721.jpg 1024w, https:\/\/www.liberopensare.com\/wp-content\/uploads\/2014\/06\/DSC_0361-1568x1104.jpg 1568w\" sizes=\"(max-width: 250px) 100vw, 250px\" \/>Il male \u00e8 solo un bene non ancora realizzato, un bene <em>\u2018in progress\u2019<\/em>.<\/p>\n<p class=\"p1\">Mentre la prima percezione spinge all\u2019attivit\u00e0 estrema, all\u2019azione punitiva, violenta, la seconda induce all\u2019accettazione, all\u2019atarassia, alla passivit\u00e0.<\/p>\n<p class=\"p1\"><em>Esiste una terza via?<\/em><\/p>\n<p class=\"p1\">Credo di s\u00ec.<\/p>\n<p class=\"p1\">Personalmente ritengo sia necessario equilibrare queste due percezioni, mantenendo l\u2019equilibrio tra materialismo e misticismo, un equilibrio che vediamo compromesso continuamente nel corso della nostra vita &#8211; addirittura pi\u00f9 volte nel corso di ogni giornata &#8211;\u00a0 a causa dell\u2019<em>azione indebita dell\u2019anima sulla coscienza<\/em>, dell\u2019astrale sull\u2019io.<\/p>\n<p class=\"p1\">Ritengo che il nostro compito &#8211; in particolare di coloro che si definiscono cercatori di verit\u00e0 &#8211; sia quello di districare la matassa della realt\u00e0, di cercare la verit\u00e0 dei fatti, partendo dai fatti (esteriori) ma non limitandosi ad essi.<\/p>\n<p class=\"p1\"><em>La verit\u00e0 vi render\u00e0 liberi.\u00a0<\/em><\/p>\n<p class=\"p1\">Se ci riferiamo, ad esempio, al male che vediamo trionfare nella nostra societ\u00e0 &#8211; l\u2019oppressione e gli inganni del potere, le ingiustizie sociali, la fame e il dolore provocati da guerre e avidit\u00e0 umane &#8211;\u00a0 in numerosissime occasioni Rudolf Steiner evidenzi\u00f2 quanto sia importante &#8216;smascherare&#8217; i complotti e gli inganni esercitati dal potere, che si manifestano nella Storia dei popoli.<\/p>\n<p class=\"p1\">In particolare nei due volumi <em>&#8220;Il Karma della menzogna\u201d<\/em> (O.O 173 e 174), egli mostra con assoluta evidenza che non basta che ci chiudiamo nella nostra stanzetta a meditare, ma dobbiamo anche:<\/p>\n<p class=\"p1\"><em>1 &#8211; <\/em>voler<em> conoscere il reale;\u00a0<\/em><\/p>\n<p class=\"p1\"><em>2 &#8211; <\/em>smascherarne<em> le menzogne;\u00a0<\/em><\/p>\n<p class=\"p1\"><em>3 &#8211; <\/em>agire<em> nel pensare, nel sentire e nel volere per rettificare.\u00a0<\/em><\/p>\n<p class=\"p1\"><img loading=\"lazy\" decoding=\"async\" class=\"floatleft alignright size-full wp-image-985\" style=\"margin: 5px; float: right;\" src=\"https:\/\/www.liberopensare.com\/wp-content\/uploads\/2014\/06\/400.jpg\" alt=\"400\" width=\"250\" height=\"253\" srcset=\"https:\/\/www.liberopensare.com\/wp-content\/uploads\/2014\/06\/400.jpg 400w, https:\/\/www.liberopensare.com\/wp-content\/uploads\/2014\/06\/400-296x300.jpg 296w\" sizes=\"(max-width: 250px) 100vw, 250px\" \/>Siamo immersi in una policroma molteplicit\u00e0 con cui dobbiamo fare i conti, anche se a volte preferiremmo rifugiarci in un indifferenziato <em>Nirvana<\/em> dove qualcuno ci sussurra all&#8217;orecchio che gli opposti sono tutti irreali e che, tanto, siamo schiavi e sempre lo saremo.<\/p>\n<p class=\"p1\">Ma un tale assunto contraddirebbe <em>in toto<\/em> il senso della Scienza dello Spirito.<\/p>\n<p class=\"p1\">Se diamo valore al liberarci interiormente &#8211; l&#8217;<em>opus<\/em> di <em>Filosofia della Libert\u00e0<\/em> &#8211; rettificando e trasformando ogni singola non-verit\u00e0 del nostro essere individuale, dobbiamo dare altrettanta importanza alla rettifica delle menzogne della societ\u00e0 e all&#8217;operare per la liberazione esteriore dell&#8217;umanit\u00e0.<\/p>\n<p class=\"p1\">\u00c8 vero che l&#8217;effimero non \u00e8 che simbolo &#8211; <em>Alles Verg\u00e4ngliche ist nur ein Gleichnis<\/em> &#8211; ma il nostro compito \u00e8 quello di trovare la verit\u00e0\u00a0<em>anche<\/em>\u00a0nell&#8217;effimero, altrimenti non saremmo incarnati, non ne avremmo pi\u00f9 bisogno. Se lo siamo &#8211; come lo siamo &#8211; dobbiamo agire su ambedue i piani e, non diversamente da come abbiamo aspettato anni o decenni per vedere i risultati del nostro lavoro interiore, dobbiamo accettare di aspettare secoli perch\u00e9 il nostro intervento di oggi possa dare i suoi frutti. Il fatto di non vederli nell&#8217;arco della nostra esistenza &#8211; di\u00a0<em>questa<\/em>\u00a0nostra esistenza &#8211; non significa che non ci saranno e che siamo autorizzati alla passiva accettazione della menzogna che ci incalza da ogni lato.<\/p>\n<p class=\"p1\">Questa questione affonda le sue radici in alcune tra le questioni fondamentali dell&#8217;umanit\u00e0 &#8211; sia a livello di singolo che di genere umano &#8211; vale a dire nientedimeno che la dicotomia necessit\u00e0\/libert\u00e0 e la necessit\u00e0\/arbitrariet\u00e0 del male.<\/p>\n<p class=\"p1\">Qualcosa con cui tutto il pensiero umano si confronta &#8211; e con cui si scervella &#8211; da diverse decine di secoli.<\/p>\n<p class=\"p1\">\u2018Saltando\u2019 a pi\u00e8 pari tutta la questione <em>\u201cio sono libero o no? quello che mi capita \u00e8 necessario o posso evitarlo?\u201d<\/em> e \u2018atterrando\u2019 gi\u00e0 in una\u00a0<em>forma mentis<\/em>\u00a0in cui i concetti fondamentale della Scienza dello Spirito sono operativi, potremmo fare le seguenti considerazioni:<\/p>\n<p class=\"p1\"><em>1 &#8211; Se so che il male ha comunque una funzione positiva, perch\u00e9 combatterlo?<\/em><\/p>\n<p class=\"p1\"><em>2 &#8211; Se qualcosa deve avvenire per <\/em>karma<em> o per &#8211; appunto &#8211; far manifestare quel \u2018benedetto\u2019 male, come possiamo noi impedirlo?<\/em><\/p>\n<p class=\"p1\"><em>3 &#8211; Ammesso anche che sia possibile ipotizzare che &#8211; nonostante la funzione positiva del male &#8211; io voglia cambiarlo, <\/em>come<em> fare?<\/em><\/p>\n<p class=\"p1\">Dunque vediamo.<\/p>\n<p class=\"p1\"><img loading=\"lazy\" decoding=\"async\" class=\"floatleft alignleft size-full wp-image-986\" style=\"margin: 5px; float: left;\" src=\"https:\/\/www.liberopensare.com\/wp-content\/uploads\/2014\/06\/thinker-close.jpg\" alt=\"thinker-close\" width=\"250\" height=\"200\" \/>Per prima cosa direi &#8211; sembra un discorso che c\u2019entra poco ma forse non \u00e8 cos\u00ec &#8211; che uno dei concetti fondamentali che Rudolf Steiner ci ha insegnato \u00e8 la necessit\u00e0 di usare il proprio pensiero come uno strumento di conoscenza in continua evoluzione. Uno strumento che andiamo affinando man mano che iniziamo a percepirne l\u2019<em>oggettivit\u00e0<\/em> e la sua capacit\u00e0 di illuminare progressivamente il mondo umano, <em>prima ancora<\/em> del Mondo spirituale.<\/p>\n<p class=\"p1\">Per fare ci\u00f2 egli usa spesso l\u2019analogia, considerandola un ottimo aiuto, semprech\u00e9 siano congrui gli enti o gli oggetti che mettiamo in relazione.<\/p>\n<p class=\"p1\">Allora, se invece di domandarmi, in generale: <em>\u201cse so che il male ha comunque una funzione positiva perch\u00e9 combatterlo?\u201d<\/em> avessi un problema tragico che investe la mia vita personale, mi farei lo stesso questa domanda?<\/p>\n<p class=\"p1\">O invece direi a me stesso: <em>\u201cs\u00ec, certamente questo male l\u2019ho chiesto io, certamente mi servir\u00e0 a maturare, a crescere, ma per l\u2019avvenire voglio fare in modo di non dover pi\u00f9 imparare solo attraverso il dolore\u201d?<\/em><\/p>\n<p class=\"p1\">Forse penserei anche: <em>\u201cSe di fronte al male (inevitabile) che mi viene incontro dal destino come malattia o disgrazia o altro io non reagisco con odio ma con amore, accettazione e trasformazione di me stesso, metter\u00f2 le basi non solo per il mio cambiamento ma anche per quello di chi \u00e8 collegato karmicamente a questo evento e, soprattuto, diminuir\u00f2 la possibilit\u00e0 che questo dolore mi si ripresenti\u201d.<\/em><\/p>\n<p class=\"p1\">Se, poi, questo male mi viene incontro da altri &#8211; ad esempio dagli inganni e dalla\u00a0<em>hybris<\/em>\u00a0del potere &#8211; io devo procedere su due strade parallele; sul piano spirituale devo accogliere l\u2019evento come un fatto di destino, ma su quello umano &#8211; pur nella coscienza della\u00a0<em>mia corresponsabilit\u00e0<\/em>\u00a0di tutto quanto accade nel mondo &#8211; devo necessariamente utilizzare Amore e Verit\u00e0 per contrastarne la manifestazione sul piano dell\u2019incarnazione.<\/p>\n<p class=\"p1\"><em>Amore e Verit\u00e0.<\/em><\/p>\n<p class=\"p1\">Esempio: vedo un delinquente che sta picchiando una ragazza, o peggio.<\/p>\n<p class=\"p1\">Che faccio? Penso: <em>\u201c\u00e8 il loro destino, il legame inscindibile tra carnefice e vittima ha cause prenatali non eludibili? il male che lei deve subire fa parte del suo karma, dunque non intervengo, dato che quel male si trasformer\u00e0 in bene?\u201d.\u00a0<\/em><\/p>\n<p class=\"p1\">Non credo proprio, giusto?<\/p>\n<p class=\"p1\">Il mio <em>Amore<\/em> (altruismo) mi spinger\u00e0 a cercare di impedire quel male e la mia <em>Verit\u00e0<\/em> (manifestare ci\u00f2 che \u00e8 giusto) mi spinger\u00e0 a chiamare altri, la polizia o i carabinieri, giusto?<\/p>\n<p class=\"p1\">Ecco, se trasponiamo questo esempio dal piano personale-individuale a quello generale-collettivo abbiamo le risposte alle tre questioni.<\/p>\n<p class=\"p1\"><em>1 &#8211; Se so che il male ha comunque una funzione positiva perch\u00e9 combatterlo?<\/em><\/p>\n<p class=\"p1\">R. Ne combatto la sua manifestazione esteriore, reificatasi nel regno degli effetti, mediante l\u2019<em>Amore<\/em> che ne potr\u00e0 rendere superfluo e inutile il ripetersi.<\/p>\n<p class=\"p1\"><em>2 &#8211; Se qualcosa deve avvenire per karma o per &#8211; appunto &#8211; far manifestare quel \u2018benedetto\u2019 male, come possiamo noi impedirlo?<\/em><\/p>\n<p class=\"p1\">R. Ancora con l\u2019<em>Amore<\/em> posso intervenire su un evento che dal \u2018regno delle cause\u2019 (<em>karma<\/em>) \u00e8 passato sul piano fisico-sensibile e dove quindi \u00e8 affrontabile su questo piano con forze interiori (ed esteriori) che ne possono permettere la \u2018disattivazione\u2019. Il <em>karma<\/em>, una volta sciolto attraverso l\u2019<em>Amore<\/em>, tende a non ripetersi nelle stesse forme.<\/p>\n<p class=\"p1\"><em>3 &#8211; Ammesso dunque che sia possibile ipotizzare che &#8211; nonostante la funzione positiva del male &#8211; io voglia cambiarlo, come fare?<\/em><\/p>\n<p class=\"p1\">R. Sempre con l\u2019<em>Amore<\/em> sul piano spirituale (accettazione interiore dei motivi profondi per cui certe situazioni accadono e consapevolezza della mia, se pur minima, corresponsabilit\u00e0) ma con la <em>Verit\u00e0<\/em> su quello umano, vale a dire energica azione di:<\/p>\n<p class=\"p1\"><em><img loading=\"lazy\" decoding=\"async\" class=\"floatleft alignright size-full wp-image-240\" style=\"margin: 5px; float: right;\" src=\"https:\/\/www.liberopensare.com\/wp-content\/uploads\/2012\/10\/christusbild.jpeg\" alt=\"christusbild\" width=\"250\" height=\"363\" \/>a &#8211; correzione interiore della menzogna di cui vengo a conoscenza;<\/em><\/p>\n<p class=\"p1\"><em>b &#8211; smascheramento esteriore della manifestazione della menzogna, dunque comunicazione, diffusione della verit\u00e0, attraverso parole, scritti e quant\u2019altro;\u00a0<\/em><\/p>\n<p class=\"p1\"><em>c &#8211; azione &#8211; nei limiti delle mie possibilit\u00e0 (famiglia, amici, compagni di percorso) &#8211; per creare una coscienza tale da ipotizzare nel futuro la <\/em>\u2018non-necessit\u00e0\u2019<em> dell\u2019incarnarsi di detto male, per la semplice ragione che &#8211; una volta venute meno le cause necessitanti &#8211; esso non sarebbe pi\u00f9 necessario alla mia ed altrui evoluzione.<\/em><\/p>\n<p class=\"p1\">Se saremo in grado di attuare <em><span style=\"font-family: verdana, geneva; font-size: 13.63636302947998px;\">nella nostra vita reale\u00a0<\/span><\/em>questi tre punti, ecco che le due percezioni del male, quella <em>materialista<\/em> e quella <em>mistica<\/em> tenderanno ad integrarsi, non generando pi\u00f9 solo azione cieca o passivit\u00e0 fatalista, ma realizzando nei fatti forse quella che \u00e8 la massima fondamentale di \u201cFilosofia della Libert\u00e0\u201d:<\/p>\n<p class=\"p3\"><span style=\"color: #0000ff;\"><em>\u201cVivere nell&#8217;amore per l\u2019azione\u00a0e lasciar vivere nella comprensione della volont\u00e0\u00a0altrui \u00e8 la massima fondamentale degli uomini liberi&#8221;.<br \/>\n<\/em><\/span><\/p>","protected":false},"excerpt":{"rendered":"<p>di Piero Cammerinesi (corrispondente di Coscienzeinrete Magazine e Altrainformazione) Cos&#8217;\u00e8 il male? Cosa rappresenta da un punto di vista umano e spirituale? Come reagire al male che vediamo intorno a noi e che subiamo da parte dei poteri oscuri che cercano di schiavizzare le coscienze?<\/p>","protected":false},"author":2,"featured_media":981,"comment_status":"closed","ping_status":"closed","sticky":false,"template":"","format":"standard","meta":{"footnotes":""},"categories":[13,5162],"tags":[64,2112,63],"class_list":["post-987","post","type-post","status-publish","format-standard","has-post-thumbnail","hentry","category-articoli-news","category-spiritualita","tag-antroposofia","tag-fond","tag-rudolf-steiner"],"_links":{"self":[{"href":"https:\/\/www.liberopensare.com\/en\/wp-json\/wp\/v2\/posts\/987","targetHints":{"allow":["GET"]}}],"collection":[{"href":"https:\/\/www.liberopensare.com\/en\/wp-json\/wp\/v2\/posts"}],"about":[{"href":"https:\/\/www.liberopensare.com\/en\/wp-json\/wp\/v2\/types\/post"}],"author":[{"embeddable":true,"href":"https:\/\/www.liberopensare.com\/en\/wp-json\/wp\/v2\/users\/2"}],"replies":[{"embeddable":true,"href":"https:\/\/www.liberopensare.com\/en\/wp-json\/wp\/v2\/comments?post=987"}],"version-history":[{"count":0,"href":"https:\/\/www.liberopensare.com\/en\/wp-json\/wp\/v2\/posts\/987\/revisions"}],"wp:featuredmedia":[{"embeddable":true,"href":"https:\/\/www.liberopensare.com\/en\/wp-json\/wp\/v2\/media\/981"}],"wp:attachment":[{"href":"https:\/\/www.liberopensare.com\/en\/wp-json\/wp\/v2\/media?parent=987"}],"wp:term":[{"taxonomy":"category","embeddable":true,"href":"https:\/\/www.liberopensare.com\/en\/wp-json\/wp\/v2\/categories?post=987"},{"taxonomy":"post_tag","embeddable":true,"href":"https:\/\/www.liberopensare.com\/en\/wp-json\/wp\/v2\/tags?post=987"}],"curies":[{"name":"wp","href":"https:\/\/api.w.org\/{rel}","templated":true}]}}